{"id":5564,"date":"2018-03-01T12:29:43","date_gmt":"2018-03-01T11:29:43","guid":{"rendered":"http:\/\/www.lafargalhospitalet.com\/?p=5564"},"modified":"2025-11-03T18:28:32","modified_gmt":"2025-11-03T17:28:32","slug":"quatre-concerts-celebrar-20-anys-musica-farga","status":"publish","type":"post","link":"https:\/\/www.lafargalhospitalet.com\/ca\/quatre-concerts-celebrar-20-anys-musica-farga\/","title":{"rendered":"Quatre concerts per celebrar 20 anys de m\u00fasica a La Farga"},"content":{"rendered":"<h5>Quatre concerts a La Farga<\/h5>\n<p>Les <a href=\"http:\/\/www.l-h.cat\/cultura\/inici.aspx?id=1\" target=\"_blank\" rel=\"noopener\"><strong>Festes de la Primavera<\/strong><\/a> celebren 20 anys de concerts a <a href=\"https:\/\/www.lafargalhospitalet.com\/agenda-cat\/\" target=\"_blank\" rel=\"noopener\"><strong>La Farga<\/strong><\/a> amb un augment dels espectacles i una programaci\u00f3 de luxe que es desplegar\u00e0 durant els dies 20, 21 i 22 d&#8217;abril. <a href=\"https:\/\/twitter.com\/demarcoflamenco\" target=\"_blank\" rel=\"noopener\"><strong>Demarco Flamenco<\/strong><\/a>, <a href=\"http:\/\/www.mikelerentxun.ws\" target=\"_blank\" rel=\"noopener\"><strong>Mikel Erentxun<\/strong><\/a>, <a href=\"http:\/\/www.jarabedepalo.com\" target=\"_blank\" rel=\"noopener\"><strong>Jarabe de Palo<\/strong><\/a>, <a href=\"https:\/\/www.damarisgelabert.com\" target=\"_blank\" rel=\"noopener\"><strong>Dam\u00e0ris Gelabert<\/strong><\/a> i <a href=\"https:\/\/sweetcaliforniaoficial.com\" target=\"_blank\" rel=\"noopener\"><strong>Sweet California<\/strong><\/a> seran els protagonistes d&#8217;una edici\u00f3 que es mant\u00e9 ferma en la seva aposta per oferir uns preus populars i es consolida com la gran cita musical de L&#8217;Hospitalet durant les festes.<\/p>\n<p>El tret de sortida anir\u00e0 a c\u00e0rrec de Demarco Flamenco la nit de divendres 20 d&#8217;abril. L&#8217;artista que ha triomfat a Youtube escalfar\u00e0 els motors dels assistents a les Festes de la Primavera amb el seu inimitable flamenc fusi\u00f3.<\/p>\n<p>Dissabte 21 abril es viur\u00e0 la jornada m\u00e9s intensa amb una doble sessi\u00f3 protagonitzada per dos grans referents de la m\u00fasica espanyola: Mikel Erentxun i Jarabe de Palo. Primer, el cantautor basc presentar\u00e0 el seu darrer treball en solitari, <em>&#8216;El hombre sin sombra&#8217;<\/em>, en un concert on combinar\u00e0 nous temes i can\u00e7ons ja consolidades com a \u00e8xits per a tota una generaci\u00f3. I per arrodonir la nit, l&#8217;incombustible banda liderada per Pau Don\u00e9s celebrar\u00e0 20 anys als escenaris amb un concert on reviur\u00e0 les seves can\u00e7ons m\u00e9s populars com La Flaca, Depende o Grita.<\/p>\n<p>Per tancar aquesta espectacular programaci\u00f3, diumenge 22 d&#8217;abril, D\u00e0maris Gelabert oferir\u00e0 un concert matinal on repassar\u00e0 els \u00e8xits que han fet i segueixen fent ballar a grans i petits. Ja al vespre, Sweet California rematar\u00e0 la festa amb el seu pop juvenil que triomfa arreu del pa\u00eds.<\/p>\n<p>La Farga de Centre d&#8217;Activitats \u00e9s el recinte referent dels grans concerts multitudinaris de les Festes de Primavera.<\/p>\n<p>Venda d&#8217;entrades a <a href=\"http:\/\/www.theproject.es\" target=\"_blank\" rel=\"noopener\"><strong>www.theproject.es<\/strong><\/a><\/p>\n","protected":false},"excerpt":{"rendered":"<p>Les Festes de la Primavera celebren 20 anys de m\u00fasica a La Farga amb els concerts de Demarco Flamenco, Mikel Erentxun, Jarabe de Palo, Dam\u00e0ris Gelabert i Sweet California.<\/p>\n","protected":false},"author":1,"featured_media":5565,"comment_status":"closed","ping_status":"closed","sticky":false,"template":"","format":"standard","meta":{"_monsterinsights_skip_tracking":false,"_monsterinsights_sitenote_active":false,"_monsterinsights_sitenote_note":"","_monsterinsights_sitenote_category":0,"footnotes":""},"categories":[83],"tags":[],"class_list":["post-5564","post","type-post","status-publish","format-standard","has-post-thumbnail","hentry","category-noticies"],"yoast_head":"<!-- This site is optimized with the Yoast SEO plugin v27.5 - https:\/\/yoast.com\/product\/yoast-seo-wordpress\/ -->\n<title>Quatre concerts per celebrar 20 anys de m\u00fasica a La Farga - La Farga L&#039;Hospitalet Centre d&#039;Activitats. La Farga GEM, S.A.<\/title>\n<meta name=\"description\" content=\"Les Festes de la Primavera celebren 20 anys de m\u00fasica a La Farga amb els concerts de Demarco Flamenco, Mikel Erentxun, Jarabe de Palo, Dam\u00e0ris Gelabert i Sweet California.\" \/>\n<meta name=\"robots\" content=\"index, follow, max-snippet:-1, max-image-preview:large, max-video-preview:-1\" \/>\n<link rel=\"canonical\" href=\"https:\/\/www.lafargalhospitalet.com\/ca\/quatre-concerts-celebrar-20-anys-musica-farga\/\" \/>\n<meta property=\"og:locale\" content=\"ca_ES\" \/>\n<meta property=\"og:type\" content=\"article\" \/>\n<meta property=\"og:title\" content=\"Quatre concerts per celebrar 20 anys de m\u00fasica a La Farga - La Farga L&#039;Hospitalet Centre d&#039;Activitats. La Farga GEM, S.A.\" \/>\n<meta property=\"og:description\" content=\"Les Festes de la Primavera celebren 20 anys de m\u00fasica a La Farga amb els concerts de Demarco Flamenco, Mikel Erentxun, Jarabe de Palo, Dam\u00e0ris Gelabert i Sweet California.\" \/>\n<meta property=\"og:url\" content=\"https:\/\/www.lafargalhospitalet.com\/ca\/quatre-concerts-celebrar-20-anys-musica-farga\/\" \/>\n<meta property=\"og:site_name\" content=\"La Farga L&#039;Hospitalet Centre d&#039;Activitats. La Farga GEM, S.A.\" \/>\n<meta property=\"article:publisher\" content=\"https:\/\/www.facebook.com\/fargahospitalet\/\" \/>\n<meta property=\"article:published_time\" content=\"2018-03-01T11:29:43+00:00\" \/>\n<meta property=\"article:modified_time\" content=\"2025-11-03T17:28:32+00:00\" \/>\n<meta property=\"og:image\" content=\"https:\/\/www.lafargalhospitalet.com\/wp-content\/uploads\/2018\/03\/Primavera18-Farga.jpg\" \/>\n\t<meta property=\"og:image:width\" content=\"730\" \/>\n\t<meta property=\"og:image:height\" content=\"410\" \/>\n\t<meta property=\"og:image:type\" content=\"image\/jpeg\" \/>\n<meta name=\"author\" content=\"La Farga Centre d&#039;Activitats\" \/>\n<meta name=\"twitter:card\" content=\"summary_large_image\" \/>\n<meta name=\"twitter:creator\" content=\"@fargahospitalet\" \/>\n<meta name=\"twitter:site\" content=\"@fargahospitalet\" \/>\n<meta name=\"twitter:label1\" content=\"Escrit per\" \/>\n\t<meta name=\"twitter:data1\" content=\"La Farga Centre d&#039;Activitats\" \/>\n\t<meta name=\"twitter:label2\" content=\"Temps estimat de lectura\" \/>\n\t<meta name=\"twitter:data2\" content=\"1 minut\" \/>\n<script type=\"application\/ld+json\" class=\"yoast-schema-graph\">{\"@context\":\"https:\\\/\\\/schema.org\",\"@graph\":[{\"@type\":\"Article\",\"@id\":\"https:\\\/\\\/www.lafargalhospitalet.com\\\/ca\\\/quatre-concerts-celebrar-20-anys-musica-farga\\\/#article\",\"isPartOf\":{\"@id\":\"https:\\\/\\\/www.lafargalhospitalet.com\\\/ca\\\/quatre-concerts-celebrar-20-anys-musica-farga\\\/\"},\"author\":{\"name\":\"La Farga Centre d'Activitats\",\"@id\":\"https:\\\/\\\/www.lafargalhospitalet.com\\\/#\\\/schema\\\/person\\\/6cbac0ef7748506b167ff859e1c7f378\"},\"headline\":\"Quatre concerts per celebrar 20 anys de m\u00fasica a La Farga\",\"datePublished\":\"2018-03-01T11:29:43+00:00\",\"dateModified\":\"2025-11-03T17:28:32+00:00\",\"mainEntityOfPage\":{\"@id\":\"https:\\\/\\\/www.lafargalhospitalet.com\\\/ca\\\/quatre-concerts-celebrar-20-anys-musica-farga\\\/\"},\"wordCount\":308,\"publisher\":{\"@id\":\"https:\\\/\\\/www.lafargalhospitalet.com\\\/#organization\"},\"image\":{\"@id\":\"https:\\\/\\\/www.lafargalhospitalet.com\\\/ca\\\/quatre-concerts-celebrar-20-anys-musica-farga\\\/#primaryimage\"},\"thumbnailUrl\":\"https:\\\/\\\/www.lafargalhospitalet.com\\\/wp-content\\\/uploads\\\/2018\\\/03\\\/Primavera18-Farga.jpg\",\"articleSection\":[\"Noticies\"],\"inLanguage\":\"ca\"},{\"@type\":\"WebPage\",\"@id\":\"https:\\\/\\\/www.lafargalhospitalet.com\\\/ca\\\/quatre-concerts-celebrar-20-anys-musica-farga\\\/\",\"url\":\"https:\\\/\\\/www.lafargalhospitalet.com\\\/ca\\\/quatre-concerts-celebrar-20-anys-musica-farga\\\/\",\"name\":\"Quatre concerts per celebrar 20 anys de m\u00fasica a La Farga - La Farga L&#039;Hospitalet Centre d&#039;Activitats. La Farga GEM, S.A.\",\"isPartOf\":{\"@id\":\"https:\\\/\\\/www.lafargalhospitalet.com\\\/#website\"},\"primaryImageOfPage\":{\"@id\":\"https:\\\/\\\/www.lafargalhospitalet.com\\\/ca\\\/quatre-concerts-celebrar-20-anys-musica-farga\\\/#primaryimage\"},\"image\":{\"@id\":\"https:\\\/\\\/www.lafargalhospitalet.com\\\/ca\\\/quatre-concerts-celebrar-20-anys-musica-farga\\\/#primaryimage\"},\"thumbnailUrl\":\"https:\\\/\\\/www.lafargalhospitalet.com\\\/wp-content\\\/uploads\\\/2018\\\/03\\\/Primavera18-Farga.jpg\",\"datePublished\":\"2018-03-01T11:29:43+00:00\",\"dateModified\":\"2025-11-03T17:28:32+00:00\",\"description\":\"Les Festes de la Primavera celebren 20 anys de m\u00fasica a La Farga amb els concerts de Demarco Flamenco, Mikel Erentxun, Jarabe de Palo, Dam\u00e0ris Gelabert i Sweet California.\",\"breadcrumb\":{\"@id\":\"https:\\\/\\\/www.lafargalhospitalet.com\\\/ca\\\/quatre-concerts-celebrar-20-anys-musica-farga\\\/#breadcrumb\"},\"inLanguage\":\"ca\",\"potentialAction\":[{\"@type\":\"ReadAction\",\"target\":[\"https:\\\/\\\/www.lafargalhospitalet.com\\\/ca\\\/quatre-concerts-celebrar-20-anys-musica-farga\\\/\"]}]},{\"@type\":\"ImageObject\",\"inLanguage\":\"ca\",\"@id\":\"https:\\\/\\\/www.lafargalhospitalet.com\\\/ca\\\/quatre-concerts-celebrar-20-anys-musica-farga\\\/#primaryimage\",\"url\":\"https:\\\/\\\/www.lafargalhospitalet.com\\\/wp-content\\\/uploads\\\/2018\\\/03\\\/Primavera18-Farga.jpg\",\"contentUrl\":\"https:\\\/\\\/www.lafargalhospitalet.com\\\/wp-content\\\/uploads\\\/2018\\\/03\\\/Primavera18-Farga.jpg\",\"width\":730,\"height\":410,\"caption\":\"Primavera Farga M\u00fasica\"},{\"@type\":\"BreadcrumbList\",\"@id\":\"https:\\\/\\\/www.lafargalhospitalet.com\\\/ca\\\/quatre-concerts-celebrar-20-anys-musica-farga\\\/#breadcrumb\",\"itemListElement\":[{\"@type\":\"ListItem\",\"position\":1,\"name\":\"Portada\",\"item\":\"https:\\\/\\\/www.lafargalhospitalet.com\\\/\"},{\"@type\":\"ListItem\",\"position\":2,\"name\":\"Quatre concerts per celebrar 20 anys de m\u00fasica a La Farga\"}]},{\"@type\":\"WebSite\",\"@id\":\"https:\\\/\\\/www.lafargalhospitalet.com\\\/#website\",\"url\":\"https:\\\/\\\/www.lafargalhospitalet.com\\\/\",\"name\":\"La Farga L'Hospitalet Centre d'Activitats. La Farga GEM, S.A.\",\"description\":\"La Farga L&#039;Hospitalet Centre d&#039;Activitats. Gestionat per La Farga GEM, S.A. Fires i Congressos. Concerts, exposicions, reunions, filmacions, sopars de gala.\",\"publisher\":{\"@id\":\"https:\\\/\\\/www.lafargalhospitalet.com\\\/#organization\"},\"potentialAction\":[{\"@type\":\"SearchAction\",\"target\":{\"@type\":\"EntryPoint\",\"urlTemplate\":\"https:\\\/\\\/www.lafargalhospitalet.com\\\/?s={search_term_string}\"},\"query-input\":{\"@type\":\"PropertyValueSpecification\",\"valueRequired\":true,\"valueName\":\"search_term_string\"}}],\"inLanguage\":\"ca\"},{\"@type\":\"Organization\",\"@id\":\"https:\\\/\\\/www.lafargalhospitalet.com\\\/#organization\",\"name\":\"La Farga L'Hospitalet Centre d'Activitats. La Farga GEM, S.A.\",\"url\":\"https:\\\/\\\/www.lafargalhospitalet.com\\\/\",\"logo\":{\"@type\":\"ImageObject\",\"inLanguage\":\"ca\",\"@id\":\"https:\\\/\\\/www.lafargalhospitalet.com\\\/#\\\/schema\\\/logo\\\/image\\\/\",\"url\":\"https:\\\/\\\/www.lafargalhospitalet.com\\\/wp-content\\\/uploads\\\/2025\\\/10\\\/logotipo_lafarga_centre_activitats.png\",\"contentUrl\":\"https:\\\/\\\/www.lafargalhospitalet.com\\\/wp-content\\\/uploads\\\/2025\\\/10\\\/logotipo_lafarga_centre_activitats.png\",\"width\":266,\"height\":101,\"caption\":\"La Farga L'Hospitalet Centre d'Activitats. La Farga GEM, S.A.\"},\"image\":{\"@id\":\"https:\\\/\\\/www.lafargalhospitalet.com\\\/#\\\/schema\\\/logo\\\/image\\\/\"},\"sameAs\":[\"https:\\\/\\\/www.facebook.com\\\/fargahospitalet\\\/\",\"https:\\\/\\\/x.com\\\/fargahospitalet\",\"https:\\\/\\\/www.instagram.com\\\/lafargahospitalet\\\/\",\"https:\\\/\\\/www.youtube.com\\\/channel\\\/UCoLt6hen3PqGXgbLMGI3Qdw\",\"https:\\\/\\\/www.flickr.com\\\/photos\\\/lafargagemsa\\\/albums\"]},{\"@type\":\"Person\",\"@id\":\"https:\\\/\\\/www.lafargalhospitalet.com\\\/#\\\/schema\\\/person\\\/6cbac0ef7748506b167ff859e1c7f378\",\"name\":\"La Farga Centre d'Activitats\",\"sameAs\":[\"https:\\\/\\\/www.lafargalhospitalet.com\"],\"url\":\"https:\\\/\\\/www.lafargalhospitalet.com\\\/ca\\\/author\\\/far25gmin\\\/\"}]}<\/script>\n<!-- \/ Yoast SEO plugin. -->","yoast_head_json":{"title":"Quatre concerts per celebrar 20 anys de m\u00fasica a La Farga - La Farga L&#039;Hospitalet Centre d&#039;Activitats. La Farga GEM, S.A.","description":"Les Festes de la Primavera celebren 20 anys de m\u00fasica a La Farga amb els concerts de Demarco Flamenco, Mikel Erentxun, Jarabe de Palo, Dam\u00e0ris Gelabert i Sweet California.","robots":{"index":"index","follow":"follow","max-snippet":"max-snippet:-1","max-image-preview":"max-image-preview:large","max-video-preview":"max-video-preview:-1"},"canonical":"https:\/\/www.lafargalhospitalet.com\/ca\/quatre-concerts-celebrar-20-anys-musica-farga\/","og_locale":"ca_ES","og_type":"article","og_title":"Quatre concerts per celebrar 20 anys de m\u00fasica a La Farga - La Farga L&#039;Hospitalet Centre d&#039;Activitats. La Farga GEM, S.A.","og_description":"Les Festes de la Primavera celebren 20 anys de m\u00fasica a La Farga amb els concerts de Demarco Flamenco, Mikel Erentxun, Jarabe de Palo, Dam\u00e0ris Gelabert i Sweet California.","og_url":"https:\/\/www.lafargalhospitalet.com\/ca\/quatre-concerts-celebrar-20-anys-musica-farga\/","og_site_name":"La Farga L&#039;Hospitalet Centre d&#039;Activitats. La Farga GEM, S.A.","article_publisher":"https:\/\/www.facebook.com\/fargahospitalet\/","article_published_time":"2018-03-01T11:29:43+00:00","article_modified_time":"2025-11-03T17:28:32+00:00","og_image":[{"width":730,"height":410,"url":"https:\/\/www.lafargalhospitalet.com\/wp-content\/uploads\/2018\/03\/Primavera18-Farga.jpg","type":"image\/jpeg"}],"author":"La Farga Centre d'Activitats","twitter_card":"summary_large_image","twitter_creator":"@fargahospitalet","twitter_site":"@fargahospitalet","twitter_misc":{"Escrit per":"La Farga Centre d'Activitats","Temps estimat de lectura":"1 minut"},"schema":{"@context":"https:\/\/schema.org","@graph":[{"@type":"Article","@id":"https:\/\/www.lafargalhospitalet.com\/ca\/quatre-concerts-celebrar-20-anys-musica-farga\/#article","isPartOf":{"@id":"https:\/\/www.lafargalhospitalet.com\/ca\/quatre-concerts-celebrar-20-anys-musica-farga\/"},"author":{"name":"La Farga Centre d'Activitats","@id":"https:\/\/www.lafargalhospitalet.com\/#\/schema\/person\/6cbac0ef7748506b167ff859e1c7f378"},"headline":"Quatre concerts per celebrar 20 anys de m\u00fasica a La Farga","datePublished":"2018-03-01T11:29:43+00:00","dateModified":"2025-11-03T17:28:32+00:00","mainEntityOfPage":{"@id":"https:\/\/www.lafargalhospitalet.com\/ca\/quatre-concerts-celebrar-20-anys-musica-farga\/"},"wordCount":308,"publisher":{"@id":"https:\/\/www.lafargalhospitalet.com\/#organization"},"image":{"@id":"https:\/\/www.lafargalhospitalet.com\/ca\/quatre-concerts-celebrar-20-anys-musica-farga\/#primaryimage"},"thumbnailUrl":"https:\/\/www.lafargalhospitalet.com\/wp-content\/uploads\/2018\/03\/Primavera18-Farga.jpg","articleSection":["Noticies"],"inLanguage":"ca"},{"@type":"WebPage","@id":"https:\/\/www.lafargalhospitalet.com\/ca\/quatre-concerts-celebrar-20-anys-musica-farga\/","url":"https:\/\/www.lafargalhospitalet.com\/ca\/quatre-concerts-celebrar-20-anys-musica-farga\/","name":"Quatre concerts per celebrar 20 anys de m\u00fasica a La Farga - La Farga L&#039;Hospitalet Centre d&#039;Activitats. La Farga GEM, S.A.","isPartOf":{"@id":"https:\/\/www.lafargalhospitalet.com\/#website"},"primaryImageOfPage":{"@id":"https:\/\/www.lafargalhospitalet.com\/ca\/quatre-concerts-celebrar-20-anys-musica-farga\/#primaryimage"},"image":{"@id":"https:\/\/www.lafargalhospitalet.com\/ca\/quatre-concerts-celebrar-20-anys-musica-farga\/#primaryimage"},"thumbnailUrl":"https:\/\/www.lafargalhospitalet.com\/wp-content\/uploads\/2018\/03\/Primavera18-Farga.jpg","datePublished":"2018-03-01T11:29:43+00:00","dateModified":"2025-11-03T17:28:32+00:00","description":"Les Festes de la Primavera celebren 20 anys de m\u00fasica a La Farga amb els concerts de Demarco Flamenco, Mikel Erentxun, Jarabe de Palo, Dam\u00e0ris Gelabert i Sweet California.","breadcrumb":{"@id":"https:\/\/www.lafargalhospitalet.com\/ca\/quatre-concerts-celebrar-20-anys-musica-farga\/#breadcrumb"},"inLanguage":"ca","potentialAction":[{"@type":"ReadAction","target":["https:\/\/www.lafargalhospitalet.com\/ca\/quatre-concerts-celebrar-20-anys-musica-farga\/"]}]},{"@type":"ImageObject","inLanguage":"ca","@id":"https:\/\/www.lafargalhospitalet.com\/ca\/quatre-concerts-celebrar-20-anys-musica-farga\/#primaryimage","url":"https:\/\/www.lafargalhospitalet.com\/wp-content\/uploads\/2018\/03\/Primavera18-Farga.jpg","contentUrl":"https:\/\/www.lafargalhospitalet.com\/wp-content\/uploads\/2018\/03\/Primavera18-Farga.jpg","width":730,"height":410,"caption":"Primavera Farga M\u00fasica"},{"@type":"BreadcrumbList","@id":"https:\/\/www.lafargalhospitalet.com\/ca\/quatre-concerts-celebrar-20-anys-musica-farga\/#breadcrumb","itemListElement":[{"@type":"ListItem","position":1,"name":"Portada","item":"https:\/\/www.lafargalhospitalet.com\/"},{"@type":"ListItem","position":2,"name":"Quatre concerts per celebrar 20 anys de m\u00fasica a La Farga"}]},{"@type":"WebSite","@id":"https:\/\/www.lafargalhospitalet.com\/#website","url":"https:\/\/www.lafargalhospitalet.com\/","name":"La Farga L'Hospitalet Centre d'Activitats. La Farga GEM, S.A.","description":"La Farga L&#039;Hospitalet Centre d&#039;Activitats. Gestionat per La Farga GEM, S.A. Fires i Congressos. Concerts, exposicions, reunions, filmacions, sopars de gala.","publisher":{"@id":"https:\/\/www.lafargalhospitalet.com\/#organization"},"potentialAction":[{"@type":"SearchAction","target":{"@type":"EntryPoint","urlTemplate":"https:\/\/www.lafargalhospitalet.com\/?s={search_term_string}"},"query-input":{"@type":"PropertyValueSpecification","valueRequired":true,"valueName":"search_term_string"}}],"inLanguage":"ca"},{"@type":"Organization","@id":"https:\/\/www.lafargalhospitalet.com\/#organization","name":"La Farga L'Hospitalet Centre d'Activitats. La Farga GEM, S.A.","url":"https:\/\/www.lafargalhospitalet.com\/","logo":{"@type":"ImageObject","inLanguage":"ca","@id":"https:\/\/www.lafargalhospitalet.com\/#\/schema\/logo\/image\/","url":"https:\/\/www.lafargalhospitalet.com\/wp-content\/uploads\/2025\/10\/logotipo_lafarga_centre_activitats.png","contentUrl":"https:\/\/www.lafargalhospitalet.com\/wp-content\/uploads\/2025\/10\/logotipo_lafarga_centre_activitats.png","width":266,"height":101,"caption":"La Farga L'Hospitalet Centre d'Activitats. La Farga GEM, S.A."},"image":{"@id":"https:\/\/www.lafargalhospitalet.com\/#\/schema\/logo\/image\/"},"sameAs":["https:\/\/www.facebook.com\/fargahospitalet\/","https:\/\/x.com\/fargahospitalet","https:\/\/www.instagram.com\/lafargahospitalet\/","https:\/\/www.youtube.com\/channel\/UCoLt6hen3PqGXgbLMGI3Qdw","https:\/\/www.flickr.com\/photos\/lafargagemsa\/albums"]},{"@type":"Person","@id":"https:\/\/www.lafargalhospitalet.com\/#\/schema\/person\/6cbac0ef7748506b167ff859e1c7f378","name":"La Farga Centre d'Activitats","sameAs":["https:\/\/www.lafargalhospitalet.com"],"url":"https:\/\/www.lafargalhospitalet.com\/ca\/author\/far25gmin\/"}]}},"_links":{"self":[{"href":"https:\/\/www.lafargalhospitalet.com\/ca\/wp-json\/wp\/v2\/posts\/5564","targetHints":{"allow":["GET"]}}],"collection":[{"href":"https:\/\/www.lafargalhospitalet.com\/ca\/wp-json\/wp\/v2\/posts"}],"about":[{"href":"https:\/\/www.lafargalhospitalet.com\/ca\/wp-json\/wp\/v2\/types\/post"}],"author":[{"embeddable":true,"href":"https:\/\/www.lafargalhospitalet.com\/ca\/wp-json\/wp\/v2\/users\/1"}],"replies":[{"embeddable":true,"href":"https:\/\/www.lafargalhospitalet.com\/ca\/wp-json\/wp\/v2\/comments?post=5564"}],"version-history":[{"count":0,"href":"https:\/\/www.lafargalhospitalet.com\/ca\/wp-json\/wp\/v2\/posts\/5564\/revisions"}],"wp:featuredmedia":[{"embeddable":true,"href":"https:\/\/www.lafargalhospitalet.com\/ca\/wp-json\/wp\/v2\/media\/5565"}],"wp:attachment":[{"href":"https:\/\/www.lafargalhospitalet.com\/ca\/wp-json\/wp\/v2\/media?parent=5564"}],"wp:term":[{"taxonomy":"category","embeddable":true,"href":"https:\/\/www.lafargalhospitalet.com\/ca\/wp-json\/wp\/v2\/categories?post=5564"},{"taxonomy":"post_tag","embeddable":true,"href":"https:\/\/www.lafargalhospitalet.com\/ca\/wp-json\/wp\/v2\/tags?post=5564"}],"curies":[{"name":"wp","href":"https:\/\/api.w.org\/{rel}","templated":true}]}}