{"id":5591,"date":"2018-03-05T12:20:35","date_gmt":"2018-03-05T11:20:35","guid":{"rendered":"http:\/\/www.lafargalhospitalet.com\/?p=5591"},"modified":"2025-11-03T18:28:32","modified_gmt":"2025-11-03T17:28:32","slug":"mikel-rius-tornem-hospitalet-encantadissims-ciutat-farga","status":"publish","type":"post","link":"https:\/\/www.lafargalhospitalet.com\/ca\/mikel-rius-tornem-hospitalet-encantadissims-ciutat-farga\/","title":{"rendered":"Mikel Rius: &#8216;Hi tornem a L&#8217;H, estem encantad\u00edssims amb la ciutat i La Farga&#8217;"},"content":{"rendered":"<h5>Del 16 al 18 de mar\u00e7 a La Farga<\/h5>\n<p>El <a href=\"http:\/\/barcelonabeerfestival.com\" target=\"_blank\" rel=\"noopener\"><strong>Barcelona Beer Festival (BBF)<\/strong><\/a>, el festival de cervesa artesana m\u00e9s important del sud d\u2019Europa, celebra aquest 2018 la seva setena edici\u00f3, la segona a La Farga Centre d&#8217;Activitats.<\/p>\n<p>Despr\u00e9s de 6 edicions i <a href=\"https:\/\/www.lafargalhospitalet.com\/rotund-exit-bbf17-farga-hospitalet\/\" target=\"_blank\" rel=\"noopener\"><strong>una assist\u00e8ncia de 32.000 persones<\/strong><\/a> i 1.500 professionals acreditats el 2017, el BBF es consolida enguany com a cita anual de refer\u00e8ncia en el m\u00f3n de la cervesa artesana.<\/p>\n<p>Com a novetat, aquesta edici\u00f3 el festival comptar\u00e0 amb la pres\u00e8ncia de la reconeguda cervesera The Alchemist (Vermont, US) que far\u00e0 una edici\u00f3 especial d&#8217;una cervesa de la s\u00e8rie Skadoosh (IPAs de reconeixement mundial realitzades per la cervesera creadora de Heady Tooper). Tamb\u00e9 hi haur\u00e0 col\u00b7laboracions amb grans cerveseres i altres festivals (Chambly-Qu\u00e9bec, la Brewers Association d&#8217;EUA o el Moscow Beer Fest), a m\u00e9s a m\u00e9s de 100 sortidors que al llarg de tres dies serviran al voltant de 500 cerveses diferents, cadascuna seleccionada pel seu sabor \u00fanic i la seva hist\u00f2ria.<\/p>\n<p>Durant la presentaci\u00f3 del Barcelona Beer Festival el seu director Mikel Rius ha assenyalat l&#8217;inter\u00e8s que el certamen segueixi a La Farga, <em>&#8216;tenim compromesos aquest i un altre any&#8217;<\/em> i tamb\u00e9 ha afegit: <em>&#8216;hi tornem a L&#8217;Hospitalet, estem encantad\u00edssims amb la ciutat i LaFarga&#8217;.<\/em><\/p>\n<h5>Novetats del sector<\/h5>\n<p>El Barcelona Beer Festival (BBF) aposta un any m\u00e9s per apropar al p\u00fablic les darreres tend\u00e8ncies i novetats del sector cerveser. Curiositats, rareses i cerveses in\u00e8dites fan d&#8217;aquesta trobada un parad\u00eds pels amants del ll\u00fapol per\u00f2 tamb\u00e9 per aquells que volen descobrir-ne m\u00e9s sobre la cervesa. I \u00e9s que el festival no vol ser una cita exclusiva per als professionals i els fans sino una activitat amable i divertida apte per a tots els p\u00fablics, incl\u00f2s el p\u00fablic familiar. Diumenge, els m\u00e9s petits i les seves fam\u00edlies podran gaudir del concert de la banda Reggae per xics.<\/p>\n<p>A banda dels sortidors, el festival proposa tota una s\u00e8rie d&#8217;activitats i tallers al voltant del m\u00f3n de la cervesa, amb xerrades, tastets i fins i tot una aula de gastronomia (cuina amb cervesa, maridatges, etc). Tamb\u00e9 hi haur\u00e0 m\u00fasica en directe i 8 propostes gastron\u00f2miques molt interessants.<\/p>\n<p>Els professionals cervesers tamb\u00e9 tindran el seu espai al BBF-Pro, que enguany comptar\u00e0 amb gaireb\u00e9 40 empreses exposant les darreres novetats, aix\u00ed com una s\u00e8rie d\u2019activitats de formaci\u00f3 i networking per acollir als m\u00e9s de 1500 professionals que l\u2019organitzaci\u00f3 espera.<\/p>\n<p>A m\u00e9s, el festival acollir\u00e0 l&#8217;entrega dels premis Barcelona Beer Challenge, el concurs per triar la millor cervesa artesana que enguany ha celebrat la seva tercera edici\u00f3 amb 1.000 cerveses participants.<\/p>\n<h5>Cervesa artesana<\/h5>\n<p>El Barcelona Beer Festival (BBF) va n\u00e9ixer amb l&#8217;objectiu principal de posicionar la cervesa artesana com el producte de qualitat que \u00e9s, amb una pres\u00e8ncia cada vegada m\u00e9s important al mercat cerveser. Aix\u00ed ho demostra l\u2019Informe de l\u2019Estat de la Cervesa Artesana a Catalunya 2016 que el BBF i el Gremi d\u2019Elaboradors de Cervesa Artesana i Natural (GECAN) van presentar el passat mes de desembre. Segons dades d\u2019aquest informe, el consum de cervesa artesana ocupa ja m\u00e9s d\u2019un 1% del consum total de cervesa a Catalunya, una xifra que mostra una fotografia molt positiva de l\u2019estat del sector cerveser artesanal a Catalunya.<\/p>\n<p>Els horaris seran:\u00a0divendres i dissabte d&#8217;11 h. a 23 h. i diumenge d&#8217;11 h. a 23 h.<\/p>\n","protected":false},"excerpt":{"rendered":"<p>El Barcelona Beer Festival (BBF), el festival de cervesa artesana m\u00e9s important del sud d\u2019Europa, celebra aquest 2018 la seva setena edici\u00f3, la segona a La Farga Centre d&#8217;Activitats.<\/p>\n","protected":false},"author":1,"featured_media":5592,"comment_status":"closed","ping_status":"closed","sticky":false,"template":"","format":"standard","meta":{"_monsterinsights_skip_tracking":false,"_monsterinsights_sitenote_active":false,"_monsterinsights_sitenote_note":"","_monsterinsights_sitenote_category":0,"footnotes":""},"categories":[83],"tags":[],"class_list":["post-5591","post","type-post","status-publish","format-standard","has-post-thumbnail","hentry","category-noticies"],"yoast_head":"<!-- This site is optimized with the Yoast SEO plugin v27.5 - https:\/\/yoast.com\/product\/yoast-seo-wordpress\/ -->\n<title>Mikel Rius: &#039;Hi tornem a L&#039;H, estem encantad\u00edssims amb la ciutat i La Farga&#039; - La Farga L&#039;Hospitalet Centre d&#039;Activitats. La Farga GEM, S.A.<\/title>\n<meta name=\"description\" content=\"El Barcelona Beer Festival (BBF), el festival de cervesa artesana m\u00e9s important del sud d\u2019Europa, celebra aquest 2018 la seva setena edici\u00f3, la segona a La Farga Centre d&#039;Activitats. Mikel Rius: &#039;Hi tornem a L&#039;H, estem encantad\u00edssims amb la ciutat i La Farga&#039;\" \/>\n<meta name=\"robots\" content=\"index, follow, max-snippet:-1, max-image-preview:large, max-video-preview:-1\" \/>\n<link rel=\"canonical\" href=\"https:\/\/www.lafargalhospitalet.com\/ca\/mikel-rius-tornem-hospitalet-encantadissims-ciutat-farga\/\" \/>\n<meta property=\"og:locale\" content=\"ca_ES\" \/>\n<meta property=\"og:type\" content=\"article\" \/>\n<meta property=\"og:title\" content=\"Mikel Rius: &#039;Hi tornem a L&#039;H, estem encantad\u00edssims amb la ciutat i La Farga&#039; - La Farga L&#039;Hospitalet Centre d&#039;Activitats. La Farga GEM, S.A.\" \/>\n<meta property=\"og:description\" content=\"El Barcelona Beer Festival (BBF), el festival de cervesa artesana m\u00e9s important del sud d\u2019Europa, celebra aquest 2018 la seva setena edici\u00f3, la segona a La Farga Centre d&#039;Activitats. Mikel Rius: &#039;Hi tornem a L&#039;H, estem encantad\u00edssims amb la ciutat i La Farga&#039;\" \/>\n<meta property=\"og:url\" content=\"https:\/\/www.lafargalhospitalet.com\/ca\/mikel-rius-tornem-hospitalet-encantadissims-ciutat-farga\/\" \/>\n<meta property=\"og:site_name\" content=\"La Farga L&#039;Hospitalet Centre d&#039;Activitats. La Farga GEM, S.A.\" \/>\n<meta property=\"article:publisher\" content=\"https:\/\/www.facebook.com\/fargahospitalet\/\" \/>\n<meta property=\"article:published_time\" content=\"2018-03-05T11:20:35+00:00\" \/>\n<meta property=\"article:modified_time\" content=\"2025-11-03T17:28:32+00:00\" \/>\n<meta property=\"og:image\" content=\"https:\/\/www.lafargalhospitalet.com\/wp-content\/uploads\/2018\/03\/BBF18-Rius-Farga.jpg\" \/>\n\t<meta property=\"og:image:width\" content=\"730\" \/>\n\t<meta property=\"og:image:height\" content=\"410\" \/>\n\t<meta property=\"og:image:type\" content=\"image\/jpeg\" \/>\n<meta name=\"author\" content=\"La Farga Centre d&#039;Activitats\" \/>\n<meta name=\"twitter:card\" content=\"summary_large_image\" \/>\n<meta name=\"twitter:creator\" content=\"@fargahospitalet\" \/>\n<meta name=\"twitter:site\" content=\"@fargahospitalet\" \/>\n<meta name=\"twitter:label1\" content=\"Escrit per\" \/>\n\t<meta name=\"twitter:data1\" content=\"La Farga Centre d&#039;Activitats\" \/>\n\t<meta name=\"twitter:label2\" content=\"Temps estimat de lectura\" \/>\n\t<meta name=\"twitter:data2\" content=\"3 minuts\" \/>\n<script type=\"application\/ld+json\" class=\"yoast-schema-graph\">{\"@context\":\"https:\\\/\\\/schema.org\",\"@graph\":[{\"@type\":\"Article\",\"@id\":\"https:\\\/\\\/www.lafargalhospitalet.com\\\/ca\\\/mikel-rius-tornem-hospitalet-encantadissims-ciutat-farga\\\/#article\",\"isPartOf\":{\"@id\":\"https:\\\/\\\/www.lafargalhospitalet.com\\\/ca\\\/mikel-rius-tornem-hospitalet-encantadissims-ciutat-farga\\\/\"},\"author\":{\"name\":\"La Farga Centre d'Activitats\",\"@id\":\"https:\\\/\\\/www.lafargalhospitalet.com\\\/#\\\/schema\\\/person\\\/6cbac0ef7748506b167ff859e1c7f378\"},\"headline\":\"Mikel Rius: &#8216;Hi tornem a L&#8217;H, estem encantad\u00edssims amb la ciutat i La Farga&#8217;\",\"datePublished\":\"2018-03-05T11:20:35+00:00\",\"dateModified\":\"2025-11-03T17:28:32+00:00\",\"mainEntityOfPage\":{\"@id\":\"https:\\\/\\\/www.lafargalhospitalet.com\\\/ca\\\/mikel-rius-tornem-hospitalet-encantadissims-ciutat-farga\\\/\"},\"wordCount\":603,\"publisher\":{\"@id\":\"https:\\\/\\\/www.lafargalhospitalet.com\\\/#organization\"},\"image\":{\"@id\":\"https:\\\/\\\/www.lafargalhospitalet.com\\\/ca\\\/mikel-rius-tornem-hospitalet-encantadissims-ciutat-farga\\\/#primaryimage\"},\"thumbnailUrl\":\"https:\\\/\\\/www.lafargalhospitalet.com\\\/wp-content\\\/uploads\\\/2018\\\/03\\\/BBF18-Rius-Farga.jpg\",\"articleSection\":[\"Noticies\"],\"inLanguage\":\"ca\"},{\"@type\":\"WebPage\",\"@id\":\"https:\\\/\\\/www.lafargalhospitalet.com\\\/ca\\\/mikel-rius-tornem-hospitalet-encantadissims-ciutat-farga\\\/\",\"url\":\"https:\\\/\\\/www.lafargalhospitalet.com\\\/ca\\\/mikel-rius-tornem-hospitalet-encantadissims-ciutat-farga\\\/\",\"name\":\"Mikel Rius: 'Hi tornem a L'H, estem encantad\u00edssims amb la ciutat i La Farga' - La Farga L&#039;Hospitalet Centre d&#039;Activitats. La Farga GEM, S.A.\",\"isPartOf\":{\"@id\":\"https:\\\/\\\/www.lafargalhospitalet.com\\\/#website\"},\"primaryImageOfPage\":{\"@id\":\"https:\\\/\\\/www.lafargalhospitalet.com\\\/ca\\\/mikel-rius-tornem-hospitalet-encantadissims-ciutat-farga\\\/#primaryimage\"},\"image\":{\"@id\":\"https:\\\/\\\/www.lafargalhospitalet.com\\\/ca\\\/mikel-rius-tornem-hospitalet-encantadissims-ciutat-farga\\\/#primaryimage\"},\"thumbnailUrl\":\"https:\\\/\\\/www.lafargalhospitalet.com\\\/wp-content\\\/uploads\\\/2018\\\/03\\\/BBF18-Rius-Farga.jpg\",\"datePublished\":\"2018-03-05T11:20:35+00:00\",\"dateModified\":\"2025-11-03T17:28:32+00:00\",\"description\":\"El Barcelona Beer Festival (BBF), el festival de cervesa artesana m\u00e9s important del sud d\u2019Europa, celebra aquest 2018 la seva setena edici\u00f3, la segona a La Farga Centre d'Activitats. Mikel Rius: 'Hi tornem a L'H, estem encantad\u00edssims amb la ciutat i La Farga'\",\"breadcrumb\":{\"@id\":\"https:\\\/\\\/www.lafargalhospitalet.com\\\/ca\\\/mikel-rius-tornem-hospitalet-encantadissims-ciutat-farga\\\/#breadcrumb\"},\"inLanguage\":\"ca\",\"potentialAction\":[{\"@type\":\"ReadAction\",\"target\":[\"https:\\\/\\\/www.lafargalhospitalet.com\\\/ca\\\/mikel-rius-tornem-hospitalet-encantadissims-ciutat-farga\\\/\"]}]},{\"@type\":\"ImageObject\",\"inLanguage\":\"ca\",\"@id\":\"https:\\\/\\\/www.lafargalhospitalet.com\\\/ca\\\/mikel-rius-tornem-hospitalet-encantadissims-ciutat-farga\\\/#primaryimage\",\"url\":\"https:\\\/\\\/www.lafargalhospitalet.com\\\/wp-content\\\/uploads\\\/2018\\\/03\\\/BBF18-Rius-Farga.jpg\",\"contentUrl\":\"https:\\\/\\\/www.lafargalhospitalet.com\\\/wp-content\\\/uploads\\\/2018\\\/03\\\/BBF18-Rius-Farga.jpg\",\"width\":730,\"height\":410,\"caption\":\"BBF Farga Mikel Rius\"},{\"@type\":\"BreadcrumbList\",\"@id\":\"https:\\\/\\\/www.lafargalhospitalet.com\\\/ca\\\/mikel-rius-tornem-hospitalet-encantadissims-ciutat-farga\\\/#breadcrumb\",\"itemListElement\":[{\"@type\":\"ListItem\",\"position\":1,\"name\":\"Portada\",\"item\":\"https:\\\/\\\/www.lafargalhospitalet.com\\\/\"},{\"@type\":\"ListItem\",\"position\":2,\"name\":\"Mikel Rius: &#8216;Hi tornem a L&#8217;H, estem encantad\u00edssims amb la ciutat i La Farga&#8217;\"}]},{\"@type\":\"WebSite\",\"@id\":\"https:\\\/\\\/www.lafargalhospitalet.com\\\/#website\",\"url\":\"https:\\\/\\\/www.lafargalhospitalet.com\\\/\",\"name\":\"La Farga L'Hospitalet Centre d'Activitats. La Farga GEM, S.A.\",\"description\":\"La Farga L&#039;Hospitalet Centre d&#039;Activitats. Gestionat per La Farga GEM, S.A. Fires i Congressos. Concerts, exposicions, reunions, filmacions, sopars de gala.\",\"publisher\":{\"@id\":\"https:\\\/\\\/www.lafargalhospitalet.com\\\/#organization\"},\"potentialAction\":[{\"@type\":\"SearchAction\",\"target\":{\"@type\":\"EntryPoint\",\"urlTemplate\":\"https:\\\/\\\/www.lafargalhospitalet.com\\\/?s={search_term_string}\"},\"query-input\":{\"@type\":\"PropertyValueSpecification\",\"valueRequired\":true,\"valueName\":\"search_term_string\"}}],\"inLanguage\":\"ca\"},{\"@type\":\"Organization\",\"@id\":\"https:\\\/\\\/www.lafargalhospitalet.com\\\/#organization\",\"name\":\"La Farga L'Hospitalet Centre d'Activitats. La Farga GEM, S.A.\",\"url\":\"https:\\\/\\\/www.lafargalhospitalet.com\\\/\",\"logo\":{\"@type\":\"ImageObject\",\"inLanguage\":\"ca\",\"@id\":\"https:\\\/\\\/www.lafargalhospitalet.com\\\/#\\\/schema\\\/logo\\\/image\\\/\",\"url\":\"https:\\\/\\\/www.lafargalhospitalet.com\\\/wp-content\\\/uploads\\\/2025\\\/10\\\/logotipo_lafarga_centre_activitats.png\",\"contentUrl\":\"https:\\\/\\\/www.lafargalhospitalet.com\\\/wp-content\\\/uploads\\\/2025\\\/10\\\/logotipo_lafarga_centre_activitats.png\",\"width\":266,\"height\":101,\"caption\":\"La Farga L'Hospitalet Centre d'Activitats. La Farga GEM, S.A.\"},\"image\":{\"@id\":\"https:\\\/\\\/www.lafargalhospitalet.com\\\/#\\\/schema\\\/logo\\\/image\\\/\"},\"sameAs\":[\"https:\\\/\\\/www.facebook.com\\\/fargahospitalet\\\/\",\"https:\\\/\\\/x.com\\\/fargahospitalet\",\"https:\\\/\\\/www.instagram.com\\\/lafargahospitalet\\\/\",\"https:\\\/\\\/www.youtube.com\\\/channel\\\/UCoLt6hen3PqGXgbLMGI3Qdw\",\"https:\\\/\\\/www.flickr.com\\\/photos\\\/lafargagemsa\\\/albums\"]},{\"@type\":\"Person\",\"@id\":\"https:\\\/\\\/www.lafargalhospitalet.com\\\/#\\\/schema\\\/person\\\/6cbac0ef7748506b167ff859e1c7f378\",\"name\":\"La Farga Centre d'Activitats\",\"sameAs\":[\"https:\\\/\\\/www.lafargalhospitalet.com\"],\"url\":\"https:\\\/\\\/www.lafargalhospitalet.com\\\/ca\\\/author\\\/far25gmin\\\/\"}]}<\/script>\n<!-- \/ Yoast SEO plugin. -->","yoast_head_json":{"title":"Mikel Rius: 'Hi tornem a L'H, estem encantad\u00edssims amb la ciutat i La Farga' - La Farga L&#039;Hospitalet Centre d&#039;Activitats. La Farga GEM, S.A.","description":"El Barcelona Beer Festival (BBF), el festival de cervesa artesana m\u00e9s important del sud d\u2019Europa, celebra aquest 2018 la seva setena edici\u00f3, la segona a La Farga Centre d'Activitats. Mikel Rius: 'Hi tornem a L'H, estem encantad\u00edssims amb la ciutat i La Farga'","robots":{"index":"index","follow":"follow","max-snippet":"max-snippet:-1","max-image-preview":"max-image-preview:large","max-video-preview":"max-video-preview:-1"},"canonical":"https:\/\/www.lafargalhospitalet.com\/ca\/mikel-rius-tornem-hospitalet-encantadissims-ciutat-farga\/","og_locale":"ca_ES","og_type":"article","og_title":"Mikel Rius: 'Hi tornem a L'H, estem encantad\u00edssims amb la ciutat i La Farga' - La Farga L&#039;Hospitalet Centre d&#039;Activitats. La Farga GEM, S.A.","og_description":"El Barcelona Beer Festival (BBF), el festival de cervesa artesana m\u00e9s important del sud d\u2019Europa, celebra aquest 2018 la seva setena edici\u00f3, la segona a La Farga Centre d'Activitats. Mikel Rius: 'Hi tornem a L'H, estem encantad\u00edssims amb la ciutat i La Farga'","og_url":"https:\/\/www.lafargalhospitalet.com\/ca\/mikel-rius-tornem-hospitalet-encantadissims-ciutat-farga\/","og_site_name":"La Farga L&#039;Hospitalet Centre d&#039;Activitats. La Farga GEM, S.A.","article_publisher":"https:\/\/www.facebook.com\/fargahospitalet\/","article_published_time":"2018-03-05T11:20:35+00:00","article_modified_time":"2025-11-03T17:28:32+00:00","og_image":[{"width":730,"height":410,"url":"https:\/\/www.lafargalhospitalet.com\/wp-content\/uploads\/2018\/03\/BBF18-Rius-Farga.jpg","type":"image\/jpeg"}],"author":"La Farga Centre d'Activitats","twitter_card":"summary_large_image","twitter_creator":"@fargahospitalet","twitter_site":"@fargahospitalet","twitter_misc":{"Escrit per":"La Farga Centre d'Activitats","Temps estimat de lectura":"3 minuts"},"schema":{"@context":"https:\/\/schema.org","@graph":[{"@type":"Article","@id":"https:\/\/www.lafargalhospitalet.com\/ca\/mikel-rius-tornem-hospitalet-encantadissims-ciutat-farga\/#article","isPartOf":{"@id":"https:\/\/www.lafargalhospitalet.com\/ca\/mikel-rius-tornem-hospitalet-encantadissims-ciutat-farga\/"},"author":{"name":"La Farga Centre d'Activitats","@id":"https:\/\/www.lafargalhospitalet.com\/#\/schema\/person\/6cbac0ef7748506b167ff859e1c7f378"},"headline":"Mikel Rius: &#8216;Hi tornem a L&#8217;H, estem encantad\u00edssims amb la ciutat i La Farga&#8217;","datePublished":"2018-03-05T11:20:35+00:00","dateModified":"2025-11-03T17:28:32+00:00","mainEntityOfPage":{"@id":"https:\/\/www.lafargalhospitalet.com\/ca\/mikel-rius-tornem-hospitalet-encantadissims-ciutat-farga\/"},"wordCount":603,"publisher":{"@id":"https:\/\/www.lafargalhospitalet.com\/#organization"},"image":{"@id":"https:\/\/www.lafargalhospitalet.com\/ca\/mikel-rius-tornem-hospitalet-encantadissims-ciutat-farga\/#primaryimage"},"thumbnailUrl":"https:\/\/www.lafargalhospitalet.com\/wp-content\/uploads\/2018\/03\/BBF18-Rius-Farga.jpg","articleSection":["Noticies"],"inLanguage":"ca"},{"@type":"WebPage","@id":"https:\/\/www.lafargalhospitalet.com\/ca\/mikel-rius-tornem-hospitalet-encantadissims-ciutat-farga\/","url":"https:\/\/www.lafargalhospitalet.com\/ca\/mikel-rius-tornem-hospitalet-encantadissims-ciutat-farga\/","name":"Mikel Rius: 'Hi tornem a L'H, estem encantad\u00edssims amb la ciutat i La Farga' - La Farga L&#039;Hospitalet Centre d&#039;Activitats. La Farga GEM, S.A.","isPartOf":{"@id":"https:\/\/www.lafargalhospitalet.com\/#website"},"primaryImageOfPage":{"@id":"https:\/\/www.lafargalhospitalet.com\/ca\/mikel-rius-tornem-hospitalet-encantadissims-ciutat-farga\/#primaryimage"},"image":{"@id":"https:\/\/www.lafargalhospitalet.com\/ca\/mikel-rius-tornem-hospitalet-encantadissims-ciutat-farga\/#primaryimage"},"thumbnailUrl":"https:\/\/www.lafargalhospitalet.com\/wp-content\/uploads\/2018\/03\/BBF18-Rius-Farga.jpg","datePublished":"2018-03-05T11:20:35+00:00","dateModified":"2025-11-03T17:28:32+00:00","description":"El Barcelona Beer Festival (BBF), el festival de cervesa artesana m\u00e9s important del sud d\u2019Europa, celebra aquest 2018 la seva setena edici\u00f3, la segona a La Farga Centre d'Activitats. Mikel Rius: 'Hi tornem a L'H, estem encantad\u00edssims amb la ciutat i La Farga'","breadcrumb":{"@id":"https:\/\/www.lafargalhospitalet.com\/ca\/mikel-rius-tornem-hospitalet-encantadissims-ciutat-farga\/#breadcrumb"},"inLanguage":"ca","potentialAction":[{"@type":"ReadAction","target":["https:\/\/www.lafargalhospitalet.com\/ca\/mikel-rius-tornem-hospitalet-encantadissims-ciutat-farga\/"]}]},{"@type":"ImageObject","inLanguage":"ca","@id":"https:\/\/www.lafargalhospitalet.com\/ca\/mikel-rius-tornem-hospitalet-encantadissims-ciutat-farga\/#primaryimage","url":"https:\/\/www.lafargalhospitalet.com\/wp-content\/uploads\/2018\/03\/BBF18-Rius-Farga.jpg","contentUrl":"https:\/\/www.lafargalhospitalet.com\/wp-content\/uploads\/2018\/03\/BBF18-Rius-Farga.jpg","width":730,"height":410,"caption":"BBF Farga Mikel Rius"},{"@type":"BreadcrumbList","@id":"https:\/\/www.lafargalhospitalet.com\/ca\/mikel-rius-tornem-hospitalet-encantadissims-ciutat-farga\/#breadcrumb","itemListElement":[{"@type":"ListItem","position":1,"name":"Portada","item":"https:\/\/www.lafargalhospitalet.com\/"},{"@type":"ListItem","position":2,"name":"Mikel Rius: &#8216;Hi tornem a L&#8217;H, estem encantad\u00edssims amb la ciutat i La Farga&#8217;"}]},{"@type":"WebSite","@id":"https:\/\/www.lafargalhospitalet.com\/#website","url":"https:\/\/www.lafargalhospitalet.com\/","name":"La Farga L'Hospitalet Centre d'Activitats. La Farga GEM, S.A.","description":"La Farga L&#039;Hospitalet Centre d&#039;Activitats. Gestionat per La Farga GEM, S.A. Fires i Congressos. Concerts, exposicions, reunions, filmacions, sopars de gala.","publisher":{"@id":"https:\/\/www.lafargalhospitalet.com\/#organization"},"potentialAction":[{"@type":"SearchAction","target":{"@type":"EntryPoint","urlTemplate":"https:\/\/www.lafargalhospitalet.com\/?s={search_term_string}"},"query-input":{"@type":"PropertyValueSpecification","valueRequired":true,"valueName":"search_term_string"}}],"inLanguage":"ca"},{"@type":"Organization","@id":"https:\/\/www.lafargalhospitalet.com\/#organization","name":"La Farga L'Hospitalet Centre d'Activitats. La Farga GEM, S.A.","url":"https:\/\/www.lafargalhospitalet.com\/","logo":{"@type":"ImageObject","inLanguage":"ca","@id":"https:\/\/www.lafargalhospitalet.com\/#\/schema\/logo\/image\/","url":"https:\/\/www.lafargalhospitalet.com\/wp-content\/uploads\/2025\/10\/logotipo_lafarga_centre_activitats.png","contentUrl":"https:\/\/www.lafargalhospitalet.com\/wp-content\/uploads\/2025\/10\/logotipo_lafarga_centre_activitats.png","width":266,"height":101,"caption":"La Farga L'Hospitalet Centre d'Activitats. La Farga GEM, S.A."},"image":{"@id":"https:\/\/www.lafargalhospitalet.com\/#\/schema\/logo\/image\/"},"sameAs":["https:\/\/www.facebook.com\/fargahospitalet\/","https:\/\/x.com\/fargahospitalet","https:\/\/www.instagram.com\/lafargahospitalet\/","https:\/\/www.youtube.com\/channel\/UCoLt6hen3PqGXgbLMGI3Qdw","https:\/\/www.flickr.com\/photos\/lafargagemsa\/albums"]},{"@type":"Person","@id":"https:\/\/www.lafargalhospitalet.com\/#\/schema\/person\/6cbac0ef7748506b167ff859e1c7f378","name":"La Farga Centre d'Activitats","sameAs":["https:\/\/www.lafargalhospitalet.com"],"url":"https:\/\/www.lafargalhospitalet.com\/ca\/author\/far25gmin\/"}]}},"_links":{"self":[{"href":"https:\/\/www.lafargalhospitalet.com\/ca\/wp-json\/wp\/v2\/posts\/5591","targetHints":{"allow":["GET"]}}],"collection":[{"href":"https:\/\/www.lafargalhospitalet.com\/ca\/wp-json\/wp\/v2\/posts"}],"about":[{"href":"https:\/\/www.lafargalhospitalet.com\/ca\/wp-json\/wp\/v2\/types\/post"}],"author":[{"embeddable":true,"href":"https:\/\/www.lafargalhospitalet.com\/ca\/wp-json\/wp\/v2\/users\/1"}],"replies":[{"embeddable":true,"href":"https:\/\/www.lafargalhospitalet.com\/ca\/wp-json\/wp\/v2\/comments?post=5591"}],"version-history":[{"count":0,"href":"https:\/\/www.lafargalhospitalet.com\/ca\/wp-json\/wp\/v2\/posts\/5591\/revisions"}],"wp:featuredmedia":[{"embeddable":true,"href":"https:\/\/www.lafargalhospitalet.com\/ca\/wp-json\/wp\/v2\/media\/5592"}],"wp:attachment":[{"href":"https:\/\/www.lafargalhospitalet.com\/ca\/wp-json\/wp\/v2\/media?parent=5591"}],"wp:term":[{"taxonomy":"category","embeddable":true,"href":"https:\/\/www.lafargalhospitalet.com\/ca\/wp-json\/wp\/v2\/categories?post=5591"},{"taxonomy":"post_tag","embeddable":true,"href":"https:\/\/www.lafargalhospitalet.com\/ca\/wp-json\/wp\/v2\/tags?post=5591"}],"curies":[{"name":"wp","href":"https:\/\/api.w.org\/{rel}","templated":true}]}}