{"id":5624,"date":"2018-03-09T12:14:12","date_gmt":"2018-03-09T11:14:12","guid":{"rendered":"http:\/\/www.lafargalhospitalet.com\/?p=5624"},"modified":"2025-11-03T18:28:32","modified_gmt":"2025-11-03T17:28:32","slug":"a-punt-el-dotze-japan-weekend","status":"publish","type":"post","link":"https:\/\/www.lafargalhospitalet.com\/ca\/a-punt-el-dotze-japan-weekend\/","title":{"rendered":"A punt el dotz\u00e8 Japan Weekend"},"content":{"rendered":"<h5>12a edici\u00f3 del Japan Weekend<\/h5>\n<p>Torna a La Farga el Japan Weekend, esdeveniment nascut el 2008, enfocat a donar a con\u00e8ixer diversos aspectes de la cultura, costums i oci japoneses. Se celebren diverses edicions a l&#8217;any en diversos punts d&#8217;Espanya, sent les m\u00e9s destacades les de Madrid i L&#8217;Hospitalet (<a href=\"https:\/\/www.lafargalhospitalet.com\/el-japan-weekend-supera-xifres\/\" target=\"_blank\" rel=\"noopener\"><strong>la de l&#8217;any passat amb un bon \u00e8xit de p\u00fablic<\/strong><\/a>). Aquest cap de setmana tindr\u00e0 lloc la XII edici\u00f3 de Japan Weekend a La Farga Centre d&#8217;Activitats.<\/p>\n<p>En aquesta edici\u00f3 comptarem amb una \u00e0mplia representaci\u00f3 internacional del m\u00f3n del cosplay:<\/p>\n<h5>Yaya Han<\/h5>\n<p>Va comen\u00e7ar la seva carrera cosplayer el 1999, i s&#8217;ha convertit en una de les primeres cosplayers a nivell mundial en crear un model de negoci a partir de la seva afici\u00f3. Despr\u00e9s de tota una d\u00e8cada d&#8217;\u00e8xits en el m\u00f3n del cosplay, Yaya continua sent fidel al que li va portar a dedicar-se al cosplay en primer lloc: la creativitat i la passi\u00f3 pel que fa. Fins ara ha realitzat m\u00e9s de 375 vestits, ha anat com a convidada a infinitat d&#8217;esdeveniments arreu del m\u00f3n i ha sortit en programes de TV americans. Participa de manera habitual en projectes de solidaritat relacionats amb el cosplay, i realitza campanyes a favor de la inclusi\u00f3 positiva de la comunitat. Yaya ha visitat Japan Weekend Madrid amb gran \u00e8xit el 2017, i ha decidit tornar a Espanya per gaudir de la comunitat cosplayer espanyola.<\/p>\n<h5>Saki Miyamoto<\/h5>\n<p>\u00c9s una popular cosplayer japonesa que s&#8217;ha fet molt coneguda a les xarxes socials, especialment en twitter, gr\u00e0cies al seu encant capacitat per retratar als personatges m\u00e9s populars del moment al Jap\u00f3. \u00c9s tota una experta en l&#8217;\u00fas del maquillatge i estilitzaci\u00f3 de perruques, aix\u00ed com una experimentada model de cosplay. Ve com convidada a Japan Weekend Barcelona de la m\u00e0 de Negibose Kondo, organitzador del Tokyo Game Show Cosplay Collection Night<em>.<\/em><\/p>\n<h5>Ayuru<\/h5>\n<p>Cosplayer valenciana que porta en la comunitat des de 2012, reuneix m\u00e9s de 20.000 seguidors a les seves xarxes socials i en el seu curt recorregut ha guanyat diversos premis en a Espanya, i a l&#8217;estranger destacant el 2n lloc al\u00a0 Xina Cosplay Super Show, i ser representant espanyola en tres ocasions: Royal Fest Internacional 2016, Tokyo Game Show Cosplay Project 2017 i en el Clara Cow &#8216;s Cosplay Cup 2018 a Holanda. Ayuru no \u00e9s nom\u00e9s cosplayer, el seu portfolio d&#8217;art i il\u00b7lustraci\u00f3 \u00e9s molt ampli i sol posar estand d&#8217;artista en diferents esdeveniments d&#8217;Espanya, i ha participat en diversos esdeveniments amb les seves xerrades de &#8220;Cosplay is Not Consent&#8221;.<\/p>\n<h5>Gesha Petrovich<\/h5>\n<p>Amb m\u00e9s de 100.000 seguidors a les seves xarxes socials, Gesha destaca per les seves curoses caracteritzacions, en les que presta especial atenci\u00f3 al detall, i per les seves espectaculars sessions fotogr\u00e0fiques en qu\u00e8 aconsegueix recrear de manera fidel la est\u00e8tica i el car\u00e0cter dels personatges que caracteritza. Ha guanyat diversos premis i ha estat jurat en concursos de cosplay nacionals i internacionals, i \u00e9s una convidada habitual de grans esdeveniments arreu del m\u00f3n. Entre els seus treballs m\u00e9s populars destaquen diverses versions de Victor Nikiforov (Yuri on Ice), Griffith (Berserk), Roy Mustang (Full Metal Alchemist) i Antarcticite \u200b\u200b(Houseki no Kuni). Gesha ja va visitar Japan Weekend Madrid el 2017, i despr\u00e9s de la seva enorme acollida aquest cop visitar\u00e0 Japan Weekend Barcelona.<\/p>\n<h5>Mitsuri Nagata<\/h5>\n<p>Un altre convidat que tindrem el cap de setmana \u00e9s Mitsuru Nagata. Llicenciat en sociologia a la Universitat Budista de Kyoto, durant anys va realitzar diversos cursos per perfeccionar la seva t\u00e8cnica, arribant a desenvolupar el seu propi estil personal, que combina <em>Sumie<\/em> i <em>Shodou<\/em>, t\u00e8cniques de pintura que es practiquen en alguns pa\u00efsos d&#8217;\u00c0sia i tenen connexi\u00f3 amb la filosofia budista zen. Mitsuru realitzar\u00e0 dues demostracions del seu art en directe, i tindr\u00e0 un estand per exhibir els seus treballs.<\/p>\n<p>Igual que en passades edicions, durant el cap de setmana se celebraran diferents concursos, com el de karaoke o els imprescindibles concursos de cosplay: el Japan Weekend Cosplay Show (conegut tamb\u00e9 com el cosplay normal), el VI Japan Weekend Idol Festival (festival de ball i interpretaci\u00f3 per cosplayers de s\u00e8ries i videojocs de tem\u00e0tica idol), el Cosplay Infantil (en el qual els nens poden emular els seus personatges i herois favorits), la Passarel\u00b7la Cosplay (una desfilada on es podr\u00e0 apreciar les millors t\u00e8cniques de confecci\u00f3 de la comunitat.\u00a0Els participants de la Passarel\u00b7la Cosplay podran optar als premis de la passarel\u00b7la i de Tokyo Game Show Cosplay Project) i el Tokyo Games Show Cosplay Project (concurs individual al que cal fer una petita representaci\u00f3 interpretativa. El guanyador o guanyadora representar\u00e0 a Espanya en la passarel\u00b7la final del gran esdeveniment japon\u00e8s Tokyo Game Show al Jap\u00f3).<\/p>\n<h5>Torna el RetroWeekend<\/h5>\n<p>A m\u00e9s, tamb\u00e9 hi haur\u00e0 en aquest edici\u00f3 el RetroWeekend, una zona dedicada als amants dels videojocs cl\u00e0ssics i de les recreatives, en la qual es podran fer partides lliures i torneigs com adquirir jocs i components dif\u00edcils de localitzar.<\/p>\n<p>Tamb\u00e9 cal destacar que hi haur\u00e0 un gran nombre de activitats i tallers, diferents torneigs de videojocs, jocs de taula, iniciacions al japon\u00e8s, caligrafia, confer\u00e8ncies, exhibicions de diferents arts marcials, demostracions de ball &#8230; durant tot el cap de setmana de l&#8217;esdeveniment.<\/p>\n<p>Per a m\u00e9s informaci\u00f3 de tots els horaris: <strong><a href=\"https:\/\/xiijapanweekendbarcelona2018.sched.com\/grid\/\" target=\"_blank\" rel=\"noopener\">www.japanweekend.com\/barcelona.<\/a><\/strong><\/p>\n","protected":false},"excerpt":{"rendered":"<p>Torna a La Farga el Japan Weekend, esdeveniment nascut el 2008, enfocat a donar a con\u00e8ixer diversos aspectes de la cultura, costums i oci japoneses.<\/p>\n","protected":false},"author":1,"featured_media":5625,"comment_status":"closed","ping_status":"closed","sticky":false,"template":"","format":"standard","meta":{"_monsterinsights_skip_tracking":false,"_monsterinsights_sitenote_active":false,"_monsterinsights_sitenote_note":"","_monsterinsights_sitenote_category":0,"footnotes":""},"categories":[83],"tags":[],"class_list":["post-5624","post","type-post","status-publish","format-standard","has-post-thumbnail","hentry","category-noticies"],"yoast_head":"<!-- This site is optimized with the Yoast SEO plugin v27.5 - https:\/\/yoast.com\/product\/yoast-seo-wordpress\/ -->\n<title>A punt el dotz\u00e8 Japan Weekend - La Farga L&#039;Hospitalet Centre d&#039;Activitats. La Farga GEM, S.A.<\/title>\n<meta name=\"description\" content=\"Torna a La Farga el Japan Weekend, esdeveniment nascut el 2008, enfocat a donar a con\u00e8ixer diversos aspectes de la cultura, costums i oci japoneses.\" \/>\n<meta name=\"robots\" content=\"index, follow, max-snippet:-1, max-image-preview:large, max-video-preview:-1\" \/>\n<link rel=\"canonical\" href=\"https:\/\/www.lafargalhospitalet.com\/ca\/a-punt-el-dotze-japan-weekend\/\" \/>\n<meta property=\"og:locale\" content=\"ca_ES\" \/>\n<meta property=\"og:type\" content=\"article\" \/>\n<meta property=\"og:title\" content=\"A punt el dotz\u00e8 Japan Weekend - La Farga L&#039;Hospitalet Centre d&#039;Activitats. La Farga GEM, S.A.\" \/>\n<meta property=\"og:description\" content=\"Torna a La Farga el Japan Weekend, esdeveniment nascut el 2008, enfocat a donar a con\u00e8ixer diversos aspectes de la cultura, costums i oci japoneses.\" \/>\n<meta property=\"og:url\" content=\"https:\/\/www.lafargalhospitalet.com\/ca\/a-punt-el-dotze-japan-weekend\/\" \/>\n<meta property=\"og:site_name\" content=\"La Farga L&#039;Hospitalet Centre d&#039;Activitats. La Farga GEM, S.A.\" \/>\n<meta property=\"article:publisher\" content=\"https:\/\/www.facebook.com\/fargahospitalet\/\" \/>\n<meta property=\"article:published_time\" content=\"2018-03-09T11:14:12+00:00\" \/>\n<meta property=\"article:modified_time\" content=\"2025-11-03T17:28:32+00:00\" \/>\n<meta property=\"og:image\" content=\"https:\/\/www.lafargalhospitalet.com\/wp-content\/uploads\/2018\/03\/Japan-18-Farga.jpg\" \/>\n\t<meta property=\"og:image:width\" content=\"730\" \/>\n\t<meta property=\"og:image:height\" content=\"410\" \/>\n\t<meta property=\"og:image:type\" content=\"image\/jpeg\" \/>\n<meta name=\"author\" content=\"La Farga Centre d&#039;Activitats\" \/>\n<meta name=\"twitter:card\" content=\"summary_large_image\" \/>\n<meta name=\"twitter:creator\" content=\"@fargahospitalet\" \/>\n<meta name=\"twitter:site\" content=\"@fargahospitalet\" \/>\n<meta name=\"twitter:label1\" content=\"Escrit per\" \/>\n\t<meta name=\"twitter:data1\" content=\"La Farga Centre d&#039;Activitats\" \/>\n\t<meta name=\"twitter:label2\" content=\"Temps estimat de lectura\" \/>\n\t<meta name=\"twitter:data2\" content=\"4 minuts\" \/>\n<script type=\"application\/ld+json\" class=\"yoast-schema-graph\">{\"@context\":\"https:\\\/\\\/schema.org\",\"@graph\":[{\"@type\":\"Article\",\"@id\":\"https:\\\/\\\/www.lafargalhospitalet.com\\\/ca\\\/a-punt-el-dotze-japan-weekend\\\/#article\",\"isPartOf\":{\"@id\":\"https:\\\/\\\/www.lafargalhospitalet.com\\\/ca\\\/a-punt-el-dotze-japan-weekend\\\/\"},\"author\":{\"name\":\"La Farga Centre d'Activitats\",\"@id\":\"https:\\\/\\\/www.lafargalhospitalet.com\\\/#\\\/schema\\\/person\\\/6cbac0ef7748506b167ff859e1c7f378\"},\"headline\":\"A punt el dotz\u00e8 Japan Weekend\",\"datePublished\":\"2018-03-09T11:14:12+00:00\",\"dateModified\":\"2025-11-03T17:28:32+00:00\",\"mainEntityOfPage\":{\"@id\":\"https:\\\/\\\/www.lafargalhospitalet.com\\\/ca\\\/a-punt-el-dotze-japan-weekend\\\/\"},\"wordCount\":918,\"publisher\":{\"@id\":\"https:\\\/\\\/www.lafargalhospitalet.com\\\/#organization\"},\"image\":{\"@id\":\"https:\\\/\\\/www.lafargalhospitalet.com\\\/ca\\\/a-punt-el-dotze-japan-weekend\\\/#primaryimage\"},\"thumbnailUrl\":\"https:\\\/\\\/www.lafargalhospitalet.com\\\/wp-content\\\/uploads\\\/2018\\\/03\\\/Japan-18-Farga.jpg\",\"articleSection\":[\"Noticies\"],\"inLanguage\":\"ca\"},{\"@type\":\"WebPage\",\"@id\":\"https:\\\/\\\/www.lafargalhospitalet.com\\\/ca\\\/a-punt-el-dotze-japan-weekend\\\/\",\"url\":\"https:\\\/\\\/www.lafargalhospitalet.com\\\/ca\\\/a-punt-el-dotze-japan-weekend\\\/\",\"name\":\"A punt el dotz\u00e8 Japan Weekend - La Farga L&#039;Hospitalet Centre d&#039;Activitats. La Farga GEM, S.A.\",\"isPartOf\":{\"@id\":\"https:\\\/\\\/www.lafargalhospitalet.com\\\/#website\"},\"primaryImageOfPage\":{\"@id\":\"https:\\\/\\\/www.lafargalhospitalet.com\\\/ca\\\/a-punt-el-dotze-japan-weekend\\\/#primaryimage\"},\"image\":{\"@id\":\"https:\\\/\\\/www.lafargalhospitalet.com\\\/ca\\\/a-punt-el-dotze-japan-weekend\\\/#primaryimage\"},\"thumbnailUrl\":\"https:\\\/\\\/www.lafargalhospitalet.com\\\/wp-content\\\/uploads\\\/2018\\\/03\\\/Japan-18-Farga.jpg\",\"datePublished\":\"2018-03-09T11:14:12+00:00\",\"dateModified\":\"2025-11-03T17:28:32+00:00\",\"description\":\"Torna a La Farga el Japan Weekend, esdeveniment nascut el 2008, enfocat a donar a con\u00e8ixer diversos aspectes de la cultura, costums i oci japoneses.\",\"breadcrumb\":{\"@id\":\"https:\\\/\\\/www.lafargalhospitalet.com\\\/ca\\\/a-punt-el-dotze-japan-weekend\\\/#breadcrumb\"},\"inLanguage\":\"ca\",\"potentialAction\":[{\"@type\":\"ReadAction\",\"target\":[\"https:\\\/\\\/www.lafargalhospitalet.com\\\/ca\\\/a-punt-el-dotze-japan-weekend\\\/\"]}]},{\"@type\":\"ImageObject\",\"inLanguage\":\"ca\",\"@id\":\"https:\\\/\\\/www.lafargalhospitalet.com\\\/ca\\\/a-punt-el-dotze-japan-weekend\\\/#primaryimage\",\"url\":\"https:\\\/\\\/www.lafargalhospitalet.com\\\/wp-content\\\/uploads\\\/2018\\\/03\\\/Japan-18-Farga.jpg\",\"contentUrl\":\"https:\\\/\\\/www.lafargalhospitalet.com\\\/wp-content\\\/uploads\\\/2018\\\/03\\\/Japan-18-Farga.jpg\",\"width\":730,\"height\":410,\"caption\":\"Japan Weekend Farga\"},{\"@type\":\"BreadcrumbList\",\"@id\":\"https:\\\/\\\/www.lafargalhospitalet.com\\\/ca\\\/a-punt-el-dotze-japan-weekend\\\/#breadcrumb\",\"itemListElement\":[{\"@type\":\"ListItem\",\"position\":1,\"name\":\"Portada\",\"item\":\"https:\\\/\\\/www.lafargalhospitalet.com\\\/\"},{\"@type\":\"ListItem\",\"position\":2,\"name\":\"A punt el dotz\u00e8 Japan Weekend\"}]},{\"@type\":\"WebSite\",\"@id\":\"https:\\\/\\\/www.lafargalhospitalet.com\\\/#website\",\"url\":\"https:\\\/\\\/www.lafargalhospitalet.com\\\/\",\"name\":\"La Farga L'Hospitalet Centre d'Activitats. La Farga GEM, S.A.\",\"description\":\"La Farga L&#039;Hospitalet Centre d&#039;Activitats. Gestionat per La Farga GEM, S.A. Fires i Congressos. Concerts, exposicions, reunions, filmacions, sopars de gala.\",\"publisher\":{\"@id\":\"https:\\\/\\\/www.lafargalhospitalet.com\\\/#organization\"},\"potentialAction\":[{\"@type\":\"SearchAction\",\"target\":{\"@type\":\"EntryPoint\",\"urlTemplate\":\"https:\\\/\\\/www.lafargalhospitalet.com\\\/?s={search_term_string}\"},\"query-input\":{\"@type\":\"PropertyValueSpecification\",\"valueRequired\":true,\"valueName\":\"search_term_string\"}}],\"inLanguage\":\"ca\"},{\"@type\":\"Organization\",\"@id\":\"https:\\\/\\\/www.lafargalhospitalet.com\\\/#organization\",\"name\":\"La Farga L'Hospitalet Centre d'Activitats. La Farga GEM, S.A.\",\"url\":\"https:\\\/\\\/www.lafargalhospitalet.com\\\/\",\"logo\":{\"@type\":\"ImageObject\",\"inLanguage\":\"ca\",\"@id\":\"https:\\\/\\\/www.lafargalhospitalet.com\\\/#\\\/schema\\\/logo\\\/image\\\/\",\"url\":\"https:\\\/\\\/www.lafargalhospitalet.com\\\/wp-content\\\/uploads\\\/2025\\\/10\\\/logotipo_lafarga_centre_activitats.png\",\"contentUrl\":\"https:\\\/\\\/www.lafargalhospitalet.com\\\/wp-content\\\/uploads\\\/2025\\\/10\\\/logotipo_lafarga_centre_activitats.png\",\"width\":266,\"height\":101,\"caption\":\"La Farga L'Hospitalet Centre d'Activitats. La Farga GEM, S.A.\"},\"image\":{\"@id\":\"https:\\\/\\\/www.lafargalhospitalet.com\\\/#\\\/schema\\\/logo\\\/image\\\/\"},\"sameAs\":[\"https:\\\/\\\/www.facebook.com\\\/fargahospitalet\\\/\",\"https:\\\/\\\/x.com\\\/fargahospitalet\",\"https:\\\/\\\/www.instagram.com\\\/lafargahospitalet\\\/\",\"https:\\\/\\\/www.youtube.com\\\/channel\\\/UCoLt6hen3PqGXgbLMGI3Qdw\",\"https:\\\/\\\/www.flickr.com\\\/photos\\\/lafargagemsa\\\/albums\"]},{\"@type\":\"Person\",\"@id\":\"https:\\\/\\\/www.lafargalhospitalet.com\\\/#\\\/schema\\\/person\\\/6cbac0ef7748506b167ff859e1c7f378\",\"name\":\"La Farga Centre d'Activitats\",\"sameAs\":[\"https:\\\/\\\/www.lafargalhospitalet.com\"],\"url\":\"https:\\\/\\\/www.lafargalhospitalet.com\\\/ca\\\/author\\\/far25gmin\\\/\"}]}<\/script>\n<!-- \/ Yoast SEO plugin. -->","yoast_head_json":{"title":"A punt el dotz\u00e8 Japan Weekend - La Farga L&#039;Hospitalet Centre d&#039;Activitats. La Farga GEM, S.A.","description":"Torna a La Farga el Japan Weekend, esdeveniment nascut el 2008, enfocat a donar a con\u00e8ixer diversos aspectes de la cultura, costums i oci japoneses.","robots":{"index":"index","follow":"follow","max-snippet":"max-snippet:-1","max-image-preview":"max-image-preview:large","max-video-preview":"max-video-preview:-1"},"canonical":"https:\/\/www.lafargalhospitalet.com\/ca\/a-punt-el-dotze-japan-weekend\/","og_locale":"ca_ES","og_type":"article","og_title":"A punt el dotz\u00e8 Japan Weekend - La Farga L&#039;Hospitalet Centre d&#039;Activitats. La Farga GEM, S.A.","og_description":"Torna a La Farga el Japan Weekend, esdeveniment nascut el 2008, enfocat a donar a con\u00e8ixer diversos aspectes de la cultura, costums i oci japoneses.","og_url":"https:\/\/www.lafargalhospitalet.com\/ca\/a-punt-el-dotze-japan-weekend\/","og_site_name":"La Farga L&#039;Hospitalet Centre d&#039;Activitats. La Farga GEM, S.A.","article_publisher":"https:\/\/www.facebook.com\/fargahospitalet\/","article_published_time":"2018-03-09T11:14:12+00:00","article_modified_time":"2025-11-03T17:28:32+00:00","og_image":[{"width":730,"height":410,"url":"https:\/\/www.lafargalhospitalet.com\/wp-content\/uploads\/2018\/03\/Japan-18-Farga.jpg","type":"image\/jpeg"}],"author":"La Farga Centre d'Activitats","twitter_card":"summary_large_image","twitter_creator":"@fargahospitalet","twitter_site":"@fargahospitalet","twitter_misc":{"Escrit per":"La Farga Centre d'Activitats","Temps estimat de lectura":"4 minuts"},"schema":{"@context":"https:\/\/schema.org","@graph":[{"@type":"Article","@id":"https:\/\/www.lafargalhospitalet.com\/ca\/a-punt-el-dotze-japan-weekend\/#article","isPartOf":{"@id":"https:\/\/www.lafargalhospitalet.com\/ca\/a-punt-el-dotze-japan-weekend\/"},"author":{"name":"La Farga Centre d'Activitats","@id":"https:\/\/www.lafargalhospitalet.com\/#\/schema\/person\/6cbac0ef7748506b167ff859e1c7f378"},"headline":"A punt el dotz\u00e8 Japan Weekend","datePublished":"2018-03-09T11:14:12+00:00","dateModified":"2025-11-03T17:28:32+00:00","mainEntityOfPage":{"@id":"https:\/\/www.lafargalhospitalet.com\/ca\/a-punt-el-dotze-japan-weekend\/"},"wordCount":918,"publisher":{"@id":"https:\/\/www.lafargalhospitalet.com\/#organization"},"image":{"@id":"https:\/\/www.lafargalhospitalet.com\/ca\/a-punt-el-dotze-japan-weekend\/#primaryimage"},"thumbnailUrl":"https:\/\/www.lafargalhospitalet.com\/wp-content\/uploads\/2018\/03\/Japan-18-Farga.jpg","articleSection":["Noticies"],"inLanguage":"ca"},{"@type":"WebPage","@id":"https:\/\/www.lafargalhospitalet.com\/ca\/a-punt-el-dotze-japan-weekend\/","url":"https:\/\/www.lafargalhospitalet.com\/ca\/a-punt-el-dotze-japan-weekend\/","name":"A punt el dotz\u00e8 Japan Weekend - La Farga L&#039;Hospitalet Centre d&#039;Activitats. La Farga GEM, S.A.","isPartOf":{"@id":"https:\/\/www.lafargalhospitalet.com\/#website"},"primaryImageOfPage":{"@id":"https:\/\/www.lafargalhospitalet.com\/ca\/a-punt-el-dotze-japan-weekend\/#primaryimage"},"image":{"@id":"https:\/\/www.lafargalhospitalet.com\/ca\/a-punt-el-dotze-japan-weekend\/#primaryimage"},"thumbnailUrl":"https:\/\/www.lafargalhospitalet.com\/wp-content\/uploads\/2018\/03\/Japan-18-Farga.jpg","datePublished":"2018-03-09T11:14:12+00:00","dateModified":"2025-11-03T17:28:32+00:00","description":"Torna a La Farga el Japan Weekend, esdeveniment nascut el 2008, enfocat a donar a con\u00e8ixer diversos aspectes de la cultura, costums i oci japoneses.","breadcrumb":{"@id":"https:\/\/www.lafargalhospitalet.com\/ca\/a-punt-el-dotze-japan-weekend\/#breadcrumb"},"inLanguage":"ca","potentialAction":[{"@type":"ReadAction","target":["https:\/\/www.lafargalhospitalet.com\/ca\/a-punt-el-dotze-japan-weekend\/"]}]},{"@type":"ImageObject","inLanguage":"ca","@id":"https:\/\/www.lafargalhospitalet.com\/ca\/a-punt-el-dotze-japan-weekend\/#primaryimage","url":"https:\/\/www.lafargalhospitalet.com\/wp-content\/uploads\/2018\/03\/Japan-18-Farga.jpg","contentUrl":"https:\/\/www.lafargalhospitalet.com\/wp-content\/uploads\/2018\/03\/Japan-18-Farga.jpg","width":730,"height":410,"caption":"Japan Weekend Farga"},{"@type":"BreadcrumbList","@id":"https:\/\/www.lafargalhospitalet.com\/ca\/a-punt-el-dotze-japan-weekend\/#breadcrumb","itemListElement":[{"@type":"ListItem","position":1,"name":"Portada","item":"https:\/\/www.lafargalhospitalet.com\/"},{"@type":"ListItem","position":2,"name":"A punt el dotz\u00e8 Japan Weekend"}]},{"@type":"WebSite","@id":"https:\/\/www.lafargalhospitalet.com\/#website","url":"https:\/\/www.lafargalhospitalet.com\/","name":"La Farga L'Hospitalet Centre d'Activitats. La Farga GEM, S.A.","description":"La Farga L&#039;Hospitalet Centre d&#039;Activitats. Gestionat per La Farga GEM, S.A. Fires i Congressos. Concerts, exposicions, reunions, filmacions, sopars de gala.","publisher":{"@id":"https:\/\/www.lafargalhospitalet.com\/#organization"},"potentialAction":[{"@type":"SearchAction","target":{"@type":"EntryPoint","urlTemplate":"https:\/\/www.lafargalhospitalet.com\/?s={search_term_string}"},"query-input":{"@type":"PropertyValueSpecification","valueRequired":true,"valueName":"search_term_string"}}],"inLanguage":"ca"},{"@type":"Organization","@id":"https:\/\/www.lafargalhospitalet.com\/#organization","name":"La Farga L'Hospitalet Centre d'Activitats. La Farga GEM, S.A.","url":"https:\/\/www.lafargalhospitalet.com\/","logo":{"@type":"ImageObject","inLanguage":"ca","@id":"https:\/\/www.lafargalhospitalet.com\/#\/schema\/logo\/image\/","url":"https:\/\/www.lafargalhospitalet.com\/wp-content\/uploads\/2025\/10\/logotipo_lafarga_centre_activitats.png","contentUrl":"https:\/\/www.lafargalhospitalet.com\/wp-content\/uploads\/2025\/10\/logotipo_lafarga_centre_activitats.png","width":266,"height":101,"caption":"La Farga L'Hospitalet Centre d'Activitats. La Farga GEM, S.A."},"image":{"@id":"https:\/\/www.lafargalhospitalet.com\/#\/schema\/logo\/image\/"},"sameAs":["https:\/\/www.facebook.com\/fargahospitalet\/","https:\/\/x.com\/fargahospitalet","https:\/\/www.instagram.com\/lafargahospitalet\/","https:\/\/www.youtube.com\/channel\/UCoLt6hen3PqGXgbLMGI3Qdw","https:\/\/www.flickr.com\/photos\/lafargagemsa\/albums"]},{"@type":"Person","@id":"https:\/\/www.lafargalhospitalet.com\/#\/schema\/person\/6cbac0ef7748506b167ff859e1c7f378","name":"La Farga Centre d'Activitats","sameAs":["https:\/\/www.lafargalhospitalet.com"],"url":"https:\/\/www.lafargalhospitalet.com\/ca\/author\/far25gmin\/"}]}},"_links":{"self":[{"href":"https:\/\/www.lafargalhospitalet.com\/ca\/wp-json\/wp\/v2\/posts\/5624","targetHints":{"allow":["GET"]}}],"collection":[{"href":"https:\/\/www.lafargalhospitalet.com\/ca\/wp-json\/wp\/v2\/posts"}],"about":[{"href":"https:\/\/www.lafargalhospitalet.com\/ca\/wp-json\/wp\/v2\/types\/post"}],"author":[{"embeddable":true,"href":"https:\/\/www.lafargalhospitalet.com\/ca\/wp-json\/wp\/v2\/users\/1"}],"replies":[{"embeddable":true,"href":"https:\/\/www.lafargalhospitalet.com\/ca\/wp-json\/wp\/v2\/comments?post=5624"}],"version-history":[{"count":0,"href":"https:\/\/www.lafargalhospitalet.com\/ca\/wp-json\/wp\/v2\/posts\/5624\/revisions"}],"wp:featuredmedia":[{"embeddable":true,"href":"https:\/\/www.lafargalhospitalet.com\/ca\/wp-json\/wp\/v2\/media\/5625"}],"wp:attachment":[{"href":"https:\/\/www.lafargalhospitalet.com\/ca\/wp-json\/wp\/v2\/media?parent=5624"}],"wp:term":[{"taxonomy":"category","embeddable":true,"href":"https:\/\/www.lafargalhospitalet.com\/ca\/wp-json\/wp\/v2\/categories?post=5624"},{"taxonomy":"post_tag","embeddable":true,"href":"https:\/\/www.lafargalhospitalet.com\/ca\/wp-json\/wp\/v2\/tags?post=5624"}],"curies":[{"name":"wp","href":"https:\/\/api.w.org\/{rel}","templated":true}]}}