{"id":5680,"date":"2018-04-13T12:02:18","date_gmt":"2018-04-13T11:02:18","guid":{"rendered":"http:\/\/www.lafargalhospitalet.com\/?p=5680"},"modified":"2025-11-03T18:28:22","modified_gmt":"2025-11-03T17:28:22","slug":"festival-internacional-playmobil-farga","status":"publish","type":"post","link":"https:\/\/www.lafargalhospitalet.com\/ca\/festival-internacional-playmobil-farga\/","title":{"rendered":"El Festival Internacional Playmobil, a La Farga"},"content":{"rendered":"<h5>La Farga L\u2019Hospitalet acull el primer Festival Internacional Playmobil<\/h5>\n<p>Els dies <a href=\"https:\/\/www.lafargalhospitalet.com\/agenda-cat\/\" target=\"_blank\" rel=\"noopener\"><strong>28, 29, 30 d\u2019abril i 1 de maig<\/strong><\/a>, La Farga Centre d&#8217;Activitats es convertir\u00e0 en un \u201cparc tem\u00e0tic\u201d Playmobil de 4.500 m2 en el que es podran veure 28 diorames de gran format que acolliran m\u00e9s de 8.000 figures de la conegud\u00edssima marca de joguines alemanya.<\/p>\n<p>El Centre Comercial La Farga exhibeix, del 13 d\u2019abril a l\u20191 de maig, una original col\u00b7lecci\u00f3 de 20 figures Playmobil gegants en els aparadors dels seus comer\u00e7os.<\/p>\n<p>Les figures Playmobil de 7,5 cm d\u2019al\u00e7ada s\u00f3n la pedra angular d\u2019un sistema de joc creatiu, guanyador de nombrosos premis internacionals. El rol de joc imaginatiu amb tem\u00e0tiques modernes i hist\u00f2riques fascina a nens i nenes, i est\u00e0 molt ben valorat per pares i educadors. Des del seu llan\u00e7ament l\u2019any 1974 s\u2019han produ\u00eft m\u00e9s de 3 mil milions de figures Playmobil a tot el m\u00f3n. La companyia distribueix aquesta joguina amb aproximadament 30 tem\u00e0tiques diferents a m\u00e9s de 100 pa\u00efsos i t\u00e9 m\u00e9s de 4.200 llocs de treball. La facturaci\u00f3 mundial del grup Brandst\u00e4tter va assolir la xifra de 671 milions d\u2019euros l\u2019any 2016.<\/p>\n<p>Per primera vegada, els tradicionals clicks ompliran de vida i de creativitat La Farga, oferint al visitant un ventall molt ampli d\u2019activitats pensades per a tots els membres de la fam\u00edlia. L\u2019esdeveniment est\u00e0 concebut com un gran \u201cparc tem\u00e0tic\u201d dels Playmobil en el qual jugar i aprendre s\u00f3n les dues palanques sobre les quals s\u2019edifica aquesta proposta d\u2019entreteniment familiar.<\/p>\n<h5>8.000 figures Playmobil<\/h5>\n<p>Del 28 d\u2019abril a l\u20191 de maig, a La Farga es podran contemplar m\u00e9s de 8.000 figures Playmobil distribu\u00efdes en 28 diorames de gran format, obra de dioramistes catalans, de la resta de l\u2019Estat, de Fran\u00e7a i d\u2019Alemanya. Aquesta exposici\u00f3, una de les m\u00e9s grans d\u2019Europa, s\u2019acompanya d\u2019una fira internacional de productes Playmobil en la que s\u2019hi podr\u00e0 trobar una \u00e0mplia oferta de clicks i complements originals, caixes descatalogades, productes d\u2019importaci\u00f3, \u00faltimes novetats, figures customitzades, peces a granel, etc.<\/p>\n<p>Les recreacions hist\u00f2riques, fant\u00e0stiques o de la vida quotidiana que es podran veure a La Farga s\u00f3n obra de 25 dioramistes que il\u00b7lustraran amb les seves figures gaireb\u00e9 400 m2 distribu\u00efts en els seg\u00fcents diorames:<\/p>\n<ul>\n<li>La sabana africana. Adri\u00e0 P\u00e9rez. Parets del Vall\u00e8s<\/li>\n<li>Un dia a la granja. Adri\u00e0 P\u00e9rez. Parets del Vall\u00e8s<\/li>\n<li>Batalla de Princeton. Sergi Aranda. Taradell<\/li>\n<li>Un dia a l\u2019Edat Mitjana. Sergi Aranda. Taradell<\/li>\n<li>Festa Major a L\u2019Hospitalet. Cristian Botija. Lleida<\/li>\n<li>Medievalis. Cristian Botija. Lleida<\/li>\n<li>El m\u00f3n de les fades. Josep Ribas. Roda de Ter<\/li>\n<li>Jurassic Click i els grans dinosaures. Josep Virg\u00f3s. Castelldefels<\/li>\n<li>El meravell\u00f3s m\u00f3n del circ. Josep Virg\u00f3s. Castelldefels<\/li>\n<li>El Carib, mar de pirates. Josep Virg\u00f3s. Castelldefels<\/li>\n<li>Prehist\u00f2ria Click. Josep Virg\u00f3s. Castelldefels<\/li>\n<li>L\u2019ex\u00e8rcit nan a la terra dels vampirs. Josep Virg\u00f3s. Castelldefels<\/li>\n<li>Batalla de Borodino 1812. Marcel Monfort. Sant Boi de Llobregat<\/li>\n<li>Guerra civil americana (1864). Xavier Rocafull. Ma\u00f3 (Menorca)<\/li>\n<li>Monkey Park. Barcelona<\/li>\n<li>Summer Time. Yaiza Moreda. Sabadell<\/li>\n<li>Terra de Reis i Emperadors. Ramon Morera i Roc\u00edo Rodr\u00edguez. Canovelles \/ L\u2019Hospitalet<\/li>\n<li>Inuit. Ruben Requena i Ignasi Puig. Segur de Calafell \/ Vic<\/li>\n<li>Man on the moon. Ruben Requena i Ignasi Puig. Segur de Calafell \/ Vic<\/li>\n<li>D\u2019excursi\u00f3 a la terminal 1. Mar Alcaide i Dani Lara. Sils<\/li>\n<li>Un dia a l\u2019estaci\u00f3 d\u2019esqu\u00ed La Selva. Ruben Garc\u00eda, Juanjo Garc\u00eda i Dani Lara. Sils<\/li>\n<li>Pesadilla antes de Navidad. Ver\u00f3nica Navarro. \u00c9cija (Sevilla)<\/li>\n<li>Los payasos de la tele. Eduardo S\u00e1nchez. Los Palacios (Sevilla)<\/li>\n<li>Les Ali\u00e8nes du mini Clown. Godest Alain. Maraussan (France)<\/li>\n<li>El desballestament de Playmo Joe. Uwe Hoja i Franco Petrulla. Bremen (Alemanya) \/ It\u00e0lia<\/li>\n<li>Egyptian. Michael van Hove \u201cMacGayver\u201d. Oer-Erkenschwick (Alemanya)<\/li>\n<\/ul>\n<h5>Tallers i concursos<\/h5>\n<p>Els Tallers de Creativitat configuraran un entorn did\u00e0ctic relacionat amb la iconograf\u00eda Playmobil en el que els infants podran desenvolupar les seves habilitats motrius i creatives. Els Tallers fan que el temps de perman\u00e8ncia dels visitants en el recinte s\u2019allargui, i que es converteixin en els autors de diverses creacions pl\u00e0stiques.<\/p>\n<p>El vessant l\u00fadic tindr\u00e0 un protagonisme molt important en la primera edici\u00f3 del Festival Internacional Playmobil de La Farga de L\u2019Hospitalet. Els infants fins a 12 anys d\u2019edat rebran, al comprar l\u2019entrada, 5 tiquets per pujar als inflables, llits el\u00e0stics, circu\u00efts rodats i altres estacions de joc especialment dedicades al p\u00fablic infantil. Aquest espai es complementar\u00e0 amb una variada oferta gastron\u00f2mica per fer m\u00e9s confortable l\u2019estada del p\u00fablic adult que acompanya als futurs col\u00b7leccionistes.<\/p>\n<p>La botiga Abacus de L\u2019Hospitalet patrocinar\u00e0 l\u2019original Concurs Infantil Abacus de Diorames Playmobil, una oportunitat perqu\u00e8 els infants i adolescents de 4 a 16 anys treguin les seves col\u00b7leccions de casa i les exhibeixin en els diorames de petit format que es podran veure durant els 4 dies del Festival. Dimarts dia 1 de maig a les 19 h, el jurat emetr\u00e0 el seu veredicte i far\u00e0 el lliurament dels diplomes i dels guardons.<\/p>\n<h5>Accions a al Centre Cormercial La Farga<\/h5>\n<p>D\u2019altra banda, del 13 d\u2019abril a l\u20191 de maig, 15 establiments associats al Centre Comercial La Farga configuraran un itinerari comercial decorat amb 20 figures Playmobil gegants (180 cm).<\/p>\n<p>En una acci\u00f3 conjunta amb la Regidoria d\u2019Educaci\u00f3 de l\u2019Ajuntament de L\u2019Hospitalet, 21.000 infants escolaritzats al municipi en l\u2019etapa Infantil i Prim\u00e0ria rebran un val d\u20191\u20ac de descompte en la compra de l\u2019entrada al Festival Internacional Playmobil de La Farga.<\/p>\n<p>Per \u00faltim, tots els visitants al Festival que participin en el Concurs \u201cEl Click Amagat\u201d optaran a guanyar tres lots de productes Playmobil valorats en 50\u20ac, 30\u20ac i 20\u20ac respectivament, en un sorteig que es realitzar\u00e0 en directe a La Farga el dimarts dia 1 de maig a les 19:30 h. Aquest Concurs consisteix en trobar 3 personatges molt coneguts pel p\u00fablic, amagats en l\u2019exposici\u00f3 de diorames.<\/p>\n<p>El Festival Internacional Playmobil de La Farga de L\u2019Hospitalet \u00e9s una iniciativa de l\u2019empresa <a href=\"http:\/\/esplay.cat\/en\/\" target=\"_blank\" rel=\"noopener\"><strong>Smartplay SL<\/strong><\/a>, amb la col\u00b7laboraci\u00f3 de l\u2019Ajuntament de L\u2019Hospitalet, La Farga de L\u2019Hospitalet, el Centre Comercial La Farga i el patrocini d\u2019Abacus.<\/p>\n","protected":false},"excerpt":{"rendered":"<p>Els dies 28, 29, 30 d\u2019abril i 1 de maig, La Farga L\u2019Hospitalet es convertir\u00e0 en un \u201cparc tem\u00e0tic\u201d Playmobil de 4.500 m2 en el que es podran veure 28 diorames. <\/p>\n","protected":false},"author":1,"featured_media":5681,"comment_status":"closed","ping_status":"closed","sticky":false,"template":"","format":"standard","meta":{"_monsterinsights_skip_tracking":false,"_monsterinsights_sitenote_active":false,"_monsterinsights_sitenote_note":"","_monsterinsights_sitenote_category":0,"footnotes":""},"categories":[83],"tags":[],"class_list":["post-5680","post","type-post","status-publish","format-standard","has-post-thumbnail","hentry","category-noticies"],"yoast_head":"<!-- This site is optimized with the Yoast SEO plugin v27.5 - https:\/\/yoast.com\/product\/yoast-seo-wordpress\/ -->\n<title>El Festival Internacional Playmobil, a La Farga - La Farga L&#039;Hospitalet Centre d&#039;Activitats. La Farga GEM, S.A.<\/title>\n<meta name=\"description\" content=\"Els dies 28, 29, 30 d\u2019abril i 1 de maig, La Farga L\u2019Hospitalet es convertir\u00e0 en un \u201cparc tem\u00e0tic\u201d Playmobil de 4.500 m2 en el que es podran veure 28 diorames.\" \/>\n<meta name=\"robots\" content=\"index, follow, max-snippet:-1, max-image-preview:large, max-video-preview:-1\" \/>\n<link rel=\"canonical\" href=\"https:\/\/www.lafargalhospitalet.com\/ca\/festival-internacional-playmobil-farga\/\" \/>\n<meta property=\"og:locale\" content=\"ca_ES\" \/>\n<meta property=\"og:type\" content=\"article\" \/>\n<meta property=\"og:title\" content=\"El Festival Internacional Playmobil, a La Farga - La Farga L&#039;Hospitalet Centre d&#039;Activitats. La Farga GEM, S.A.\" \/>\n<meta property=\"og:description\" content=\"Els dies 28, 29, 30 d\u2019abril i 1 de maig, La Farga L\u2019Hospitalet es convertir\u00e0 en un \u201cparc tem\u00e0tic\u201d Playmobil de 4.500 m2 en el que es podran veure 28 diorames.\" \/>\n<meta property=\"og:url\" content=\"https:\/\/www.lafargalhospitalet.com\/ca\/festival-internacional-playmobil-farga\/\" \/>\n<meta property=\"og:site_name\" content=\"La Farga L&#039;Hospitalet Centre d&#039;Activitats. La Farga GEM, S.A.\" \/>\n<meta property=\"article:publisher\" content=\"https:\/\/www.facebook.com\/fargahospitalet\/\" \/>\n<meta property=\"article:published_time\" content=\"2018-04-13T11:02:18+00:00\" \/>\n<meta property=\"article:modified_time\" content=\"2025-11-03T17:28:22+00:00\" \/>\n<meta property=\"og:image\" content=\"https:\/\/www.lafargalhospitalet.com\/wp-content\/uploads\/2018\/04\/Playmobil-Farga.jpg\" \/>\n\t<meta property=\"og:image:width\" content=\"730\" \/>\n\t<meta property=\"og:image:height\" content=\"410\" \/>\n\t<meta property=\"og:image:type\" content=\"image\/jpeg\" \/>\n<meta name=\"author\" content=\"La Farga Centre d&#039;Activitats\" \/>\n<meta name=\"twitter:card\" content=\"summary_large_image\" \/>\n<meta name=\"twitter:creator\" content=\"@fargahospitalet\" \/>\n<meta name=\"twitter:site\" content=\"@fargahospitalet\" \/>\n<meta name=\"twitter:label1\" content=\"Escrit per\" \/>\n\t<meta name=\"twitter:data1\" content=\"La Farga Centre d&#039;Activitats\" \/>\n\t<meta name=\"twitter:label2\" content=\"Temps estimat de lectura\" \/>\n\t<meta name=\"twitter:data2\" content=\"5 minuts\" \/>\n<script type=\"application\/ld+json\" class=\"yoast-schema-graph\">{\"@context\":\"https:\\\/\\\/schema.org\",\"@graph\":[{\"@type\":\"Article\",\"@id\":\"https:\\\/\\\/www.lafargalhospitalet.com\\\/ca\\\/festival-internacional-playmobil-farga\\\/#article\",\"isPartOf\":{\"@id\":\"https:\\\/\\\/www.lafargalhospitalet.com\\\/ca\\\/festival-internacional-playmobil-farga\\\/\"},\"author\":{\"name\":\"La Farga Centre d'Activitats\",\"@id\":\"https:\\\/\\\/www.lafargalhospitalet.com\\\/#\\\/schema\\\/person\\\/6cbac0ef7748506b167ff859e1c7f378\"},\"headline\":\"El Festival Internacional Playmobil, a La Farga\",\"datePublished\":\"2018-04-13T11:02:18+00:00\",\"dateModified\":\"2025-11-03T17:28:22+00:00\",\"mainEntityOfPage\":{\"@id\":\"https:\\\/\\\/www.lafargalhospitalet.com\\\/ca\\\/festival-internacional-playmobil-farga\\\/\"},\"wordCount\":1054,\"publisher\":{\"@id\":\"https:\\\/\\\/www.lafargalhospitalet.com\\\/#organization\"},\"image\":{\"@id\":\"https:\\\/\\\/www.lafargalhospitalet.com\\\/ca\\\/festival-internacional-playmobil-farga\\\/#primaryimage\"},\"thumbnailUrl\":\"https:\\\/\\\/www.lafargalhospitalet.com\\\/wp-content\\\/uploads\\\/2018\\\/04\\\/Playmobil-Farga.jpg\",\"articleSection\":[\"Noticies\"],\"inLanguage\":\"ca\"},{\"@type\":\"WebPage\",\"@id\":\"https:\\\/\\\/www.lafargalhospitalet.com\\\/ca\\\/festival-internacional-playmobil-farga\\\/\",\"url\":\"https:\\\/\\\/www.lafargalhospitalet.com\\\/ca\\\/festival-internacional-playmobil-farga\\\/\",\"name\":\"El Festival Internacional Playmobil, a La Farga - La Farga L&#039;Hospitalet Centre d&#039;Activitats. La Farga GEM, S.A.\",\"isPartOf\":{\"@id\":\"https:\\\/\\\/www.lafargalhospitalet.com\\\/#website\"},\"primaryImageOfPage\":{\"@id\":\"https:\\\/\\\/www.lafargalhospitalet.com\\\/ca\\\/festival-internacional-playmobil-farga\\\/#primaryimage\"},\"image\":{\"@id\":\"https:\\\/\\\/www.lafargalhospitalet.com\\\/ca\\\/festival-internacional-playmobil-farga\\\/#primaryimage\"},\"thumbnailUrl\":\"https:\\\/\\\/www.lafargalhospitalet.com\\\/wp-content\\\/uploads\\\/2018\\\/04\\\/Playmobil-Farga.jpg\",\"datePublished\":\"2018-04-13T11:02:18+00:00\",\"dateModified\":\"2025-11-03T17:28:22+00:00\",\"description\":\"Els dies 28, 29, 30 d\u2019abril i 1 de maig, La Farga L\u2019Hospitalet es convertir\u00e0 en un \u201cparc tem\u00e0tic\u201d Playmobil de 4.500 m2 en el que es podran veure 28 diorames.\",\"breadcrumb\":{\"@id\":\"https:\\\/\\\/www.lafargalhospitalet.com\\\/ca\\\/festival-internacional-playmobil-farga\\\/#breadcrumb\"},\"inLanguage\":\"ca\",\"potentialAction\":[{\"@type\":\"ReadAction\",\"target\":[\"https:\\\/\\\/www.lafargalhospitalet.com\\\/ca\\\/festival-internacional-playmobil-farga\\\/\"]}]},{\"@type\":\"ImageObject\",\"inLanguage\":\"ca\",\"@id\":\"https:\\\/\\\/www.lafargalhospitalet.com\\\/ca\\\/festival-internacional-playmobil-farga\\\/#primaryimage\",\"url\":\"https:\\\/\\\/www.lafargalhospitalet.com\\\/wp-content\\\/uploads\\\/2018\\\/04\\\/Playmobil-Farga.jpg\",\"contentUrl\":\"https:\\\/\\\/www.lafargalhospitalet.com\\\/wp-content\\\/uploads\\\/2018\\\/04\\\/Playmobil-Farga.jpg\",\"width\":730,\"height\":410,\"caption\":\"Playmobil Farga\"},{\"@type\":\"BreadcrumbList\",\"@id\":\"https:\\\/\\\/www.lafargalhospitalet.com\\\/ca\\\/festival-internacional-playmobil-farga\\\/#breadcrumb\",\"itemListElement\":[{\"@type\":\"ListItem\",\"position\":1,\"name\":\"Portada\",\"item\":\"https:\\\/\\\/www.lafargalhospitalet.com\\\/\"},{\"@type\":\"ListItem\",\"position\":2,\"name\":\"El Festival Internacional Playmobil, a La Farga\"}]},{\"@type\":\"WebSite\",\"@id\":\"https:\\\/\\\/www.lafargalhospitalet.com\\\/#website\",\"url\":\"https:\\\/\\\/www.lafargalhospitalet.com\\\/\",\"name\":\"La Farga L'Hospitalet Centre d'Activitats. La Farga GEM, S.A.\",\"description\":\"La Farga L&#039;Hospitalet Centre d&#039;Activitats. Gestionat per La Farga GEM, S.A. Fires i Congressos. Concerts, exposicions, reunions, filmacions, sopars de gala.\",\"publisher\":{\"@id\":\"https:\\\/\\\/www.lafargalhospitalet.com\\\/#organization\"},\"potentialAction\":[{\"@type\":\"SearchAction\",\"target\":{\"@type\":\"EntryPoint\",\"urlTemplate\":\"https:\\\/\\\/www.lafargalhospitalet.com\\\/?s={search_term_string}\"},\"query-input\":{\"@type\":\"PropertyValueSpecification\",\"valueRequired\":true,\"valueName\":\"search_term_string\"}}],\"inLanguage\":\"ca\"},{\"@type\":\"Organization\",\"@id\":\"https:\\\/\\\/www.lafargalhospitalet.com\\\/#organization\",\"name\":\"La Farga L'Hospitalet Centre d'Activitats. La Farga GEM, S.A.\",\"url\":\"https:\\\/\\\/www.lafargalhospitalet.com\\\/\",\"logo\":{\"@type\":\"ImageObject\",\"inLanguage\":\"ca\",\"@id\":\"https:\\\/\\\/www.lafargalhospitalet.com\\\/#\\\/schema\\\/logo\\\/image\\\/\",\"url\":\"https:\\\/\\\/www.lafargalhospitalet.com\\\/wp-content\\\/uploads\\\/2025\\\/10\\\/logotipo_lafarga_centre_activitats.png\",\"contentUrl\":\"https:\\\/\\\/www.lafargalhospitalet.com\\\/wp-content\\\/uploads\\\/2025\\\/10\\\/logotipo_lafarga_centre_activitats.png\",\"width\":266,\"height\":101,\"caption\":\"La Farga L'Hospitalet Centre d'Activitats. La Farga GEM, S.A.\"},\"image\":{\"@id\":\"https:\\\/\\\/www.lafargalhospitalet.com\\\/#\\\/schema\\\/logo\\\/image\\\/\"},\"sameAs\":[\"https:\\\/\\\/www.facebook.com\\\/fargahospitalet\\\/\",\"https:\\\/\\\/x.com\\\/fargahospitalet\",\"https:\\\/\\\/www.instagram.com\\\/lafargahospitalet\\\/\",\"https:\\\/\\\/www.youtube.com\\\/channel\\\/UCoLt6hen3PqGXgbLMGI3Qdw\",\"https:\\\/\\\/www.flickr.com\\\/photos\\\/lafargagemsa\\\/albums\"]},{\"@type\":\"Person\",\"@id\":\"https:\\\/\\\/www.lafargalhospitalet.com\\\/#\\\/schema\\\/person\\\/6cbac0ef7748506b167ff859e1c7f378\",\"name\":\"La Farga Centre d'Activitats\",\"sameAs\":[\"https:\\\/\\\/www.lafargalhospitalet.com\"],\"url\":\"https:\\\/\\\/www.lafargalhospitalet.com\\\/ca\\\/author\\\/far25gmin\\\/\"}]}<\/script>\n<!-- \/ Yoast SEO plugin. -->","yoast_head_json":{"title":"El Festival Internacional Playmobil, a La Farga - La Farga L&#039;Hospitalet Centre d&#039;Activitats. La Farga GEM, S.A.","description":"Els dies 28, 29, 30 d\u2019abril i 1 de maig, La Farga L\u2019Hospitalet es convertir\u00e0 en un \u201cparc tem\u00e0tic\u201d Playmobil de 4.500 m2 en el que es podran veure 28 diorames.","robots":{"index":"index","follow":"follow","max-snippet":"max-snippet:-1","max-image-preview":"max-image-preview:large","max-video-preview":"max-video-preview:-1"},"canonical":"https:\/\/www.lafargalhospitalet.com\/ca\/festival-internacional-playmobil-farga\/","og_locale":"ca_ES","og_type":"article","og_title":"El Festival Internacional Playmobil, a La Farga - La Farga L&#039;Hospitalet Centre d&#039;Activitats. La Farga GEM, S.A.","og_description":"Els dies 28, 29, 30 d\u2019abril i 1 de maig, La Farga L\u2019Hospitalet es convertir\u00e0 en un \u201cparc tem\u00e0tic\u201d Playmobil de 4.500 m2 en el que es podran veure 28 diorames.","og_url":"https:\/\/www.lafargalhospitalet.com\/ca\/festival-internacional-playmobil-farga\/","og_site_name":"La Farga L&#039;Hospitalet Centre d&#039;Activitats. La Farga GEM, S.A.","article_publisher":"https:\/\/www.facebook.com\/fargahospitalet\/","article_published_time":"2018-04-13T11:02:18+00:00","article_modified_time":"2025-11-03T17:28:22+00:00","og_image":[{"width":730,"height":410,"url":"https:\/\/www.lafargalhospitalet.com\/wp-content\/uploads\/2018\/04\/Playmobil-Farga.jpg","type":"image\/jpeg"}],"author":"La Farga Centre d'Activitats","twitter_card":"summary_large_image","twitter_creator":"@fargahospitalet","twitter_site":"@fargahospitalet","twitter_misc":{"Escrit per":"La Farga Centre d'Activitats","Temps estimat de lectura":"5 minuts"},"schema":{"@context":"https:\/\/schema.org","@graph":[{"@type":"Article","@id":"https:\/\/www.lafargalhospitalet.com\/ca\/festival-internacional-playmobil-farga\/#article","isPartOf":{"@id":"https:\/\/www.lafargalhospitalet.com\/ca\/festival-internacional-playmobil-farga\/"},"author":{"name":"La Farga Centre d'Activitats","@id":"https:\/\/www.lafargalhospitalet.com\/#\/schema\/person\/6cbac0ef7748506b167ff859e1c7f378"},"headline":"El Festival Internacional Playmobil, a La Farga","datePublished":"2018-04-13T11:02:18+00:00","dateModified":"2025-11-03T17:28:22+00:00","mainEntityOfPage":{"@id":"https:\/\/www.lafargalhospitalet.com\/ca\/festival-internacional-playmobil-farga\/"},"wordCount":1054,"publisher":{"@id":"https:\/\/www.lafargalhospitalet.com\/#organization"},"image":{"@id":"https:\/\/www.lafargalhospitalet.com\/ca\/festival-internacional-playmobil-farga\/#primaryimage"},"thumbnailUrl":"https:\/\/www.lafargalhospitalet.com\/wp-content\/uploads\/2018\/04\/Playmobil-Farga.jpg","articleSection":["Noticies"],"inLanguage":"ca"},{"@type":"WebPage","@id":"https:\/\/www.lafargalhospitalet.com\/ca\/festival-internacional-playmobil-farga\/","url":"https:\/\/www.lafargalhospitalet.com\/ca\/festival-internacional-playmobil-farga\/","name":"El Festival Internacional Playmobil, a La Farga - La Farga L&#039;Hospitalet Centre d&#039;Activitats. La Farga GEM, S.A.","isPartOf":{"@id":"https:\/\/www.lafargalhospitalet.com\/#website"},"primaryImageOfPage":{"@id":"https:\/\/www.lafargalhospitalet.com\/ca\/festival-internacional-playmobil-farga\/#primaryimage"},"image":{"@id":"https:\/\/www.lafargalhospitalet.com\/ca\/festival-internacional-playmobil-farga\/#primaryimage"},"thumbnailUrl":"https:\/\/www.lafargalhospitalet.com\/wp-content\/uploads\/2018\/04\/Playmobil-Farga.jpg","datePublished":"2018-04-13T11:02:18+00:00","dateModified":"2025-11-03T17:28:22+00:00","description":"Els dies 28, 29, 30 d\u2019abril i 1 de maig, La Farga L\u2019Hospitalet es convertir\u00e0 en un \u201cparc tem\u00e0tic\u201d Playmobil de 4.500 m2 en el que es podran veure 28 diorames.","breadcrumb":{"@id":"https:\/\/www.lafargalhospitalet.com\/ca\/festival-internacional-playmobil-farga\/#breadcrumb"},"inLanguage":"ca","potentialAction":[{"@type":"ReadAction","target":["https:\/\/www.lafargalhospitalet.com\/ca\/festival-internacional-playmobil-farga\/"]}]},{"@type":"ImageObject","inLanguage":"ca","@id":"https:\/\/www.lafargalhospitalet.com\/ca\/festival-internacional-playmobil-farga\/#primaryimage","url":"https:\/\/www.lafargalhospitalet.com\/wp-content\/uploads\/2018\/04\/Playmobil-Farga.jpg","contentUrl":"https:\/\/www.lafargalhospitalet.com\/wp-content\/uploads\/2018\/04\/Playmobil-Farga.jpg","width":730,"height":410,"caption":"Playmobil Farga"},{"@type":"BreadcrumbList","@id":"https:\/\/www.lafargalhospitalet.com\/ca\/festival-internacional-playmobil-farga\/#breadcrumb","itemListElement":[{"@type":"ListItem","position":1,"name":"Portada","item":"https:\/\/www.lafargalhospitalet.com\/"},{"@type":"ListItem","position":2,"name":"El Festival Internacional Playmobil, a La Farga"}]},{"@type":"WebSite","@id":"https:\/\/www.lafargalhospitalet.com\/#website","url":"https:\/\/www.lafargalhospitalet.com\/","name":"La Farga L'Hospitalet Centre d'Activitats. La Farga GEM, S.A.","description":"La Farga L&#039;Hospitalet Centre d&#039;Activitats. Gestionat per La Farga GEM, S.A. Fires i Congressos. Concerts, exposicions, reunions, filmacions, sopars de gala.","publisher":{"@id":"https:\/\/www.lafargalhospitalet.com\/#organization"},"potentialAction":[{"@type":"SearchAction","target":{"@type":"EntryPoint","urlTemplate":"https:\/\/www.lafargalhospitalet.com\/?s={search_term_string}"},"query-input":{"@type":"PropertyValueSpecification","valueRequired":true,"valueName":"search_term_string"}}],"inLanguage":"ca"},{"@type":"Organization","@id":"https:\/\/www.lafargalhospitalet.com\/#organization","name":"La Farga L'Hospitalet Centre d'Activitats. La Farga GEM, S.A.","url":"https:\/\/www.lafargalhospitalet.com\/","logo":{"@type":"ImageObject","inLanguage":"ca","@id":"https:\/\/www.lafargalhospitalet.com\/#\/schema\/logo\/image\/","url":"https:\/\/www.lafargalhospitalet.com\/wp-content\/uploads\/2025\/10\/logotipo_lafarga_centre_activitats.png","contentUrl":"https:\/\/www.lafargalhospitalet.com\/wp-content\/uploads\/2025\/10\/logotipo_lafarga_centre_activitats.png","width":266,"height":101,"caption":"La Farga L'Hospitalet Centre d'Activitats. La Farga GEM, S.A."},"image":{"@id":"https:\/\/www.lafargalhospitalet.com\/#\/schema\/logo\/image\/"},"sameAs":["https:\/\/www.facebook.com\/fargahospitalet\/","https:\/\/x.com\/fargahospitalet","https:\/\/www.instagram.com\/lafargahospitalet\/","https:\/\/www.youtube.com\/channel\/UCoLt6hen3PqGXgbLMGI3Qdw","https:\/\/www.flickr.com\/photos\/lafargagemsa\/albums"]},{"@type":"Person","@id":"https:\/\/www.lafargalhospitalet.com\/#\/schema\/person\/6cbac0ef7748506b167ff859e1c7f378","name":"La Farga Centre d'Activitats","sameAs":["https:\/\/www.lafargalhospitalet.com"],"url":"https:\/\/www.lafargalhospitalet.com\/ca\/author\/far25gmin\/"}]}},"_links":{"self":[{"href":"https:\/\/www.lafargalhospitalet.com\/ca\/wp-json\/wp\/v2\/posts\/5680","targetHints":{"allow":["GET"]}}],"collection":[{"href":"https:\/\/www.lafargalhospitalet.com\/ca\/wp-json\/wp\/v2\/posts"}],"about":[{"href":"https:\/\/www.lafargalhospitalet.com\/ca\/wp-json\/wp\/v2\/types\/post"}],"author":[{"embeddable":true,"href":"https:\/\/www.lafargalhospitalet.com\/ca\/wp-json\/wp\/v2\/users\/1"}],"replies":[{"embeddable":true,"href":"https:\/\/www.lafargalhospitalet.com\/ca\/wp-json\/wp\/v2\/comments?post=5680"}],"version-history":[{"count":0,"href":"https:\/\/www.lafargalhospitalet.com\/ca\/wp-json\/wp\/v2\/posts\/5680\/revisions"}],"wp:featuredmedia":[{"embeddable":true,"href":"https:\/\/www.lafargalhospitalet.com\/ca\/wp-json\/wp\/v2\/media\/5681"}],"wp:attachment":[{"href":"https:\/\/www.lafargalhospitalet.com\/ca\/wp-json\/wp\/v2\/media?parent=5680"}],"wp:term":[{"taxonomy":"category","embeddable":true,"href":"https:\/\/www.lafargalhospitalet.com\/ca\/wp-json\/wp\/v2\/categories?post=5680"},{"taxonomy":"post_tag","embeddable":true,"href":"https:\/\/www.lafargalhospitalet.com\/ca\/wp-json\/wp\/v2\/tags?post=5680"}],"curies":[{"name":"wp","href":"https:\/\/api.w.org\/{rel}","templated":true}]}}