{"id":5989,"date":"2018-10-01T15:52:23","date_gmt":"2018-10-01T14:52:23","guid":{"rendered":"http:\/\/www.lafargalhospitalet.com\/?p=5989"},"modified":"2025-11-03T18:28:22","modified_gmt":"2025-11-03T17:28:22","slug":"veggie-world-magic-internacional-novetats-tardor","status":"publish","type":"post","link":"https:\/\/www.lafargalhospitalet.com\/ca\/veggie-world-magic-internacional-novetats-tardor\/","title":{"rendered":"Els salons Veggie World i M\u00e0gic Internacional, les grans novetats de tardor"},"content":{"rendered":"<h5>Estrenem Veggie World i M\u00e0gic<\/h5>\n<p>La Farga Centre d\u2019Activitats i La Farga Congress, amb els seus m\u00faltiples espais per a salons, fires, jornades i congressos, ja estan a punt per acollir aquesta tardor diferents propostes de tot tipus. Enguany a m\u00e9s dels esdeveniments habituals trobem com a novetats Veggie World, un sal\u00f3 dedicat al m\u00f3n veg\u00e0, i l\u2019arribada per primer cop a L\u2019Hospitalet de M\u00e0gic Internacional la fira de Ci\u00e8ncia, Misteri i Ter\u00e0pies Complement\u00e0ries m\u00e9s gran d\u2019Europa.<\/p>\n<h5>Octubre<\/h5>\n<p>A la segona quinzena del mes d\u2019octubre, els dies 17 i 18, La Farga Congress acollir\u00e0 el <a href=\"https:\/\/www.tscat.cat\/continguts\/noticies\/el-iii-congres-de-serveis-socials-basics-mes-prop\" target=\"_blank\" rel=\"noopener\"><strong>III Congr\u00e9s de Serveis Socials B\u00e0sics<\/strong><\/a>, que sota el lema \u201cAcompanyament professional, transformaci\u00f3 col\u00b7lectiva\u201d, vol posar de manifest la situaci\u00f3 actual, el futur dels Serveis Socials B\u00e0sics i el paper dels i les professionals. Els Congr\u00e9s enguany est\u00e0 liderat pel Col\u00b7legi Oficial de Treball Social de Catalunya (TSCAT) i organitzat conjuntament amb el Col\u00b7legi Oficial de Psicologia de Catalunya (COPC), el Col\u00b7legi de Pedagogs de Catalunya (COPEC) i el Col\u00b7legi d\u2019Educadores i Educadors de Catalunya (CEESC).<\/p>\n<p>Els dies 27 i 28 d\u2019octubre arriba a La Farga Centre d\u2019Activitats una de les novetats de la temporada, el <a href=\"https:\/\/veggieworld.de\/es\/event\/barcelona-es\/\" target=\"_blank\" rel=\"noopener\"><strong>Veggie World<\/strong><\/a>. Aquest esdeveniment internacional \u00e9s la fira de mostres per a consumidors i professionals de l\u2019estil de vida veg\u00e0 m\u00e9s gran i m\u00e9s antiga a Europa. M\u00e9s de 4.500 m2 d\u2019ocupaci\u00f3 per aquesta proposta d\u2019estil de vida amb una amplia oferta i novetats aix\u00ed com activitats paral\u00b7leles.<\/p>\n<p>El mes d\u2019octubre es tancar\u00e0, el dia 30, amb la jornada formativa que organitzen la <a href=\"http:\/\/www.fsantaeulalia.org\/\" target=\"_blank\" rel=\"noopener\"><strong>Fundaci\u00f3 Santa Eul\u00e0lia<\/strong><\/a> i <a href=\"http:\/\/cataloniafundacio.cat\/\" target=\"_blank\" rel=\"noopener\"><strong>Catal\u00f2nia Fundaci\u00f3 Creactiva<\/strong><\/a>. \u201cLa qualitat i calidesa en l\u2019atenci\u00f3 a la depend\u00e8ncia\u201d \u00e9s el t\u00edtol de la jornada d\u2019enguany que se celebrar\u00e0 al nostre auditori.<\/p>\n<h5>Novembre<\/h5>\n<p>El mes novembre La Farga Centre d\u2019Activitats torna a ser escenari d\u2019<a href=\"https:\/\/expoterraria.es\/barcelona\" target=\"_blank\" rel=\"noopener\"><strong>Expoterraria<\/strong><\/a>, fira internacional de r\u00e8ptils, amfibis, peixos, invertebrats i petits mam\u00edfers. Aquest sal\u00f3, que se celebrar\u00e0 dissabte dia 3, \u00e9s la major concentraci\u00f3 de r\u00e8ptils i amfibis del sud d\u2019Europa, animals, productes i accessoris en exposici\u00f3, i arriba a la seva 47a edici\u00f3.<\/p>\n<p>En aquest mes de novembre La Farga, i des de fa m\u00e9s d\u2019una d\u00e8cada es vesteix de creativitat amb el <a href=\"http:\/\/barcelona.creativa.eu\/\" target=\"_blank\" rel=\"noopener\"><strong>Sal\u00f3 Creativa<\/strong><\/a> (8, 9, 10 i 11), en una nova edici\u00f3 d\u2019aquest certamen a les nostres instal\u00b7lacions, preparades per acollir en la seva totalitat aquest esdeveniment referent europeu del sector. Creativa, el Sal\u00f3 de les manualitats i la creativitat, organitzat per Conceptum, arriba enguany a la seva tretzena edici\u00f3, i ens proposa noves experi\u00e8ncies com un viatge a l\u2019Amazones, amb tot all\u00f2 relacionat amb aquesta cultura, per convertir La Farga, en una aut\u00e8ntica festa de les manualitats. Es donaran cita m\u00e9s de 100 expositors, dels quals 18 v\u00e9nen per primera vegada; s\u2019oferiran m\u00e9s de 600 hores de tallers de diferents nivells i t\u00e8cniques; 10 exposicions d\u2019artistes internacionals i nacionals.<\/p>\n<p>Un altre dels esdeveniments que ens espera aquesta tardor \u00e9s el <a href=\"http:\/\/congrestercersector.cat\/\" target=\"_blank\" rel=\"noopener\"><strong>VI Congr\u00e9s del Tercer Sector Social<\/strong><\/a>, que se celebrar\u00e0 a La Farga Congress el 21 i 22 de novembre sota el lema \u201cDesigualtats socials, solucions locals\u201d. Aquest VI Congr\u00e9s suposar\u00e0 un nou pas endavant per esdevenir un sector m\u00e9s fort, m\u00e9s comprom\u00e8s, m\u00e9s reconegut i m\u00e9s influent. El VI Congr\u00e9s t\u00e9 com a objectiu principal fer visible la tasca de les entitats socials, la rellev\u00e0ncia de la interacci\u00f3 entre elles i les administracions locals i la import\u00e0ncia d\u2019enfortir aquesta feina di\u00e0ria per aconseguir una societat m\u00e9s justa i que vetlli per millorar la qualitat de vida dels col\u00b7lectius m\u00e9s vulnerables.<\/p>\n<p>Una altra de les grans novetats d\u2019aquesta tardor \u00e9s l\u2019arribada per primera vegada a L\u2019Hospitalet de <a href=\"https:\/\/magicinternacional.com\/\" target=\"_blank\" rel=\"noopener\"><strong>M\u00e0gic Internacional<\/strong><\/a>, la Fira de Ci\u00e8ncia, Misteri i Ter\u00e0pies Complement\u00e0ries m\u00e9s gran d\u2019Europa se celebrar\u00e0 del 30 de novembre i l\u20191 i 2 de desembre. Aquest certamen de car\u00e0cter monogr\u00e0fic est\u00e0 dedicat al coneixement d\u2019aquestes tem\u00e0tiques en les seves tres facetes: Difusi\u00f3 de les activitats culturals, docents i l\u00fadiques de tem\u00e0tiques herm\u00e8tiques; Exist\u00e8ncia d\u2019activitats l\u00fadiques interactives, mitjan\u00e7ant atraccions i exposicions en qu\u00e8 participa el p\u00fablic activament; Exposici\u00f3 i de productes comercials del sector, que es troben presents en els diversos estands tem\u00e0tics, aix\u00ed com la prestaci\u00f3 de servei de consulta d\u2019oracles i ajuda human\u00edstica al p\u00fablic. M\u00e0gic Internacional ocupar\u00e0 la totalitat dels 8.500m2 de La Farga Centre d\u2019Activitats.<\/p>\n<h5>Desembre<\/h5>\n<p>El mes de desembre La Farga tornar\u00e0 a comptar amb les tradicionals propostes nadalenques, amb activitats sobre gel, culturals i esportives, destinades a un p\u00fablic familiar, i encabides en el tradicional <a href=\"http:\/\/kaliupark.cat\/\" target=\"_blank\" rel=\"noopener\"><strong>Kaliu Park<\/strong><\/a>, l\u2019esdeveniment nadalenc m\u00e9s multitudinari de la ciutat.<\/p>\n<p>Altres activitats previstes durant aquest inici de temporada s\u00f3n els cursos de patinatge que ofereix l\u2019<a href=\"http:\/\/www.escolapatinatge.com\/\" target=\"_blank\" rel=\"noopener\"><strong>Escola de Patinatge Inline<\/strong><\/a> i els ex\u00e0mens i proves, organitzats pel <a href=\"http:\/\/territori.gencat.cat\/ca\/inici\" target=\"_blank\" rel=\"noopener\"><strong>Departament de Territori<\/strong><\/a> de la Generalitat de Catalunya destinats al sector del transport.<\/p>\n<h5>Referent metropolit\u00e0<\/h5>\n<p>La Farga de L\u2019Hospitalet \u00e9s tot un referent metropolit\u00e0 en organitzaci\u00f3 d\u2019esdeveniments multidisciplinars. Les instal\u00b7lacions, amb m\u00faltiples espais acullen cada any m\u00e9s de 300.000 persones, centenars d\u2019empreses i nombroses fires, congressos, jornades i propostes de tot tipus. Propostes destinades al benestar i creixement de les persones, que poden anar des de l\u2019oci, lleure i cultura, a acollir esdeveniments de car\u00e0cter social, tamb\u00e9 dirigits a millorar la societat que ens envolta.<\/p>\n<p>Per a m\u00e9s informaci\u00f3: <a href=\"https:\/\/www.lafargalhospitalet.com\/agenda-cat\/\" target=\"_blank\" rel=\"noopener\"><strong>www.lafargalhospitalet.com\/agenda-cat\/<\/strong><\/a><\/p>\n","protected":false},"excerpt":{"rendered":"<p>Nova tardor a La Farga de L\u2019Hospitalet amb for\u00e7a propostes culturals i de lleure i activitat congressual i econ\u00f2mica.<\/p>\n","protected":false},"author":1,"featured_media":4391,"comment_status":"closed","ping_status":"closed","sticky":false,"template":"","format":"standard","meta":{"_monsterinsights_skip_tracking":false,"_monsterinsights_sitenote_active":false,"_monsterinsights_sitenote_note":"","_monsterinsights_sitenote_category":0,"footnotes":""},"categories":[83],"tags":[],"class_list":["post-5989","post","type-post","status-publish","format-standard","has-post-thumbnail","hentry","category-noticies"],"yoast_head":"<!-- This site is optimized with the Yoast SEO plugin v27.5 - https:\/\/yoast.com\/product\/yoast-seo-wordpress\/ -->\n<title>Els salons Veggie World i M\u00e0gic Internacional, les grans novetats de tardor - La Farga L&#039;Hospitalet Centre d&#039;Activitats. La Farga GEM, S.A.<\/title>\n<meta name=\"description\" content=\"Nova tardor a La Farga de L\u2019Hospitalet amb for\u00e7a propostes culturals i de lleure i activitat congressual i econ\u00f2mica. La Farga Centre d\u2019Activitats.\" \/>\n<meta name=\"robots\" content=\"index, follow, max-snippet:-1, max-image-preview:large, max-video-preview:-1\" \/>\n<link rel=\"canonical\" href=\"https:\/\/www.lafargalhospitalet.com\/ca\/veggie-world-magic-internacional-novetats-tardor\/\" \/>\n<meta property=\"og:locale\" content=\"ca_ES\" \/>\n<meta property=\"og:type\" content=\"article\" \/>\n<meta property=\"og:title\" content=\"Els salons Veggie World i M\u00e0gic Internacional, les grans novetats de tardor - La Farga L&#039;Hospitalet Centre d&#039;Activitats. La Farga GEM, S.A.\" \/>\n<meta property=\"og:description\" content=\"Nova tardor a La Farga de L\u2019Hospitalet amb for\u00e7a propostes culturals i de lleure i activitat congressual i econ\u00f2mica. La Farga Centre d\u2019Activitats.\" \/>\n<meta property=\"og:url\" content=\"https:\/\/www.lafargalhospitalet.com\/ca\/veggie-world-magic-internacional-novetats-tardor\/\" \/>\n<meta property=\"og:site_name\" content=\"La Farga L&#039;Hospitalet Centre d&#039;Activitats. La Farga GEM, S.A.\" \/>\n<meta property=\"article:publisher\" content=\"https:\/\/www.facebook.com\/fargahospitalet\/\" \/>\n<meta property=\"article:published_time\" content=\"2018-10-01T14:52:23+00:00\" \/>\n<meta property=\"article:modified_time\" content=\"2025-11-03T17:28:22+00:00\" \/>\n<meta property=\"og:image\" content=\"https:\/\/www.lafargalhospitalet.com\/wp-content\/uploads\/2016\/10\/Salo-Creativa-Fires-Farga.jpg\" \/>\n\t<meta property=\"og:image:width\" content=\"730\" \/>\n\t<meta property=\"og:image:height\" content=\"410\" \/>\n\t<meta property=\"og:image:type\" content=\"image\/jpeg\" \/>\n<meta name=\"author\" content=\"La Farga Centre d&#039;Activitats\" \/>\n<meta name=\"twitter:card\" content=\"summary_large_image\" \/>\n<meta name=\"twitter:creator\" content=\"@fargahospitalet\" \/>\n<meta name=\"twitter:site\" content=\"@fargahospitalet\" \/>\n<meta name=\"twitter:label1\" content=\"Escrit per\" \/>\n\t<meta name=\"twitter:data1\" content=\"La Farga Centre d&#039;Activitats\" \/>\n\t<meta name=\"twitter:label2\" content=\"Temps estimat de lectura\" \/>\n\t<meta name=\"twitter:data2\" content=\"5 minuts\" \/>\n<script type=\"application\/ld+json\" class=\"yoast-schema-graph\">{\"@context\":\"https:\\\/\\\/schema.org\",\"@graph\":[{\"@type\":\"Article\",\"@id\":\"https:\\\/\\\/www.lafargalhospitalet.com\\\/ca\\\/veggie-world-magic-internacional-novetats-tardor\\\/#article\",\"isPartOf\":{\"@id\":\"https:\\\/\\\/www.lafargalhospitalet.com\\\/ca\\\/veggie-world-magic-internacional-novetats-tardor\\\/\"},\"author\":{\"name\":\"La Farga Centre d'Activitats\",\"@id\":\"https:\\\/\\\/www.lafargalhospitalet.com\\\/#\\\/schema\\\/person\\\/6cbac0ef7748506b167ff859e1c7f378\"},\"headline\":\"Els salons Veggie World i M\u00e0gic Internacional, les grans novetats de tardor\",\"datePublished\":\"2018-10-01T14:52:23+00:00\",\"dateModified\":\"2025-11-03T17:28:22+00:00\",\"mainEntityOfPage\":{\"@id\":\"https:\\\/\\\/www.lafargalhospitalet.com\\\/ca\\\/veggie-world-magic-internacional-novetats-tardor\\\/\"},\"wordCount\":972,\"publisher\":{\"@id\":\"https:\\\/\\\/www.lafargalhospitalet.com\\\/#organization\"},\"image\":{\"@id\":\"https:\\\/\\\/www.lafargalhospitalet.com\\\/ca\\\/veggie-world-magic-internacional-novetats-tardor\\\/#primaryimage\"},\"thumbnailUrl\":\"https:\\\/\\\/www.lafargalhospitalet.com\\\/wp-content\\\/uploads\\\/2016\\\/10\\\/Salo-Creativa-Fires-Farga.jpg\",\"articleSection\":[\"Noticies\"],\"inLanguage\":\"ca\"},{\"@type\":\"WebPage\",\"@id\":\"https:\\\/\\\/www.lafargalhospitalet.com\\\/ca\\\/veggie-world-magic-internacional-novetats-tardor\\\/\",\"url\":\"https:\\\/\\\/www.lafargalhospitalet.com\\\/ca\\\/veggie-world-magic-internacional-novetats-tardor\\\/\",\"name\":\"Els salons Veggie World i M\u00e0gic Internacional, les grans novetats de tardor - La Farga L&#039;Hospitalet Centre d&#039;Activitats. La Farga GEM, S.A.\",\"isPartOf\":{\"@id\":\"https:\\\/\\\/www.lafargalhospitalet.com\\\/#website\"},\"primaryImageOfPage\":{\"@id\":\"https:\\\/\\\/www.lafargalhospitalet.com\\\/ca\\\/veggie-world-magic-internacional-novetats-tardor\\\/#primaryimage\"},\"image\":{\"@id\":\"https:\\\/\\\/www.lafargalhospitalet.com\\\/ca\\\/veggie-world-magic-internacional-novetats-tardor\\\/#primaryimage\"},\"thumbnailUrl\":\"https:\\\/\\\/www.lafargalhospitalet.com\\\/wp-content\\\/uploads\\\/2016\\\/10\\\/Salo-Creativa-Fires-Farga.jpg\",\"datePublished\":\"2018-10-01T14:52:23+00:00\",\"dateModified\":\"2025-11-03T17:28:22+00:00\",\"description\":\"Nova tardor a La Farga de L\u2019Hospitalet amb for\u00e7a propostes culturals i de lleure i activitat congressual i econ\u00f2mica. La Farga Centre d\u2019Activitats.\",\"breadcrumb\":{\"@id\":\"https:\\\/\\\/www.lafargalhospitalet.com\\\/ca\\\/veggie-world-magic-internacional-novetats-tardor\\\/#breadcrumb\"},\"inLanguage\":\"ca\",\"potentialAction\":[{\"@type\":\"ReadAction\",\"target\":[\"https:\\\/\\\/www.lafargalhospitalet.com\\\/ca\\\/veggie-world-magic-internacional-novetats-tardor\\\/\"]}]},{\"@type\":\"ImageObject\",\"inLanguage\":\"ca\",\"@id\":\"https:\\\/\\\/www.lafargalhospitalet.com\\\/ca\\\/veggie-world-magic-internacional-novetats-tardor\\\/#primaryimage\",\"url\":\"https:\\\/\\\/www.lafargalhospitalet.com\\\/wp-content\\\/uploads\\\/2016\\\/10\\\/Salo-Creativa-Fires-Farga.jpg\",\"contentUrl\":\"https:\\\/\\\/www.lafargalhospitalet.com\\\/wp-content\\\/uploads\\\/2016\\\/10\\\/Salo-Creativa-Fires-Farga.jpg\",\"width\":730,\"height\":410,\"caption\":\"Creativa tardor Farga Propera Estaci\u00f3\"},{\"@type\":\"BreadcrumbList\",\"@id\":\"https:\\\/\\\/www.lafargalhospitalet.com\\\/ca\\\/veggie-world-magic-internacional-novetats-tardor\\\/#breadcrumb\",\"itemListElement\":[{\"@type\":\"ListItem\",\"position\":1,\"name\":\"Portada\",\"item\":\"https:\\\/\\\/www.lafargalhospitalet.com\\\/\"},{\"@type\":\"ListItem\",\"position\":2,\"name\":\"Els salons Veggie World i M\u00e0gic Internacional, les grans novetats de tardor\"}]},{\"@type\":\"WebSite\",\"@id\":\"https:\\\/\\\/www.lafargalhospitalet.com\\\/#website\",\"url\":\"https:\\\/\\\/www.lafargalhospitalet.com\\\/\",\"name\":\"La Farga L'Hospitalet Centre d'Activitats. La Farga GEM, S.A.\",\"description\":\"La Farga L&#039;Hospitalet Centre d&#039;Activitats. Gestionat per La Farga GEM, S.A. Fires i Congressos. Concerts, exposicions, reunions, filmacions, sopars de gala.\",\"publisher\":{\"@id\":\"https:\\\/\\\/www.lafargalhospitalet.com\\\/#organization\"},\"potentialAction\":[{\"@type\":\"SearchAction\",\"target\":{\"@type\":\"EntryPoint\",\"urlTemplate\":\"https:\\\/\\\/www.lafargalhospitalet.com\\\/?s={search_term_string}\"},\"query-input\":{\"@type\":\"PropertyValueSpecification\",\"valueRequired\":true,\"valueName\":\"search_term_string\"}}],\"inLanguage\":\"ca\"},{\"@type\":\"Organization\",\"@id\":\"https:\\\/\\\/www.lafargalhospitalet.com\\\/#organization\",\"name\":\"La Farga L'Hospitalet Centre d'Activitats. La Farga GEM, S.A.\",\"url\":\"https:\\\/\\\/www.lafargalhospitalet.com\\\/\",\"logo\":{\"@type\":\"ImageObject\",\"inLanguage\":\"ca\",\"@id\":\"https:\\\/\\\/www.lafargalhospitalet.com\\\/#\\\/schema\\\/logo\\\/image\\\/\",\"url\":\"https:\\\/\\\/www.lafargalhospitalet.com\\\/wp-content\\\/uploads\\\/2025\\\/10\\\/logotipo_lafarga_centre_activitats.png\",\"contentUrl\":\"https:\\\/\\\/www.lafargalhospitalet.com\\\/wp-content\\\/uploads\\\/2025\\\/10\\\/logotipo_lafarga_centre_activitats.png\",\"width\":266,\"height\":101,\"caption\":\"La Farga L'Hospitalet Centre d'Activitats. La Farga GEM, S.A.\"},\"image\":{\"@id\":\"https:\\\/\\\/www.lafargalhospitalet.com\\\/#\\\/schema\\\/logo\\\/image\\\/\"},\"sameAs\":[\"https:\\\/\\\/www.facebook.com\\\/fargahospitalet\\\/\",\"https:\\\/\\\/x.com\\\/fargahospitalet\",\"https:\\\/\\\/www.instagram.com\\\/lafargahospitalet\\\/\",\"https:\\\/\\\/www.youtube.com\\\/channel\\\/UCoLt6hen3PqGXgbLMGI3Qdw\",\"https:\\\/\\\/www.flickr.com\\\/photos\\\/lafargagemsa\\\/albums\"]},{\"@type\":\"Person\",\"@id\":\"https:\\\/\\\/www.lafargalhospitalet.com\\\/#\\\/schema\\\/person\\\/6cbac0ef7748506b167ff859e1c7f378\",\"name\":\"La Farga Centre d'Activitats\",\"sameAs\":[\"https:\\\/\\\/www.lafargalhospitalet.com\"],\"url\":\"https:\\\/\\\/www.lafargalhospitalet.com\\\/ca\\\/author\\\/far25gmin\\\/\"}]}<\/script>\n<!-- \/ Yoast SEO plugin. -->","yoast_head_json":{"title":"Els salons Veggie World i M\u00e0gic Internacional, les grans novetats de tardor - La Farga L&#039;Hospitalet Centre d&#039;Activitats. La Farga GEM, S.A.","description":"Nova tardor a La Farga de L\u2019Hospitalet amb for\u00e7a propostes culturals i de lleure i activitat congressual i econ\u00f2mica. La Farga Centre d\u2019Activitats.","robots":{"index":"index","follow":"follow","max-snippet":"max-snippet:-1","max-image-preview":"max-image-preview:large","max-video-preview":"max-video-preview:-1"},"canonical":"https:\/\/www.lafargalhospitalet.com\/ca\/veggie-world-magic-internacional-novetats-tardor\/","og_locale":"ca_ES","og_type":"article","og_title":"Els salons Veggie World i M\u00e0gic Internacional, les grans novetats de tardor - La Farga L&#039;Hospitalet Centre d&#039;Activitats. La Farga GEM, S.A.","og_description":"Nova tardor a La Farga de L\u2019Hospitalet amb for\u00e7a propostes culturals i de lleure i activitat congressual i econ\u00f2mica. La Farga Centre d\u2019Activitats.","og_url":"https:\/\/www.lafargalhospitalet.com\/ca\/veggie-world-magic-internacional-novetats-tardor\/","og_site_name":"La Farga L&#039;Hospitalet Centre d&#039;Activitats. La Farga GEM, S.A.","article_publisher":"https:\/\/www.facebook.com\/fargahospitalet\/","article_published_time":"2018-10-01T14:52:23+00:00","article_modified_time":"2025-11-03T17:28:22+00:00","og_image":[{"width":730,"height":410,"url":"https:\/\/www.lafargalhospitalet.com\/wp-content\/uploads\/2016\/10\/Salo-Creativa-Fires-Farga.jpg","type":"image\/jpeg"}],"author":"La Farga Centre d'Activitats","twitter_card":"summary_large_image","twitter_creator":"@fargahospitalet","twitter_site":"@fargahospitalet","twitter_misc":{"Escrit per":"La Farga Centre d'Activitats","Temps estimat de lectura":"5 minuts"},"schema":{"@context":"https:\/\/schema.org","@graph":[{"@type":"Article","@id":"https:\/\/www.lafargalhospitalet.com\/ca\/veggie-world-magic-internacional-novetats-tardor\/#article","isPartOf":{"@id":"https:\/\/www.lafargalhospitalet.com\/ca\/veggie-world-magic-internacional-novetats-tardor\/"},"author":{"name":"La Farga Centre d'Activitats","@id":"https:\/\/www.lafargalhospitalet.com\/#\/schema\/person\/6cbac0ef7748506b167ff859e1c7f378"},"headline":"Els salons Veggie World i M\u00e0gic Internacional, les grans novetats de tardor","datePublished":"2018-10-01T14:52:23+00:00","dateModified":"2025-11-03T17:28:22+00:00","mainEntityOfPage":{"@id":"https:\/\/www.lafargalhospitalet.com\/ca\/veggie-world-magic-internacional-novetats-tardor\/"},"wordCount":972,"publisher":{"@id":"https:\/\/www.lafargalhospitalet.com\/#organization"},"image":{"@id":"https:\/\/www.lafargalhospitalet.com\/ca\/veggie-world-magic-internacional-novetats-tardor\/#primaryimage"},"thumbnailUrl":"https:\/\/www.lafargalhospitalet.com\/wp-content\/uploads\/2016\/10\/Salo-Creativa-Fires-Farga.jpg","articleSection":["Noticies"],"inLanguage":"ca"},{"@type":"WebPage","@id":"https:\/\/www.lafargalhospitalet.com\/ca\/veggie-world-magic-internacional-novetats-tardor\/","url":"https:\/\/www.lafargalhospitalet.com\/ca\/veggie-world-magic-internacional-novetats-tardor\/","name":"Els salons Veggie World i M\u00e0gic Internacional, les grans novetats de tardor - La Farga L&#039;Hospitalet Centre d&#039;Activitats. La Farga GEM, S.A.","isPartOf":{"@id":"https:\/\/www.lafargalhospitalet.com\/#website"},"primaryImageOfPage":{"@id":"https:\/\/www.lafargalhospitalet.com\/ca\/veggie-world-magic-internacional-novetats-tardor\/#primaryimage"},"image":{"@id":"https:\/\/www.lafargalhospitalet.com\/ca\/veggie-world-magic-internacional-novetats-tardor\/#primaryimage"},"thumbnailUrl":"https:\/\/www.lafargalhospitalet.com\/wp-content\/uploads\/2016\/10\/Salo-Creativa-Fires-Farga.jpg","datePublished":"2018-10-01T14:52:23+00:00","dateModified":"2025-11-03T17:28:22+00:00","description":"Nova tardor a La Farga de L\u2019Hospitalet amb for\u00e7a propostes culturals i de lleure i activitat congressual i econ\u00f2mica. La Farga Centre d\u2019Activitats.","breadcrumb":{"@id":"https:\/\/www.lafargalhospitalet.com\/ca\/veggie-world-magic-internacional-novetats-tardor\/#breadcrumb"},"inLanguage":"ca","potentialAction":[{"@type":"ReadAction","target":["https:\/\/www.lafargalhospitalet.com\/ca\/veggie-world-magic-internacional-novetats-tardor\/"]}]},{"@type":"ImageObject","inLanguage":"ca","@id":"https:\/\/www.lafargalhospitalet.com\/ca\/veggie-world-magic-internacional-novetats-tardor\/#primaryimage","url":"https:\/\/www.lafargalhospitalet.com\/wp-content\/uploads\/2016\/10\/Salo-Creativa-Fires-Farga.jpg","contentUrl":"https:\/\/www.lafargalhospitalet.com\/wp-content\/uploads\/2016\/10\/Salo-Creativa-Fires-Farga.jpg","width":730,"height":410,"caption":"Creativa tardor Farga Propera Estaci\u00f3"},{"@type":"BreadcrumbList","@id":"https:\/\/www.lafargalhospitalet.com\/ca\/veggie-world-magic-internacional-novetats-tardor\/#breadcrumb","itemListElement":[{"@type":"ListItem","position":1,"name":"Portada","item":"https:\/\/www.lafargalhospitalet.com\/"},{"@type":"ListItem","position":2,"name":"Els salons Veggie World i M\u00e0gic Internacional, les grans novetats de tardor"}]},{"@type":"WebSite","@id":"https:\/\/www.lafargalhospitalet.com\/#website","url":"https:\/\/www.lafargalhospitalet.com\/","name":"La Farga L'Hospitalet Centre d'Activitats. La Farga GEM, S.A.","description":"La Farga L&#039;Hospitalet Centre d&#039;Activitats. Gestionat per La Farga GEM, S.A. Fires i Congressos. Concerts, exposicions, reunions, filmacions, sopars de gala.","publisher":{"@id":"https:\/\/www.lafargalhospitalet.com\/#organization"},"potentialAction":[{"@type":"SearchAction","target":{"@type":"EntryPoint","urlTemplate":"https:\/\/www.lafargalhospitalet.com\/?s={search_term_string}"},"query-input":{"@type":"PropertyValueSpecification","valueRequired":true,"valueName":"search_term_string"}}],"inLanguage":"ca"},{"@type":"Organization","@id":"https:\/\/www.lafargalhospitalet.com\/#organization","name":"La Farga L'Hospitalet Centre d'Activitats. La Farga GEM, S.A.","url":"https:\/\/www.lafargalhospitalet.com\/","logo":{"@type":"ImageObject","inLanguage":"ca","@id":"https:\/\/www.lafargalhospitalet.com\/#\/schema\/logo\/image\/","url":"https:\/\/www.lafargalhospitalet.com\/wp-content\/uploads\/2025\/10\/logotipo_lafarga_centre_activitats.png","contentUrl":"https:\/\/www.lafargalhospitalet.com\/wp-content\/uploads\/2025\/10\/logotipo_lafarga_centre_activitats.png","width":266,"height":101,"caption":"La Farga L'Hospitalet Centre d'Activitats. La Farga GEM, S.A."},"image":{"@id":"https:\/\/www.lafargalhospitalet.com\/#\/schema\/logo\/image\/"},"sameAs":["https:\/\/www.facebook.com\/fargahospitalet\/","https:\/\/x.com\/fargahospitalet","https:\/\/www.instagram.com\/lafargahospitalet\/","https:\/\/www.youtube.com\/channel\/UCoLt6hen3PqGXgbLMGI3Qdw","https:\/\/www.flickr.com\/photos\/lafargagemsa\/albums"]},{"@type":"Person","@id":"https:\/\/www.lafargalhospitalet.com\/#\/schema\/person\/6cbac0ef7748506b167ff859e1c7f378","name":"La Farga Centre d'Activitats","sameAs":["https:\/\/www.lafargalhospitalet.com"],"url":"https:\/\/www.lafargalhospitalet.com\/ca\/author\/far25gmin\/"}]}},"_links":{"self":[{"href":"https:\/\/www.lafargalhospitalet.com\/ca\/wp-json\/wp\/v2\/posts\/5989","targetHints":{"allow":["GET"]}}],"collection":[{"href":"https:\/\/www.lafargalhospitalet.com\/ca\/wp-json\/wp\/v2\/posts"}],"about":[{"href":"https:\/\/www.lafargalhospitalet.com\/ca\/wp-json\/wp\/v2\/types\/post"}],"author":[{"embeddable":true,"href":"https:\/\/www.lafargalhospitalet.com\/ca\/wp-json\/wp\/v2\/users\/1"}],"replies":[{"embeddable":true,"href":"https:\/\/www.lafargalhospitalet.com\/ca\/wp-json\/wp\/v2\/comments?post=5989"}],"version-history":[{"count":0,"href":"https:\/\/www.lafargalhospitalet.com\/ca\/wp-json\/wp\/v2\/posts\/5989\/revisions"}],"wp:featuredmedia":[{"embeddable":true,"href":"https:\/\/www.lafargalhospitalet.com\/ca\/wp-json\/wp\/v2\/media\/4391"}],"wp:attachment":[{"href":"https:\/\/www.lafargalhospitalet.com\/ca\/wp-json\/wp\/v2\/media?parent=5989"}],"wp:term":[{"taxonomy":"category","embeddable":true,"href":"https:\/\/www.lafargalhospitalet.com\/ca\/wp-json\/wp\/v2\/categories?post=5989"},{"taxonomy":"post_tag","embeddable":true,"href":"https:\/\/www.lafargalhospitalet.com\/ca\/wp-json\/wp\/v2\/tags?post=5989"}],"curies":[{"name":"wp","href":"https:\/\/api.w.org\/{rel}","templated":true}]}}