{"id":6019,"date":"2018-10-25T09:34:51","date_gmt":"2018-10-25T08:34:51","guid":{"rendered":"http:\/\/www.lafargalhospitalet.com\/?p=6019"},"modified":"2025-11-03T18:28:22","modified_gmt":"2025-11-03T17:28:22","slug":"veggieworld-escull-farga-creixer","status":"publish","type":"post","link":"https:\/\/www.lafargalhospitalet.com\/ca\/veggieworld-escull-farga-creixer\/","title":{"rendered":"VeggieWorld escull La Farga per cr\u00e9ixer"},"content":{"rendered":"<h5>Dissabte 27 i diumenge 28 d&#8217;octubre<\/h5>\n<p><a href=\"https:\/\/www.lafargalhospitalet.com\/agenda-cat\/\" target=\"_blank\" rel=\"noopener\"><strong>La Farga Centre d\u2019Activitats<\/strong><\/a> acull per primera vegada <a href=\"https:\/\/veggieworld.de\/es\/event\/barcelona-es\/\" target=\"_blank\" rel=\"noopener\"><strong>VeggieWorld<\/strong><\/a>, la fira vegana m\u00e9s gran i antiga d&#8217;Europa.<\/p>\n<p>Despr\u00e9s de l&#8217;\u00e8xit de la seva primera edici\u00f3, en aquesta ocasi\u00f3 l&#8217;esdeveniment, que el 2017 va aconseguir m\u00e9s de 5.000 visitants a Barcelona, i la participaci\u00f3 de 70 expositors, arriba al nostre recinte per donar a con\u00e8ixer nous productes vegans en alimentaci\u00f3, moda i cosm\u00e8tica, a m\u00e9s d&#8217;un variat programa de confer\u00e8ncies i activitats.<\/p>\n<p><em>&#8220;La VeggieWorld \u00e9s una oportunitat \u00fanica de normalitzar l&#8217;estil de vida 100% vegetal, donar-lo a con\u00e8ixer a m\u00e9s sectors de la poblaci\u00f3 i desterrar tots els mites que existeixen&#8221;<\/em>, explica Cristina Rodrigo, portaveu de ProVeg Espanya.<\/p>\n<p>Aquesta organitzaci\u00f3 per a la consci\u00e8ncia aliment\u00e0ria, present tamb\u00e9 a Alemanya, Holanda, el Regne Unit i Pol\u00f2nia, \u00e9s la impulsora de la fira. Amb la primera VeggieWorld celebrada a Espanya, ProVeg va demostrar que el veganisme no \u00e9s una moda, sin\u00f3 una realitat que interessa cada vegada a m\u00e9s gent: <em>&#8220;El nostre objectiu \u00e9s crear un esdeveniment inspirador en el qual la gent prengui consci\u00e8ncia&#8221;<\/em>, afegeix Cristina Rodrigo.<\/p>\n<p>En aquesta II edici\u00f3, primera a L\u2019Hospitalet, la tem\u00e0tica principal ser\u00e0 la sostenibilitat i l&#8217;impacte mediambiental, encara que tamb\u00e9 es parlar\u00e0 de moda i cosm\u00e8tica, sense deixar de banda la nutrici\u00f3. Una de les grans novetats s\u00f3n les dues taules rodones en qu\u00e8 es parlar\u00e0 sobre veganisme en fam\u00edlia i hist\u00f2ries inspiradores.<\/p>\n<p>A la zona d&#8217;activitats hi haur\u00e0 des de tallers d&#8217;iniciaci\u00f3 al <em>zero waste<\/em> fins <em>showcookings<\/em> de cuina d&#8217;aprofitament, rebosteria, ferments o formatges 100% vegetals. Entre els expositors, nous productes com &#8220;pollastre&#8221; vegetal, &#8220;salm\u00f3&#8221; a for\u00e7a d&#8217;algues, &#8220;formatges&#8221; francesos 100% vegetals, equipament per a motoristes sense cuir, etc.<\/p>\n<p>Per facilitar que els assistents puguin gaudir de tal varietat d&#8217;opcions, aquest any tamb\u00e9 s&#8217;ofereixen passis especials de cap de setmana, una fet nou en la hist\u00f2ria de VeggieWorld.<\/p>\n<p>VeggieWorld \u00e9s una fira amb traject\u00f2ria, la primera edici\u00f3 de la VeggieWorld es va celebrar a Alemanya el 2011 i, per la seva gran acollida, en els \u00faltims anys ha anat creixent i expandint-se per tot Europa. Quan finalitzi 2018, la VeggieWorld s&#8217;haur\u00e0 celebrat en nou pa\u00efsos diferents, entre ells la Xina, el primer pa\u00eds no europeu que acull la fira.<\/p>\n","protected":false},"excerpt":{"rendered":"<p>La Farga Centre d\u2019Activitats acull per primera vegada VeggieWorld, la fira vegana m\u00e9s gran i antiga d&#8217;Europa.<\/p>\n","protected":false},"author":1,"featured_media":6026,"comment_status":"closed","ping_status":"closed","sticky":false,"template":"","format":"standard","meta":{"_monsterinsights_skip_tracking":false,"_monsterinsights_sitenote_active":false,"_monsterinsights_sitenote_note":"","_monsterinsights_sitenote_category":0,"footnotes":""},"categories":[83],"tags":[],"class_list":["post-6019","post","type-post","status-publish","format-standard","has-post-thumbnail","hentry","category-noticies"],"yoast_head":"<!-- This site is optimized with the Yoast SEO plugin v27.5 - https:\/\/yoast.com\/product\/yoast-seo-wordpress\/ -->\n<title>VeggieWorld escull La Farga per cr\u00e9ixer - La Farga L&#039;Hospitalet Centre d&#039;Activitats. La Farga GEM, S.A.<\/title>\n<meta name=\"description\" content=\"La Farga Centre d\u2019Activitats acull per primera vegada VeggieWorld, la fira vegana m\u00e9s gran i antiga d&#039;Europa. Dies 27 i 28 octubre de 2018.\" \/>\n<meta name=\"robots\" content=\"index, follow, max-snippet:-1, max-image-preview:large, max-video-preview:-1\" \/>\n<link rel=\"canonical\" href=\"https:\/\/www.lafargalhospitalet.com\/ca\/veggieworld-escull-farga-creixer\/\" \/>\n<meta property=\"og:locale\" content=\"ca_ES\" \/>\n<meta property=\"og:type\" content=\"article\" \/>\n<meta property=\"og:title\" content=\"VeggieWorld escull La Farga per cr\u00e9ixer - La Farga L&#039;Hospitalet Centre d&#039;Activitats. La Farga GEM, S.A.\" \/>\n<meta property=\"og:description\" content=\"La Farga Centre d\u2019Activitats acull per primera vegada VeggieWorld, la fira vegana m\u00e9s gran i antiga d&#039;Europa. Dies 27 i 28 octubre de 2018.\" \/>\n<meta property=\"og:url\" content=\"https:\/\/www.lafargalhospitalet.com\/ca\/veggieworld-escull-farga-creixer\/\" \/>\n<meta property=\"og:site_name\" content=\"La Farga L&#039;Hospitalet Centre d&#039;Activitats. La Farga GEM, S.A.\" \/>\n<meta property=\"article:publisher\" content=\"https:\/\/www.facebook.com\/fargahospitalet\/\" \/>\n<meta property=\"article:published_time\" content=\"2018-10-25T08:34:51+00:00\" \/>\n<meta property=\"article:modified_time\" content=\"2025-11-03T17:28:22+00:00\" \/>\n<meta property=\"og:image\" content=\"https:\/\/www.lafargalhospitalet.com\/wp-content\/uploads\/2018\/10\/Veggie-Farga-1-1.jpg\" \/>\n\t<meta property=\"og:image:width\" content=\"730\" \/>\n\t<meta property=\"og:image:height\" content=\"410\" \/>\n\t<meta property=\"og:image:type\" content=\"image\/jpeg\" \/>\n<meta name=\"author\" content=\"La Farga Centre d&#039;Activitats\" \/>\n<meta name=\"twitter:card\" content=\"summary_large_image\" \/>\n<meta name=\"twitter:creator\" content=\"@fargahospitalet\" \/>\n<meta name=\"twitter:site\" content=\"@fargahospitalet\" \/>\n<meta name=\"twitter:label1\" content=\"Escrit per\" \/>\n\t<meta name=\"twitter:data1\" content=\"La Farga Centre d&#039;Activitats\" \/>\n\t<meta name=\"twitter:label2\" content=\"Temps estimat de lectura\" \/>\n\t<meta name=\"twitter:data2\" content=\"2 minuts\" \/>\n<script type=\"application\/ld+json\" class=\"yoast-schema-graph\">{\"@context\":\"https:\\\/\\\/schema.org\",\"@graph\":[{\"@type\":\"Article\",\"@id\":\"https:\\\/\\\/www.lafargalhospitalet.com\\\/ca\\\/veggieworld-escull-farga-creixer\\\/#article\",\"isPartOf\":{\"@id\":\"https:\\\/\\\/www.lafargalhospitalet.com\\\/ca\\\/veggieworld-escull-farga-creixer\\\/\"},\"author\":{\"name\":\"La Farga Centre d'Activitats\",\"@id\":\"https:\\\/\\\/www.lafargalhospitalet.com\\\/#\\\/schema\\\/person\\\/6cbac0ef7748506b167ff859e1c7f378\"},\"headline\":\"VeggieWorld escull La Farga per cr\u00e9ixer\",\"datePublished\":\"2018-10-25T08:34:51+00:00\",\"dateModified\":\"2025-11-03T17:28:22+00:00\",\"mainEntityOfPage\":{\"@id\":\"https:\\\/\\\/www.lafargalhospitalet.com\\\/ca\\\/veggieworld-escull-farga-creixer\\\/\"},\"wordCount\":407,\"publisher\":{\"@id\":\"https:\\\/\\\/www.lafargalhospitalet.com\\\/#organization\"},\"image\":{\"@id\":\"https:\\\/\\\/www.lafargalhospitalet.com\\\/ca\\\/veggieworld-escull-farga-creixer\\\/#primaryimage\"},\"thumbnailUrl\":\"https:\\\/\\\/www.lafargalhospitalet.com\\\/wp-content\\\/uploads\\\/2018\\\/10\\\/Veggie-Farga-1-1.jpg\",\"articleSection\":[\"Noticies\"],\"inLanguage\":\"ca\"},{\"@type\":\"WebPage\",\"@id\":\"https:\\\/\\\/www.lafargalhospitalet.com\\\/ca\\\/veggieworld-escull-farga-creixer\\\/\",\"url\":\"https:\\\/\\\/www.lafargalhospitalet.com\\\/ca\\\/veggieworld-escull-farga-creixer\\\/\",\"name\":\"VeggieWorld escull La Farga per cr\u00e9ixer - La Farga L&#039;Hospitalet Centre d&#039;Activitats. La Farga GEM, S.A.\",\"isPartOf\":{\"@id\":\"https:\\\/\\\/www.lafargalhospitalet.com\\\/#website\"},\"primaryImageOfPage\":{\"@id\":\"https:\\\/\\\/www.lafargalhospitalet.com\\\/ca\\\/veggieworld-escull-farga-creixer\\\/#primaryimage\"},\"image\":{\"@id\":\"https:\\\/\\\/www.lafargalhospitalet.com\\\/ca\\\/veggieworld-escull-farga-creixer\\\/#primaryimage\"},\"thumbnailUrl\":\"https:\\\/\\\/www.lafargalhospitalet.com\\\/wp-content\\\/uploads\\\/2018\\\/10\\\/Veggie-Farga-1-1.jpg\",\"datePublished\":\"2018-10-25T08:34:51+00:00\",\"dateModified\":\"2025-11-03T17:28:22+00:00\",\"description\":\"La Farga Centre d\u2019Activitats acull per primera vegada VeggieWorld, la fira vegana m\u00e9s gran i antiga d'Europa. Dies 27 i 28 octubre de 2018.\",\"breadcrumb\":{\"@id\":\"https:\\\/\\\/www.lafargalhospitalet.com\\\/ca\\\/veggieworld-escull-farga-creixer\\\/#breadcrumb\"},\"inLanguage\":\"ca\",\"potentialAction\":[{\"@type\":\"ReadAction\",\"target\":[\"https:\\\/\\\/www.lafargalhospitalet.com\\\/ca\\\/veggieworld-escull-farga-creixer\\\/\"]}]},{\"@type\":\"ImageObject\",\"inLanguage\":\"ca\",\"@id\":\"https:\\\/\\\/www.lafargalhospitalet.com\\\/ca\\\/veggieworld-escull-farga-creixer\\\/#primaryimage\",\"url\":\"https:\\\/\\\/www.lafargalhospitalet.com\\\/wp-content\\\/uploads\\\/2018\\\/10\\\/Veggie-Farga-1-1.jpg\",\"contentUrl\":\"https:\\\/\\\/www.lafargalhospitalet.com\\\/wp-content\\\/uploads\\\/2018\\\/10\\\/Veggie-Farga-1-1.jpg\",\"width\":730,\"height\":410,\"caption\":\"VeggieWorld Farga\"},{\"@type\":\"BreadcrumbList\",\"@id\":\"https:\\\/\\\/www.lafargalhospitalet.com\\\/ca\\\/veggieworld-escull-farga-creixer\\\/#breadcrumb\",\"itemListElement\":[{\"@type\":\"ListItem\",\"position\":1,\"name\":\"Portada\",\"item\":\"https:\\\/\\\/www.lafargalhospitalet.com\\\/\"},{\"@type\":\"ListItem\",\"position\":2,\"name\":\"VeggieWorld escull La Farga per cr\u00e9ixer\"}]},{\"@type\":\"WebSite\",\"@id\":\"https:\\\/\\\/www.lafargalhospitalet.com\\\/#website\",\"url\":\"https:\\\/\\\/www.lafargalhospitalet.com\\\/\",\"name\":\"La Farga L'Hospitalet Centre d'Activitats. La Farga GEM, S.A.\",\"description\":\"La Farga L&#039;Hospitalet Centre d&#039;Activitats. Gestionat per La Farga GEM, S.A. Fires i Congressos. Concerts, exposicions, reunions, filmacions, sopars de gala.\",\"publisher\":{\"@id\":\"https:\\\/\\\/www.lafargalhospitalet.com\\\/#organization\"},\"potentialAction\":[{\"@type\":\"SearchAction\",\"target\":{\"@type\":\"EntryPoint\",\"urlTemplate\":\"https:\\\/\\\/www.lafargalhospitalet.com\\\/?s={search_term_string}\"},\"query-input\":{\"@type\":\"PropertyValueSpecification\",\"valueRequired\":true,\"valueName\":\"search_term_string\"}}],\"inLanguage\":\"ca\"},{\"@type\":\"Organization\",\"@id\":\"https:\\\/\\\/www.lafargalhospitalet.com\\\/#organization\",\"name\":\"La Farga L'Hospitalet Centre d'Activitats. La Farga GEM, S.A.\",\"url\":\"https:\\\/\\\/www.lafargalhospitalet.com\\\/\",\"logo\":{\"@type\":\"ImageObject\",\"inLanguage\":\"ca\",\"@id\":\"https:\\\/\\\/www.lafargalhospitalet.com\\\/#\\\/schema\\\/logo\\\/image\\\/\",\"url\":\"https:\\\/\\\/www.lafargalhospitalet.com\\\/wp-content\\\/uploads\\\/2025\\\/10\\\/logotipo_lafarga_centre_activitats.png\",\"contentUrl\":\"https:\\\/\\\/www.lafargalhospitalet.com\\\/wp-content\\\/uploads\\\/2025\\\/10\\\/logotipo_lafarga_centre_activitats.png\",\"width\":266,\"height\":101,\"caption\":\"La Farga L'Hospitalet Centre d'Activitats. La Farga GEM, S.A.\"},\"image\":{\"@id\":\"https:\\\/\\\/www.lafargalhospitalet.com\\\/#\\\/schema\\\/logo\\\/image\\\/\"},\"sameAs\":[\"https:\\\/\\\/www.facebook.com\\\/fargahospitalet\\\/\",\"https:\\\/\\\/x.com\\\/fargahospitalet\",\"https:\\\/\\\/www.instagram.com\\\/lafargahospitalet\\\/\",\"https:\\\/\\\/www.youtube.com\\\/channel\\\/UCoLt6hen3PqGXgbLMGI3Qdw\",\"https:\\\/\\\/www.flickr.com\\\/photos\\\/lafargagemsa\\\/albums\"]},{\"@type\":\"Person\",\"@id\":\"https:\\\/\\\/www.lafargalhospitalet.com\\\/#\\\/schema\\\/person\\\/6cbac0ef7748506b167ff859e1c7f378\",\"name\":\"La Farga Centre d'Activitats\",\"sameAs\":[\"https:\\\/\\\/www.lafargalhospitalet.com\"],\"url\":\"https:\\\/\\\/www.lafargalhospitalet.com\\\/ca\\\/author\\\/far25gmin\\\/\"}]}<\/script>\n<!-- \/ Yoast SEO plugin. -->","yoast_head_json":{"title":"VeggieWorld escull La Farga per cr\u00e9ixer - La Farga L&#039;Hospitalet Centre d&#039;Activitats. La Farga GEM, S.A.","description":"La Farga Centre d\u2019Activitats acull per primera vegada VeggieWorld, la fira vegana m\u00e9s gran i antiga d'Europa. Dies 27 i 28 octubre de 2018.","robots":{"index":"index","follow":"follow","max-snippet":"max-snippet:-1","max-image-preview":"max-image-preview:large","max-video-preview":"max-video-preview:-1"},"canonical":"https:\/\/www.lafargalhospitalet.com\/ca\/veggieworld-escull-farga-creixer\/","og_locale":"ca_ES","og_type":"article","og_title":"VeggieWorld escull La Farga per cr\u00e9ixer - La Farga L&#039;Hospitalet Centre d&#039;Activitats. La Farga GEM, S.A.","og_description":"La Farga Centre d\u2019Activitats acull per primera vegada VeggieWorld, la fira vegana m\u00e9s gran i antiga d'Europa. Dies 27 i 28 octubre de 2018.","og_url":"https:\/\/www.lafargalhospitalet.com\/ca\/veggieworld-escull-farga-creixer\/","og_site_name":"La Farga L&#039;Hospitalet Centre d&#039;Activitats. La Farga GEM, S.A.","article_publisher":"https:\/\/www.facebook.com\/fargahospitalet\/","article_published_time":"2018-10-25T08:34:51+00:00","article_modified_time":"2025-11-03T17:28:22+00:00","og_image":[{"width":730,"height":410,"url":"https:\/\/www.lafargalhospitalet.com\/wp-content\/uploads\/2018\/10\/Veggie-Farga-1-1.jpg","type":"image\/jpeg"}],"author":"La Farga Centre d'Activitats","twitter_card":"summary_large_image","twitter_creator":"@fargahospitalet","twitter_site":"@fargahospitalet","twitter_misc":{"Escrit per":"La Farga Centre d'Activitats","Temps estimat de lectura":"2 minuts"},"schema":{"@context":"https:\/\/schema.org","@graph":[{"@type":"Article","@id":"https:\/\/www.lafargalhospitalet.com\/ca\/veggieworld-escull-farga-creixer\/#article","isPartOf":{"@id":"https:\/\/www.lafargalhospitalet.com\/ca\/veggieworld-escull-farga-creixer\/"},"author":{"name":"La Farga Centre d'Activitats","@id":"https:\/\/www.lafargalhospitalet.com\/#\/schema\/person\/6cbac0ef7748506b167ff859e1c7f378"},"headline":"VeggieWorld escull La Farga per cr\u00e9ixer","datePublished":"2018-10-25T08:34:51+00:00","dateModified":"2025-11-03T17:28:22+00:00","mainEntityOfPage":{"@id":"https:\/\/www.lafargalhospitalet.com\/ca\/veggieworld-escull-farga-creixer\/"},"wordCount":407,"publisher":{"@id":"https:\/\/www.lafargalhospitalet.com\/#organization"},"image":{"@id":"https:\/\/www.lafargalhospitalet.com\/ca\/veggieworld-escull-farga-creixer\/#primaryimage"},"thumbnailUrl":"https:\/\/www.lafargalhospitalet.com\/wp-content\/uploads\/2018\/10\/Veggie-Farga-1-1.jpg","articleSection":["Noticies"],"inLanguage":"ca"},{"@type":"WebPage","@id":"https:\/\/www.lafargalhospitalet.com\/ca\/veggieworld-escull-farga-creixer\/","url":"https:\/\/www.lafargalhospitalet.com\/ca\/veggieworld-escull-farga-creixer\/","name":"VeggieWorld escull La Farga per cr\u00e9ixer - La Farga L&#039;Hospitalet Centre d&#039;Activitats. La Farga GEM, S.A.","isPartOf":{"@id":"https:\/\/www.lafargalhospitalet.com\/#website"},"primaryImageOfPage":{"@id":"https:\/\/www.lafargalhospitalet.com\/ca\/veggieworld-escull-farga-creixer\/#primaryimage"},"image":{"@id":"https:\/\/www.lafargalhospitalet.com\/ca\/veggieworld-escull-farga-creixer\/#primaryimage"},"thumbnailUrl":"https:\/\/www.lafargalhospitalet.com\/wp-content\/uploads\/2018\/10\/Veggie-Farga-1-1.jpg","datePublished":"2018-10-25T08:34:51+00:00","dateModified":"2025-11-03T17:28:22+00:00","description":"La Farga Centre d\u2019Activitats acull per primera vegada VeggieWorld, la fira vegana m\u00e9s gran i antiga d'Europa. Dies 27 i 28 octubre de 2018.","breadcrumb":{"@id":"https:\/\/www.lafargalhospitalet.com\/ca\/veggieworld-escull-farga-creixer\/#breadcrumb"},"inLanguage":"ca","potentialAction":[{"@type":"ReadAction","target":["https:\/\/www.lafargalhospitalet.com\/ca\/veggieworld-escull-farga-creixer\/"]}]},{"@type":"ImageObject","inLanguage":"ca","@id":"https:\/\/www.lafargalhospitalet.com\/ca\/veggieworld-escull-farga-creixer\/#primaryimage","url":"https:\/\/www.lafargalhospitalet.com\/wp-content\/uploads\/2018\/10\/Veggie-Farga-1-1.jpg","contentUrl":"https:\/\/www.lafargalhospitalet.com\/wp-content\/uploads\/2018\/10\/Veggie-Farga-1-1.jpg","width":730,"height":410,"caption":"VeggieWorld Farga"},{"@type":"BreadcrumbList","@id":"https:\/\/www.lafargalhospitalet.com\/ca\/veggieworld-escull-farga-creixer\/#breadcrumb","itemListElement":[{"@type":"ListItem","position":1,"name":"Portada","item":"https:\/\/www.lafargalhospitalet.com\/"},{"@type":"ListItem","position":2,"name":"VeggieWorld escull La Farga per cr\u00e9ixer"}]},{"@type":"WebSite","@id":"https:\/\/www.lafargalhospitalet.com\/#website","url":"https:\/\/www.lafargalhospitalet.com\/","name":"La Farga L'Hospitalet Centre d'Activitats. La Farga GEM, S.A.","description":"La Farga L&#039;Hospitalet Centre d&#039;Activitats. Gestionat per La Farga GEM, S.A. Fires i Congressos. Concerts, exposicions, reunions, filmacions, sopars de gala.","publisher":{"@id":"https:\/\/www.lafargalhospitalet.com\/#organization"},"potentialAction":[{"@type":"SearchAction","target":{"@type":"EntryPoint","urlTemplate":"https:\/\/www.lafargalhospitalet.com\/?s={search_term_string}"},"query-input":{"@type":"PropertyValueSpecification","valueRequired":true,"valueName":"search_term_string"}}],"inLanguage":"ca"},{"@type":"Organization","@id":"https:\/\/www.lafargalhospitalet.com\/#organization","name":"La Farga L'Hospitalet Centre d'Activitats. La Farga GEM, S.A.","url":"https:\/\/www.lafargalhospitalet.com\/","logo":{"@type":"ImageObject","inLanguage":"ca","@id":"https:\/\/www.lafargalhospitalet.com\/#\/schema\/logo\/image\/","url":"https:\/\/www.lafargalhospitalet.com\/wp-content\/uploads\/2025\/10\/logotipo_lafarga_centre_activitats.png","contentUrl":"https:\/\/www.lafargalhospitalet.com\/wp-content\/uploads\/2025\/10\/logotipo_lafarga_centre_activitats.png","width":266,"height":101,"caption":"La Farga L'Hospitalet Centre d'Activitats. La Farga GEM, S.A."},"image":{"@id":"https:\/\/www.lafargalhospitalet.com\/#\/schema\/logo\/image\/"},"sameAs":["https:\/\/www.facebook.com\/fargahospitalet\/","https:\/\/x.com\/fargahospitalet","https:\/\/www.instagram.com\/lafargahospitalet\/","https:\/\/www.youtube.com\/channel\/UCoLt6hen3PqGXgbLMGI3Qdw","https:\/\/www.flickr.com\/photos\/lafargagemsa\/albums"]},{"@type":"Person","@id":"https:\/\/www.lafargalhospitalet.com\/#\/schema\/person\/6cbac0ef7748506b167ff859e1c7f378","name":"La Farga Centre d'Activitats","sameAs":["https:\/\/www.lafargalhospitalet.com"],"url":"https:\/\/www.lafargalhospitalet.com\/ca\/author\/far25gmin\/"}]}},"_links":{"self":[{"href":"https:\/\/www.lafargalhospitalet.com\/ca\/wp-json\/wp\/v2\/posts\/6019","targetHints":{"allow":["GET"]}}],"collection":[{"href":"https:\/\/www.lafargalhospitalet.com\/ca\/wp-json\/wp\/v2\/posts"}],"about":[{"href":"https:\/\/www.lafargalhospitalet.com\/ca\/wp-json\/wp\/v2\/types\/post"}],"author":[{"embeddable":true,"href":"https:\/\/www.lafargalhospitalet.com\/ca\/wp-json\/wp\/v2\/users\/1"}],"replies":[{"embeddable":true,"href":"https:\/\/www.lafargalhospitalet.com\/ca\/wp-json\/wp\/v2\/comments?post=6019"}],"version-history":[{"count":0,"href":"https:\/\/www.lafargalhospitalet.com\/ca\/wp-json\/wp\/v2\/posts\/6019\/revisions"}],"wp:featuredmedia":[{"embeddable":true,"href":"https:\/\/www.lafargalhospitalet.com\/ca\/wp-json\/wp\/v2\/media\/6026"}],"wp:attachment":[{"href":"https:\/\/www.lafargalhospitalet.com\/ca\/wp-json\/wp\/v2\/media?parent=6019"}],"wp:term":[{"taxonomy":"category","embeddable":true,"href":"https:\/\/www.lafargalhospitalet.com\/ca\/wp-json\/wp\/v2\/categories?post=6019"},{"taxonomy":"post_tag","embeddable":true,"href":"https:\/\/www.lafargalhospitalet.com\/ca\/wp-json\/wp\/v2\/tags?post=6019"}],"curies":[{"name":"wp","href":"https:\/\/api.w.org\/{rel}","templated":true}]}}