{"id":6030,"date":"2018-10-30T13:32:56","date_gmt":"2018-10-30T12:32:56","guid":{"rendered":"http:\/\/www.lafargalhospitalet.com\/?p=6030"},"modified":"2025-11-03T18:28:22","modified_gmt":"2025-11-03T17:28:22","slug":"veggieworld-visiten-7000-persones","status":"publish","type":"post","link":"https:\/\/www.lafargalhospitalet.com\/ca\/veggieworld-visiten-7000-persones\/","title":{"rendered":"La VeggieWorld la visiten m\u00e9s de 7.000 persones"},"content":{"rendered":"<h5>La Farga es vesteix de veganisme<\/h5>\n<p>\u00c8xit rotund de la II edici\u00f3 de VeggieWorld, la fira de l&#8217;estil de vida veg\u00e0 m\u00e9s gran i antiga d&#8217;Europa, amb m\u00e9s de 7.000 visitants i 80 expositors.<\/p>\n<p>M\u00e9s de 7.000 persones han visitat La Farga de L&#8217;Hospitalet el darrer cap de setmana per con\u00e8ixer totes les novetats sobre productes 100% vegetals en alimentaci\u00f3, moda i cosm\u00e8tica, a m\u00e9s de gaudir d&#8217;un variat programa de confer\u00e8ncies i activitats de la m\u00e0 de coneguts experts en cada sector.<\/p>\n<p>Un nou \u00e8xit, en aquesta segona edici\u00f3, primera a L\u2019Hospitalet, i que iguala l&#8217;aforament en edicions ja consolidades d&#8217;aquesta fira, com la de D\u00fcsseldorf.<\/p>\n<p><em>&#8220;La VeggieWorld \u00e9s una oportunitat \u00fanica de normalitzar l&#8217;estil de vida 100% vegetal, donar-ho a con\u00e8ixer a m\u00e9s sectors de la poblaci\u00f3 i desterrar tots els mites que existeixen&#8221;<\/em>, ha explicat Cristina Rodrigo, portaveu d&#8217;ProVeg Espanya.<\/p>\n<p>Aquesta organitzaci\u00f3 per a la consci\u00e8ncia aliment\u00e0ria, present tamb\u00e9 a Alemanya, Holanda, Regne Unit i Pol\u00f2nia, \u00e9s la impulsora de la fira. Despr\u00e9s de l&#8217;\u00e8xit de la II VeggieWorld a L\u2019Hospitalet, ProVeg consolida el missatge que el veganisme no \u00e9s una moda, sin\u00f3 una realitat que interessa cada cop a m\u00e9s gent.<\/p>\n<p>Aquest any, la sostenibilitat i l&#8217;impacte mediambiental han centrat el contingut de les confer\u00e8ncies, tot i que tamb\u00e9 s\u2019ha parlat de moda i cosm\u00e8tica, a m\u00e9s de nutrici\u00f3. Entre les pon\u00e8ncies que han despertat m\u00e9s inter\u00e8s han destacat &#8220;Cap al zero residu&#8221;, &#8220;Falsos mites de l&#8217;alimentaci\u00f3 vegana&#8221; i la taula rodona amb les \u201cinfluencers\u201d Carlota Bruna, Jennifer Rodr\u00edguez i Paola Calassan\u00e7. Les activitats m\u00e9s seguides han estat els <em>showcooking<\/em> de cuina amb formatges, el taller de dol\u00e7os per compartir, aix\u00ed com la guia de superviv\u00e8ncia <em>zero waste<\/em>.<\/p>\n<h5>El veganisme creix<\/h5>\n<p>A Espanya cada vegada m\u00e9s persones s\u00f3n conscients dels nombrosos beneficis que el veganisme t\u00e9 per als animals, el medi ambient i la pr\u00f2pia salut. Segons l&#8217;estudi de la consultora Lantern, a l\u2019estat espanyol hi ha al voltant de 3,6 milions de persones (7,8% del total) que basa la superdieta exclusivament, o la majoria, en productes d&#8217;origen vegetal (6,3% flexitarians, 1,3% vegetarians i 0,2% vegans). A m\u00e9s, l&#8217;oferta d&#8217;opcions vegetals en comer\u00e7os i restaurants \u00e9s cada vegada m\u00e9s gran.<\/p>\n<p>Els <a href=\"https:\/\/www.lafargalhospitalet.com\/veggieworld-escull-farga-creixer\/\" target=\"_blank\" rel=\"noopener\"><strong>organitzadors<\/strong><\/a> ja pensen en una tercera edici\u00f3 a Catalunya.<\/p>\n<p>Aqu\u00ed podeu veure l&#8217;\u00e0lbum de fotografies de VeggieWorld, a La Farga.<\/p>\n<p><a title=\"VEGGIEWORLD\" href=\"https:\/\/www.flickr.com\/photos\/lafargagemsa\/albums\/72157702813612664\" data-flickr-embed=\"true\"><img fetchpriority=\"high\" decoding=\"async\" src=\"https:\/\/farm2.staticflickr.com\/1917\/43800852450_823d9d350c_z.jpg\" alt=\"VEGGIEWORLD\" width=\"640\" height=\"426\" \/><\/a><script async src=\"\/\/embedr.flickr.com\/assets\/client-code.js\" charset=\"utf-8\"><\/script><\/p>\n","protected":false},"excerpt":{"rendered":"<p>\u00c8xit rotund de la II edici\u00f3 de VeggieWorld amb m\u00e9s de 7.000 visitants i 80 expositors.<\/p>\n","protected":false},"author":1,"featured_media":6031,"comment_status":"closed","ping_status":"closed","sticky":false,"template":"","format":"standard","meta":{"_monsterinsights_skip_tracking":false,"_monsterinsights_sitenote_active":false,"_monsterinsights_sitenote_note":"","_monsterinsights_sitenote_category":0,"footnotes":""},"categories":[83],"tags":[],"class_list":["post-6030","post","type-post","status-publish","format-standard","has-post-thumbnail","hentry","category-noticies"],"yoast_head":"<!-- This site is optimized with the Yoast SEO plugin v27.5 - https:\/\/yoast.com\/product\/yoast-seo-wordpress\/ -->\n<title>La VeggieWorld la visiten m\u00e9s de 7.000 persones - La Farga L&#039;Hospitalet Centre d&#039;Activitats. La Farga GEM, S.A.<\/title>\n<meta name=\"description\" content=\"\u00c8xit rotund de la II edici\u00f3 de VeggieWorld, la fira de l&#039;estil de vida veg\u00e0 m\u00e9s gran i antiga d&#039;Europa, amb m\u00e9s de 7.000 visitants i 80 expositors.\" \/>\n<meta name=\"robots\" content=\"index, follow, max-snippet:-1, max-image-preview:large, max-video-preview:-1\" \/>\n<link rel=\"canonical\" href=\"https:\/\/www.lafargalhospitalet.com\/ca\/veggieworld-visiten-7000-persones\/\" \/>\n<meta property=\"og:locale\" content=\"ca_ES\" \/>\n<meta property=\"og:type\" content=\"article\" \/>\n<meta property=\"og:title\" content=\"La VeggieWorld la visiten m\u00e9s de 7.000 persones - La Farga L&#039;Hospitalet Centre d&#039;Activitats. La Farga GEM, S.A.\" \/>\n<meta property=\"og:description\" content=\"\u00c8xit rotund de la II edici\u00f3 de VeggieWorld, la fira de l&#039;estil de vida veg\u00e0 m\u00e9s gran i antiga d&#039;Europa, amb m\u00e9s de 7.000 visitants i 80 expositors.\" \/>\n<meta property=\"og:url\" content=\"https:\/\/www.lafargalhospitalet.com\/ca\/veggieworld-visiten-7000-persones\/\" \/>\n<meta property=\"og:site_name\" content=\"La Farga L&#039;Hospitalet Centre d&#039;Activitats. La Farga GEM, S.A.\" \/>\n<meta property=\"article:publisher\" content=\"https:\/\/www.facebook.com\/fargahospitalet\/\" \/>\n<meta property=\"article:published_time\" content=\"2018-10-30T12:32:56+00:00\" \/>\n<meta property=\"article:modified_time\" content=\"2025-11-03T17:28:22+00:00\" \/>\n<meta property=\"og:image\" content=\"https:\/\/www.lafargalhospitalet.com\/wp-content\/uploads\/2018\/10\/VeggieWorld-Farga.jpg\" \/>\n\t<meta property=\"og:image:width\" content=\"730\" \/>\n\t<meta property=\"og:image:height\" content=\"410\" \/>\n\t<meta property=\"og:image:type\" content=\"image\/jpeg\" \/>\n<meta name=\"author\" content=\"La Farga Centre d&#039;Activitats\" \/>\n<meta name=\"twitter:card\" content=\"summary_large_image\" \/>\n<meta name=\"twitter:creator\" content=\"@fargahospitalet\" \/>\n<meta name=\"twitter:site\" content=\"@fargahospitalet\" \/>\n<meta name=\"twitter:label1\" content=\"Escrit per\" \/>\n\t<meta name=\"twitter:data1\" content=\"La Farga Centre d&#039;Activitats\" \/>\n\t<meta name=\"twitter:label2\" content=\"Temps estimat de lectura\" \/>\n\t<meta name=\"twitter:data2\" content=\"2 minuts\" \/>\n<script type=\"application\/ld+json\" class=\"yoast-schema-graph\">{\"@context\":\"https:\\\/\\\/schema.org\",\"@graph\":[{\"@type\":\"Article\",\"@id\":\"https:\\\/\\\/www.lafargalhospitalet.com\\\/ca\\\/veggieworld-visiten-7000-persones\\\/#article\",\"isPartOf\":{\"@id\":\"https:\\\/\\\/www.lafargalhospitalet.com\\\/ca\\\/veggieworld-visiten-7000-persones\\\/\"},\"author\":{\"name\":\"La Farga Centre d'Activitats\",\"@id\":\"https:\\\/\\\/www.lafargalhospitalet.com\\\/#\\\/schema\\\/person\\\/6cbac0ef7748506b167ff859e1c7f378\"},\"headline\":\"La VeggieWorld la visiten m\u00e9s de 7.000 persones\",\"datePublished\":\"2018-10-30T12:32:56+00:00\",\"dateModified\":\"2025-11-03T17:28:22+00:00\",\"mainEntityOfPage\":{\"@id\":\"https:\\\/\\\/www.lafargalhospitalet.com\\\/ca\\\/veggieworld-visiten-7000-persones\\\/\"},\"wordCount\":434,\"publisher\":{\"@id\":\"https:\\\/\\\/www.lafargalhospitalet.com\\\/#organization\"},\"image\":{\"@id\":\"https:\\\/\\\/www.lafargalhospitalet.com\\\/ca\\\/veggieworld-visiten-7000-persones\\\/#primaryimage\"},\"thumbnailUrl\":\"https:\\\/\\\/www.lafargalhospitalet.com\\\/wp-content\\\/uploads\\\/2018\\\/10\\\/VeggieWorld-Farga.jpg\",\"articleSection\":[\"Noticies\"],\"inLanguage\":\"ca\"},{\"@type\":\"WebPage\",\"@id\":\"https:\\\/\\\/www.lafargalhospitalet.com\\\/ca\\\/veggieworld-visiten-7000-persones\\\/\",\"url\":\"https:\\\/\\\/www.lafargalhospitalet.com\\\/ca\\\/veggieworld-visiten-7000-persones\\\/\",\"name\":\"La VeggieWorld la visiten m\u00e9s de 7.000 persones - La Farga L&#039;Hospitalet Centre d&#039;Activitats. La Farga GEM, S.A.\",\"isPartOf\":{\"@id\":\"https:\\\/\\\/www.lafargalhospitalet.com\\\/#website\"},\"primaryImageOfPage\":{\"@id\":\"https:\\\/\\\/www.lafargalhospitalet.com\\\/ca\\\/veggieworld-visiten-7000-persones\\\/#primaryimage\"},\"image\":{\"@id\":\"https:\\\/\\\/www.lafargalhospitalet.com\\\/ca\\\/veggieworld-visiten-7000-persones\\\/#primaryimage\"},\"thumbnailUrl\":\"https:\\\/\\\/www.lafargalhospitalet.com\\\/wp-content\\\/uploads\\\/2018\\\/10\\\/VeggieWorld-Farga.jpg\",\"datePublished\":\"2018-10-30T12:32:56+00:00\",\"dateModified\":\"2025-11-03T17:28:22+00:00\",\"description\":\"\u00c8xit rotund de la II edici\u00f3 de VeggieWorld, la fira de l'estil de vida veg\u00e0 m\u00e9s gran i antiga d'Europa, amb m\u00e9s de 7.000 visitants i 80 expositors.\",\"breadcrumb\":{\"@id\":\"https:\\\/\\\/www.lafargalhospitalet.com\\\/ca\\\/veggieworld-visiten-7000-persones\\\/#breadcrumb\"},\"inLanguage\":\"ca\",\"potentialAction\":[{\"@type\":\"ReadAction\",\"target\":[\"https:\\\/\\\/www.lafargalhospitalet.com\\\/ca\\\/veggieworld-visiten-7000-persones\\\/\"]}]},{\"@type\":\"ImageObject\",\"inLanguage\":\"ca\",\"@id\":\"https:\\\/\\\/www.lafargalhospitalet.com\\\/ca\\\/veggieworld-visiten-7000-persones\\\/#primaryimage\",\"url\":\"https:\\\/\\\/www.lafargalhospitalet.com\\\/wp-content\\\/uploads\\\/2018\\\/10\\\/VeggieWorld-Farga.jpg\",\"contentUrl\":\"https:\\\/\\\/www.lafargalhospitalet.com\\\/wp-content\\\/uploads\\\/2018\\\/10\\\/VeggieWorld-Farga.jpg\",\"width\":730,\"height\":410,\"caption\":\"VeggieWorld Farga\"},{\"@type\":\"BreadcrumbList\",\"@id\":\"https:\\\/\\\/www.lafargalhospitalet.com\\\/ca\\\/veggieworld-visiten-7000-persones\\\/#breadcrumb\",\"itemListElement\":[{\"@type\":\"ListItem\",\"position\":1,\"name\":\"Portada\",\"item\":\"https:\\\/\\\/www.lafargalhospitalet.com\\\/\"},{\"@type\":\"ListItem\",\"position\":2,\"name\":\"La VeggieWorld la visiten m\u00e9s de 7.000 persones\"}]},{\"@type\":\"WebSite\",\"@id\":\"https:\\\/\\\/www.lafargalhospitalet.com\\\/#website\",\"url\":\"https:\\\/\\\/www.lafargalhospitalet.com\\\/\",\"name\":\"La Farga L'Hospitalet Centre d'Activitats. La Farga GEM, S.A.\",\"description\":\"La Farga L&#039;Hospitalet Centre d&#039;Activitats. Gestionat per La Farga GEM, S.A. Fires i Congressos. Concerts, exposicions, reunions, filmacions, sopars de gala.\",\"publisher\":{\"@id\":\"https:\\\/\\\/www.lafargalhospitalet.com\\\/#organization\"},\"potentialAction\":[{\"@type\":\"SearchAction\",\"target\":{\"@type\":\"EntryPoint\",\"urlTemplate\":\"https:\\\/\\\/www.lafargalhospitalet.com\\\/?s={search_term_string}\"},\"query-input\":{\"@type\":\"PropertyValueSpecification\",\"valueRequired\":true,\"valueName\":\"search_term_string\"}}],\"inLanguage\":\"ca\"},{\"@type\":\"Organization\",\"@id\":\"https:\\\/\\\/www.lafargalhospitalet.com\\\/#organization\",\"name\":\"La Farga L'Hospitalet Centre d'Activitats. La Farga GEM, S.A.\",\"url\":\"https:\\\/\\\/www.lafargalhospitalet.com\\\/\",\"logo\":{\"@type\":\"ImageObject\",\"inLanguage\":\"ca\",\"@id\":\"https:\\\/\\\/www.lafargalhospitalet.com\\\/#\\\/schema\\\/logo\\\/image\\\/\",\"url\":\"https:\\\/\\\/www.lafargalhospitalet.com\\\/wp-content\\\/uploads\\\/2025\\\/10\\\/logotipo_lafarga_centre_activitats.png\",\"contentUrl\":\"https:\\\/\\\/www.lafargalhospitalet.com\\\/wp-content\\\/uploads\\\/2025\\\/10\\\/logotipo_lafarga_centre_activitats.png\",\"width\":266,\"height\":101,\"caption\":\"La Farga L'Hospitalet Centre d'Activitats. La Farga GEM, S.A.\"},\"image\":{\"@id\":\"https:\\\/\\\/www.lafargalhospitalet.com\\\/#\\\/schema\\\/logo\\\/image\\\/\"},\"sameAs\":[\"https:\\\/\\\/www.facebook.com\\\/fargahospitalet\\\/\",\"https:\\\/\\\/x.com\\\/fargahospitalet\",\"https:\\\/\\\/www.instagram.com\\\/lafargahospitalet\\\/\",\"https:\\\/\\\/www.youtube.com\\\/channel\\\/UCoLt6hen3PqGXgbLMGI3Qdw\",\"https:\\\/\\\/www.flickr.com\\\/photos\\\/lafargagemsa\\\/albums\"]},{\"@type\":\"Person\",\"@id\":\"https:\\\/\\\/www.lafargalhospitalet.com\\\/#\\\/schema\\\/person\\\/6cbac0ef7748506b167ff859e1c7f378\",\"name\":\"La Farga Centre d'Activitats\",\"sameAs\":[\"https:\\\/\\\/www.lafargalhospitalet.com\"],\"url\":\"https:\\\/\\\/www.lafargalhospitalet.com\\\/ca\\\/author\\\/far25gmin\\\/\"}]}<\/script>\n<!-- \/ Yoast SEO plugin. -->","yoast_head_json":{"title":"La VeggieWorld la visiten m\u00e9s de 7.000 persones - La Farga L&#039;Hospitalet Centre d&#039;Activitats. La Farga GEM, S.A.","description":"\u00c8xit rotund de la II edici\u00f3 de VeggieWorld, la fira de l'estil de vida veg\u00e0 m\u00e9s gran i antiga d'Europa, amb m\u00e9s de 7.000 visitants i 80 expositors.","robots":{"index":"index","follow":"follow","max-snippet":"max-snippet:-1","max-image-preview":"max-image-preview:large","max-video-preview":"max-video-preview:-1"},"canonical":"https:\/\/www.lafargalhospitalet.com\/ca\/veggieworld-visiten-7000-persones\/","og_locale":"ca_ES","og_type":"article","og_title":"La VeggieWorld la visiten m\u00e9s de 7.000 persones - La Farga L&#039;Hospitalet Centre d&#039;Activitats. La Farga GEM, S.A.","og_description":"\u00c8xit rotund de la II edici\u00f3 de VeggieWorld, la fira de l'estil de vida veg\u00e0 m\u00e9s gran i antiga d'Europa, amb m\u00e9s de 7.000 visitants i 80 expositors.","og_url":"https:\/\/www.lafargalhospitalet.com\/ca\/veggieworld-visiten-7000-persones\/","og_site_name":"La Farga L&#039;Hospitalet Centre d&#039;Activitats. La Farga GEM, S.A.","article_publisher":"https:\/\/www.facebook.com\/fargahospitalet\/","article_published_time":"2018-10-30T12:32:56+00:00","article_modified_time":"2025-11-03T17:28:22+00:00","og_image":[{"width":730,"height":410,"url":"https:\/\/www.lafargalhospitalet.com\/wp-content\/uploads\/2018\/10\/VeggieWorld-Farga.jpg","type":"image\/jpeg"}],"author":"La Farga Centre d'Activitats","twitter_card":"summary_large_image","twitter_creator":"@fargahospitalet","twitter_site":"@fargahospitalet","twitter_misc":{"Escrit per":"La Farga Centre d'Activitats","Temps estimat de lectura":"2 minuts"},"schema":{"@context":"https:\/\/schema.org","@graph":[{"@type":"Article","@id":"https:\/\/www.lafargalhospitalet.com\/ca\/veggieworld-visiten-7000-persones\/#article","isPartOf":{"@id":"https:\/\/www.lafargalhospitalet.com\/ca\/veggieworld-visiten-7000-persones\/"},"author":{"name":"La Farga Centre d'Activitats","@id":"https:\/\/www.lafargalhospitalet.com\/#\/schema\/person\/6cbac0ef7748506b167ff859e1c7f378"},"headline":"La VeggieWorld la visiten m\u00e9s de 7.000 persones","datePublished":"2018-10-30T12:32:56+00:00","dateModified":"2025-11-03T17:28:22+00:00","mainEntityOfPage":{"@id":"https:\/\/www.lafargalhospitalet.com\/ca\/veggieworld-visiten-7000-persones\/"},"wordCount":434,"publisher":{"@id":"https:\/\/www.lafargalhospitalet.com\/#organization"},"image":{"@id":"https:\/\/www.lafargalhospitalet.com\/ca\/veggieworld-visiten-7000-persones\/#primaryimage"},"thumbnailUrl":"https:\/\/www.lafargalhospitalet.com\/wp-content\/uploads\/2018\/10\/VeggieWorld-Farga.jpg","articleSection":["Noticies"],"inLanguage":"ca"},{"@type":"WebPage","@id":"https:\/\/www.lafargalhospitalet.com\/ca\/veggieworld-visiten-7000-persones\/","url":"https:\/\/www.lafargalhospitalet.com\/ca\/veggieworld-visiten-7000-persones\/","name":"La VeggieWorld la visiten m\u00e9s de 7.000 persones - La Farga L&#039;Hospitalet Centre d&#039;Activitats. La Farga GEM, S.A.","isPartOf":{"@id":"https:\/\/www.lafargalhospitalet.com\/#website"},"primaryImageOfPage":{"@id":"https:\/\/www.lafargalhospitalet.com\/ca\/veggieworld-visiten-7000-persones\/#primaryimage"},"image":{"@id":"https:\/\/www.lafargalhospitalet.com\/ca\/veggieworld-visiten-7000-persones\/#primaryimage"},"thumbnailUrl":"https:\/\/www.lafargalhospitalet.com\/wp-content\/uploads\/2018\/10\/VeggieWorld-Farga.jpg","datePublished":"2018-10-30T12:32:56+00:00","dateModified":"2025-11-03T17:28:22+00:00","description":"\u00c8xit rotund de la II edici\u00f3 de VeggieWorld, la fira de l'estil de vida veg\u00e0 m\u00e9s gran i antiga d'Europa, amb m\u00e9s de 7.000 visitants i 80 expositors.","breadcrumb":{"@id":"https:\/\/www.lafargalhospitalet.com\/ca\/veggieworld-visiten-7000-persones\/#breadcrumb"},"inLanguage":"ca","potentialAction":[{"@type":"ReadAction","target":["https:\/\/www.lafargalhospitalet.com\/ca\/veggieworld-visiten-7000-persones\/"]}]},{"@type":"ImageObject","inLanguage":"ca","@id":"https:\/\/www.lafargalhospitalet.com\/ca\/veggieworld-visiten-7000-persones\/#primaryimage","url":"https:\/\/www.lafargalhospitalet.com\/wp-content\/uploads\/2018\/10\/VeggieWorld-Farga.jpg","contentUrl":"https:\/\/www.lafargalhospitalet.com\/wp-content\/uploads\/2018\/10\/VeggieWorld-Farga.jpg","width":730,"height":410,"caption":"VeggieWorld Farga"},{"@type":"BreadcrumbList","@id":"https:\/\/www.lafargalhospitalet.com\/ca\/veggieworld-visiten-7000-persones\/#breadcrumb","itemListElement":[{"@type":"ListItem","position":1,"name":"Portada","item":"https:\/\/www.lafargalhospitalet.com\/"},{"@type":"ListItem","position":2,"name":"La VeggieWorld la visiten m\u00e9s de 7.000 persones"}]},{"@type":"WebSite","@id":"https:\/\/www.lafargalhospitalet.com\/#website","url":"https:\/\/www.lafargalhospitalet.com\/","name":"La Farga L'Hospitalet Centre d'Activitats. La Farga GEM, S.A.","description":"La Farga L&#039;Hospitalet Centre d&#039;Activitats. Gestionat per La Farga GEM, S.A. Fires i Congressos. Concerts, exposicions, reunions, filmacions, sopars de gala.","publisher":{"@id":"https:\/\/www.lafargalhospitalet.com\/#organization"},"potentialAction":[{"@type":"SearchAction","target":{"@type":"EntryPoint","urlTemplate":"https:\/\/www.lafargalhospitalet.com\/?s={search_term_string}"},"query-input":{"@type":"PropertyValueSpecification","valueRequired":true,"valueName":"search_term_string"}}],"inLanguage":"ca"},{"@type":"Organization","@id":"https:\/\/www.lafargalhospitalet.com\/#organization","name":"La Farga L'Hospitalet Centre d'Activitats. La Farga GEM, S.A.","url":"https:\/\/www.lafargalhospitalet.com\/","logo":{"@type":"ImageObject","inLanguage":"ca","@id":"https:\/\/www.lafargalhospitalet.com\/#\/schema\/logo\/image\/","url":"https:\/\/www.lafargalhospitalet.com\/wp-content\/uploads\/2025\/10\/logotipo_lafarga_centre_activitats.png","contentUrl":"https:\/\/www.lafargalhospitalet.com\/wp-content\/uploads\/2025\/10\/logotipo_lafarga_centre_activitats.png","width":266,"height":101,"caption":"La Farga L'Hospitalet Centre d'Activitats. La Farga GEM, S.A."},"image":{"@id":"https:\/\/www.lafargalhospitalet.com\/#\/schema\/logo\/image\/"},"sameAs":["https:\/\/www.facebook.com\/fargahospitalet\/","https:\/\/x.com\/fargahospitalet","https:\/\/www.instagram.com\/lafargahospitalet\/","https:\/\/www.youtube.com\/channel\/UCoLt6hen3PqGXgbLMGI3Qdw","https:\/\/www.flickr.com\/photos\/lafargagemsa\/albums"]},{"@type":"Person","@id":"https:\/\/www.lafargalhospitalet.com\/#\/schema\/person\/6cbac0ef7748506b167ff859e1c7f378","name":"La Farga Centre d'Activitats","sameAs":["https:\/\/www.lafargalhospitalet.com"],"url":"https:\/\/www.lafargalhospitalet.com\/ca\/author\/far25gmin\/"}]}},"_links":{"self":[{"href":"https:\/\/www.lafargalhospitalet.com\/ca\/wp-json\/wp\/v2\/posts\/6030","targetHints":{"allow":["GET"]}}],"collection":[{"href":"https:\/\/www.lafargalhospitalet.com\/ca\/wp-json\/wp\/v2\/posts"}],"about":[{"href":"https:\/\/www.lafargalhospitalet.com\/ca\/wp-json\/wp\/v2\/types\/post"}],"author":[{"embeddable":true,"href":"https:\/\/www.lafargalhospitalet.com\/ca\/wp-json\/wp\/v2\/users\/1"}],"replies":[{"embeddable":true,"href":"https:\/\/www.lafargalhospitalet.com\/ca\/wp-json\/wp\/v2\/comments?post=6030"}],"version-history":[{"count":0,"href":"https:\/\/www.lafargalhospitalet.com\/ca\/wp-json\/wp\/v2\/posts\/6030\/revisions"}],"wp:featuredmedia":[{"embeddable":true,"href":"https:\/\/www.lafargalhospitalet.com\/ca\/wp-json\/wp\/v2\/media\/6031"}],"wp:attachment":[{"href":"https:\/\/www.lafargalhospitalet.com\/ca\/wp-json\/wp\/v2\/media?parent=6030"}],"wp:term":[{"taxonomy":"category","embeddable":true,"href":"https:\/\/www.lafargalhospitalet.com\/ca\/wp-json\/wp\/v2\/categories?post=6030"},{"taxonomy":"post_tag","embeddable":true,"href":"https:\/\/www.lafargalhospitalet.com\/ca\/wp-json\/wp\/v2\/tags?post=6030"}],"curies":[{"name":"wp","href":"https:\/\/api.w.org\/{rel}","templated":true}]}}