{"id":6127,"date":"2018-11-07T14:52:12","date_gmt":"2018-11-07T13:52:12","guid":{"rendered":"http:\/\/www.lafargalhospitalet.com\/?p=6127"},"modified":"2025-11-03T18:28:22","modified_gmt":"2025-11-03T17:28:22","slug":"creativa-omple-farga-amazones","status":"publish","type":"post","link":"https:\/\/www.lafargalhospitalet.com\/ca\/creativa-omple-farga-amazones\/","title":{"rendered":"Creativa omple La Farga d&#8217;Amazones"},"content":{"rendered":"<h5>Enguany m\u00e9s de 160 expositors<\/h5>\n<p>La Farga de L\u2019Hospitalet torna a estar a punt acollir un dels seus salons m\u00e9s importants de l\u2019any: <a href=\"https:\/\/www.lafargalhospitalet.com\/22-100-visitants-passen-per-creativa-2017\/\" target=\"_blank\" rel=\"noopener\"><strong>Creativa Barcelona<\/strong><\/a>, el sal\u00f3 de les manualitats, labors i belles arts. Tot un munt d\u2019experi\u00e8ncies per viure amb tot all\u00f2 relacionat amb l\u2019oci creatiu.<\/p>\n<p>Creativa, en la seva tretzena edici\u00f3, \u00e9s ja la gran festa de les manualitats, i enguany el sal\u00f3 fa un llarg viatge a la selva amaz\u00f2nica.<\/p>\n<p>Despr\u00e9s de veure molta tem\u00e0tiques nadalenques, els tons vermells i brillants, Creativa torna als or\u00edgens de l&#8217;\u00e9sser hum\u00e0, a la mare terra, per reinventar-se una vegada m\u00e9s, endinsar-se en el seu interior i deixar-se sorprendre pels colors, sabors i textures de la Naturalesa.<\/p>\n<h5>Nous expositors i productes<\/h5>\n<p>Aquesta edici\u00f3 compta amb 15 expositors nous, internacionals on trobem les firmes portugueses de teles Anita Catita i Fabricart o les italianes de <em>scrapbooking<\/em> Stamperia i de rebosteria Ilimani, aix\u00ed com la marca Brit\u00e0nica Renshaw, i per la part de nacionals, la botiga de llanes Somnis de Llana, els detalls en feltre de Twin Sittings o la gran varietat de productes de la botiga El B\u00faho de Cloe. Finalment no menys importants tindrem a les noies de Tejiendo Per\u00fa per primera vegada a Creativa.<\/p>\n<p>Creativa es reinventa per oferir una experi\u00e8ncia 100% diferent, un lloc en el qual la trobada i intercanvi de coneixements es converteixen en els veritables protagonistes. Per a aix\u00f2 Creativa presenta la seva nova f\u00f3rmula amb demostracions participatives i tallers gratu\u00efts, activitats per als m\u00e9s petits i espais de trobada com la nova \u00e0rea de restauraci\u00f3 amb Foodtrucks, les taules de Meet &amp; Greet amb importants dissenyadors\/es i creatius\/ves, i tot aix\u00f2 integrat en l&#8217;atmosfera de la tem\u00e0tica que inspira Creativa Barcelona 2018: Una festa amaz\u00f2nica.<\/p>\n<h5>Tallers i demostracions gratu\u00eftes<\/h5>\n<p><strong>Creativa Live!<\/strong>. Tots els dies de 10:30 a 19: 00 h. Es faran demostracions gratu\u00eftes i altres activitats a la zona live! de Creativa: costura creativa, scrap, aquarel\u00b7la, t\u00e8cnica pouring o art fluid, a m\u00e9s de presentacions com la de l&#8217;artista mexicana de brodats Gimena Romero, per primera vegada present a Espanya per presentar el seu llibre &#8220;M\u00e8xic Brodats&#8221; o la de l&#8217;artista t\u00e8xtil portuguesa Anita Catita que presentar\u00e0 en exclusiva el seu nou llibre.<\/p>\n<p><strong>&#8220;Hogar Casasol&#8221;<\/strong>. Aquest espai desenvolupat per la coneguda empresa t\u00e8xtil amb 30 anys d\u2019hist\u00f2ria reunir\u00e0 a m\u00e9s de 30 dissenyadors i dissenyadores de tots els gustos i estils per oferir tallers i demostracions gratu\u00eftes aix\u00ed com tasts de materials nous, tot aix\u00f2 en exclusiva! En aquest espai es trobaran a les noies de Tejiendo Per\u00fa oferint diverses masterclass.<\/p>\n<p>I qui va dir que teixir era cosa de dones? Trencant tots els t\u00f2pics, el grup <strong>BCN Teixidors<\/strong>, format per homes aficionats al <em>Knitting<\/em> i el ganxet, es donaran cita a Creativa Barcelona, promovent una trobada sense precedents en qu\u00e8 tamb\u00e9 participar\u00e0 el reconegut dissenyador Josep Mestres. Aquest \u00faltim oferir\u00e0 tallers de nivell mitj\u00e0-avan\u00e7at durant diversos dies del Sal\u00f3.<\/p>\n<p><strong>&#8220;YoSoyScrapera&#8221;<\/strong>. Una altra empresa que no deixa de sorprendre \u00e9s SDNART, que realitzar\u00e0 tallers i demostracions participatives de <em>scrap<\/em> i <em>homedeco<\/em> amb el televisiu Javi de @yonolotiraria, Cristina Radovan, Marisa Bernal, i des de Pol\u00f2nia Mariuz.<\/p>\n<p><strong>&#8220;Project Patch&#8221;<\/strong>. Aquesta associaci\u00f3 francesa ha creat una obra col\u00b7lectiva que ja suma 1.300 peces procedents de tot el m\u00f3n. Es tracta d&#8217;una gran pe\u00e7a que recorrer\u00e0 tot Europa. Els visitants podien aportar la seva pe\u00e7a pr\u00e8viament, per\u00f2 ara en comen\u00e7ar el sal\u00f3 podran treballar-hi en directe a l&#8217;espai que l&#8217;associaci\u00f3 tindr\u00e0 a Creativa Barcelona.<\/p>\n<p><strong>&#8220;Somnis amb Amelie Prager&#8221;<\/strong>. L&#8217;escenari de Creativa Live! s&#8217;omple de color amb aquesta firma que realitzar\u00e0 tallers-demostracions participatius gratu\u00efts entre els assistents: realitzaci\u00f3 de rosa de sab\u00f3 i la creaci\u00f3 d&#8217;un penjoll amb porcellana.<\/p>\n<p><strong>&#8220;Cayena Blanca&#8221;.<\/strong> Aquesta artista creativa argentina establerta a Barcelona, portar\u00e0 a terme diversos tallers-demostracions participatives experimentals d&#8217;aquarel\u00b7la, ensenyant a crear 3 targetes diferents de felicitaci\u00f3 per acompanyar un regal.<\/p>\n<p><strong>&#8220;Cosetes Conesa&#8221;<\/strong>. La m\u00edtica papereria de la ciutat comtal, prepara demostracions participatives de pinzell a l&#8217;aigua, encunys, cartonatge, transfer\u00e8ncia i molts altres, tallers ininterromputs durant tots els dies de fira.<\/p>\n<p><strong>&#8220;Creativa Cook&#8221;.<\/strong> La innovadora botiga de Barcelona Visual Cakes presenta juntament amb la marca brit\u00e0nica Renshaw, una s\u00e8rie de tallers i demostracions gratu\u00eftes per aprendre a decorar un past\u00eds o crear textures de rebosteria creativa.<\/p>\n<p><strong>CreativAcademy<\/strong>. Creativa completa la seva oferta de tallers amb el programa de CreativAcademy, m\u00e9s de 200 tallers econ\u00f2mics en una sola \u00e0rea: <em>lettering<\/em> o cal\u00b7ligrafia per a decoraci\u00f3, <em>scrap,<\/em> fermalls, arracades i collarets, transfer\u00e8ncies, decoraci\u00f3 de la llar, tenyit shibori, mandales, enquadernaci\u00f3, decoraci\u00f3 floral, pintura decorativa sobre paper i tela, kokedamas, aquarel\u00b7la, macram\u00e9, &#8230;<\/p>\n<h5>Exposicions<\/h5>\n<p>El visitant podr\u00e0 aportar la seva creativitat en l&#8217;obra col\u00b7lectiva de l&#8217;Associaci\u00f3 Francesa Project Patch que ha reunit ja 1.300 peces procedents de tot el m\u00f3n en una obra que recorrer\u00e0 tot Europa i que estar\u00e0 present a Creativa Barcelona.<\/p>\n<p>Hi haur\u00e0 exposicions de Macram\u00e9 amb Buyi Macram\u00e9, de pintura de seda amb Ikatten, una mostra d&#8217;arbres de feltre amb Twing Sitting i fins a una exposici\u00f3 que participar\u00e0 per al record guiness.<\/p>\n<p>I a tot aix\u00f2 se suma l&#8217;oferta de 160 expositors procedents de tots els racons d&#8217;Espanya: tallers, demostracions i materials per a totes les edats, gustos i nivells.<\/p>\n<p>M\u00e9s informaci\u00f3: <strong><a href=\"http:\/\/www.saloncreativa.es\/creativa-barcelona\/\" target=\"_blank\" rel=\"noopener\">www.saloncreativa.es\/creativa-barcelona\/<\/a><\/strong><\/p>\n","protected":false},"excerpt":{"rendered":"<p>La Farga de L\u2019Hospitalet torna a estar a punt acollir un dels seus salons m\u00e9s importants de l\u2019any: Creativa Barcelona, el sal\u00f3 de les manualitats, labors i belles arts. <\/p>\n","protected":false},"author":1,"featured_media":6128,"comment_status":"closed","ping_status":"closed","sticky":false,"template":"","format":"standard","meta":{"_monsterinsights_skip_tracking":false,"_monsterinsights_sitenote_active":false,"_monsterinsights_sitenote_note":"","_monsterinsights_sitenote_category":0,"footnotes":""},"categories":[83],"tags":[],"class_list":["post-6127","post","type-post","status-publish","format-standard","has-post-thumbnail","hentry","category-noticies"],"yoast_head":"<!-- This site is optimized with the Yoast SEO plugin v27.5 - https:\/\/yoast.com\/product\/yoast-seo-wordpress\/ -->\n<title>Creativa omple La Farga d&#039;Amazones - La Farga L&#039;Hospitalet Centre d&#039;Activitats. La Farga GEM, S.A.<\/title>\n<meta name=\"description\" content=\"La Farga Centre d&#039;Activitats torna a estar a punt acollir un dels seus salons m\u00e9s importants de l\u2019any: Creativa Barcelona.\" \/>\n<meta name=\"robots\" content=\"index, follow, max-snippet:-1, max-image-preview:large, max-video-preview:-1\" \/>\n<link rel=\"canonical\" href=\"https:\/\/www.lafargalhospitalet.com\/ca\/creativa-omple-farga-amazones\/\" \/>\n<meta property=\"og:locale\" content=\"ca_ES\" \/>\n<meta property=\"og:type\" content=\"article\" \/>\n<meta property=\"og:title\" content=\"Creativa omple La Farga d&#039;Amazones - La Farga L&#039;Hospitalet Centre d&#039;Activitats. La Farga GEM, S.A.\" \/>\n<meta property=\"og:description\" content=\"La Farga Centre d&#039;Activitats torna a estar a punt acollir un dels seus salons m\u00e9s importants de l\u2019any: Creativa Barcelona.\" \/>\n<meta property=\"og:url\" content=\"https:\/\/www.lafargalhospitalet.com\/ca\/creativa-omple-farga-amazones\/\" \/>\n<meta property=\"og:site_name\" content=\"La Farga L&#039;Hospitalet Centre d&#039;Activitats. La Farga GEM, S.A.\" \/>\n<meta property=\"article:publisher\" content=\"https:\/\/www.facebook.com\/fargahospitalet\/\" \/>\n<meta property=\"article:published_time\" content=\"2018-11-07T13:52:12+00:00\" \/>\n<meta property=\"article:modified_time\" content=\"2025-11-03T17:28:22+00:00\" \/>\n<meta property=\"og:image\" content=\"https:\/\/www.lafargalhospitalet.com\/wp-content\/uploads\/2018\/11\/creativa-farga.jpg\" \/>\n\t<meta property=\"og:image:width\" content=\"730\" \/>\n\t<meta property=\"og:image:height\" content=\"410\" \/>\n\t<meta property=\"og:image:type\" content=\"image\/jpeg\" \/>\n<meta name=\"author\" content=\"La Farga Centre d&#039;Activitats\" \/>\n<meta name=\"twitter:card\" content=\"summary_large_image\" \/>\n<meta name=\"twitter:creator\" content=\"@fargahospitalet\" \/>\n<meta name=\"twitter:site\" content=\"@fargahospitalet\" \/>\n<meta name=\"twitter:label1\" content=\"Escrit per\" \/>\n\t<meta name=\"twitter:data1\" content=\"La Farga Centre d&#039;Activitats\" \/>\n\t<meta name=\"twitter:label2\" content=\"Temps estimat de lectura\" \/>\n\t<meta name=\"twitter:data2\" content=\"5 minuts\" \/>\n<script type=\"application\/ld+json\" class=\"yoast-schema-graph\">{\"@context\":\"https:\\\/\\\/schema.org\",\"@graph\":[{\"@type\":\"Article\",\"@id\":\"https:\\\/\\\/www.lafargalhospitalet.com\\\/ca\\\/creativa-omple-farga-amazones\\\/#article\",\"isPartOf\":{\"@id\":\"https:\\\/\\\/www.lafargalhospitalet.com\\\/ca\\\/creativa-omple-farga-amazones\\\/\"},\"author\":{\"name\":\"La Farga Centre d'Activitats\",\"@id\":\"https:\\\/\\\/www.lafargalhospitalet.com\\\/#\\\/schema\\\/person\\\/6cbac0ef7748506b167ff859e1c7f378\"},\"headline\":\"Creativa omple La Farga d&#8217;Amazones\",\"datePublished\":\"2018-11-07T13:52:12+00:00\",\"dateModified\":\"2025-11-03T17:28:22+00:00\",\"mainEntityOfPage\":{\"@id\":\"https:\\\/\\\/www.lafargalhospitalet.com\\\/ca\\\/creativa-omple-farga-amazones\\\/\"},\"wordCount\":935,\"publisher\":{\"@id\":\"https:\\\/\\\/www.lafargalhospitalet.com\\\/#organization\"},\"image\":{\"@id\":\"https:\\\/\\\/www.lafargalhospitalet.com\\\/ca\\\/creativa-omple-farga-amazones\\\/#primaryimage\"},\"thumbnailUrl\":\"https:\\\/\\\/www.lafargalhospitalet.com\\\/wp-content\\\/uploads\\\/2018\\\/11\\\/creativa-farga.jpg\",\"articleSection\":[\"Noticies\"],\"inLanguage\":\"ca\"},{\"@type\":\"WebPage\",\"@id\":\"https:\\\/\\\/www.lafargalhospitalet.com\\\/ca\\\/creativa-omple-farga-amazones\\\/\",\"url\":\"https:\\\/\\\/www.lafargalhospitalet.com\\\/ca\\\/creativa-omple-farga-amazones\\\/\",\"name\":\"Creativa omple La Farga d'Amazones - La Farga L&#039;Hospitalet Centre d&#039;Activitats. La Farga GEM, S.A.\",\"isPartOf\":{\"@id\":\"https:\\\/\\\/www.lafargalhospitalet.com\\\/#website\"},\"primaryImageOfPage\":{\"@id\":\"https:\\\/\\\/www.lafargalhospitalet.com\\\/ca\\\/creativa-omple-farga-amazones\\\/#primaryimage\"},\"image\":{\"@id\":\"https:\\\/\\\/www.lafargalhospitalet.com\\\/ca\\\/creativa-omple-farga-amazones\\\/#primaryimage\"},\"thumbnailUrl\":\"https:\\\/\\\/www.lafargalhospitalet.com\\\/wp-content\\\/uploads\\\/2018\\\/11\\\/creativa-farga.jpg\",\"datePublished\":\"2018-11-07T13:52:12+00:00\",\"dateModified\":\"2025-11-03T17:28:22+00:00\",\"description\":\"La Farga Centre d'Activitats torna a estar a punt acollir un dels seus salons m\u00e9s importants de l\u2019any: Creativa Barcelona.\",\"breadcrumb\":{\"@id\":\"https:\\\/\\\/www.lafargalhospitalet.com\\\/ca\\\/creativa-omple-farga-amazones\\\/#breadcrumb\"},\"inLanguage\":\"ca\",\"potentialAction\":[{\"@type\":\"ReadAction\",\"target\":[\"https:\\\/\\\/www.lafargalhospitalet.com\\\/ca\\\/creativa-omple-farga-amazones\\\/\"]}]},{\"@type\":\"ImageObject\",\"inLanguage\":\"ca\",\"@id\":\"https:\\\/\\\/www.lafargalhospitalet.com\\\/ca\\\/creativa-omple-farga-amazones\\\/#primaryimage\",\"url\":\"https:\\\/\\\/www.lafargalhospitalet.com\\\/wp-content\\\/uploads\\\/2018\\\/11\\\/creativa-farga.jpg\",\"contentUrl\":\"https:\\\/\\\/www.lafargalhospitalet.com\\\/wp-content\\\/uploads\\\/2018\\\/11\\\/creativa-farga.jpg\",\"width\":730,\"height\":410,\"caption\":\"Farga Creativa\"},{\"@type\":\"BreadcrumbList\",\"@id\":\"https:\\\/\\\/www.lafargalhospitalet.com\\\/ca\\\/creativa-omple-farga-amazones\\\/#breadcrumb\",\"itemListElement\":[{\"@type\":\"ListItem\",\"position\":1,\"name\":\"Portada\",\"item\":\"https:\\\/\\\/www.lafargalhospitalet.com\\\/\"},{\"@type\":\"ListItem\",\"position\":2,\"name\":\"Creativa omple La Farga d&#8217;Amazones\"}]},{\"@type\":\"WebSite\",\"@id\":\"https:\\\/\\\/www.lafargalhospitalet.com\\\/#website\",\"url\":\"https:\\\/\\\/www.lafargalhospitalet.com\\\/\",\"name\":\"La Farga L'Hospitalet Centre d'Activitats. La Farga GEM, S.A.\",\"description\":\"La Farga L&#039;Hospitalet Centre d&#039;Activitats. Gestionat per La Farga GEM, S.A. Fires i Congressos. Concerts, exposicions, reunions, filmacions, sopars de gala.\",\"publisher\":{\"@id\":\"https:\\\/\\\/www.lafargalhospitalet.com\\\/#organization\"},\"potentialAction\":[{\"@type\":\"SearchAction\",\"target\":{\"@type\":\"EntryPoint\",\"urlTemplate\":\"https:\\\/\\\/www.lafargalhospitalet.com\\\/?s={search_term_string}\"},\"query-input\":{\"@type\":\"PropertyValueSpecification\",\"valueRequired\":true,\"valueName\":\"search_term_string\"}}],\"inLanguage\":\"ca\"},{\"@type\":\"Organization\",\"@id\":\"https:\\\/\\\/www.lafargalhospitalet.com\\\/#organization\",\"name\":\"La Farga L'Hospitalet Centre d'Activitats. La Farga GEM, S.A.\",\"url\":\"https:\\\/\\\/www.lafargalhospitalet.com\\\/\",\"logo\":{\"@type\":\"ImageObject\",\"inLanguage\":\"ca\",\"@id\":\"https:\\\/\\\/www.lafargalhospitalet.com\\\/#\\\/schema\\\/logo\\\/image\\\/\",\"url\":\"https:\\\/\\\/www.lafargalhospitalet.com\\\/wp-content\\\/uploads\\\/2025\\\/10\\\/logotipo_lafarga_centre_activitats.png\",\"contentUrl\":\"https:\\\/\\\/www.lafargalhospitalet.com\\\/wp-content\\\/uploads\\\/2025\\\/10\\\/logotipo_lafarga_centre_activitats.png\",\"width\":266,\"height\":101,\"caption\":\"La Farga L'Hospitalet Centre d'Activitats. La Farga GEM, S.A.\"},\"image\":{\"@id\":\"https:\\\/\\\/www.lafargalhospitalet.com\\\/#\\\/schema\\\/logo\\\/image\\\/\"},\"sameAs\":[\"https:\\\/\\\/www.facebook.com\\\/fargahospitalet\\\/\",\"https:\\\/\\\/x.com\\\/fargahospitalet\",\"https:\\\/\\\/www.instagram.com\\\/lafargahospitalet\\\/\",\"https:\\\/\\\/www.youtube.com\\\/channel\\\/UCoLt6hen3PqGXgbLMGI3Qdw\",\"https:\\\/\\\/www.flickr.com\\\/photos\\\/lafargagemsa\\\/albums\"]},{\"@type\":\"Person\",\"@id\":\"https:\\\/\\\/www.lafargalhospitalet.com\\\/#\\\/schema\\\/person\\\/6cbac0ef7748506b167ff859e1c7f378\",\"name\":\"La Farga Centre d'Activitats\",\"sameAs\":[\"https:\\\/\\\/www.lafargalhospitalet.com\"],\"url\":\"https:\\\/\\\/www.lafargalhospitalet.com\\\/ca\\\/author\\\/far25gmin\\\/\"}]}<\/script>\n<!-- \/ Yoast SEO plugin. -->","yoast_head_json":{"title":"Creativa omple La Farga d'Amazones - La Farga L&#039;Hospitalet Centre d&#039;Activitats. La Farga GEM, S.A.","description":"La Farga Centre d'Activitats torna a estar a punt acollir un dels seus salons m\u00e9s importants de l\u2019any: Creativa Barcelona.","robots":{"index":"index","follow":"follow","max-snippet":"max-snippet:-1","max-image-preview":"max-image-preview:large","max-video-preview":"max-video-preview:-1"},"canonical":"https:\/\/www.lafargalhospitalet.com\/ca\/creativa-omple-farga-amazones\/","og_locale":"ca_ES","og_type":"article","og_title":"Creativa omple La Farga d'Amazones - La Farga L&#039;Hospitalet Centre d&#039;Activitats. La Farga GEM, S.A.","og_description":"La Farga Centre d'Activitats torna a estar a punt acollir un dels seus salons m\u00e9s importants de l\u2019any: Creativa Barcelona.","og_url":"https:\/\/www.lafargalhospitalet.com\/ca\/creativa-omple-farga-amazones\/","og_site_name":"La Farga L&#039;Hospitalet Centre d&#039;Activitats. La Farga GEM, S.A.","article_publisher":"https:\/\/www.facebook.com\/fargahospitalet\/","article_published_time":"2018-11-07T13:52:12+00:00","article_modified_time":"2025-11-03T17:28:22+00:00","og_image":[{"width":730,"height":410,"url":"https:\/\/www.lafargalhospitalet.com\/wp-content\/uploads\/2018\/11\/creativa-farga.jpg","type":"image\/jpeg"}],"author":"La Farga Centre d'Activitats","twitter_card":"summary_large_image","twitter_creator":"@fargahospitalet","twitter_site":"@fargahospitalet","twitter_misc":{"Escrit per":"La Farga Centre d'Activitats","Temps estimat de lectura":"5 minuts"},"schema":{"@context":"https:\/\/schema.org","@graph":[{"@type":"Article","@id":"https:\/\/www.lafargalhospitalet.com\/ca\/creativa-omple-farga-amazones\/#article","isPartOf":{"@id":"https:\/\/www.lafargalhospitalet.com\/ca\/creativa-omple-farga-amazones\/"},"author":{"name":"La Farga Centre d'Activitats","@id":"https:\/\/www.lafargalhospitalet.com\/#\/schema\/person\/6cbac0ef7748506b167ff859e1c7f378"},"headline":"Creativa omple La Farga d&#8217;Amazones","datePublished":"2018-11-07T13:52:12+00:00","dateModified":"2025-11-03T17:28:22+00:00","mainEntityOfPage":{"@id":"https:\/\/www.lafargalhospitalet.com\/ca\/creativa-omple-farga-amazones\/"},"wordCount":935,"publisher":{"@id":"https:\/\/www.lafargalhospitalet.com\/#organization"},"image":{"@id":"https:\/\/www.lafargalhospitalet.com\/ca\/creativa-omple-farga-amazones\/#primaryimage"},"thumbnailUrl":"https:\/\/www.lafargalhospitalet.com\/wp-content\/uploads\/2018\/11\/creativa-farga.jpg","articleSection":["Noticies"],"inLanguage":"ca"},{"@type":"WebPage","@id":"https:\/\/www.lafargalhospitalet.com\/ca\/creativa-omple-farga-amazones\/","url":"https:\/\/www.lafargalhospitalet.com\/ca\/creativa-omple-farga-amazones\/","name":"Creativa omple La Farga d'Amazones - La Farga L&#039;Hospitalet Centre d&#039;Activitats. La Farga GEM, S.A.","isPartOf":{"@id":"https:\/\/www.lafargalhospitalet.com\/#website"},"primaryImageOfPage":{"@id":"https:\/\/www.lafargalhospitalet.com\/ca\/creativa-omple-farga-amazones\/#primaryimage"},"image":{"@id":"https:\/\/www.lafargalhospitalet.com\/ca\/creativa-omple-farga-amazones\/#primaryimage"},"thumbnailUrl":"https:\/\/www.lafargalhospitalet.com\/wp-content\/uploads\/2018\/11\/creativa-farga.jpg","datePublished":"2018-11-07T13:52:12+00:00","dateModified":"2025-11-03T17:28:22+00:00","description":"La Farga Centre d'Activitats torna a estar a punt acollir un dels seus salons m\u00e9s importants de l\u2019any: Creativa Barcelona.","breadcrumb":{"@id":"https:\/\/www.lafargalhospitalet.com\/ca\/creativa-omple-farga-amazones\/#breadcrumb"},"inLanguage":"ca","potentialAction":[{"@type":"ReadAction","target":["https:\/\/www.lafargalhospitalet.com\/ca\/creativa-omple-farga-amazones\/"]}]},{"@type":"ImageObject","inLanguage":"ca","@id":"https:\/\/www.lafargalhospitalet.com\/ca\/creativa-omple-farga-amazones\/#primaryimage","url":"https:\/\/www.lafargalhospitalet.com\/wp-content\/uploads\/2018\/11\/creativa-farga.jpg","contentUrl":"https:\/\/www.lafargalhospitalet.com\/wp-content\/uploads\/2018\/11\/creativa-farga.jpg","width":730,"height":410,"caption":"Farga Creativa"},{"@type":"BreadcrumbList","@id":"https:\/\/www.lafargalhospitalet.com\/ca\/creativa-omple-farga-amazones\/#breadcrumb","itemListElement":[{"@type":"ListItem","position":1,"name":"Portada","item":"https:\/\/www.lafargalhospitalet.com\/"},{"@type":"ListItem","position":2,"name":"Creativa omple La Farga d&#8217;Amazones"}]},{"@type":"WebSite","@id":"https:\/\/www.lafargalhospitalet.com\/#website","url":"https:\/\/www.lafargalhospitalet.com\/","name":"La Farga L'Hospitalet Centre d'Activitats. La Farga GEM, S.A.","description":"La Farga L&#039;Hospitalet Centre d&#039;Activitats. Gestionat per La Farga GEM, S.A. Fires i Congressos. Concerts, exposicions, reunions, filmacions, sopars de gala.","publisher":{"@id":"https:\/\/www.lafargalhospitalet.com\/#organization"},"potentialAction":[{"@type":"SearchAction","target":{"@type":"EntryPoint","urlTemplate":"https:\/\/www.lafargalhospitalet.com\/?s={search_term_string}"},"query-input":{"@type":"PropertyValueSpecification","valueRequired":true,"valueName":"search_term_string"}}],"inLanguage":"ca"},{"@type":"Organization","@id":"https:\/\/www.lafargalhospitalet.com\/#organization","name":"La Farga L'Hospitalet Centre d'Activitats. La Farga GEM, S.A.","url":"https:\/\/www.lafargalhospitalet.com\/","logo":{"@type":"ImageObject","inLanguage":"ca","@id":"https:\/\/www.lafargalhospitalet.com\/#\/schema\/logo\/image\/","url":"https:\/\/www.lafargalhospitalet.com\/wp-content\/uploads\/2025\/10\/logotipo_lafarga_centre_activitats.png","contentUrl":"https:\/\/www.lafargalhospitalet.com\/wp-content\/uploads\/2025\/10\/logotipo_lafarga_centre_activitats.png","width":266,"height":101,"caption":"La Farga L'Hospitalet Centre d'Activitats. La Farga GEM, S.A."},"image":{"@id":"https:\/\/www.lafargalhospitalet.com\/#\/schema\/logo\/image\/"},"sameAs":["https:\/\/www.facebook.com\/fargahospitalet\/","https:\/\/x.com\/fargahospitalet","https:\/\/www.instagram.com\/lafargahospitalet\/","https:\/\/www.youtube.com\/channel\/UCoLt6hen3PqGXgbLMGI3Qdw","https:\/\/www.flickr.com\/photos\/lafargagemsa\/albums"]},{"@type":"Person","@id":"https:\/\/www.lafargalhospitalet.com\/#\/schema\/person\/6cbac0ef7748506b167ff859e1c7f378","name":"La Farga Centre d'Activitats","sameAs":["https:\/\/www.lafargalhospitalet.com"],"url":"https:\/\/www.lafargalhospitalet.com\/ca\/author\/far25gmin\/"}]}},"_links":{"self":[{"href":"https:\/\/www.lafargalhospitalet.com\/ca\/wp-json\/wp\/v2\/posts\/6127","targetHints":{"allow":["GET"]}}],"collection":[{"href":"https:\/\/www.lafargalhospitalet.com\/ca\/wp-json\/wp\/v2\/posts"}],"about":[{"href":"https:\/\/www.lafargalhospitalet.com\/ca\/wp-json\/wp\/v2\/types\/post"}],"author":[{"embeddable":true,"href":"https:\/\/www.lafargalhospitalet.com\/ca\/wp-json\/wp\/v2\/users\/1"}],"replies":[{"embeddable":true,"href":"https:\/\/www.lafargalhospitalet.com\/ca\/wp-json\/wp\/v2\/comments?post=6127"}],"version-history":[{"count":0,"href":"https:\/\/www.lafargalhospitalet.com\/ca\/wp-json\/wp\/v2\/posts\/6127\/revisions"}],"wp:featuredmedia":[{"embeddable":true,"href":"https:\/\/www.lafargalhospitalet.com\/ca\/wp-json\/wp\/v2\/media\/6128"}],"wp:attachment":[{"href":"https:\/\/www.lafargalhospitalet.com\/ca\/wp-json\/wp\/v2\/media?parent=6127"}],"wp:term":[{"taxonomy":"category","embeddable":true,"href":"https:\/\/www.lafargalhospitalet.com\/ca\/wp-json\/wp\/v2\/categories?post=6127"},{"taxonomy":"post_tag","embeddable":true,"href":"https:\/\/www.lafargalhospitalet.com\/ca\/wp-json\/wp\/v2\/tags?post=6127"}],"curies":[{"name":"wp","href":"https:\/\/api.w.org\/{rel}","templated":true}]}}