{"id":6153,"date":"2018-11-19T13:30:20","date_gmt":"2018-11-19T12:30:20","guid":{"rendered":"http:\/\/www.lafargalhospitalet.com\/?p=6153"},"modified":"2025-11-03T18:28:22","modified_gmt":"2025-11-03T17:28:22","slug":"congres-tercer-sector-social-catalunya","status":"publish","type":"post","link":"https:\/\/www.lafargalhospitalet.com\/ca\/congres-tercer-sector-social-catalunya\/","title":{"rendered":"A punt el 6\u00e8 Congr\u00e9s del Tercer Sector Social de Catalunya"},"content":{"rendered":"<h5>En diferents espais de La Farga<\/h5>\n<p>La Farga Centre d\u2019Activitats i La Farga Congress acullen <a href=\"https:\/\/www.lafargalhospitalet.com\/agenda-cat\/\" target=\"_blank\" rel=\"noopener\"><strong>aquesta setmana<\/strong><\/a> el 6\u00e8 Congr\u00e9s del Tercer Sector Social de Catalunya \u2018Desigualtats socials, solucions locals\u2019, l\u2019espai de trobada i reflexi\u00f3 de les entitats socials que, enguany, aprofundeix en les relacions entre les Administracions locals i el sector social.<\/p>\n<p>El congr\u00e9s se celebra els dies 20, 21 i 22 de novembre al Disseny Hub Barcelona (nom\u00e9s la inauguraci\u00f3 institucional) i a La Farga (confer\u00e8ncia inaugural, debats i col\u00b7loquis, espai m4social, Social Speakers\u2019 Corner i mostra d\u2019entitats).<\/p>\n<p>El congr\u00e9s comen\u00e7ar\u00e0 l\u2019endem\u00e0 de la inauguraci\u00f3 institucional, dimecres 21 de novembre, amb la confer\u00e8ncia inaugural a les 9:30h. \u2018On som?\u2019 \u00e9s el t\u00edtol d\u2019aquesta confer\u00e8ncia de Lorena Z\u00e1rate, presidenta de l\u2019Habitat International Coalition, moderada per la periodista Milagros P\u00e9rez Oliva. Z\u00e1rate parlar\u00e0 sobre el \u2018dret a la ciutat\u2019 i el paper de la ciutat com a actor clau en la generaci\u00f3 de pol\u00edtiques de desenvolupament social i la implicaci\u00f3 que han de jugar els governs locals i les entitats socials.<\/p>\n<p>A banda dels debats i col\u00b7loquis, durant els 2 dies del congr\u00e9s tamb\u00e9 es podran con\u00e8ixer les 84 experi\u00e8ncies m\u00e9s innovadores en l\u2019atenci\u00f3 a les persones; gesti\u00f3 i organitzaci\u00f3 de les entitats; educaci\u00f3, formaci\u00f3 i inserci\u00f3 laboral; treball en xarxa i serveis a la comunitat, atenci\u00f3 comunit\u00e0ria centrada en la persona, innovaci\u00f3 tecnol\u00f2gica, etc\u00e8tera al Social Speakers\u2019 Corner; descobrir l\u2019espai d\u2019innovaci\u00f3 digital de m4social amb confer\u00e8ncies i un showroom amb apps, rob\u00f2tica, realitat virtual i impressi\u00f3 3D i circuits aplicats en l\u2019\u00e0mbit social i con\u00e8ixer els projectes dels m\u00e9s de 30 expositors de la Mostra d\u2019Entitats.<\/p>\n<p><a href=\"https:\/\/www.congrestercersector.cat\/resum-programa\" target=\"_blank\" rel=\"noopener\"><strong>Programa 6\u00e8 Congres del Tercer Sector Social de Catalunya.<\/strong><\/a><\/p>\n","protected":false},"excerpt":{"rendered":"<p>La Farga de L&#8217;Hospitalet acull aquesta setmana el 6\u00e8 Congr\u00e9s del Tercer Sector Social de Catalunya \u2018Desigualtats socials, solucions locals\u2019.<\/p>\n","protected":false},"author":1,"featured_media":6154,"comment_status":"closed","ping_status":"closed","sticky":false,"template":"","format":"standard","meta":{"_monsterinsights_skip_tracking":false,"_monsterinsights_sitenote_active":false,"_monsterinsights_sitenote_note":"","_monsterinsights_sitenote_category":0,"footnotes":""},"categories":[83],"tags":[],"class_list":["post-6153","post","type-post","status-publish","format-standard","has-post-thumbnail","hentry","category-noticies"],"yoast_head":"<!-- This site is optimized with the Yoast SEO plugin v27.5 - https:\/\/yoast.com\/product\/yoast-seo-wordpress\/ -->\n<title>A punt el 6\u00e8 Congr\u00e9s del Tercer Sector Social de Catalunya - La Farga L&#039;Hospitalet Centre d&#039;Activitats. La Farga GEM, S.A.<\/title>\n<meta name=\"description\" content=\"La Farga de L&#039;Hospitalet acullen aquesta setmana el 6\u00e8 Congr\u00e9s del Tercer Sector Social de Catalunya \u2018Desigualtats socials, solucions locals\u2019.\" \/>\n<meta name=\"robots\" content=\"index, follow, max-snippet:-1, max-image-preview:large, max-video-preview:-1\" \/>\n<link rel=\"canonical\" href=\"https:\/\/www.lafargalhospitalet.com\/ca\/congres-tercer-sector-social-catalunya\/\" \/>\n<meta property=\"og:locale\" content=\"ca_ES\" \/>\n<meta property=\"og:type\" content=\"article\" \/>\n<meta property=\"og:title\" content=\"A punt el 6\u00e8 Congr\u00e9s del Tercer Sector Social de Catalunya - La Farga L&#039;Hospitalet Centre d&#039;Activitats. La Farga GEM, S.A.\" \/>\n<meta property=\"og:description\" content=\"La Farga de L&#039;Hospitalet acullen aquesta setmana el 6\u00e8 Congr\u00e9s del Tercer Sector Social de Catalunya \u2018Desigualtats socials, solucions locals\u2019.\" \/>\n<meta property=\"og:url\" content=\"https:\/\/www.lafargalhospitalet.com\/ca\/congres-tercer-sector-social-catalunya\/\" \/>\n<meta property=\"og:site_name\" content=\"La Farga L&#039;Hospitalet Centre d&#039;Activitats. La Farga GEM, S.A.\" \/>\n<meta property=\"article:publisher\" content=\"https:\/\/www.facebook.com\/fargahospitalet\/\" \/>\n<meta property=\"article:published_time\" content=\"2018-11-19T12:30:20+00:00\" \/>\n<meta property=\"article:modified_time\" content=\"2025-11-03T17:28:22+00:00\" \/>\n<meta property=\"og:image\" content=\"https:\/\/www.lafargalhospitalet.com\/wp-content\/uploads\/2018\/11\/Taula-Tercer-Sector-Farga.jpg\" \/>\n\t<meta property=\"og:image:width\" content=\"730\" \/>\n\t<meta property=\"og:image:height\" content=\"410\" \/>\n\t<meta property=\"og:image:type\" content=\"image\/jpeg\" \/>\n<meta name=\"author\" content=\"La Farga Centre d&#039;Activitats\" \/>\n<meta name=\"twitter:card\" content=\"summary_large_image\" \/>\n<meta name=\"twitter:creator\" content=\"@fargahospitalet\" \/>\n<meta name=\"twitter:site\" content=\"@fargahospitalet\" \/>\n<meta name=\"twitter:label1\" content=\"Escrit per\" \/>\n\t<meta name=\"twitter:data1\" content=\"La Farga Centre d&#039;Activitats\" \/>\n\t<meta name=\"twitter:label2\" content=\"Temps estimat de lectura\" \/>\n\t<meta name=\"twitter:data2\" content=\"2 minuts\" \/>\n<script type=\"application\/ld+json\" class=\"yoast-schema-graph\">{\"@context\":\"https:\\\/\\\/schema.org\",\"@graph\":[{\"@type\":\"Article\",\"@id\":\"https:\\\/\\\/www.lafargalhospitalet.com\\\/ca\\\/congres-tercer-sector-social-catalunya\\\/#article\",\"isPartOf\":{\"@id\":\"https:\\\/\\\/www.lafargalhospitalet.com\\\/ca\\\/congres-tercer-sector-social-catalunya\\\/\"},\"author\":{\"name\":\"La Farga Centre d'Activitats\",\"@id\":\"https:\\\/\\\/www.lafargalhospitalet.com\\\/#\\\/schema\\\/person\\\/6cbac0ef7748506b167ff859e1c7f378\"},\"headline\":\"A punt el 6\u00e8 Congr\u00e9s del Tercer Sector Social de Catalunya\",\"datePublished\":\"2018-11-19T12:30:20+00:00\",\"dateModified\":\"2025-11-03T17:28:22+00:00\",\"mainEntityOfPage\":{\"@id\":\"https:\\\/\\\/www.lafargalhospitalet.com\\\/ca\\\/congres-tercer-sector-social-catalunya\\\/\"},\"wordCount\":317,\"publisher\":{\"@id\":\"https:\\\/\\\/www.lafargalhospitalet.com\\\/#organization\"},\"image\":{\"@id\":\"https:\\\/\\\/www.lafargalhospitalet.com\\\/ca\\\/congres-tercer-sector-social-catalunya\\\/#primaryimage\"},\"thumbnailUrl\":\"https:\\\/\\\/www.lafargalhospitalet.com\\\/wp-content\\\/uploads\\\/2018\\\/11\\\/Taula-Tercer-Sector-Farga.jpg\",\"articleSection\":[\"Noticies\"],\"inLanguage\":\"ca\"},{\"@type\":\"WebPage\",\"@id\":\"https:\\\/\\\/www.lafargalhospitalet.com\\\/ca\\\/congres-tercer-sector-social-catalunya\\\/\",\"url\":\"https:\\\/\\\/www.lafargalhospitalet.com\\\/ca\\\/congres-tercer-sector-social-catalunya\\\/\",\"name\":\"A punt el 6\u00e8 Congr\u00e9s del Tercer Sector Social de Catalunya - La Farga L&#039;Hospitalet Centre d&#039;Activitats. La Farga GEM, S.A.\",\"isPartOf\":{\"@id\":\"https:\\\/\\\/www.lafargalhospitalet.com\\\/#website\"},\"primaryImageOfPage\":{\"@id\":\"https:\\\/\\\/www.lafargalhospitalet.com\\\/ca\\\/congres-tercer-sector-social-catalunya\\\/#primaryimage\"},\"image\":{\"@id\":\"https:\\\/\\\/www.lafargalhospitalet.com\\\/ca\\\/congres-tercer-sector-social-catalunya\\\/#primaryimage\"},\"thumbnailUrl\":\"https:\\\/\\\/www.lafargalhospitalet.com\\\/wp-content\\\/uploads\\\/2018\\\/11\\\/Taula-Tercer-Sector-Farga.jpg\",\"datePublished\":\"2018-11-19T12:30:20+00:00\",\"dateModified\":\"2025-11-03T17:28:22+00:00\",\"description\":\"La Farga de L'Hospitalet acullen aquesta setmana el 6\u00e8 Congr\u00e9s del Tercer Sector Social de Catalunya \u2018Desigualtats socials, solucions locals\u2019.\",\"breadcrumb\":{\"@id\":\"https:\\\/\\\/www.lafargalhospitalet.com\\\/ca\\\/congres-tercer-sector-social-catalunya\\\/#breadcrumb\"},\"inLanguage\":\"ca\",\"potentialAction\":[{\"@type\":\"ReadAction\",\"target\":[\"https:\\\/\\\/www.lafargalhospitalet.com\\\/ca\\\/congres-tercer-sector-social-catalunya\\\/\"]}]},{\"@type\":\"ImageObject\",\"inLanguage\":\"ca\",\"@id\":\"https:\\\/\\\/www.lafargalhospitalet.com\\\/ca\\\/congres-tercer-sector-social-catalunya\\\/#primaryimage\",\"url\":\"https:\\\/\\\/www.lafargalhospitalet.com\\\/wp-content\\\/uploads\\\/2018\\\/11\\\/Taula-Tercer-Sector-Farga.jpg\",\"contentUrl\":\"https:\\\/\\\/www.lafargalhospitalet.com\\\/wp-content\\\/uploads\\\/2018\\\/11\\\/Taula-Tercer-Sector-Farga.jpg\",\"width\":730,\"height\":410,\"caption\":\"Taula Sector Farga\"},{\"@type\":\"BreadcrumbList\",\"@id\":\"https:\\\/\\\/www.lafargalhospitalet.com\\\/ca\\\/congres-tercer-sector-social-catalunya\\\/#breadcrumb\",\"itemListElement\":[{\"@type\":\"ListItem\",\"position\":1,\"name\":\"Portada\",\"item\":\"https:\\\/\\\/www.lafargalhospitalet.com\\\/\"},{\"@type\":\"ListItem\",\"position\":2,\"name\":\"A punt el 6\u00e8 Congr\u00e9s del Tercer Sector Social de Catalunya\"}]},{\"@type\":\"WebSite\",\"@id\":\"https:\\\/\\\/www.lafargalhospitalet.com\\\/#website\",\"url\":\"https:\\\/\\\/www.lafargalhospitalet.com\\\/\",\"name\":\"La Farga L'Hospitalet Centre d'Activitats. La Farga GEM, S.A.\",\"description\":\"La Farga L&#039;Hospitalet Centre d&#039;Activitats. Gestionat per La Farga GEM, S.A. Fires i Congressos. Concerts, exposicions, reunions, filmacions, sopars de gala.\",\"publisher\":{\"@id\":\"https:\\\/\\\/www.lafargalhospitalet.com\\\/#organization\"},\"potentialAction\":[{\"@type\":\"SearchAction\",\"target\":{\"@type\":\"EntryPoint\",\"urlTemplate\":\"https:\\\/\\\/www.lafargalhospitalet.com\\\/?s={search_term_string}\"},\"query-input\":{\"@type\":\"PropertyValueSpecification\",\"valueRequired\":true,\"valueName\":\"search_term_string\"}}],\"inLanguage\":\"ca\"},{\"@type\":\"Organization\",\"@id\":\"https:\\\/\\\/www.lafargalhospitalet.com\\\/#organization\",\"name\":\"La Farga L'Hospitalet Centre d'Activitats. La Farga GEM, S.A.\",\"url\":\"https:\\\/\\\/www.lafargalhospitalet.com\\\/\",\"logo\":{\"@type\":\"ImageObject\",\"inLanguage\":\"ca\",\"@id\":\"https:\\\/\\\/www.lafargalhospitalet.com\\\/#\\\/schema\\\/logo\\\/image\\\/\",\"url\":\"https:\\\/\\\/www.lafargalhospitalet.com\\\/wp-content\\\/uploads\\\/2025\\\/10\\\/logotipo_lafarga_centre_activitats.png\",\"contentUrl\":\"https:\\\/\\\/www.lafargalhospitalet.com\\\/wp-content\\\/uploads\\\/2025\\\/10\\\/logotipo_lafarga_centre_activitats.png\",\"width\":266,\"height\":101,\"caption\":\"La Farga L'Hospitalet Centre d'Activitats. La Farga GEM, S.A.\"},\"image\":{\"@id\":\"https:\\\/\\\/www.lafargalhospitalet.com\\\/#\\\/schema\\\/logo\\\/image\\\/\"},\"sameAs\":[\"https:\\\/\\\/www.facebook.com\\\/fargahospitalet\\\/\",\"https:\\\/\\\/x.com\\\/fargahospitalet\",\"https:\\\/\\\/www.instagram.com\\\/lafargahospitalet\\\/\",\"https:\\\/\\\/www.youtube.com\\\/channel\\\/UCoLt6hen3PqGXgbLMGI3Qdw\",\"https:\\\/\\\/www.flickr.com\\\/photos\\\/lafargagemsa\\\/albums\"]},{\"@type\":\"Person\",\"@id\":\"https:\\\/\\\/www.lafargalhospitalet.com\\\/#\\\/schema\\\/person\\\/6cbac0ef7748506b167ff859e1c7f378\",\"name\":\"La Farga Centre d'Activitats\",\"sameAs\":[\"https:\\\/\\\/www.lafargalhospitalet.com\"],\"url\":\"https:\\\/\\\/www.lafargalhospitalet.com\\\/ca\\\/author\\\/far25gmin\\\/\"}]}<\/script>\n<!-- \/ Yoast SEO plugin. -->","yoast_head_json":{"title":"A punt el 6\u00e8 Congr\u00e9s del Tercer Sector Social de Catalunya - La Farga L&#039;Hospitalet Centre d&#039;Activitats. La Farga GEM, S.A.","description":"La Farga de L'Hospitalet acullen aquesta setmana el 6\u00e8 Congr\u00e9s del Tercer Sector Social de Catalunya \u2018Desigualtats socials, solucions locals\u2019.","robots":{"index":"index","follow":"follow","max-snippet":"max-snippet:-1","max-image-preview":"max-image-preview:large","max-video-preview":"max-video-preview:-1"},"canonical":"https:\/\/www.lafargalhospitalet.com\/ca\/congres-tercer-sector-social-catalunya\/","og_locale":"ca_ES","og_type":"article","og_title":"A punt el 6\u00e8 Congr\u00e9s del Tercer Sector Social de Catalunya - La Farga L&#039;Hospitalet Centre d&#039;Activitats. La Farga GEM, S.A.","og_description":"La Farga de L'Hospitalet acullen aquesta setmana el 6\u00e8 Congr\u00e9s del Tercer Sector Social de Catalunya \u2018Desigualtats socials, solucions locals\u2019.","og_url":"https:\/\/www.lafargalhospitalet.com\/ca\/congres-tercer-sector-social-catalunya\/","og_site_name":"La Farga L&#039;Hospitalet Centre d&#039;Activitats. La Farga GEM, S.A.","article_publisher":"https:\/\/www.facebook.com\/fargahospitalet\/","article_published_time":"2018-11-19T12:30:20+00:00","article_modified_time":"2025-11-03T17:28:22+00:00","og_image":[{"width":730,"height":410,"url":"https:\/\/www.lafargalhospitalet.com\/wp-content\/uploads\/2018\/11\/Taula-Tercer-Sector-Farga.jpg","type":"image\/jpeg"}],"author":"La Farga Centre d'Activitats","twitter_card":"summary_large_image","twitter_creator":"@fargahospitalet","twitter_site":"@fargahospitalet","twitter_misc":{"Escrit per":"La Farga Centre d'Activitats","Temps estimat de lectura":"2 minuts"},"schema":{"@context":"https:\/\/schema.org","@graph":[{"@type":"Article","@id":"https:\/\/www.lafargalhospitalet.com\/ca\/congres-tercer-sector-social-catalunya\/#article","isPartOf":{"@id":"https:\/\/www.lafargalhospitalet.com\/ca\/congres-tercer-sector-social-catalunya\/"},"author":{"name":"La Farga Centre d'Activitats","@id":"https:\/\/www.lafargalhospitalet.com\/#\/schema\/person\/6cbac0ef7748506b167ff859e1c7f378"},"headline":"A punt el 6\u00e8 Congr\u00e9s del Tercer Sector Social de Catalunya","datePublished":"2018-11-19T12:30:20+00:00","dateModified":"2025-11-03T17:28:22+00:00","mainEntityOfPage":{"@id":"https:\/\/www.lafargalhospitalet.com\/ca\/congres-tercer-sector-social-catalunya\/"},"wordCount":317,"publisher":{"@id":"https:\/\/www.lafargalhospitalet.com\/#organization"},"image":{"@id":"https:\/\/www.lafargalhospitalet.com\/ca\/congres-tercer-sector-social-catalunya\/#primaryimage"},"thumbnailUrl":"https:\/\/www.lafargalhospitalet.com\/wp-content\/uploads\/2018\/11\/Taula-Tercer-Sector-Farga.jpg","articleSection":["Noticies"],"inLanguage":"ca"},{"@type":"WebPage","@id":"https:\/\/www.lafargalhospitalet.com\/ca\/congres-tercer-sector-social-catalunya\/","url":"https:\/\/www.lafargalhospitalet.com\/ca\/congres-tercer-sector-social-catalunya\/","name":"A punt el 6\u00e8 Congr\u00e9s del Tercer Sector Social de Catalunya - La Farga L&#039;Hospitalet Centre d&#039;Activitats. La Farga GEM, S.A.","isPartOf":{"@id":"https:\/\/www.lafargalhospitalet.com\/#website"},"primaryImageOfPage":{"@id":"https:\/\/www.lafargalhospitalet.com\/ca\/congres-tercer-sector-social-catalunya\/#primaryimage"},"image":{"@id":"https:\/\/www.lafargalhospitalet.com\/ca\/congres-tercer-sector-social-catalunya\/#primaryimage"},"thumbnailUrl":"https:\/\/www.lafargalhospitalet.com\/wp-content\/uploads\/2018\/11\/Taula-Tercer-Sector-Farga.jpg","datePublished":"2018-11-19T12:30:20+00:00","dateModified":"2025-11-03T17:28:22+00:00","description":"La Farga de L'Hospitalet acullen aquesta setmana el 6\u00e8 Congr\u00e9s del Tercer Sector Social de Catalunya \u2018Desigualtats socials, solucions locals\u2019.","breadcrumb":{"@id":"https:\/\/www.lafargalhospitalet.com\/ca\/congres-tercer-sector-social-catalunya\/#breadcrumb"},"inLanguage":"ca","potentialAction":[{"@type":"ReadAction","target":["https:\/\/www.lafargalhospitalet.com\/ca\/congres-tercer-sector-social-catalunya\/"]}]},{"@type":"ImageObject","inLanguage":"ca","@id":"https:\/\/www.lafargalhospitalet.com\/ca\/congres-tercer-sector-social-catalunya\/#primaryimage","url":"https:\/\/www.lafargalhospitalet.com\/wp-content\/uploads\/2018\/11\/Taula-Tercer-Sector-Farga.jpg","contentUrl":"https:\/\/www.lafargalhospitalet.com\/wp-content\/uploads\/2018\/11\/Taula-Tercer-Sector-Farga.jpg","width":730,"height":410,"caption":"Taula Sector Farga"},{"@type":"BreadcrumbList","@id":"https:\/\/www.lafargalhospitalet.com\/ca\/congres-tercer-sector-social-catalunya\/#breadcrumb","itemListElement":[{"@type":"ListItem","position":1,"name":"Portada","item":"https:\/\/www.lafargalhospitalet.com\/"},{"@type":"ListItem","position":2,"name":"A punt el 6\u00e8 Congr\u00e9s del Tercer Sector Social de Catalunya"}]},{"@type":"WebSite","@id":"https:\/\/www.lafargalhospitalet.com\/#website","url":"https:\/\/www.lafargalhospitalet.com\/","name":"La Farga L'Hospitalet Centre d'Activitats. La Farga GEM, S.A.","description":"La Farga L&#039;Hospitalet Centre d&#039;Activitats. Gestionat per La Farga GEM, S.A. Fires i Congressos. Concerts, exposicions, reunions, filmacions, sopars de gala.","publisher":{"@id":"https:\/\/www.lafargalhospitalet.com\/#organization"},"potentialAction":[{"@type":"SearchAction","target":{"@type":"EntryPoint","urlTemplate":"https:\/\/www.lafargalhospitalet.com\/?s={search_term_string}"},"query-input":{"@type":"PropertyValueSpecification","valueRequired":true,"valueName":"search_term_string"}}],"inLanguage":"ca"},{"@type":"Organization","@id":"https:\/\/www.lafargalhospitalet.com\/#organization","name":"La Farga L'Hospitalet Centre d'Activitats. La Farga GEM, S.A.","url":"https:\/\/www.lafargalhospitalet.com\/","logo":{"@type":"ImageObject","inLanguage":"ca","@id":"https:\/\/www.lafargalhospitalet.com\/#\/schema\/logo\/image\/","url":"https:\/\/www.lafargalhospitalet.com\/wp-content\/uploads\/2025\/10\/logotipo_lafarga_centre_activitats.png","contentUrl":"https:\/\/www.lafargalhospitalet.com\/wp-content\/uploads\/2025\/10\/logotipo_lafarga_centre_activitats.png","width":266,"height":101,"caption":"La Farga L'Hospitalet Centre d'Activitats. La Farga GEM, S.A."},"image":{"@id":"https:\/\/www.lafargalhospitalet.com\/#\/schema\/logo\/image\/"},"sameAs":["https:\/\/www.facebook.com\/fargahospitalet\/","https:\/\/x.com\/fargahospitalet","https:\/\/www.instagram.com\/lafargahospitalet\/","https:\/\/www.youtube.com\/channel\/UCoLt6hen3PqGXgbLMGI3Qdw","https:\/\/www.flickr.com\/photos\/lafargagemsa\/albums"]},{"@type":"Person","@id":"https:\/\/www.lafargalhospitalet.com\/#\/schema\/person\/6cbac0ef7748506b167ff859e1c7f378","name":"La Farga Centre d'Activitats","sameAs":["https:\/\/www.lafargalhospitalet.com"],"url":"https:\/\/www.lafargalhospitalet.com\/ca\/author\/far25gmin\/"}]}},"_links":{"self":[{"href":"https:\/\/www.lafargalhospitalet.com\/ca\/wp-json\/wp\/v2\/posts\/6153","targetHints":{"allow":["GET"]}}],"collection":[{"href":"https:\/\/www.lafargalhospitalet.com\/ca\/wp-json\/wp\/v2\/posts"}],"about":[{"href":"https:\/\/www.lafargalhospitalet.com\/ca\/wp-json\/wp\/v2\/types\/post"}],"author":[{"embeddable":true,"href":"https:\/\/www.lafargalhospitalet.com\/ca\/wp-json\/wp\/v2\/users\/1"}],"replies":[{"embeddable":true,"href":"https:\/\/www.lafargalhospitalet.com\/ca\/wp-json\/wp\/v2\/comments?post=6153"}],"version-history":[{"count":0,"href":"https:\/\/www.lafargalhospitalet.com\/ca\/wp-json\/wp\/v2\/posts\/6153\/revisions"}],"wp:featuredmedia":[{"embeddable":true,"href":"https:\/\/www.lafargalhospitalet.com\/ca\/wp-json\/wp\/v2\/media\/6154"}],"wp:attachment":[{"href":"https:\/\/www.lafargalhospitalet.com\/ca\/wp-json\/wp\/v2\/media?parent=6153"}],"wp:term":[{"taxonomy":"category","embeddable":true,"href":"https:\/\/www.lafargalhospitalet.com\/ca\/wp-json\/wp\/v2\/categories?post=6153"},{"taxonomy":"post_tag","embeddable":true,"href":"https:\/\/www.lafargalhospitalet.com\/ca\/wp-json\/wp\/v2\/tags?post=6153"}],"curies":[{"name":"wp","href":"https:\/\/api.w.org\/{rel}","templated":true}]}}