{"id":6160,"date":"2018-11-23T10:36:40","date_gmt":"2018-11-23T09:36:40","guid":{"rendered":"http:\/\/www.lafargalhospitalet.com\/?p=6160"},"modified":"2025-11-03T18:28:22","modified_gmt":"2025-11-03T17:28:22","slug":"municipalisme-fort-manifest-final-congres","status":"publish","type":"post","link":"https:\/\/www.lafargalhospitalet.com\/ca\/municipalisme-fort-manifest-final-congres\/","title":{"rendered":"Un municipalisme fort al manifest final del Congr\u00e9s"},"content":{"rendered":"<h5>El conseller El Homrani anuncia la creaci\u00f3 de la\u00a0Llei de Concertaci\u00f3 Social<\/h5>\n<p>La presidenta de la <a href=\"http:\/\/congrestercersector.cat\/noticies\" target=\"_blank\" rel=\"noopener\"><strong>Taula del Tercer Sector Social<\/strong><\/a>, Francina Alsina, ha fet la lectura del manifest &#8216;Desigualtats socials, solucions locals&#8217; a la cloenda del <a href=\"https:\/\/www.lafargalhospitalet.com\/congres-tercer-sector-social-catalunya\/\" target=\"_blank\" rel=\"noopener\"><strong>6\u00e8 Congr\u00e9s del Tercer Sector Social<\/strong><\/a> que s\u2019ha celebrat a La Farga Centre d\u2019Activitats els dies 21 i 22 de novembre.<\/p>\n<p>En el document, les entitats socials observen amb preocupaci\u00f3 i constaten com <em>&#8220;les desigualtats globals provoquen desigualtats locals&#8221;<\/em>. En aquest sentit, aquestes entitats reclamen un <em>&#8220;municipalisme fort&#8221;<\/em> i reivindiquen que els governs locals tinguin m\u00e9s compet\u00e8ncies, recursos i suports per fer front als reptes socials propis de la urbanitzaci\u00f3, agreujats per la globalitzaci\u00f3, com la cronificaci\u00f3 de la pobresa (infantil, feminitzaci\u00f3 de la pobresa, pobresa energ\u00e8tica i malnutrici\u00f3), la greu problem\u00e0tica d&#8217;acc\u00e9s a un habitatge digne i assequible, el fenomen migratori o la gentrificaci\u00f3, entre altres. Una demanda que respon a un debilitament local i nacional per <em>&#8220;la concentraci\u00f3 i recentralitzaci\u00f3 del poder&#8221;<\/em>.<\/p>\n<p>El manifest tamb\u00e9 fa \u00e8mfasi en la import\u00e0ncia d&#8217;enfortir les relacions entre les Administracions locals i les entitats socials, com a alian\u00e7a clau per desenvolupar conjuntament pol\u00edtiques socials i projectes estrat\u00e8gics que generin cohesi\u00f3 i igualtat des de la proximitat i la quotidianitat. <em>&#8220;Els governs locals tenen possibilitat de fer m\u00e9s coses, d&#8217;estar m\u00e9s a prop de les persones i de tenir capacitat per gestionar, conjuntament amb la societat civil i la ciutadania, respostes a aquests reptes socials&#8221;<\/em>.<\/p>\n<h5>Llei de Concertaci\u00f3 Social<\/h5>\n<p>D\u2019altra banda en la clausura del congr\u00e9s el conseller de Treball, Afers Socials i Fam\u00edlies, Chakir el Homrani, ha anunciat que Catalunya disposar\u00e0 d&#8217;una Llei de Concertaci\u00f3 Social dels serveis d&#8217;atenci\u00f3 a les persones. El sector social reclamava des de feia temps un nou model de col\u00b7laboraci\u00f3 p\u00fablic-social que estableixi un marc de relaci\u00f3 estable i permanent amb les entitats socials, d&#8217;acord amb les directives europees de contractaci\u00f3 p\u00fablica.<\/p>\n<p>La normativa permet que el Tercer Sector i les empreses socials -amb vocaci\u00f3 de servei p\u00fablic i amb una major proximitat a la comunitat i al territori- siguin aliades priorit\u00e0ries de l&#8217;Administraci\u00f3 en la gesti\u00f3 dels serveis a les persones, cercant l&#8217;efici\u00e8ncia dels recursos p\u00fablics i el m\u00e0xim retorn social.<\/p>\n<p>El Tercer Sector celebra l&#8217;anunci del conseller el Homrani perqu\u00e8 \u00e9s un pas important per assegurar que l&#8217;atenci\u00f3 a les persones queda fora de la l\u00f2gica mercantilista, per protegir els drets socials i per garantir la qualitat dels serveis i suports que reben les persones.<\/p>\n","protected":false},"excerpt":{"rendered":"<p>La presidenta de la Taula del Tercer Sector Social, Francina Alsina, ha fet la lectura del manifest &#8216;Desigualtats socials, solucions locals&#8217; a la cloenda del 6\u00e8 Congr\u00e9s.<\/p>\n","protected":false},"author":1,"featured_media":6161,"comment_status":"closed","ping_status":"closed","sticky":false,"template":"","format":"standard","meta":{"_monsterinsights_skip_tracking":false,"_monsterinsights_sitenote_active":false,"_monsterinsights_sitenote_note":"","_monsterinsights_sitenote_category":0,"footnotes":""},"categories":[83],"tags":[],"class_list":["post-6160","post","type-post","status-publish","format-standard","has-post-thumbnail","hentry","category-noticies"],"yoast_head":"<!-- This site is optimized with the Yoast SEO plugin v27.5 - https:\/\/yoast.com\/product\/yoast-seo-wordpress\/ -->\n<title>Un municipalisme fort al manifest final del Congr\u00e9s - La Farga L&#039;Hospitalet Centre d&#039;Activitats. La Farga GEM, S.A.<\/title>\n<meta name=\"description\" content=\"La presidenta Francina Alsina, ha fet la lectura del manifest &#039;Desigualtats socials, solucions locals&#039; a la cloenda del 6\u00e8 Congr\u00e9s del Tercer Sector Social.\" \/>\n<meta name=\"robots\" content=\"index, follow, max-snippet:-1, max-image-preview:large, max-video-preview:-1\" \/>\n<link rel=\"canonical\" href=\"https:\/\/www.lafargalhospitalet.com\/ca\/municipalisme-fort-manifest-final-congres\/\" \/>\n<meta property=\"og:locale\" content=\"ca_ES\" \/>\n<meta property=\"og:type\" content=\"article\" \/>\n<meta property=\"og:title\" content=\"Un municipalisme fort al manifest final del Congr\u00e9s - La Farga L&#039;Hospitalet Centre d&#039;Activitats. La Farga GEM, S.A.\" \/>\n<meta property=\"og:description\" content=\"La presidenta Francina Alsina, ha fet la lectura del manifest &#039;Desigualtats socials, solucions locals&#039; a la cloenda del 6\u00e8 Congr\u00e9s del Tercer Sector Social.\" \/>\n<meta property=\"og:url\" content=\"https:\/\/www.lafargalhospitalet.com\/ca\/municipalisme-fort-manifest-final-congres\/\" \/>\n<meta property=\"og:site_name\" content=\"La Farga L&#039;Hospitalet Centre d&#039;Activitats. La Farga GEM, S.A.\" \/>\n<meta property=\"article:publisher\" content=\"https:\/\/www.facebook.com\/fargahospitalet\/\" \/>\n<meta property=\"article:published_time\" content=\"2018-11-23T09:36:40+00:00\" \/>\n<meta property=\"article:modified_time\" content=\"2025-11-03T17:28:22+00:00\" \/>\n<meta property=\"og:image\" content=\"https:\/\/www.lafargalhospitalet.com\/wp-content\/uploads\/2018\/11\/Congres-Taula-Manifest.jpg\" \/>\n\t<meta property=\"og:image:width\" content=\"730\" \/>\n\t<meta property=\"og:image:height\" content=\"410\" \/>\n\t<meta property=\"og:image:type\" content=\"image\/jpeg\" \/>\n<meta name=\"author\" content=\"La Farga Centre d&#039;Activitats\" \/>\n<meta name=\"twitter:card\" content=\"summary_large_image\" \/>\n<meta name=\"twitter:creator\" content=\"@fargahospitalet\" \/>\n<meta name=\"twitter:site\" content=\"@fargahospitalet\" \/>\n<meta name=\"twitter:label1\" content=\"Escrit per\" \/>\n\t<meta name=\"twitter:data1\" content=\"La Farga Centre d&#039;Activitats\" \/>\n\t<meta name=\"twitter:label2\" content=\"Temps estimat de lectura\" \/>\n\t<meta name=\"twitter:data2\" content=\"2 minuts\" \/>\n<script type=\"application\/ld+json\" class=\"yoast-schema-graph\">{\"@context\":\"https:\\\/\\\/schema.org\",\"@graph\":[{\"@type\":\"Article\",\"@id\":\"https:\\\/\\\/www.lafargalhospitalet.com\\\/ca\\\/municipalisme-fort-manifest-final-congres\\\/#article\",\"isPartOf\":{\"@id\":\"https:\\\/\\\/www.lafargalhospitalet.com\\\/ca\\\/municipalisme-fort-manifest-final-congres\\\/\"},\"author\":{\"name\":\"La Farga Centre d'Activitats\",\"@id\":\"https:\\\/\\\/www.lafargalhospitalet.com\\\/#\\\/schema\\\/person\\\/6cbac0ef7748506b167ff859e1c7f378\"},\"headline\":\"Un municipalisme fort al manifest final del Congr\u00e9s\",\"datePublished\":\"2018-11-23T09:36:40+00:00\",\"dateModified\":\"2025-11-03T17:28:22+00:00\",\"mainEntityOfPage\":{\"@id\":\"https:\\\/\\\/www.lafargalhospitalet.com\\\/ca\\\/municipalisme-fort-manifest-final-congres\\\/\"},\"wordCount\":450,\"publisher\":{\"@id\":\"https:\\\/\\\/www.lafargalhospitalet.com\\\/#organization\"},\"image\":{\"@id\":\"https:\\\/\\\/www.lafargalhospitalet.com\\\/ca\\\/municipalisme-fort-manifest-final-congres\\\/#primaryimage\"},\"thumbnailUrl\":\"https:\\\/\\\/www.lafargalhospitalet.com\\\/wp-content\\\/uploads\\\/2018\\\/11\\\/Congres-Taula-Manifest.jpg\",\"articleSection\":[\"Noticies\"],\"inLanguage\":\"ca\"},{\"@type\":\"WebPage\",\"@id\":\"https:\\\/\\\/www.lafargalhospitalet.com\\\/ca\\\/municipalisme-fort-manifest-final-congres\\\/\",\"url\":\"https:\\\/\\\/www.lafargalhospitalet.com\\\/ca\\\/municipalisme-fort-manifest-final-congres\\\/\",\"name\":\"Un municipalisme fort al manifest final del Congr\u00e9s - La Farga L&#039;Hospitalet Centre d&#039;Activitats. La Farga GEM, S.A.\",\"isPartOf\":{\"@id\":\"https:\\\/\\\/www.lafargalhospitalet.com\\\/#website\"},\"primaryImageOfPage\":{\"@id\":\"https:\\\/\\\/www.lafargalhospitalet.com\\\/ca\\\/municipalisme-fort-manifest-final-congres\\\/#primaryimage\"},\"image\":{\"@id\":\"https:\\\/\\\/www.lafargalhospitalet.com\\\/ca\\\/municipalisme-fort-manifest-final-congres\\\/#primaryimage\"},\"thumbnailUrl\":\"https:\\\/\\\/www.lafargalhospitalet.com\\\/wp-content\\\/uploads\\\/2018\\\/11\\\/Congres-Taula-Manifest.jpg\",\"datePublished\":\"2018-11-23T09:36:40+00:00\",\"dateModified\":\"2025-11-03T17:28:22+00:00\",\"description\":\"La presidenta Francina Alsina, ha fet la lectura del manifest 'Desigualtats socials, solucions locals' a la cloenda del 6\u00e8 Congr\u00e9s del Tercer Sector Social.\",\"breadcrumb\":{\"@id\":\"https:\\\/\\\/www.lafargalhospitalet.com\\\/ca\\\/municipalisme-fort-manifest-final-congres\\\/#breadcrumb\"},\"inLanguage\":\"ca\",\"potentialAction\":[{\"@type\":\"ReadAction\",\"target\":[\"https:\\\/\\\/www.lafargalhospitalet.com\\\/ca\\\/municipalisme-fort-manifest-final-congres\\\/\"]}]},{\"@type\":\"ImageObject\",\"inLanguage\":\"ca\",\"@id\":\"https:\\\/\\\/www.lafargalhospitalet.com\\\/ca\\\/municipalisme-fort-manifest-final-congres\\\/#primaryimage\",\"url\":\"https:\\\/\\\/www.lafargalhospitalet.com\\\/wp-content\\\/uploads\\\/2018\\\/11\\\/Congres-Taula-Manifest.jpg\",\"contentUrl\":\"https:\\\/\\\/www.lafargalhospitalet.com\\\/wp-content\\\/uploads\\\/2018\\\/11\\\/Congres-Taula-Manifest.jpg\",\"width\":730,\"height\":410,\"caption\":\"Congr\u00e9s Taula Manifest\"},{\"@type\":\"BreadcrumbList\",\"@id\":\"https:\\\/\\\/www.lafargalhospitalet.com\\\/ca\\\/municipalisme-fort-manifest-final-congres\\\/#breadcrumb\",\"itemListElement\":[{\"@type\":\"ListItem\",\"position\":1,\"name\":\"Portada\",\"item\":\"https:\\\/\\\/www.lafargalhospitalet.com\\\/\"},{\"@type\":\"ListItem\",\"position\":2,\"name\":\"Un municipalisme fort al manifest final del Congr\u00e9s\"}]},{\"@type\":\"WebSite\",\"@id\":\"https:\\\/\\\/www.lafargalhospitalet.com\\\/#website\",\"url\":\"https:\\\/\\\/www.lafargalhospitalet.com\\\/\",\"name\":\"La Farga L'Hospitalet Centre d'Activitats. La Farga GEM, S.A.\",\"description\":\"La Farga L&#039;Hospitalet Centre d&#039;Activitats. Gestionat per La Farga GEM, S.A. Fires i Congressos. Concerts, exposicions, reunions, filmacions, sopars de gala.\",\"publisher\":{\"@id\":\"https:\\\/\\\/www.lafargalhospitalet.com\\\/#organization\"},\"potentialAction\":[{\"@type\":\"SearchAction\",\"target\":{\"@type\":\"EntryPoint\",\"urlTemplate\":\"https:\\\/\\\/www.lafargalhospitalet.com\\\/?s={search_term_string}\"},\"query-input\":{\"@type\":\"PropertyValueSpecification\",\"valueRequired\":true,\"valueName\":\"search_term_string\"}}],\"inLanguage\":\"ca\"},{\"@type\":\"Organization\",\"@id\":\"https:\\\/\\\/www.lafargalhospitalet.com\\\/#organization\",\"name\":\"La Farga L'Hospitalet Centre d'Activitats. La Farga GEM, S.A.\",\"url\":\"https:\\\/\\\/www.lafargalhospitalet.com\\\/\",\"logo\":{\"@type\":\"ImageObject\",\"inLanguage\":\"ca\",\"@id\":\"https:\\\/\\\/www.lafargalhospitalet.com\\\/#\\\/schema\\\/logo\\\/image\\\/\",\"url\":\"https:\\\/\\\/www.lafargalhospitalet.com\\\/wp-content\\\/uploads\\\/2025\\\/10\\\/logotipo_lafarga_centre_activitats.png\",\"contentUrl\":\"https:\\\/\\\/www.lafargalhospitalet.com\\\/wp-content\\\/uploads\\\/2025\\\/10\\\/logotipo_lafarga_centre_activitats.png\",\"width\":266,\"height\":101,\"caption\":\"La Farga L'Hospitalet Centre d'Activitats. La Farga GEM, S.A.\"},\"image\":{\"@id\":\"https:\\\/\\\/www.lafargalhospitalet.com\\\/#\\\/schema\\\/logo\\\/image\\\/\"},\"sameAs\":[\"https:\\\/\\\/www.facebook.com\\\/fargahospitalet\\\/\",\"https:\\\/\\\/x.com\\\/fargahospitalet\",\"https:\\\/\\\/www.instagram.com\\\/lafargahospitalet\\\/\",\"https:\\\/\\\/www.youtube.com\\\/channel\\\/UCoLt6hen3PqGXgbLMGI3Qdw\",\"https:\\\/\\\/www.flickr.com\\\/photos\\\/lafargagemsa\\\/albums\"]},{\"@type\":\"Person\",\"@id\":\"https:\\\/\\\/www.lafargalhospitalet.com\\\/#\\\/schema\\\/person\\\/6cbac0ef7748506b167ff859e1c7f378\",\"name\":\"La Farga Centre d'Activitats\",\"sameAs\":[\"https:\\\/\\\/www.lafargalhospitalet.com\"],\"url\":\"https:\\\/\\\/www.lafargalhospitalet.com\\\/ca\\\/author\\\/far25gmin\\\/\"}]}<\/script>\n<!-- \/ Yoast SEO plugin. -->","yoast_head_json":{"title":"Un municipalisme fort al manifest final del Congr\u00e9s - La Farga L&#039;Hospitalet Centre d&#039;Activitats. La Farga GEM, S.A.","description":"La presidenta Francina Alsina, ha fet la lectura del manifest 'Desigualtats socials, solucions locals' a la cloenda del 6\u00e8 Congr\u00e9s del Tercer Sector Social.","robots":{"index":"index","follow":"follow","max-snippet":"max-snippet:-1","max-image-preview":"max-image-preview:large","max-video-preview":"max-video-preview:-1"},"canonical":"https:\/\/www.lafargalhospitalet.com\/ca\/municipalisme-fort-manifest-final-congres\/","og_locale":"ca_ES","og_type":"article","og_title":"Un municipalisme fort al manifest final del Congr\u00e9s - La Farga L&#039;Hospitalet Centre d&#039;Activitats. La Farga GEM, S.A.","og_description":"La presidenta Francina Alsina, ha fet la lectura del manifest 'Desigualtats socials, solucions locals' a la cloenda del 6\u00e8 Congr\u00e9s del Tercer Sector Social.","og_url":"https:\/\/www.lafargalhospitalet.com\/ca\/municipalisme-fort-manifest-final-congres\/","og_site_name":"La Farga L&#039;Hospitalet Centre d&#039;Activitats. La Farga GEM, S.A.","article_publisher":"https:\/\/www.facebook.com\/fargahospitalet\/","article_published_time":"2018-11-23T09:36:40+00:00","article_modified_time":"2025-11-03T17:28:22+00:00","og_image":[{"width":730,"height":410,"url":"https:\/\/www.lafargalhospitalet.com\/wp-content\/uploads\/2018\/11\/Congres-Taula-Manifest.jpg","type":"image\/jpeg"}],"author":"La Farga Centre d'Activitats","twitter_card":"summary_large_image","twitter_creator":"@fargahospitalet","twitter_site":"@fargahospitalet","twitter_misc":{"Escrit per":"La Farga Centre d'Activitats","Temps estimat de lectura":"2 minuts"},"schema":{"@context":"https:\/\/schema.org","@graph":[{"@type":"Article","@id":"https:\/\/www.lafargalhospitalet.com\/ca\/municipalisme-fort-manifest-final-congres\/#article","isPartOf":{"@id":"https:\/\/www.lafargalhospitalet.com\/ca\/municipalisme-fort-manifest-final-congres\/"},"author":{"name":"La Farga Centre d'Activitats","@id":"https:\/\/www.lafargalhospitalet.com\/#\/schema\/person\/6cbac0ef7748506b167ff859e1c7f378"},"headline":"Un municipalisme fort al manifest final del Congr\u00e9s","datePublished":"2018-11-23T09:36:40+00:00","dateModified":"2025-11-03T17:28:22+00:00","mainEntityOfPage":{"@id":"https:\/\/www.lafargalhospitalet.com\/ca\/municipalisme-fort-manifest-final-congres\/"},"wordCount":450,"publisher":{"@id":"https:\/\/www.lafargalhospitalet.com\/#organization"},"image":{"@id":"https:\/\/www.lafargalhospitalet.com\/ca\/municipalisme-fort-manifest-final-congres\/#primaryimage"},"thumbnailUrl":"https:\/\/www.lafargalhospitalet.com\/wp-content\/uploads\/2018\/11\/Congres-Taula-Manifest.jpg","articleSection":["Noticies"],"inLanguage":"ca"},{"@type":"WebPage","@id":"https:\/\/www.lafargalhospitalet.com\/ca\/municipalisme-fort-manifest-final-congres\/","url":"https:\/\/www.lafargalhospitalet.com\/ca\/municipalisme-fort-manifest-final-congres\/","name":"Un municipalisme fort al manifest final del Congr\u00e9s - La Farga L&#039;Hospitalet Centre d&#039;Activitats. La Farga GEM, S.A.","isPartOf":{"@id":"https:\/\/www.lafargalhospitalet.com\/#website"},"primaryImageOfPage":{"@id":"https:\/\/www.lafargalhospitalet.com\/ca\/municipalisme-fort-manifest-final-congres\/#primaryimage"},"image":{"@id":"https:\/\/www.lafargalhospitalet.com\/ca\/municipalisme-fort-manifest-final-congres\/#primaryimage"},"thumbnailUrl":"https:\/\/www.lafargalhospitalet.com\/wp-content\/uploads\/2018\/11\/Congres-Taula-Manifest.jpg","datePublished":"2018-11-23T09:36:40+00:00","dateModified":"2025-11-03T17:28:22+00:00","description":"La presidenta Francina Alsina, ha fet la lectura del manifest 'Desigualtats socials, solucions locals' a la cloenda del 6\u00e8 Congr\u00e9s del Tercer Sector Social.","breadcrumb":{"@id":"https:\/\/www.lafargalhospitalet.com\/ca\/municipalisme-fort-manifest-final-congres\/#breadcrumb"},"inLanguage":"ca","potentialAction":[{"@type":"ReadAction","target":["https:\/\/www.lafargalhospitalet.com\/ca\/municipalisme-fort-manifest-final-congres\/"]}]},{"@type":"ImageObject","inLanguage":"ca","@id":"https:\/\/www.lafargalhospitalet.com\/ca\/municipalisme-fort-manifest-final-congres\/#primaryimage","url":"https:\/\/www.lafargalhospitalet.com\/wp-content\/uploads\/2018\/11\/Congres-Taula-Manifest.jpg","contentUrl":"https:\/\/www.lafargalhospitalet.com\/wp-content\/uploads\/2018\/11\/Congres-Taula-Manifest.jpg","width":730,"height":410,"caption":"Congr\u00e9s Taula Manifest"},{"@type":"BreadcrumbList","@id":"https:\/\/www.lafargalhospitalet.com\/ca\/municipalisme-fort-manifest-final-congres\/#breadcrumb","itemListElement":[{"@type":"ListItem","position":1,"name":"Portada","item":"https:\/\/www.lafargalhospitalet.com\/"},{"@type":"ListItem","position":2,"name":"Un municipalisme fort al manifest final del Congr\u00e9s"}]},{"@type":"WebSite","@id":"https:\/\/www.lafargalhospitalet.com\/#website","url":"https:\/\/www.lafargalhospitalet.com\/","name":"La Farga L'Hospitalet Centre d'Activitats. La Farga GEM, S.A.","description":"La Farga L&#039;Hospitalet Centre d&#039;Activitats. Gestionat per La Farga GEM, S.A. Fires i Congressos. Concerts, exposicions, reunions, filmacions, sopars de gala.","publisher":{"@id":"https:\/\/www.lafargalhospitalet.com\/#organization"},"potentialAction":[{"@type":"SearchAction","target":{"@type":"EntryPoint","urlTemplate":"https:\/\/www.lafargalhospitalet.com\/?s={search_term_string}"},"query-input":{"@type":"PropertyValueSpecification","valueRequired":true,"valueName":"search_term_string"}}],"inLanguage":"ca"},{"@type":"Organization","@id":"https:\/\/www.lafargalhospitalet.com\/#organization","name":"La Farga L'Hospitalet Centre d'Activitats. La Farga GEM, S.A.","url":"https:\/\/www.lafargalhospitalet.com\/","logo":{"@type":"ImageObject","inLanguage":"ca","@id":"https:\/\/www.lafargalhospitalet.com\/#\/schema\/logo\/image\/","url":"https:\/\/www.lafargalhospitalet.com\/wp-content\/uploads\/2025\/10\/logotipo_lafarga_centre_activitats.png","contentUrl":"https:\/\/www.lafargalhospitalet.com\/wp-content\/uploads\/2025\/10\/logotipo_lafarga_centre_activitats.png","width":266,"height":101,"caption":"La Farga L'Hospitalet Centre d'Activitats. La Farga GEM, S.A."},"image":{"@id":"https:\/\/www.lafargalhospitalet.com\/#\/schema\/logo\/image\/"},"sameAs":["https:\/\/www.facebook.com\/fargahospitalet\/","https:\/\/x.com\/fargahospitalet","https:\/\/www.instagram.com\/lafargahospitalet\/","https:\/\/www.youtube.com\/channel\/UCoLt6hen3PqGXgbLMGI3Qdw","https:\/\/www.flickr.com\/photos\/lafargagemsa\/albums"]},{"@type":"Person","@id":"https:\/\/www.lafargalhospitalet.com\/#\/schema\/person\/6cbac0ef7748506b167ff859e1c7f378","name":"La Farga Centre d'Activitats","sameAs":["https:\/\/www.lafargalhospitalet.com"],"url":"https:\/\/www.lafargalhospitalet.com\/ca\/author\/far25gmin\/"}]}},"_links":{"self":[{"href":"https:\/\/www.lafargalhospitalet.com\/ca\/wp-json\/wp\/v2\/posts\/6160","targetHints":{"allow":["GET"]}}],"collection":[{"href":"https:\/\/www.lafargalhospitalet.com\/ca\/wp-json\/wp\/v2\/posts"}],"about":[{"href":"https:\/\/www.lafargalhospitalet.com\/ca\/wp-json\/wp\/v2\/types\/post"}],"author":[{"embeddable":true,"href":"https:\/\/www.lafargalhospitalet.com\/ca\/wp-json\/wp\/v2\/users\/1"}],"replies":[{"embeddable":true,"href":"https:\/\/www.lafargalhospitalet.com\/ca\/wp-json\/wp\/v2\/comments?post=6160"}],"version-history":[{"count":0,"href":"https:\/\/www.lafargalhospitalet.com\/ca\/wp-json\/wp\/v2\/posts\/6160\/revisions"}],"wp:featuredmedia":[{"embeddable":true,"href":"https:\/\/www.lafargalhospitalet.com\/ca\/wp-json\/wp\/v2\/media\/6161"}],"wp:attachment":[{"href":"https:\/\/www.lafargalhospitalet.com\/ca\/wp-json\/wp\/v2\/media?parent=6160"}],"wp:term":[{"taxonomy":"category","embeddable":true,"href":"https:\/\/www.lafargalhospitalet.com\/ca\/wp-json\/wp\/v2\/categories?post=6160"},{"taxonomy":"post_tag","embeddable":true,"href":"https:\/\/www.lafargalhospitalet.com\/ca\/wp-json\/wp\/v2\/tags?post=6160"}],"curies":[{"name":"wp","href":"https:\/\/api.w.org\/{rel}","templated":true}]}}