{"id":6206,"date":"2018-12-13T13:17:34","date_gmt":"2018-12-13T12:17:34","guid":{"rendered":"http:\/\/www.lafargalhospitalet.com\/?p=6206"},"modified":"2025-11-03T18:28:05","modified_gmt":"2025-11-03T17:28:05","slug":"torna-kaliu-park-farga-hospitalet","status":"publish","type":"post","link":"https:\/\/www.lafargalhospitalet.com\/ca\/torna-kaliu-park-farga-hospitalet\/","title":{"rendered":"El Kaliu Park omple de Nadal La Farga de L\u2019Hospitalet"},"content":{"rendered":"\n<h5 class=\"wp-block-heading\">La pista i el tobogan de gel oberts el 14, 15 i 16 de desembre<\/h5>\n\n\n\n<p>El proper divendres 21 obre Kaliu Park, l\u2019Espai L\u00fadic de Nadal de L\u2019Hospitalet, que inclou la gran pista de gel, el tobogan gegant, el Circ d\u2019Hivern i un munt d\u2019activitats l\u00fadiques per a tots els p\u00fablics. La m\u00e0gia del #NadalLH, amb el Kaliu Park, retorna a <a href=\"https:\/\/www.lafargalhospitalet.com\/agenda-cat\/\" target=\"_blank\" rel=\"noopener\"><strong>La Farga<\/strong><\/a> amb m\u00e9s for\u00e7a oferint experi\u00e8ncies d\u2019oci, lleure, emocions i sensacions.<\/p>\n\n\n\n<p>La pista i el tobogan de gel tornen a obrir el cap de setmana del 14 al 16 de desembre, i a partir de divendres 21 obrir\u00e0 tot el Kaliu Park, al complet, amb un espai de jocs, tradicions i art. Tot plegat conformar\u00e0 el Kaliu Park, previst durant les vacances escolars, en tres espais diferenciats: Kaliu Gel, Kaliu Creatiu i Kaliu L\u00fadic.<\/p>\n\n\n\n<p>En el <strong>Kaliu Gel<\/strong>, que ja va acollir amb els primers patinadors del 7 al 9 de desembre, trobarem la m\u00edtica pista de gel i el tobogan gegant. La pista de gel tindr\u00e0 una superf\u00edcie de 1.600m2 on es pot patinar amb lloguer de patins. Hi ha tamb\u00e9 uns 200m2 de pista infantil per aquells patinadors\/es primerencs. El tobogan gegant torna a fer les del\u00edcies de tothom i de fet \u00e9s una de les grans atraccions del Kaliu Park. En els seus 40 metres de llarg per 14 d\u2019ample ja llisquen grans i petits.<\/p>\n<h5>Torna el Cird d&#8217;Hivern<\/h5>\n\n\n\n<p>L\u2019espai per a la cultura, el <strong>Kaliu Creatiu<\/strong>, tornar\u00e0 a aixecar el tel\u00f3 del gran Circ d\u2019Hivern que ens proposa l\u2019entitat hospitalenca, Per Amor a L\u2019HArt, on hi haur\u00e0 activitat de circ, tant d\u2019espectacle com tallers. El Kaliu Creatiu tamb\u00e9 deixar\u00e0 moments per al ball amb una altra entitat de L\u2019Hospitalet, Street Dance Area, que faran diferents actuacions de ball.<\/p>\n\n\n\n<p>El <strong>Kaliu L\u00fadic<\/strong> est\u00e0 reservat per a un munt d\u2019activitats, tamb\u00e9 per a tots els p\u00fablics, per despertar l\u2019enginy i les emocions dels m\u00e9s petits. Aquesta \u00e0rea, compta amb espais de lleure, dirigits per als jocs entre als adults i infants, que inclou diferents inflables, com un roc\u00f2drom gegant, el \u2018M\u00f3n del Joc\u2019 amb jocs tradicionals, jocs gegants, cordes i salts de llan\u00e7aments i zona de malabars, i una ludoteca infantil, de 200 m2 amb elements de psicomotricitat, activitats de pre-esport, jocs simb\u00f2lic, construccions i equilibris.<\/p>\n\n\n\n<p>El Kaliu Park tamb\u00e9 tornar\u00e0 a tenir el taller de maquillatge i la visita del Pare Noel i els Reis Mags perqu\u00e8 els nens i nenes puguin depositar els seus desitjos. El Pare Noel estar\u00e0 els dies 21, 22, 23 i 24, a partir del 27 ser\u00e0 un dels tres Reis Mags qui estar\u00e0 present fins el dia 5 de gener al migdia.<\/p>\n<p>El Kaliu Park ser\u00e0 d\u2019entrada lliure per a tothom, excepte les activitats de Kaliu Gel on caldr\u00e0 obtenir una entrada. El Kaliu Park obrir\u00e0 cada dia, del 21 de desembre al 7 de gener. El 21 de desembre de 17 a 21h, i fins el 7 de gener, des de les 11 hores fins les 21 hores. Hi haur\u00e0 horaris especials el dia 25 de desembre (d\u201911 h a 14 h i de 17 h a 21h) i el 31 desembre (d\u201911 h a 19 h).<\/p>\n\n\n\n<p>Consulta tots els horaris a <strong><a href=\"http:\/\/www.kaliupark.cat\" target=\"_blank\" rel=\"noreferrer noopener\" aria-label=\"Consulta tots els horaris a www.kaliupark.cat (s'obre en una nova pestanya)\">www.kaliupark.cat.<\/a><\/strong><\/p>\n\n\n\n\n","protected":false},"excerpt":{"rendered":"<p>La pista i el tobogan de gel tornen a obrir el cap de setmana del 14 al 16 de desembre, i a partir de divendres 21 obrir\u00e0 tot el Kaliu Park, al complet, amb un espai de jocs, l\u00fadic i de tradicions i el gran Circ d&#8217;Hivern.<\/p>\n","protected":false},"author":1,"featured_media":6207,"comment_status":"closed","ping_status":"closed","sticky":false,"template":"","format":"standard","meta":{"_monsterinsights_skip_tracking":false,"_monsterinsights_sitenote_active":false,"_monsterinsights_sitenote_note":"","_monsterinsights_sitenote_category":0,"footnotes":""},"categories":[83],"tags":[],"class_list":["post-6206","post","type-post","status-publish","format-standard","has-post-thumbnail","hentry","category-noticies"],"yoast_head":"<!-- This site is optimized with the Yoast SEO plugin v27.5 - https:\/\/yoast.com\/product\/yoast-seo-wordpress\/ -->\n<title>El Kaliu Park omple de Nadal La Farga de L\u2019Hospitalet - La Farga L&#039;Hospitalet Centre d&#039;Activitats. La Farga GEM, S.A.<\/title>\n<meta name=\"description\" content=\"El proper divendres 21 obre Kaliu Park, l\u2019Espai L\u00fadic de Nadal de L\u2019Hospitalet, que inclou la gran pista de gel, el tobogan gegant, el Circ d\u2019Hivern, etc.\" \/>\n<meta name=\"robots\" content=\"index, follow, max-snippet:-1, max-image-preview:large, max-video-preview:-1\" \/>\n<link rel=\"canonical\" href=\"https:\/\/www.lafargalhospitalet.com\/ca\/torna-kaliu-park-farga-hospitalet\/\" \/>\n<meta property=\"og:locale\" content=\"ca_ES\" \/>\n<meta property=\"og:type\" content=\"article\" \/>\n<meta property=\"og:title\" content=\"El Kaliu Park omple de Nadal La Farga de L\u2019Hospitalet - La Farga L&#039;Hospitalet Centre d&#039;Activitats. La Farga GEM, S.A.\" \/>\n<meta property=\"og:description\" content=\"El proper divendres 21 obre Kaliu Park, l\u2019Espai L\u00fadic de Nadal de L\u2019Hospitalet, que inclou la gran pista de gel, el tobogan gegant, el Circ d\u2019Hivern, etc.\" \/>\n<meta property=\"og:url\" content=\"https:\/\/www.lafargalhospitalet.com\/ca\/torna-kaliu-park-farga-hospitalet\/\" \/>\n<meta property=\"og:site_name\" content=\"La Farga L&#039;Hospitalet Centre d&#039;Activitats. La Farga GEM, S.A.\" \/>\n<meta property=\"article:publisher\" content=\"https:\/\/www.facebook.com\/fargahospitalet\/\" \/>\n<meta property=\"article:published_time\" content=\"2018-12-13T12:17:34+00:00\" \/>\n<meta property=\"article:modified_time\" content=\"2025-11-03T17:28:05+00:00\" \/>\n<meta property=\"og:image\" content=\"https:\/\/www.lafargalhospitalet.com\/wp-content\/uploads\/2018\/12\/Kaliu-Farga-2018.jpg\" \/>\n\t<meta property=\"og:image:width\" content=\"730\" \/>\n\t<meta property=\"og:image:height\" content=\"410\" \/>\n\t<meta property=\"og:image:type\" content=\"image\/jpeg\" \/>\n<meta name=\"author\" content=\"La Farga Centre d&#039;Activitats\" \/>\n<meta name=\"twitter:card\" content=\"summary_large_image\" \/>\n<meta name=\"twitter:creator\" content=\"@fargahospitalet\" \/>\n<meta name=\"twitter:site\" content=\"@fargahospitalet\" \/>\n<meta name=\"twitter:label1\" content=\"Escrit per\" \/>\n\t<meta name=\"twitter:data1\" content=\"La Farga Centre d&#039;Activitats\" \/>\n\t<meta name=\"twitter:label2\" content=\"Temps estimat de lectura\" \/>\n\t<meta name=\"twitter:data2\" content=\"3 minuts\" \/>\n<script type=\"application\/ld+json\" class=\"yoast-schema-graph\">{\"@context\":\"https:\\\/\\\/schema.org\",\"@graph\":[{\"@type\":\"Article\",\"@id\":\"https:\\\/\\\/www.lafargalhospitalet.com\\\/ca\\\/torna-kaliu-park-farga-hospitalet\\\/#article\",\"isPartOf\":{\"@id\":\"https:\\\/\\\/www.lafargalhospitalet.com\\\/ca\\\/torna-kaliu-park-farga-hospitalet\\\/\"},\"author\":{\"name\":\"La Farga Centre d'Activitats\",\"@id\":\"https:\\\/\\\/www.lafargalhospitalet.com\\\/#\\\/schema\\\/person\\\/6cbac0ef7748506b167ff859e1c7f378\"},\"headline\":\"El Kaliu Park omple de Nadal La Farga de L\u2019Hospitalet\",\"datePublished\":\"2018-12-13T12:17:34+00:00\",\"dateModified\":\"2025-11-03T17:28:05+00:00\",\"mainEntityOfPage\":{\"@id\":\"https:\\\/\\\/www.lafargalhospitalet.com\\\/ca\\\/torna-kaliu-park-farga-hospitalet\\\/\"},\"wordCount\":553,\"publisher\":{\"@id\":\"https:\\\/\\\/www.lafargalhospitalet.com\\\/#organization\"},\"image\":{\"@id\":\"https:\\\/\\\/www.lafargalhospitalet.com\\\/ca\\\/torna-kaliu-park-farga-hospitalet\\\/#primaryimage\"},\"thumbnailUrl\":\"https:\\\/\\\/www.lafargalhospitalet.com\\\/wp-content\\\/uploads\\\/2018\\\/12\\\/Kaliu-Farga-2018.jpg\",\"articleSection\":[\"Noticies\"],\"inLanguage\":\"ca\"},{\"@type\":\"WebPage\",\"@id\":\"https:\\\/\\\/www.lafargalhospitalet.com\\\/ca\\\/torna-kaliu-park-farga-hospitalet\\\/\",\"url\":\"https:\\\/\\\/www.lafargalhospitalet.com\\\/ca\\\/torna-kaliu-park-farga-hospitalet\\\/\",\"name\":\"El Kaliu Park omple de Nadal La Farga de L\u2019Hospitalet - La Farga L&#039;Hospitalet Centre d&#039;Activitats. La Farga GEM, S.A.\",\"isPartOf\":{\"@id\":\"https:\\\/\\\/www.lafargalhospitalet.com\\\/#website\"},\"primaryImageOfPage\":{\"@id\":\"https:\\\/\\\/www.lafargalhospitalet.com\\\/ca\\\/torna-kaliu-park-farga-hospitalet\\\/#primaryimage\"},\"image\":{\"@id\":\"https:\\\/\\\/www.lafargalhospitalet.com\\\/ca\\\/torna-kaliu-park-farga-hospitalet\\\/#primaryimage\"},\"thumbnailUrl\":\"https:\\\/\\\/www.lafargalhospitalet.com\\\/wp-content\\\/uploads\\\/2018\\\/12\\\/Kaliu-Farga-2018.jpg\",\"datePublished\":\"2018-12-13T12:17:34+00:00\",\"dateModified\":\"2025-11-03T17:28:05+00:00\",\"description\":\"El proper divendres 21 obre Kaliu Park, l\u2019Espai L\u00fadic de Nadal de L\u2019Hospitalet, que inclou la gran pista de gel, el tobogan gegant, el Circ d\u2019Hivern, etc.\",\"breadcrumb\":{\"@id\":\"https:\\\/\\\/www.lafargalhospitalet.com\\\/ca\\\/torna-kaliu-park-farga-hospitalet\\\/#breadcrumb\"},\"inLanguage\":\"ca\",\"potentialAction\":[{\"@type\":\"ReadAction\",\"target\":[\"https:\\\/\\\/www.lafargalhospitalet.com\\\/ca\\\/torna-kaliu-park-farga-hospitalet\\\/\"]}]},{\"@type\":\"ImageObject\",\"inLanguage\":\"ca\",\"@id\":\"https:\\\/\\\/www.lafargalhospitalet.com\\\/ca\\\/torna-kaliu-park-farga-hospitalet\\\/#primaryimage\",\"url\":\"https:\\\/\\\/www.lafargalhospitalet.com\\\/wp-content\\\/uploads\\\/2018\\\/12\\\/Kaliu-Farga-2018.jpg\",\"contentUrl\":\"https:\\\/\\\/www.lafargalhospitalet.com\\\/wp-content\\\/uploads\\\/2018\\\/12\\\/Kaliu-Farga-2018.jpg\",\"width\":730,\"height\":410,\"caption\":\"Kaliu Park Farga\"},{\"@type\":\"BreadcrumbList\",\"@id\":\"https:\\\/\\\/www.lafargalhospitalet.com\\\/ca\\\/torna-kaliu-park-farga-hospitalet\\\/#breadcrumb\",\"itemListElement\":[{\"@type\":\"ListItem\",\"position\":1,\"name\":\"Portada\",\"item\":\"https:\\\/\\\/www.lafargalhospitalet.com\\\/\"},{\"@type\":\"ListItem\",\"position\":2,\"name\":\"El Kaliu Park omple de Nadal La Farga de L\u2019Hospitalet\"}]},{\"@type\":\"WebSite\",\"@id\":\"https:\\\/\\\/www.lafargalhospitalet.com\\\/#website\",\"url\":\"https:\\\/\\\/www.lafargalhospitalet.com\\\/\",\"name\":\"La Farga L'Hospitalet Centre d'Activitats. La Farga GEM, S.A.\",\"description\":\"La Farga L&#039;Hospitalet Centre d&#039;Activitats. Gestionat per La Farga GEM, S.A. Fires i Congressos. Concerts, exposicions, reunions, filmacions, sopars de gala.\",\"publisher\":{\"@id\":\"https:\\\/\\\/www.lafargalhospitalet.com\\\/#organization\"},\"potentialAction\":[{\"@type\":\"SearchAction\",\"target\":{\"@type\":\"EntryPoint\",\"urlTemplate\":\"https:\\\/\\\/www.lafargalhospitalet.com\\\/?s={search_term_string}\"},\"query-input\":{\"@type\":\"PropertyValueSpecification\",\"valueRequired\":true,\"valueName\":\"search_term_string\"}}],\"inLanguage\":\"ca\"},{\"@type\":\"Organization\",\"@id\":\"https:\\\/\\\/www.lafargalhospitalet.com\\\/#organization\",\"name\":\"La Farga L'Hospitalet Centre d'Activitats. La Farga GEM, S.A.\",\"url\":\"https:\\\/\\\/www.lafargalhospitalet.com\\\/\",\"logo\":{\"@type\":\"ImageObject\",\"inLanguage\":\"ca\",\"@id\":\"https:\\\/\\\/www.lafargalhospitalet.com\\\/#\\\/schema\\\/logo\\\/image\\\/\",\"url\":\"https:\\\/\\\/www.lafargalhospitalet.com\\\/wp-content\\\/uploads\\\/2025\\\/10\\\/logotipo_lafarga_centre_activitats.png\",\"contentUrl\":\"https:\\\/\\\/www.lafargalhospitalet.com\\\/wp-content\\\/uploads\\\/2025\\\/10\\\/logotipo_lafarga_centre_activitats.png\",\"width\":266,\"height\":101,\"caption\":\"La Farga L'Hospitalet Centre d'Activitats. La Farga GEM, S.A.\"},\"image\":{\"@id\":\"https:\\\/\\\/www.lafargalhospitalet.com\\\/#\\\/schema\\\/logo\\\/image\\\/\"},\"sameAs\":[\"https:\\\/\\\/www.facebook.com\\\/fargahospitalet\\\/\",\"https:\\\/\\\/x.com\\\/fargahospitalet\",\"https:\\\/\\\/www.instagram.com\\\/lafargahospitalet\\\/\",\"https:\\\/\\\/www.youtube.com\\\/channel\\\/UCoLt6hen3PqGXgbLMGI3Qdw\",\"https:\\\/\\\/www.flickr.com\\\/photos\\\/lafargagemsa\\\/albums\"]},{\"@type\":\"Person\",\"@id\":\"https:\\\/\\\/www.lafargalhospitalet.com\\\/#\\\/schema\\\/person\\\/6cbac0ef7748506b167ff859e1c7f378\",\"name\":\"La Farga Centre d'Activitats\",\"sameAs\":[\"https:\\\/\\\/www.lafargalhospitalet.com\"],\"url\":\"https:\\\/\\\/www.lafargalhospitalet.com\\\/ca\\\/author\\\/far25gmin\\\/\"}]}<\/script>\n<!-- \/ Yoast SEO plugin. -->","yoast_head_json":{"title":"El Kaliu Park omple de Nadal La Farga de L\u2019Hospitalet - La Farga L&#039;Hospitalet Centre d&#039;Activitats. La Farga GEM, S.A.","description":"El proper divendres 21 obre Kaliu Park, l\u2019Espai L\u00fadic de Nadal de L\u2019Hospitalet, que inclou la gran pista de gel, el tobogan gegant, el Circ d\u2019Hivern, etc.","robots":{"index":"index","follow":"follow","max-snippet":"max-snippet:-1","max-image-preview":"max-image-preview:large","max-video-preview":"max-video-preview:-1"},"canonical":"https:\/\/www.lafargalhospitalet.com\/ca\/torna-kaliu-park-farga-hospitalet\/","og_locale":"ca_ES","og_type":"article","og_title":"El Kaliu Park omple de Nadal La Farga de L\u2019Hospitalet - La Farga L&#039;Hospitalet Centre d&#039;Activitats. La Farga GEM, S.A.","og_description":"El proper divendres 21 obre Kaliu Park, l\u2019Espai L\u00fadic de Nadal de L\u2019Hospitalet, que inclou la gran pista de gel, el tobogan gegant, el Circ d\u2019Hivern, etc.","og_url":"https:\/\/www.lafargalhospitalet.com\/ca\/torna-kaliu-park-farga-hospitalet\/","og_site_name":"La Farga L&#039;Hospitalet Centre d&#039;Activitats. La Farga GEM, S.A.","article_publisher":"https:\/\/www.facebook.com\/fargahospitalet\/","article_published_time":"2018-12-13T12:17:34+00:00","article_modified_time":"2025-11-03T17:28:05+00:00","og_image":[{"width":730,"height":410,"url":"https:\/\/www.lafargalhospitalet.com\/wp-content\/uploads\/2018\/12\/Kaliu-Farga-2018.jpg","type":"image\/jpeg"}],"author":"La Farga Centre d'Activitats","twitter_card":"summary_large_image","twitter_creator":"@fargahospitalet","twitter_site":"@fargahospitalet","twitter_misc":{"Escrit per":"La Farga Centre d'Activitats","Temps estimat de lectura":"3 minuts"},"schema":{"@context":"https:\/\/schema.org","@graph":[{"@type":"Article","@id":"https:\/\/www.lafargalhospitalet.com\/ca\/torna-kaliu-park-farga-hospitalet\/#article","isPartOf":{"@id":"https:\/\/www.lafargalhospitalet.com\/ca\/torna-kaliu-park-farga-hospitalet\/"},"author":{"name":"La Farga Centre d'Activitats","@id":"https:\/\/www.lafargalhospitalet.com\/#\/schema\/person\/6cbac0ef7748506b167ff859e1c7f378"},"headline":"El Kaliu Park omple de Nadal La Farga de L\u2019Hospitalet","datePublished":"2018-12-13T12:17:34+00:00","dateModified":"2025-11-03T17:28:05+00:00","mainEntityOfPage":{"@id":"https:\/\/www.lafargalhospitalet.com\/ca\/torna-kaliu-park-farga-hospitalet\/"},"wordCount":553,"publisher":{"@id":"https:\/\/www.lafargalhospitalet.com\/#organization"},"image":{"@id":"https:\/\/www.lafargalhospitalet.com\/ca\/torna-kaliu-park-farga-hospitalet\/#primaryimage"},"thumbnailUrl":"https:\/\/www.lafargalhospitalet.com\/wp-content\/uploads\/2018\/12\/Kaliu-Farga-2018.jpg","articleSection":["Noticies"],"inLanguage":"ca"},{"@type":"WebPage","@id":"https:\/\/www.lafargalhospitalet.com\/ca\/torna-kaliu-park-farga-hospitalet\/","url":"https:\/\/www.lafargalhospitalet.com\/ca\/torna-kaliu-park-farga-hospitalet\/","name":"El Kaliu Park omple de Nadal La Farga de L\u2019Hospitalet - La Farga L&#039;Hospitalet Centre d&#039;Activitats. La Farga GEM, S.A.","isPartOf":{"@id":"https:\/\/www.lafargalhospitalet.com\/#website"},"primaryImageOfPage":{"@id":"https:\/\/www.lafargalhospitalet.com\/ca\/torna-kaliu-park-farga-hospitalet\/#primaryimage"},"image":{"@id":"https:\/\/www.lafargalhospitalet.com\/ca\/torna-kaliu-park-farga-hospitalet\/#primaryimage"},"thumbnailUrl":"https:\/\/www.lafargalhospitalet.com\/wp-content\/uploads\/2018\/12\/Kaliu-Farga-2018.jpg","datePublished":"2018-12-13T12:17:34+00:00","dateModified":"2025-11-03T17:28:05+00:00","description":"El proper divendres 21 obre Kaliu Park, l\u2019Espai L\u00fadic de Nadal de L\u2019Hospitalet, que inclou la gran pista de gel, el tobogan gegant, el Circ d\u2019Hivern, etc.","breadcrumb":{"@id":"https:\/\/www.lafargalhospitalet.com\/ca\/torna-kaliu-park-farga-hospitalet\/#breadcrumb"},"inLanguage":"ca","potentialAction":[{"@type":"ReadAction","target":["https:\/\/www.lafargalhospitalet.com\/ca\/torna-kaliu-park-farga-hospitalet\/"]}]},{"@type":"ImageObject","inLanguage":"ca","@id":"https:\/\/www.lafargalhospitalet.com\/ca\/torna-kaliu-park-farga-hospitalet\/#primaryimage","url":"https:\/\/www.lafargalhospitalet.com\/wp-content\/uploads\/2018\/12\/Kaliu-Farga-2018.jpg","contentUrl":"https:\/\/www.lafargalhospitalet.com\/wp-content\/uploads\/2018\/12\/Kaliu-Farga-2018.jpg","width":730,"height":410,"caption":"Kaliu Park Farga"},{"@type":"BreadcrumbList","@id":"https:\/\/www.lafargalhospitalet.com\/ca\/torna-kaliu-park-farga-hospitalet\/#breadcrumb","itemListElement":[{"@type":"ListItem","position":1,"name":"Portada","item":"https:\/\/www.lafargalhospitalet.com\/"},{"@type":"ListItem","position":2,"name":"El Kaliu Park omple de Nadal La Farga de L\u2019Hospitalet"}]},{"@type":"WebSite","@id":"https:\/\/www.lafargalhospitalet.com\/#website","url":"https:\/\/www.lafargalhospitalet.com\/","name":"La Farga L'Hospitalet Centre d'Activitats. La Farga GEM, S.A.","description":"La Farga L&#039;Hospitalet Centre d&#039;Activitats. Gestionat per La Farga GEM, S.A. Fires i Congressos. Concerts, exposicions, reunions, filmacions, sopars de gala.","publisher":{"@id":"https:\/\/www.lafargalhospitalet.com\/#organization"},"potentialAction":[{"@type":"SearchAction","target":{"@type":"EntryPoint","urlTemplate":"https:\/\/www.lafargalhospitalet.com\/?s={search_term_string}"},"query-input":{"@type":"PropertyValueSpecification","valueRequired":true,"valueName":"search_term_string"}}],"inLanguage":"ca"},{"@type":"Organization","@id":"https:\/\/www.lafargalhospitalet.com\/#organization","name":"La Farga L'Hospitalet Centre d'Activitats. La Farga GEM, S.A.","url":"https:\/\/www.lafargalhospitalet.com\/","logo":{"@type":"ImageObject","inLanguage":"ca","@id":"https:\/\/www.lafargalhospitalet.com\/#\/schema\/logo\/image\/","url":"https:\/\/www.lafargalhospitalet.com\/wp-content\/uploads\/2025\/10\/logotipo_lafarga_centre_activitats.png","contentUrl":"https:\/\/www.lafargalhospitalet.com\/wp-content\/uploads\/2025\/10\/logotipo_lafarga_centre_activitats.png","width":266,"height":101,"caption":"La Farga L'Hospitalet Centre d'Activitats. La Farga GEM, S.A."},"image":{"@id":"https:\/\/www.lafargalhospitalet.com\/#\/schema\/logo\/image\/"},"sameAs":["https:\/\/www.facebook.com\/fargahospitalet\/","https:\/\/x.com\/fargahospitalet","https:\/\/www.instagram.com\/lafargahospitalet\/","https:\/\/www.youtube.com\/channel\/UCoLt6hen3PqGXgbLMGI3Qdw","https:\/\/www.flickr.com\/photos\/lafargagemsa\/albums"]},{"@type":"Person","@id":"https:\/\/www.lafargalhospitalet.com\/#\/schema\/person\/6cbac0ef7748506b167ff859e1c7f378","name":"La Farga Centre d'Activitats","sameAs":["https:\/\/www.lafargalhospitalet.com"],"url":"https:\/\/www.lafargalhospitalet.com\/ca\/author\/far25gmin\/"}]}},"_links":{"self":[{"href":"https:\/\/www.lafargalhospitalet.com\/ca\/wp-json\/wp\/v2\/posts\/6206","targetHints":{"allow":["GET"]}}],"collection":[{"href":"https:\/\/www.lafargalhospitalet.com\/ca\/wp-json\/wp\/v2\/posts"}],"about":[{"href":"https:\/\/www.lafargalhospitalet.com\/ca\/wp-json\/wp\/v2\/types\/post"}],"author":[{"embeddable":true,"href":"https:\/\/www.lafargalhospitalet.com\/ca\/wp-json\/wp\/v2\/users\/1"}],"replies":[{"embeddable":true,"href":"https:\/\/www.lafargalhospitalet.com\/ca\/wp-json\/wp\/v2\/comments?post=6206"}],"version-history":[{"count":0,"href":"https:\/\/www.lafargalhospitalet.com\/ca\/wp-json\/wp\/v2\/posts\/6206\/revisions"}],"wp:featuredmedia":[{"embeddable":true,"href":"https:\/\/www.lafargalhospitalet.com\/ca\/wp-json\/wp\/v2\/media\/6207"}],"wp:attachment":[{"href":"https:\/\/www.lafargalhospitalet.com\/ca\/wp-json\/wp\/v2\/media?parent=6206"}],"wp:term":[{"taxonomy":"category","embeddable":true,"href":"https:\/\/www.lafargalhospitalet.com\/ca\/wp-json\/wp\/v2\/categories?post=6206"},{"taxonomy":"post_tag","embeddable":true,"href":"https:\/\/www.lafargalhospitalet.com\/ca\/wp-json\/wp\/v2\/tags?post=6206"}],"curies":[{"name":"wp","href":"https:\/\/api.w.org\/{rel}","templated":true}]}}