{"id":6265,"date":"2019-01-09T12:02:37","date_gmt":"2019-01-09T11:02:37","guid":{"rendered":"http:\/\/www.lafargalhospitalet.com\/?p=6265"},"modified":"2025-11-03T18:28:05","modified_gmt":"2025-11-03T17:28:05","slug":"kaliu-park-tanca-amb-125-000-visitants-i-mes-patinadors","status":"publish","type":"post","link":"https:\/\/www.lafargalhospitalet.com\/ca\/kaliu-park-tanca-amb-125-000-visitants-i-mes-patinadors\/","title":{"rendered":"Kaliu Park tanca amb 125.000 visitants i m\u00e9s patinadors"},"content":{"rendered":"<h5>M\u00e9s usuaris a l&#8217;espai de gel<\/h5>\n<p><a href=\"http:\/\/kaliupark.cat\/\" target=\"_blank\" rel=\"noopener noreferrer\"><strong>Kaliu Park<\/strong><\/a>, l\u2019Espai L\u00fadic de Nadal de L\u2019Hospitalet ha tancat les seves portes amb un increment d\u2019usuaris de l\u2019espai de gel, la pista de patinatge i tobogan.<\/p>\n<p>Aquestes festes de Nadal han passat per La Farga Centre d\u2019Activitats m\u00e9s de 125.000 persones, xifra que consolida aquesta proposta d\u2019oci i lleure en el calendari nadalenc.<\/p>\n<p>D\u2019aquesta xifra tamb\u00e9 es despr\u00e8n que han estat m\u00e9s els usuaris de la pista de patinatge i tobogan que en altres edicions, amb la qual cosa Kaliu Park \u00e9s un referent per aquells aficionats a lliscar sobre gel.<\/p>\n<p>La gran pista de patinatge ha estat la quarta edici\u00f3 que s\u2019ha instal\u00b7lat a La Farga, amb els seus 1.600 m2 de superf\u00edcie gelada, a banda de la pista de 200 m2 reservada per als m\u00e9s menuts.<\/p>\n<p>El tobogan ha tornat a ser la gran atracci\u00f3 del recinte i han estat molts joves i adults que han lliscat pels 40 metres de llargada.<\/p>\n<p>Les empreses encarregades d\u2019aquestes dues instal\u00b7lacions han estat N-Ice i WWIP, amb for\u00e7a experi\u00e8ncia en aquest sector.<\/p>\n<p>Una altra de les atraccions del Kaliu Park ha estat el Circ d\u2019Hivern instal\u00b7lat per l\u2019entitat hospitalenca Per amor a l\u2019Hart, que cada sessi\u00f3 ha esgotat el seu aforament per veure l\u2019espectacle \u201cTulpa\u201d.<\/p>\n<p>L\u2019escenari destinat a la dansa urbana tamb\u00e9 ha brillat amb for\u00e7a aquest any. Sreet Dance Area amb les seves exhibicions di\u00e0ries ha causat sensacions noves, en especial el Campionat de Dansa Urbana que s\u2019ha celebrat a La Farga i que ha aplegat for\u00e7a p\u00fablic.<\/p>\n<p>Per \u00faltim cal destacar que l\u2019espai Kaliu L\u00fadic, com cada any, ha tingut la participaci\u00f3 de les fam\u00edlies amb les propostes del M\u00f3n de Joc, espais interactius que requereixen les habilitats dels m\u00e9s petits, i la interacci\u00f3 tamb\u00e9 amb els adults de les fam\u00edlies.<\/p>\n<p><strong>\u00c0lbum de fotografies<\/strong><br \/>\n<a title=\"KALIU PARK 2018\" href=\"https:\/\/www.flickr.com\/photos\/lafargagemsa\/albums\/72157690227099583\" data-flickr-embed=\"true\"><img fetchpriority=\"high\" decoding=\"async\" src=\"https:\/\/farm8.staticflickr.com\/7921\/47309421791_d441cb7aed_z.jpg\" alt=\"KALIU PARK 2018\" width=\"640\" height=\"426\" \/><\/a><script async src=\"\/\/embedr.flickr.com\/assets\/client-code.js\" charset=\"utf-8\"><\/script><\/p>\n","protected":false},"excerpt":{"rendered":"<p>Kaliu Park, l\u2019Espai L\u00fadic de Nadal de L\u2019Hospitalet ha tancat les seves portes amb un increment d\u2019usuaris de l\u2019espai de gel, la pista de patinatge i tobogan.<\/p>\n","protected":false},"author":1,"featured_media":6266,"comment_status":"closed","ping_status":"closed","sticky":false,"template":"","format":"standard","meta":{"_monsterinsights_skip_tracking":false,"_monsterinsights_sitenote_active":false,"_monsterinsights_sitenote_note":"","_monsterinsights_sitenote_category":0,"footnotes":""},"categories":[83],"tags":[],"class_list":["post-6265","post","type-post","status-publish","format-standard","has-post-thumbnail","hentry","category-noticies"],"yoast_head":"<!-- This site is optimized with the Yoast SEO plugin v27.5 - https:\/\/yoast.com\/product\/yoast-seo-wordpress\/ -->\n<title>Kaliu Park tanca amb 125.000 visitants i m\u00e9s patinadors - La Farga L&#039;Hospitalet Centre d&#039;Activitats. La Farga GEM, S.A.<\/title>\n<meta name=\"description\" content=\"Kaliu Park, l\u2019Espai L\u00fadic de Nadal de ha tancat les seves portes amb un increment d\u2019usuaris de l\u2019espai de gel, de patinadors i en el tobogan.\" \/>\n<meta name=\"robots\" content=\"index, follow, max-snippet:-1, max-image-preview:large, max-video-preview:-1\" \/>\n<link rel=\"canonical\" href=\"https:\/\/www.lafargalhospitalet.com\/ca\/kaliu-park-tanca-amb-125-000-visitants-i-mes-patinadors\/\" \/>\n<meta property=\"og:locale\" content=\"ca_ES\" \/>\n<meta property=\"og:type\" content=\"article\" \/>\n<meta property=\"og:title\" content=\"Kaliu Park tanca amb 125.000 visitants i m\u00e9s patinadors - La Farga L&#039;Hospitalet Centre d&#039;Activitats. La Farga GEM, S.A.\" \/>\n<meta property=\"og:description\" content=\"Kaliu Park, l\u2019Espai L\u00fadic de Nadal de ha tancat les seves portes amb un increment d\u2019usuaris de l\u2019espai de gel, de patinadors i en el tobogan.\" \/>\n<meta property=\"og:url\" content=\"https:\/\/www.lafargalhospitalet.com\/ca\/kaliu-park-tanca-amb-125-000-visitants-i-mes-patinadors\/\" \/>\n<meta property=\"og:site_name\" content=\"La Farga L&#039;Hospitalet Centre d&#039;Activitats. La Farga GEM, S.A.\" \/>\n<meta property=\"article:publisher\" content=\"https:\/\/www.facebook.com\/fargahospitalet\/\" \/>\n<meta property=\"article:published_time\" content=\"2019-01-09T11:02:37+00:00\" \/>\n<meta property=\"article:modified_time\" content=\"2025-11-03T17:28:05+00:00\" \/>\n<meta property=\"og:image\" content=\"https:\/\/www.lafargalhospitalet.com\/wp-content\/uploads\/2019\/01\/Kaliu-Farga-18-Resum.jpg\" \/>\n\t<meta property=\"og:image:width\" content=\"730\" \/>\n\t<meta property=\"og:image:height\" content=\"410\" \/>\n\t<meta property=\"og:image:type\" content=\"image\/jpeg\" \/>\n<meta name=\"author\" content=\"La Farga Centre d&#039;Activitats\" \/>\n<meta name=\"twitter:card\" content=\"summary_large_image\" \/>\n<meta name=\"twitter:creator\" content=\"@fargahospitalet\" \/>\n<meta name=\"twitter:site\" content=\"@fargahospitalet\" \/>\n<meta name=\"twitter:label1\" content=\"Escrit per\" \/>\n\t<meta name=\"twitter:data1\" content=\"La Farga Centre d&#039;Activitats\" \/>\n\t<meta name=\"twitter:label2\" content=\"Temps estimat de lectura\" \/>\n\t<meta name=\"twitter:data2\" content=\"2 minuts\" \/>\n<script type=\"application\/ld+json\" class=\"yoast-schema-graph\">{\"@context\":\"https:\\\/\\\/schema.org\",\"@graph\":[{\"@type\":\"Article\",\"@id\":\"https:\\\/\\\/www.lafargalhospitalet.com\\\/ca\\\/kaliu-park-tanca-amb-125-000-visitants-i-mes-patinadors\\\/#article\",\"isPartOf\":{\"@id\":\"https:\\\/\\\/www.lafargalhospitalet.com\\\/ca\\\/kaliu-park-tanca-amb-125-000-visitants-i-mes-patinadors\\\/\"},\"author\":{\"name\":\"La Farga Centre d'Activitats\",\"@id\":\"https:\\\/\\\/www.lafargalhospitalet.com\\\/#\\\/schema\\\/person\\\/6cbac0ef7748506b167ff859e1c7f378\"},\"headline\":\"Kaliu Park tanca amb 125.000 visitants i m\u00e9s patinadors\",\"datePublished\":\"2019-01-09T11:02:37+00:00\",\"dateModified\":\"2025-11-03T17:28:05+00:00\",\"mainEntityOfPage\":{\"@id\":\"https:\\\/\\\/www.lafargalhospitalet.com\\\/ca\\\/kaliu-park-tanca-amb-125-000-visitants-i-mes-patinadors\\\/\"},\"wordCount\":345,\"publisher\":{\"@id\":\"https:\\\/\\\/www.lafargalhospitalet.com\\\/#organization\"},\"image\":{\"@id\":\"https:\\\/\\\/www.lafargalhospitalet.com\\\/ca\\\/kaliu-park-tanca-amb-125-000-visitants-i-mes-patinadors\\\/#primaryimage\"},\"thumbnailUrl\":\"https:\\\/\\\/www.lafargalhospitalet.com\\\/wp-content\\\/uploads\\\/2019\\\/01\\\/Kaliu-Farga-18-Resum.jpg\",\"articleSection\":[\"Noticies\"],\"inLanguage\":\"ca\"},{\"@type\":\"WebPage\",\"@id\":\"https:\\\/\\\/www.lafargalhospitalet.com\\\/ca\\\/kaliu-park-tanca-amb-125-000-visitants-i-mes-patinadors\\\/\",\"url\":\"https:\\\/\\\/www.lafargalhospitalet.com\\\/ca\\\/kaliu-park-tanca-amb-125-000-visitants-i-mes-patinadors\\\/\",\"name\":\"Kaliu Park tanca amb 125.000 visitants i m\u00e9s patinadors - La Farga L&#039;Hospitalet Centre d&#039;Activitats. La Farga GEM, S.A.\",\"isPartOf\":{\"@id\":\"https:\\\/\\\/www.lafargalhospitalet.com\\\/#website\"},\"primaryImageOfPage\":{\"@id\":\"https:\\\/\\\/www.lafargalhospitalet.com\\\/ca\\\/kaliu-park-tanca-amb-125-000-visitants-i-mes-patinadors\\\/#primaryimage\"},\"image\":{\"@id\":\"https:\\\/\\\/www.lafargalhospitalet.com\\\/ca\\\/kaliu-park-tanca-amb-125-000-visitants-i-mes-patinadors\\\/#primaryimage\"},\"thumbnailUrl\":\"https:\\\/\\\/www.lafargalhospitalet.com\\\/wp-content\\\/uploads\\\/2019\\\/01\\\/Kaliu-Farga-18-Resum.jpg\",\"datePublished\":\"2019-01-09T11:02:37+00:00\",\"dateModified\":\"2025-11-03T17:28:05+00:00\",\"description\":\"Kaliu Park, l\u2019Espai L\u00fadic de Nadal de ha tancat les seves portes amb un increment d\u2019usuaris de l\u2019espai de gel, de patinadors i en el tobogan.\",\"breadcrumb\":{\"@id\":\"https:\\\/\\\/www.lafargalhospitalet.com\\\/ca\\\/kaliu-park-tanca-amb-125-000-visitants-i-mes-patinadors\\\/#breadcrumb\"},\"inLanguage\":\"ca\",\"potentialAction\":[{\"@type\":\"ReadAction\",\"target\":[\"https:\\\/\\\/www.lafargalhospitalet.com\\\/ca\\\/kaliu-park-tanca-amb-125-000-visitants-i-mes-patinadors\\\/\"]}]},{\"@type\":\"ImageObject\",\"inLanguage\":\"ca\",\"@id\":\"https:\\\/\\\/www.lafargalhospitalet.com\\\/ca\\\/kaliu-park-tanca-amb-125-000-visitants-i-mes-patinadors\\\/#primaryimage\",\"url\":\"https:\\\/\\\/www.lafargalhospitalet.com\\\/wp-content\\\/uploads\\\/2019\\\/01\\\/Kaliu-Farga-18-Resum.jpg\",\"contentUrl\":\"https:\\\/\\\/www.lafargalhospitalet.com\\\/wp-content\\\/uploads\\\/2019\\\/01\\\/Kaliu-Farga-18-Resum.jpg\",\"width\":730,\"height\":410,\"caption\":\"Kaliu Park Patinadors\"},{\"@type\":\"BreadcrumbList\",\"@id\":\"https:\\\/\\\/www.lafargalhospitalet.com\\\/ca\\\/kaliu-park-tanca-amb-125-000-visitants-i-mes-patinadors\\\/#breadcrumb\",\"itemListElement\":[{\"@type\":\"ListItem\",\"position\":1,\"name\":\"Portada\",\"item\":\"https:\\\/\\\/www.lafargalhospitalet.com\\\/\"},{\"@type\":\"ListItem\",\"position\":2,\"name\":\"Kaliu Park tanca amb 125.000 visitants i m\u00e9s patinadors\"}]},{\"@type\":\"WebSite\",\"@id\":\"https:\\\/\\\/www.lafargalhospitalet.com\\\/#website\",\"url\":\"https:\\\/\\\/www.lafargalhospitalet.com\\\/\",\"name\":\"La Farga L'Hospitalet Centre d'Activitats. La Farga GEM, S.A.\",\"description\":\"La Farga L&#039;Hospitalet Centre d&#039;Activitats. Gestionat per La Farga GEM, S.A. Fires i Congressos. Concerts, exposicions, reunions, filmacions, sopars de gala.\",\"publisher\":{\"@id\":\"https:\\\/\\\/www.lafargalhospitalet.com\\\/#organization\"},\"potentialAction\":[{\"@type\":\"SearchAction\",\"target\":{\"@type\":\"EntryPoint\",\"urlTemplate\":\"https:\\\/\\\/www.lafargalhospitalet.com\\\/?s={search_term_string}\"},\"query-input\":{\"@type\":\"PropertyValueSpecification\",\"valueRequired\":true,\"valueName\":\"search_term_string\"}}],\"inLanguage\":\"ca\"},{\"@type\":\"Organization\",\"@id\":\"https:\\\/\\\/www.lafargalhospitalet.com\\\/#organization\",\"name\":\"La Farga L'Hospitalet Centre d'Activitats. La Farga GEM, S.A.\",\"url\":\"https:\\\/\\\/www.lafargalhospitalet.com\\\/\",\"logo\":{\"@type\":\"ImageObject\",\"inLanguage\":\"ca\",\"@id\":\"https:\\\/\\\/www.lafargalhospitalet.com\\\/#\\\/schema\\\/logo\\\/image\\\/\",\"url\":\"https:\\\/\\\/www.lafargalhospitalet.com\\\/wp-content\\\/uploads\\\/2025\\\/10\\\/logotipo_lafarga_centre_activitats.png\",\"contentUrl\":\"https:\\\/\\\/www.lafargalhospitalet.com\\\/wp-content\\\/uploads\\\/2025\\\/10\\\/logotipo_lafarga_centre_activitats.png\",\"width\":266,\"height\":101,\"caption\":\"La Farga L'Hospitalet Centre d'Activitats. La Farga GEM, S.A.\"},\"image\":{\"@id\":\"https:\\\/\\\/www.lafargalhospitalet.com\\\/#\\\/schema\\\/logo\\\/image\\\/\"},\"sameAs\":[\"https:\\\/\\\/www.facebook.com\\\/fargahospitalet\\\/\",\"https:\\\/\\\/x.com\\\/fargahospitalet\",\"https:\\\/\\\/www.instagram.com\\\/lafargahospitalet\\\/\",\"https:\\\/\\\/www.youtube.com\\\/channel\\\/UCoLt6hen3PqGXgbLMGI3Qdw\",\"https:\\\/\\\/www.flickr.com\\\/photos\\\/lafargagemsa\\\/albums\"]},{\"@type\":\"Person\",\"@id\":\"https:\\\/\\\/www.lafargalhospitalet.com\\\/#\\\/schema\\\/person\\\/6cbac0ef7748506b167ff859e1c7f378\",\"name\":\"La Farga Centre d'Activitats\",\"sameAs\":[\"https:\\\/\\\/www.lafargalhospitalet.com\"],\"url\":\"https:\\\/\\\/www.lafargalhospitalet.com\\\/ca\\\/author\\\/far25gmin\\\/\"}]}<\/script>\n<!-- \/ Yoast SEO plugin. -->","yoast_head_json":{"title":"Kaliu Park tanca amb 125.000 visitants i m\u00e9s patinadors - La Farga L&#039;Hospitalet Centre d&#039;Activitats. La Farga GEM, S.A.","description":"Kaliu Park, l\u2019Espai L\u00fadic de Nadal de ha tancat les seves portes amb un increment d\u2019usuaris de l\u2019espai de gel, de patinadors i en el tobogan.","robots":{"index":"index","follow":"follow","max-snippet":"max-snippet:-1","max-image-preview":"max-image-preview:large","max-video-preview":"max-video-preview:-1"},"canonical":"https:\/\/www.lafargalhospitalet.com\/ca\/kaliu-park-tanca-amb-125-000-visitants-i-mes-patinadors\/","og_locale":"ca_ES","og_type":"article","og_title":"Kaliu Park tanca amb 125.000 visitants i m\u00e9s patinadors - La Farga L&#039;Hospitalet Centre d&#039;Activitats. La Farga GEM, S.A.","og_description":"Kaliu Park, l\u2019Espai L\u00fadic de Nadal de ha tancat les seves portes amb un increment d\u2019usuaris de l\u2019espai de gel, de patinadors i en el tobogan.","og_url":"https:\/\/www.lafargalhospitalet.com\/ca\/kaliu-park-tanca-amb-125-000-visitants-i-mes-patinadors\/","og_site_name":"La Farga L&#039;Hospitalet Centre d&#039;Activitats. La Farga GEM, S.A.","article_publisher":"https:\/\/www.facebook.com\/fargahospitalet\/","article_published_time":"2019-01-09T11:02:37+00:00","article_modified_time":"2025-11-03T17:28:05+00:00","og_image":[{"width":730,"height":410,"url":"https:\/\/www.lafargalhospitalet.com\/wp-content\/uploads\/2019\/01\/Kaliu-Farga-18-Resum.jpg","type":"image\/jpeg"}],"author":"La Farga Centre d'Activitats","twitter_card":"summary_large_image","twitter_creator":"@fargahospitalet","twitter_site":"@fargahospitalet","twitter_misc":{"Escrit per":"La Farga Centre d'Activitats","Temps estimat de lectura":"2 minuts"},"schema":{"@context":"https:\/\/schema.org","@graph":[{"@type":"Article","@id":"https:\/\/www.lafargalhospitalet.com\/ca\/kaliu-park-tanca-amb-125-000-visitants-i-mes-patinadors\/#article","isPartOf":{"@id":"https:\/\/www.lafargalhospitalet.com\/ca\/kaliu-park-tanca-amb-125-000-visitants-i-mes-patinadors\/"},"author":{"name":"La Farga Centre d'Activitats","@id":"https:\/\/www.lafargalhospitalet.com\/#\/schema\/person\/6cbac0ef7748506b167ff859e1c7f378"},"headline":"Kaliu Park tanca amb 125.000 visitants i m\u00e9s patinadors","datePublished":"2019-01-09T11:02:37+00:00","dateModified":"2025-11-03T17:28:05+00:00","mainEntityOfPage":{"@id":"https:\/\/www.lafargalhospitalet.com\/ca\/kaliu-park-tanca-amb-125-000-visitants-i-mes-patinadors\/"},"wordCount":345,"publisher":{"@id":"https:\/\/www.lafargalhospitalet.com\/#organization"},"image":{"@id":"https:\/\/www.lafargalhospitalet.com\/ca\/kaliu-park-tanca-amb-125-000-visitants-i-mes-patinadors\/#primaryimage"},"thumbnailUrl":"https:\/\/www.lafargalhospitalet.com\/wp-content\/uploads\/2019\/01\/Kaliu-Farga-18-Resum.jpg","articleSection":["Noticies"],"inLanguage":"ca"},{"@type":"WebPage","@id":"https:\/\/www.lafargalhospitalet.com\/ca\/kaliu-park-tanca-amb-125-000-visitants-i-mes-patinadors\/","url":"https:\/\/www.lafargalhospitalet.com\/ca\/kaliu-park-tanca-amb-125-000-visitants-i-mes-patinadors\/","name":"Kaliu Park tanca amb 125.000 visitants i m\u00e9s patinadors - La Farga L&#039;Hospitalet Centre d&#039;Activitats. La Farga GEM, S.A.","isPartOf":{"@id":"https:\/\/www.lafargalhospitalet.com\/#website"},"primaryImageOfPage":{"@id":"https:\/\/www.lafargalhospitalet.com\/ca\/kaliu-park-tanca-amb-125-000-visitants-i-mes-patinadors\/#primaryimage"},"image":{"@id":"https:\/\/www.lafargalhospitalet.com\/ca\/kaliu-park-tanca-amb-125-000-visitants-i-mes-patinadors\/#primaryimage"},"thumbnailUrl":"https:\/\/www.lafargalhospitalet.com\/wp-content\/uploads\/2019\/01\/Kaliu-Farga-18-Resum.jpg","datePublished":"2019-01-09T11:02:37+00:00","dateModified":"2025-11-03T17:28:05+00:00","description":"Kaliu Park, l\u2019Espai L\u00fadic de Nadal de ha tancat les seves portes amb un increment d\u2019usuaris de l\u2019espai de gel, de patinadors i en el tobogan.","breadcrumb":{"@id":"https:\/\/www.lafargalhospitalet.com\/ca\/kaliu-park-tanca-amb-125-000-visitants-i-mes-patinadors\/#breadcrumb"},"inLanguage":"ca","potentialAction":[{"@type":"ReadAction","target":["https:\/\/www.lafargalhospitalet.com\/ca\/kaliu-park-tanca-amb-125-000-visitants-i-mes-patinadors\/"]}]},{"@type":"ImageObject","inLanguage":"ca","@id":"https:\/\/www.lafargalhospitalet.com\/ca\/kaliu-park-tanca-amb-125-000-visitants-i-mes-patinadors\/#primaryimage","url":"https:\/\/www.lafargalhospitalet.com\/wp-content\/uploads\/2019\/01\/Kaliu-Farga-18-Resum.jpg","contentUrl":"https:\/\/www.lafargalhospitalet.com\/wp-content\/uploads\/2019\/01\/Kaliu-Farga-18-Resum.jpg","width":730,"height":410,"caption":"Kaliu Park Patinadors"},{"@type":"BreadcrumbList","@id":"https:\/\/www.lafargalhospitalet.com\/ca\/kaliu-park-tanca-amb-125-000-visitants-i-mes-patinadors\/#breadcrumb","itemListElement":[{"@type":"ListItem","position":1,"name":"Portada","item":"https:\/\/www.lafargalhospitalet.com\/"},{"@type":"ListItem","position":2,"name":"Kaliu Park tanca amb 125.000 visitants i m\u00e9s patinadors"}]},{"@type":"WebSite","@id":"https:\/\/www.lafargalhospitalet.com\/#website","url":"https:\/\/www.lafargalhospitalet.com\/","name":"La Farga L'Hospitalet Centre d'Activitats. La Farga GEM, S.A.","description":"La Farga L&#039;Hospitalet Centre d&#039;Activitats. Gestionat per La Farga GEM, S.A. Fires i Congressos. Concerts, exposicions, reunions, filmacions, sopars de gala.","publisher":{"@id":"https:\/\/www.lafargalhospitalet.com\/#organization"},"potentialAction":[{"@type":"SearchAction","target":{"@type":"EntryPoint","urlTemplate":"https:\/\/www.lafargalhospitalet.com\/?s={search_term_string}"},"query-input":{"@type":"PropertyValueSpecification","valueRequired":true,"valueName":"search_term_string"}}],"inLanguage":"ca"},{"@type":"Organization","@id":"https:\/\/www.lafargalhospitalet.com\/#organization","name":"La Farga L'Hospitalet Centre d'Activitats. La Farga GEM, S.A.","url":"https:\/\/www.lafargalhospitalet.com\/","logo":{"@type":"ImageObject","inLanguage":"ca","@id":"https:\/\/www.lafargalhospitalet.com\/#\/schema\/logo\/image\/","url":"https:\/\/www.lafargalhospitalet.com\/wp-content\/uploads\/2025\/10\/logotipo_lafarga_centre_activitats.png","contentUrl":"https:\/\/www.lafargalhospitalet.com\/wp-content\/uploads\/2025\/10\/logotipo_lafarga_centre_activitats.png","width":266,"height":101,"caption":"La Farga L'Hospitalet Centre d'Activitats. La Farga GEM, S.A."},"image":{"@id":"https:\/\/www.lafargalhospitalet.com\/#\/schema\/logo\/image\/"},"sameAs":["https:\/\/www.facebook.com\/fargahospitalet\/","https:\/\/x.com\/fargahospitalet","https:\/\/www.instagram.com\/lafargahospitalet\/","https:\/\/www.youtube.com\/channel\/UCoLt6hen3PqGXgbLMGI3Qdw","https:\/\/www.flickr.com\/photos\/lafargagemsa\/albums"]},{"@type":"Person","@id":"https:\/\/www.lafargalhospitalet.com\/#\/schema\/person\/6cbac0ef7748506b167ff859e1c7f378","name":"La Farga Centre d'Activitats","sameAs":["https:\/\/www.lafargalhospitalet.com"],"url":"https:\/\/www.lafargalhospitalet.com\/ca\/author\/far25gmin\/"}]}},"_links":{"self":[{"href":"https:\/\/www.lafargalhospitalet.com\/ca\/wp-json\/wp\/v2\/posts\/6265","targetHints":{"allow":["GET"]}}],"collection":[{"href":"https:\/\/www.lafargalhospitalet.com\/ca\/wp-json\/wp\/v2\/posts"}],"about":[{"href":"https:\/\/www.lafargalhospitalet.com\/ca\/wp-json\/wp\/v2\/types\/post"}],"author":[{"embeddable":true,"href":"https:\/\/www.lafargalhospitalet.com\/ca\/wp-json\/wp\/v2\/users\/1"}],"replies":[{"embeddable":true,"href":"https:\/\/www.lafargalhospitalet.com\/ca\/wp-json\/wp\/v2\/comments?post=6265"}],"version-history":[{"count":0,"href":"https:\/\/www.lafargalhospitalet.com\/ca\/wp-json\/wp\/v2\/posts\/6265\/revisions"}],"wp:featuredmedia":[{"embeddable":true,"href":"https:\/\/www.lafargalhospitalet.com\/ca\/wp-json\/wp\/v2\/media\/6266"}],"wp:attachment":[{"href":"https:\/\/www.lafargalhospitalet.com\/ca\/wp-json\/wp\/v2\/media?parent=6265"}],"wp:term":[{"taxonomy":"category","embeddable":true,"href":"https:\/\/www.lafargalhospitalet.com\/ca\/wp-json\/wp\/v2\/categories?post=6265"},{"taxonomy":"post_tag","embeddable":true,"href":"https:\/\/www.lafargalhospitalet.com\/ca\/wp-json\/wp\/v2\/tags?post=6265"}],"curies":[{"name":"wp","href":"https:\/\/api.w.org\/{rel}","templated":true}]}}