{"id":6287,"date":"2019-01-15T14:02:50","date_gmt":"2019-01-15T13:02:50","guid":{"rendered":"http:\/\/www.lafargalhospitalet.com\/?p=6287"},"modified":"2025-11-03T18:28:05","modified_gmt":"2025-11-03T17:28:05","slug":"creixement-farga-durant-2018","status":"publish","type":"post","link":"https:\/\/www.lafargalhospitalet.com\/ca\/creixement-farga-durant-2018\/","title":{"rendered":"Creixement de La Farga durant el 2018"},"content":{"rendered":"<h5>Fires i salons per a tots els p\u00fablics i congressos socials, consolidats<\/h5>\n<p>La Farga Centre d\u2019Activitats ha tornat a tancar l\u2019any amb xifres excel\u00b7lents, tant d\u2019assistents a tot tipus d\u2019esdeveniments com d\u2019espais utilitzats: la gran nau central amb 8.500m2, com els diferents espais de La Farga Congress, entre els que destaquen la Sala Polivalent i l\u2019Auditori.<\/p>\n<p>M\u00e9s de 325.000 visitants ha tingut el 2018 La Farga Centre d\u2019Activitats en esdeveniments de tot tipus, sobretot destinats al lleure familiar, cultura, innovaci\u00f3 i tamb\u00e9 car\u00e0cter social. En total s\u2019han utilitzat m\u00e9s de 1 mili\u00f3 de m2.<\/p>\n<h5>Salons i fires multitudinaris<\/h5>\n<p>Trobem salons i fires molt consolidats i amb concentraci\u00f3 de p\u00fablic ben jove en el <a href=\"https:\/\/www.lafargalhospitalet.com\/japan-weekend-segueix-seu-creixement\/\" target=\"_blank\" rel=\"noopener\"><strong>Japan Weekend<\/strong><\/a> (25.000) i <a href=\"https:\/\/www.lafargalhospitalet.com\/el-salo-del-cinema-i-les-series-es-consolida\/\" target=\"_blank\" rel=\"noopener\"><strong>Sal\u00f3 del Cinema i les S\u00e8ries<\/strong><\/a> (27.000). Amb uns visitants fidels, i sobretot sector femen\u00ed, com a <a href=\"https:\/\/www.lafargalhospitalet.com\/creativa-segueix-consolidat\/\" target=\"_blank\" rel=\"noopener\"><strong>Creativa<\/strong><\/a> (23.500) i altres un punt m\u00e9s sibarita en el <a href=\"https:\/\/www.lafargalhospitalet.com\/33-000-persones-passen-millor-beer-festival\/\" target=\"_blank\" rel=\"noopener\"><strong>Barcelona Beer Festival<\/strong><\/a> (33.000). En de les tend\u00e8ncies aliment\u00e0ries ha estat novetat enguany el sal\u00f3 <a href=\"https:\/\/www.lafargalhospitalet.com\/veggieworld-visiten-7000-persones\/\" target=\"_blank\" rel=\"noopener\"><strong>Veggie World<\/strong><\/a> (7.000), que ens ha mostrat totes les tend\u00e8ncies del m\u00f3n del veganisme, i que repetir\u00e0 a La Farga en properes edicions.<\/p>\n<p>Un altra novetat d\u2019enguany ha estat el <a href=\"https:\/\/www.lafargalhospitalet.com\/bon-balanc-magic-farga\/\" target=\"_blank\" rel=\"noopener\"><strong>Magic Internacional<\/strong><\/a> (25.000), el gran sal\u00f3 internacional del m\u00f3n esot\u00e8ric. Tamb\u00e9 ha visitat per primer cop La Farga el <a href=\"https:\/\/www.lafargalhospitalet.com\/8000-persones-acosten-festival-playmobil\/\" target=\"_blank\" rel=\"noopener\"><strong>Festival Playmobil<\/strong><\/a> (8.000) amb bona pres\u00e8ncia de fam\u00edlies i col\u00b7leccionistes d\u2019aquesta popular joguina. Han repetit salons habituals com <a href=\"https:\/\/www.lafargalhospitalet.com\/elvira-tercera-edicio-retromoto-consolidacio\/\" target=\"_blank\" rel=\"noopener\"><strong>RetroMoto<\/strong><\/a> (14.000) i <a href=\"https:\/\/www.lafargalhospitalet.com\/expoterraria-un-classic-a-la-farga\/\" target=\"_blank\" rel=\"noopener\"><strong>Expoterraria<\/strong><\/a> (2.500).<\/p>\n<p>Altres esdeveniments multitudinaris han estat els concerts de <a href=\"https:\/\/www.lafargalhospitalet.com\/mes-de-5-000-persones-als-concerts-de-la-farga\/\" target=\"_blank\" rel=\"noopener\"><strong>Festes de Primavera<\/strong><\/a> (5.000), la trobada de <a href=\"https:\/\/www.lafargalhospitalet.com\/la-farga-acull-una-macrotrobada-de-zumba\/\" target=\"_blank\" rel=\"noopener\"><strong>Zumba Colors<\/strong><\/a> (1.000), les celebracions del <a href=\"https:\/\/www.lafargalhospitalet.com\/dia-andalusia-a-la-farga-dedicat-a-blas-infante-i-a-sevilla\/\" target=\"_blank\" rel=\"noopener\"><strong>Dia d\u2019Andalusia<\/strong><\/a> i <a href=\"https:\/\/www.lafargalhospitalet.com\/kaliu-park-tanca-amb-125-000-visitants-i-mes-patinadors\/\" target=\"_blank\" rel=\"noopener\"><strong>Kaliu Park<\/strong><\/a>, l\u2019espai l\u00fadic de Nadal que tanca i obre l\u2019any amb m\u00e9s de 125.000 visitants.<\/p>\n<h5>El MWC i Congressos de car\u00e0cter social, protagonistes<\/h5>\n<p>La Farga ha estat escenari tamb\u00e9 el 2018 del gran congr\u00e9s mundial de telefonia m\u00f2bil que acull la ciutat des de fa un temps. El <a href=\"https:\/\/www.lafargalhospitalet.com\/nuria-marin-la-farga-es-idonia-per-acollir-el-yomo\/\" target=\"_blank\" rel=\"noopener\"><strong>YoMo, Youth Mobile Festival<\/strong><\/a> ha aterrat al recinte per aportar m\u00e9s tecnologia i innovaci\u00f3 entre els escolars catalans. Tamb\u00e9 per celebrar el lliurament dels <a href=\"https:\/\/www.lafargalhospitalet.com\/gsma-torna-escollir-farga-hospitalet\/\" target=\"_blank\" rel=\"noopener\"><strong>Student Awards<\/strong><\/a>, amb la pres\u00e8ncia de milers d&#8217;escolars.<\/p>\n<p>La Farga s\u2019ha consolidat tamb\u00e9 en acollir esdeveniments de car\u00e0cter social que redunden en el benestar de les persones. Dos grans congressos com el de la <strong><a href=\"https:\/\/www.lafargalhospitalet.com\/municipalisme-fort-manifest-final-congres\/\" target=\"_blank\" rel=\"noopener\">Taula del Tercer Sector<\/a><\/strong> i el <a href=\"https:\/\/www.lafargalhospitalet.com\/congres-serveis-socials-basics\/\" target=\"_blank\" rel=\"noopener\"><strong>Congr\u00e9s de Serveis Socials B\u00e0sics<\/strong><\/a> han servit per prendre consci\u00e8ncia i debatre sobre diferents aspectes de la societat i on cal incidir per millorar-la des de tots els agents implicats.<\/p>\n<p>Tamb\u00e9 La Farga ha acollit actes del sector del cooperativisme amb l\u2019<a href=\"https:\/\/www.lafargalhospitalet.com\/abacus-cooperativa-escull-la-farga\/\" target=\"_blank\" rel=\"noopener\"><strong>Assemblea Anual d\u2019Abacus<\/strong><\/a> i de la Fundaci\u00f3 Santa Eul\u00e0lia i Fundaci\u00f3 Creactiva.<\/p>\n<h5>L\u2019any 2019, repetim<\/h5>\n<p>El calendari de 2019 ja est\u00e0 farcit d\u2019activitat, amb novament els salons, congressos i fires consolidades al calendari, a m\u00e9s de d\u2019<a href=\"https:\/\/exposolidos.com\/\" target=\"_blank\" rel=\"noopener\"><strong>Expos\u00f3lidos<\/strong><\/a>, el gran Sal\u00f3 Internacional de la Tecnologia i Processament de S\u00f2lids, que se celebra bianualment amb la pres\u00e8ncia des les principals empreses d\u2019aquest sector industrial.<\/p>\n<p>Pel que fa a la resta de novetats el Sal\u00f3 del Cinema i les S\u00e8ries canvia de dates, passant ara al mes de maig i RetroMoto es converteix en RetroMotor amb l\u2019arribada de cotxes antics que acompanyaran tamb\u00e9 a la motocicleta cl\u00e0ssica.<\/p>\n<p>Consulta l&#8217;<a href=\"https:\/\/www.lafargalhospitalet.com\/agenda-cat\/\" target=\"_blank\" rel=\"noopener\"><strong>agenda<\/strong><\/a> de 2019.<\/p>\n","protected":false},"excerpt":{"rendered":"<p>La Farga Centre d\u2019Activitats ha tornat a tancar l\u2019any amb xifres excel\u00b7lents, tant d\u2019assistents a tot tipus d\u2019esdeveniments com d\u2019espais utilitzats.<\/p>\n","protected":false},"author":1,"featured_media":6288,"comment_status":"closed","ping_status":"closed","sticky":false,"template":"","format":"standard","meta":{"_monsterinsights_skip_tracking":false,"_monsterinsights_sitenote_active":false,"_monsterinsights_sitenote_note":"","_monsterinsights_sitenote_category":0,"footnotes":""},"categories":[83],"tags":[],"class_list":["post-6287","post","type-post","status-publish","format-standard","has-post-thumbnail","hentry","category-noticies"],"yoast_head":"<!-- This site is optimized with the Yoast SEO plugin v27.5 - https:\/\/yoast.com\/product\/yoast-seo-wordpress\/ -->\n<title>Creixement de La Farga durant el 2018 - La Farga L&#039;Hospitalet Centre d&#039;Activitats. La Farga GEM, S.A.<\/title>\n<meta name=\"description\" content=\"La Farga Centre d\u2019Activitats ha tornat a tancar l&#039;any amb xifres excel\u00b7lents, tant d\u2019assistents a tot tipus d\u2019esdeveniments com d\u2019espais utilitzats el 2018.\" \/>\n<meta name=\"robots\" content=\"index, follow, max-snippet:-1, max-image-preview:large, max-video-preview:-1\" \/>\n<link rel=\"canonical\" href=\"https:\/\/www.lafargalhospitalet.com\/ca\/creixement-farga-durant-2018\/\" \/>\n<meta property=\"og:locale\" content=\"ca_ES\" \/>\n<meta property=\"og:type\" content=\"article\" \/>\n<meta property=\"og:title\" content=\"Creixement de La Farga durant el 2018 - La Farga L&#039;Hospitalet Centre d&#039;Activitats. La Farga GEM, S.A.\" \/>\n<meta property=\"og:description\" content=\"La Farga Centre d\u2019Activitats ha tornat a tancar l&#039;any amb xifres excel\u00b7lents, tant d\u2019assistents a tot tipus d\u2019esdeveniments com d\u2019espais utilitzats el 2018.\" \/>\n<meta property=\"og:url\" content=\"https:\/\/www.lafargalhospitalet.com\/ca\/creixement-farga-durant-2018\/\" \/>\n<meta property=\"og:site_name\" content=\"La Farga L&#039;Hospitalet Centre d&#039;Activitats. La Farga GEM, S.A.\" \/>\n<meta property=\"article:publisher\" content=\"https:\/\/www.facebook.com\/fargahospitalet\/\" \/>\n<meta property=\"article:published_time\" content=\"2019-01-15T13:02:50+00:00\" \/>\n<meta property=\"article:modified_time\" content=\"2025-11-03T17:28:05+00:00\" \/>\n<meta property=\"og:image\" content=\"https:\/\/www.lafargalhospitalet.com\/wp-content\/uploads\/2019\/01\/Farga-Any-2018.jpg\" \/>\n\t<meta property=\"og:image:width\" content=\"730\" \/>\n\t<meta property=\"og:image:height\" content=\"410\" \/>\n\t<meta property=\"og:image:type\" content=\"image\/jpeg\" \/>\n<meta name=\"author\" content=\"La Farga Centre d&#039;Activitats\" \/>\n<meta name=\"twitter:card\" content=\"summary_large_image\" \/>\n<meta name=\"twitter:creator\" content=\"@fargahospitalet\" \/>\n<meta name=\"twitter:site\" content=\"@fargahospitalet\" \/>\n<meta name=\"twitter:label1\" content=\"Escrit per\" \/>\n\t<meta name=\"twitter:data1\" content=\"La Farga Centre d&#039;Activitats\" \/>\n\t<meta name=\"twitter:label2\" content=\"Temps estimat de lectura\" \/>\n\t<meta name=\"twitter:data2\" content=\"3 minuts\" \/>\n<script type=\"application\/ld+json\" class=\"yoast-schema-graph\">{\"@context\":\"https:\\\/\\\/schema.org\",\"@graph\":[{\"@type\":\"Article\",\"@id\":\"https:\\\/\\\/www.lafargalhospitalet.com\\\/ca\\\/creixement-farga-durant-2018\\\/#article\",\"isPartOf\":{\"@id\":\"https:\\\/\\\/www.lafargalhospitalet.com\\\/ca\\\/creixement-farga-durant-2018\\\/\"},\"author\":{\"name\":\"La Farga Centre d'Activitats\",\"@id\":\"https:\\\/\\\/www.lafargalhospitalet.com\\\/#\\\/schema\\\/person\\\/6cbac0ef7748506b167ff859e1c7f378\"},\"headline\":\"Creixement de La Farga durant el 2018\",\"datePublished\":\"2019-01-15T13:02:50+00:00\",\"dateModified\":\"2025-11-03T17:28:05+00:00\",\"mainEntityOfPage\":{\"@id\":\"https:\\\/\\\/www.lafargalhospitalet.com\\\/ca\\\/creixement-farga-durant-2018\\\/\"},\"wordCount\":562,\"publisher\":{\"@id\":\"https:\\\/\\\/www.lafargalhospitalet.com\\\/#organization\"},\"image\":{\"@id\":\"https:\\\/\\\/www.lafargalhospitalet.com\\\/ca\\\/creixement-farga-durant-2018\\\/#primaryimage\"},\"thumbnailUrl\":\"https:\\\/\\\/www.lafargalhospitalet.com\\\/wp-content\\\/uploads\\\/2019\\\/01\\\/Farga-Any-2018.jpg\",\"articleSection\":[\"Noticies\"],\"inLanguage\":\"ca\"},{\"@type\":\"WebPage\",\"@id\":\"https:\\\/\\\/www.lafargalhospitalet.com\\\/ca\\\/creixement-farga-durant-2018\\\/\",\"url\":\"https:\\\/\\\/www.lafargalhospitalet.com\\\/ca\\\/creixement-farga-durant-2018\\\/\",\"name\":\"Creixement de La Farga durant el 2018 - La Farga L&#039;Hospitalet Centre d&#039;Activitats. La Farga GEM, S.A.\",\"isPartOf\":{\"@id\":\"https:\\\/\\\/www.lafargalhospitalet.com\\\/#website\"},\"primaryImageOfPage\":{\"@id\":\"https:\\\/\\\/www.lafargalhospitalet.com\\\/ca\\\/creixement-farga-durant-2018\\\/#primaryimage\"},\"image\":{\"@id\":\"https:\\\/\\\/www.lafargalhospitalet.com\\\/ca\\\/creixement-farga-durant-2018\\\/#primaryimage\"},\"thumbnailUrl\":\"https:\\\/\\\/www.lafargalhospitalet.com\\\/wp-content\\\/uploads\\\/2019\\\/01\\\/Farga-Any-2018.jpg\",\"datePublished\":\"2019-01-15T13:02:50+00:00\",\"dateModified\":\"2025-11-03T17:28:05+00:00\",\"description\":\"La Farga Centre d\u2019Activitats ha tornat a tancar l'any amb xifres excel\u00b7lents, tant d\u2019assistents a tot tipus d\u2019esdeveniments com d\u2019espais utilitzats el 2018.\",\"breadcrumb\":{\"@id\":\"https:\\\/\\\/www.lafargalhospitalet.com\\\/ca\\\/creixement-farga-durant-2018\\\/#breadcrumb\"},\"inLanguage\":\"ca\",\"potentialAction\":[{\"@type\":\"ReadAction\",\"target\":[\"https:\\\/\\\/www.lafargalhospitalet.com\\\/ca\\\/creixement-farga-durant-2018\\\/\"]}]},{\"@type\":\"ImageObject\",\"inLanguage\":\"ca\",\"@id\":\"https:\\\/\\\/www.lafargalhospitalet.com\\\/ca\\\/creixement-farga-durant-2018\\\/#primaryimage\",\"url\":\"https:\\\/\\\/www.lafargalhospitalet.com\\\/wp-content\\\/uploads\\\/2019\\\/01\\\/Farga-Any-2018.jpg\",\"contentUrl\":\"https:\\\/\\\/www.lafargalhospitalet.com\\\/wp-content\\\/uploads\\\/2019\\\/01\\\/Farga-Any-2018.jpg\",\"width\":730,\"height\":410,\"caption\":\"Farga Any 2018\"},{\"@type\":\"BreadcrumbList\",\"@id\":\"https:\\\/\\\/www.lafargalhospitalet.com\\\/ca\\\/creixement-farga-durant-2018\\\/#breadcrumb\",\"itemListElement\":[{\"@type\":\"ListItem\",\"position\":1,\"name\":\"Portada\",\"item\":\"https:\\\/\\\/www.lafargalhospitalet.com\\\/\"},{\"@type\":\"ListItem\",\"position\":2,\"name\":\"Creixement de La Farga durant el 2018\"}]},{\"@type\":\"WebSite\",\"@id\":\"https:\\\/\\\/www.lafargalhospitalet.com\\\/#website\",\"url\":\"https:\\\/\\\/www.lafargalhospitalet.com\\\/\",\"name\":\"La Farga L'Hospitalet Centre d'Activitats. La Farga GEM, S.A.\",\"description\":\"La Farga L&#039;Hospitalet Centre d&#039;Activitats. Gestionat per La Farga GEM, S.A. Fires i Congressos. Concerts, exposicions, reunions, filmacions, sopars de gala.\",\"publisher\":{\"@id\":\"https:\\\/\\\/www.lafargalhospitalet.com\\\/#organization\"},\"potentialAction\":[{\"@type\":\"SearchAction\",\"target\":{\"@type\":\"EntryPoint\",\"urlTemplate\":\"https:\\\/\\\/www.lafargalhospitalet.com\\\/?s={search_term_string}\"},\"query-input\":{\"@type\":\"PropertyValueSpecification\",\"valueRequired\":true,\"valueName\":\"search_term_string\"}}],\"inLanguage\":\"ca\"},{\"@type\":\"Organization\",\"@id\":\"https:\\\/\\\/www.lafargalhospitalet.com\\\/#organization\",\"name\":\"La Farga L'Hospitalet Centre d'Activitats. La Farga GEM, S.A.\",\"url\":\"https:\\\/\\\/www.lafargalhospitalet.com\\\/\",\"logo\":{\"@type\":\"ImageObject\",\"inLanguage\":\"ca\",\"@id\":\"https:\\\/\\\/www.lafargalhospitalet.com\\\/#\\\/schema\\\/logo\\\/image\\\/\",\"url\":\"https:\\\/\\\/www.lafargalhospitalet.com\\\/wp-content\\\/uploads\\\/2025\\\/10\\\/logotipo_lafarga_centre_activitats.png\",\"contentUrl\":\"https:\\\/\\\/www.lafargalhospitalet.com\\\/wp-content\\\/uploads\\\/2025\\\/10\\\/logotipo_lafarga_centre_activitats.png\",\"width\":266,\"height\":101,\"caption\":\"La Farga L'Hospitalet Centre d'Activitats. La Farga GEM, S.A.\"},\"image\":{\"@id\":\"https:\\\/\\\/www.lafargalhospitalet.com\\\/#\\\/schema\\\/logo\\\/image\\\/\"},\"sameAs\":[\"https:\\\/\\\/www.facebook.com\\\/fargahospitalet\\\/\",\"https:\\\/\\\/x.com\\\/fargahospitalet\",\"https:\\\/\\\/www.instagram.com\\\/lafargahospitalet\\\/\",\"https:\\\/\\\/www.youtube.com\\\/channel\\\/UCoLt6hen3PqGXgbLMGI3Qdw\",\"https:\\\/\\\/www.flickr.com\\\/photos\\\/lafargagemsa\\\/albums\"]},{\"@type\":\"Person\",\"@id\":\"https:\\\/\\\/www.lafargalhospitalet.com\\\/#\\\/schema\\\/person\\\/6cbac0ef7748506b167ff859e1c7f378\",\"name\":\"La Farga Centre d'Activitats\",\"sameAs\":[\"https:\\\/\\\/www.lafargalhospitalet.com\"],\"url\":\"https:\\\/\\\/www.lafargalhospitalet.com\\\/ca\\\/author\\\/far25gmin\\\/\"}]}<\/script>\n<!-- \/ Yoast SEO plugin. -->","yoast_head_json":{"title":"Creixement de La Farga durant el 2018 - La Farga L&#039;Hospitalet Centre d&#039;Activitats. La Farga GEM, S.A.","description":"La Farga Centre d\u2019Activitats ha tornat a tancar l'any amb xifres excel\u00b7lents, tant d\u2019assistents a tot tipus d\u2019esdeveniments com d\u2019espais utilitzats el 2018.","robots":{"index":"index","follow":"follow","max-snippet":"max-snippet:-1","max-image-preview":"max-image-preview:large","max-video-preview":"max-video-preview:-1"},"canonical":"https:\/\/www.lafargalhospitalet.com\/ca\/creixement-farga-durant-2018\/","og_locale":"ca_ES","og_type":"article","og_title":"Creixement de La Farga durant el 2018 - La Farga L&#039;Hospitalet Centre d&#039;Activitats. La Farga GEM, S.A.","og_description":"La Farga Centre d\u2019Activitats ha tornat a tancar l'any amb xifres excel\u00b7lents, tant d\u2019assistents a tot tipus d\u2019esdeveniments com d\u2019espais utilitzats el 2018.","og_url":"https:\/\/www.lafargalhospitalet.com\/ca\/creixement-farga-durant-2018\/","og_site_name":"La Farga L&#039;Hospitalet Centre d&#039;Activitats. La Farga GEM, S.A.","article_publisher":"https:\/\/www.facebook.com\/fargahospitalet\/","article_published_time":"2019-01-15T13:02:50+00:00","article_modified_time":"2025-11-03T17:28:05+00:00","og_image":[{"width":730,"height":410,"url":"https:\/\/www.lafargalhospitalet.com\/wp-content\/uploads\/2019\/01\/Farga-Any-2018.jpg","type":"image\/jpeg"}],"author":"La Farga Centre d'Activitats","twitter_card":"summary_large_image","twitter_creator":"@fargahospitalet","twitter_site":"@fargahospitalet","twitter_misc":{"Escrit per":"La Farga Centre d'Activitats","Temps estimat de lectura":"3 minuts"},"schema":{"@context":"https:\/\/schema.org","@graph":[{"@type":"Article","@id":"https:\/\/www.lafargalhospitalet.com\/ca\/creixement-farga-durant-2018\/#article","isPartOf":{"@id":"https:\/\/www.lafargalhospitalet.com\/ca\/creixement-farga-durant-2018\/"},"author":{"name":"La Farga Centre d'Activitats","@id":"https:\/\/www.lafargalhospitalet.com\/#\/schema\/person\/6cbac0ef7748506b167ff859e1c7f378"},"headline":"Creixement de La Farga durant el 2018","datePublished":"2019-01-15T13:02:50+00:00","dateModified":"2025-11-03T17:28:05+00:00","mainEntityOfPage":{"@id":"https:\/\/www.lafargalhospitalet.com\/ca\/creixement-farga-durant-2018\/"},"wordCount":562,"publisher":{"@id":"https:\/\/www.lafargalhospitalet.com\/#organization"},"image":{"@id":"https:\/\/www.lafargalhospitalet.com\/ca\/creixement-farga-durant-2018\/#primaryimage"},"thumbnailUrl":"https:\/\/www.lafargalhospitalet.com\/wp-content\/uploads\/2019\/01\/Farga-Any-2018.jpg","articleSection":["Noticies"],"inLanguage":"ca"},{"@type":"WebPage","@id":"https:\/\/www.lafargalhospitalet.com\/ca\/creixement-farga-durant-2018\/","url":"https:\/\/www.lafargalhospitalet.com\/ca\/creixement-farga-durant-2018\/","name":"Creixement de La Farga durant el 2018 - La Farga L&#039;Hospitalet Centre d&#039;Activitats. La Farga GEM, S.A.","isPartOf":{"@id":"https:\/\/www.lafargalhospitalet.com\/#website"},"primaryImageOfPage":{"@id":"https:\/\/www.lafargalhospitalet.com\/ca\/creixement-farga-durant-2018\/#primaryimage"},"image":{"@id":"https:\/\/www.lafargalhospitalet.com\/ca\/creixement-farga-durant-2018\/#primaryimage"},"thumbnailUrl":"https:\/\/www.lafargalhospitalet.com\/wp-content\/uploads\/2019\/01\/Farga-Any-2018.jpg","datePublished":"2019-01-15T13:02:50+00:00","dateModified":"2025-11-03T17:28:05+00:00","description":"La Farga Centre d\u2019Activitats ha tornat a tancar l'any amb xifres excel\u00b7lents, tant d\u2019assistents a tot tipus d\u2019esdeveniments com d\u2019espais utilitzats el 2018.","breadcrumb":{"@id":"https:\/\/www.lafargalhospitalet.com\/ca\/creixement-farga-durant-2018\/#breadcrumb"},"inLanguage":"ca","potentialAction":[{"@type":"ReadAction","target":["https:\/\/www.lafargalhospitalet.com\/ca\/creixement-farga-durant-2018\/"]}]},{"@type":"ImageObject","inLanguage":"ca","@id":"https:\/\/www.lafargalhospitalet.com\/ca\/creixement-farga-durant-2018\/#primaryimage","url":"https:\/\/www.lafargalhospitalet.com\/wp-content\/uploads\/2019\/01\/Farga-Any-2018.jpg","contentUrl":"https:\/\/www.lafargalhospitalet.com\/wp-content\/uploads\/2019\/01\/Farga-Any-2018.jpg","width":730,"height":410,"caption":"Farga Any 2018"},{"@type":"BreadcrumbList","@id":"https:\/\/www.lafargalhospitalet.com\/ca\/creixement-farga-durant-2018\/#breadcrumb","itemListElement":[{"@type":"ListItem","position":1,"name":"Portada","item":"https:\/\/www.lafargalhospitalet.com\/"},{"@type":"ListItem","position":2,"name":"Creixement de La Farga durant el 2018"}]},{"@type":"WebSite","@id":"https:\/\/www.lafargalhospitalet.com\/#website","url":"https:\/\/www.lafargalhospitalet.com\/","name":"La Farga L'Hospitalet Centre d'Activitats. La Farga GEM, S.A.","description":"La Farga L&#039;Hospitalet Centre d&#039;Activitats. Gestionat per La Farga GEM, S.A. Fires i Congressos. Concerts, exposicions, reunions, filmacions, sopars de gala.","publisher":{"@id":"https:\/\/www.lafargalhospitalet.com\/#organization"},"potentialAction":[{"@type":"SearchAction","target":{"@type":"EntryPoint","urlTemplate":"https:\/\/www.lafargalhospitalet.com\/?s={search_term_string}"},"query-input":{"@type":"PropertyValueSpecification","valueRequired":true,"valueName":"search_term_string"}}],"inLanguage":"ca"},{"@type":"Organization","@id":"https:\/\/www.lafargalhospitalet.com\/#organization","name":"La Farga L'Hospitalet Centre d'Activitats. La Farga GEM, S.A.","url":"https:\/\/www.lafargalhospitalet.com\/","logo":{"@type":"ImageObject","inLanguage":"ca","@id":"https:\/\/www.lafargalhospitalet.com\/#\/schema\/logo\/image\/","url":"https:\/\/www.lafargalhospitalet.com\/wp-content\/uploads\/2025\/10\/logotipo_lafarga_centre_activitats.png","contentUrl":"https:\/\/www.lafargalhospitalet.com\/wp-content\/uploads\/2025\/10\/logotipo_lafarga_centre_activitats.png","width":266,"height":101,"caption":"La Farga L'Hospitalet Centre d'Activitats. La Farga GEM, S.A."},"image":{"@id":"https:\/\/www.lafargalhospitalet.com\/#\/schema\/logo\/image\/"},"sameAs":["https:\/\/www.facebook.com\/fargahospitalet\/","https:\/\/x.com\/fargahospitalet","https:\/\/www.instagram.com\/lafargahospitalet\/","https:\/\/www.youtube.com\/channel\/UCoLt6hen3PqGXgbLMGI3Qdw","https:\/\/www.flickr.com\/photos\/lafargagemsa\/albums"]},{"@type":"Person","@id":"https:\/\/www.lafargalhospitalet.com\/#\/schema\/person\/6cbac0ef7748506b167ff859e1c7f378","name":"La Farga Centre d'Activitats","sameAs":["https:\/\/www.lafargalhospitalet.com"],"url":"https:\/\/www.lafargalhospitalet.com\/ca\/author\/far25gmin\/"}]}},"_links":{"self":[{"href":"https:\/\/www.lafargalhospitalet.com\/ca\/wp-json\/wp\/v2\/posts\/6287","targetHints":{"allow":["GET"]}}],"collection":[{"href":"https:\/\/www.lafargalhospitalet.com\/ca\/wp-json\/wp\/v2\/posts"}],"about":[{"href":"https:\/\/www.lafargalhospitalet.com\/ca\/wp-json\/wp\/v2\/types\/post"}],"author":[{"embeddable":true,"href":"https:\/\/www.lafargalhospitalet.com\/ca\/wp-json\/wp\/v2\/users\/1"}],"replies":[{"embeddable":true,"href":"https:\/\/www.lafargalhospitalet.com\/ca\/wp-json\/wp\/v2\/comments?post=6287"}],"version-history":[{"count":0,"href":"https:\/\/www.lafargalhospitalet.com\/ca\/wp-json\/wp\/v2\/posts\/6287\/revisions"}],"wp:featuredmedia":[{"embeddable":true,"href":"https:\/\/www.lafargalhospitalet.com\/ca\/wp-json\/wp\/v2\/media\/6288"}],"wp:attachment":[{"href":"https:\/\/www.lafargalhospitalet.com\/ca\/wp-json\/wp\/v2\/media?parent=6287"}],"wp:term":[{"taxonomy":"category","embeddable":true,"href":"https:\/\/www.lafargalhospitalet.com\/ca\/wp-json\/wp\/v2\/categories?post=6287"},{"taxonomy":"post_tag","embeddable":true,"href":"https:\/\/www.lafargalhospitalet.com\/ca\/wp-json\/wp\/v2\/tags?post=6287"}],"curies":[{"name":"wp","href":"https:\/\/api.w.org\/{rel}","templated":true}]}}