{"id":6313,"date":"2019-01-28T12:29:19","date_gmt":"2019-01-28T11:29:19","guid":{"rendered":"http:\/\/www.lafargalhospitalet.com\/?p=6313"},"modified":"2025-11-03T18:28:05","modified_gmt":"2025-11-03T17:28:05","slug":"setmana-parc-infantil-transit","status":"publish","type":"post","link":"https:\/\/www.lafargalhospitalet.com\/ca\/setmana-parc-infantil-transit\/","title":{"rendered":"Setmana de Parc Infantil de Tr\u00e0nsit"},"content":{"rendered":"<h5>Activitat per a m\u00e9s de 500 escolars<\/h5>\n<p>La <a href=\"http:\/\/www.l-h.cat\/directori\/detallEquipament.aspx?2URsSiYDM3rqy7YhqazA3qazCVRpQqazCRqJL2qazAXqazAydDqaJHqazCSU68qazB\" target=\"_blank\" rel=\"noopener\"><strong>Gu\u00e0rdia Urbana<\/strong><\/a> de L\u2019Hospitalet torna a organitzar un parc infantil de tr\u00e0nsit a <a href=\"https:\/\/www.lafargalhospitalet.com\/agenda-cat\/\" target=\"_blank\" rel=\"noopener\"><strong>La Farga Centre d\u2019Activitats<\/strong><\/a>, destinat a 550 escolars de la ciutat, que passaran pel recinte a refor\u00e7ar la seva educaci\u00f3 vial.<\/p>\n<p>Del 29 de gener a l\u20191 de febrer en 2.000 metres quadrats de La Farga es far\u00e0 aquesta activitat que s\u2019emmarca dins de la programaci\u00f3 d\u2019educaci\u00f3 vi\u00e0ria a les escoles per fomentar l\u2019\u00fas de la bicicleta i la seguretat vi\u00e0ria.<\/p>\n<p>Els escolars de la ciutat que hi assistiran, en horaris de mat\u00ed i tarda, s\u00f3n m\u00e9s de mig miler d\u2019alumnes de 5\u00e8 i 6\u00e8 de prim\u00e0ria de 12 centres educatius de la ciutat, que durant el curs participen en el programa \u2018Anem en bicicleta\u2019, organitzat per la Gu\u00e0rdia Urbana per fomentar entre els escolars aquest sistema de transport saludable i no contaminant.<\/p>\n<p>L\u2019activitat d\u2019aquesta setmana a La Farga consta de tres tallers: un parc infantil de tr\u00e0nsit per simular la circulaci\u00f3 en un entorn urb\u00e0, un circuit d\u2019habilitat per adquirir destresa en la conducci\u00f3 de bicicletes i una ambul\u00e0ncia de la Gu\u00e0rdia Urbana per saber qu\u00e8 fer davant d\u2019un accident.<\/p>\n<p>L\u2019objectiu \u00e9s que els infants prenguin consci\u00e8ncia d\u2019una conducci\u00f3 segura i puguin detectar situacions de risc, que millorin el seu comportament com a conductors de bicicleta adquirint actituds de respecte i civisme, i que adquireixin habilitats i destresa per a la circulaci\u00f3 en un entorn urb\u00e0.<\/p>\n","protected":false},"excerpt":{"rendered":"<p>La Gu\u00e0rdia Urbana de L\u2019Hospitalet torna a organitzar un parc infantil de tr\u00e0nsit a La Farga Centre d\u2019Activitats, destinat a 550 escolars de la ciutat, que passaran pel recinte a refor\u00e7ar la seva educaci\u00f3 vial.<\/p>\n","protected":false},"author":1,"featured_media":6314,"comment_status":"closed","ping_status":"closed","sticky":false,"template":"","format":"standard","meta":{"_monsterinsights_skip_tracking":false,"_monsterinsights_sitenote_active":false,"_monsterinsights_sitenote_note":"","_monsterinsights_sitenote_category":0,"footnotes":""},"categories":[83],"tags":[],"class_list":["post-6313","post","type-post","status-publish","format-standard","has-post-thumbnail","hentry","category-noticies"],"yoast_head":"<!-- This site is optimized with the Yoast SEO plugin v27.5 - https:\/\/yoast.com\/product\/yoast-seo-wordpress\/ -->\n<title>Setmana de Parc Infantil de Tr\u00e0nsit - La Farga L&#039;Hospitalet Centre d&#039;Activitats. La Farga GEM, S.A.<\/title>\n<meta name=\"description\" content=\"La Gu\u00e0rdia Urbana de L\u2019Hospitalet torna a organitzar un parc infantil de tr\u00e0nsit a La Farga Centre d\u2019Activitats, destinat a 550 escolars de la ciutat.\" \/>\n<meta name=\"robots\" content=\"index, follow, max-snippet:-1, max-image-preview:large, max-video-preview:-1\" \/>\n<link rel=\"canonical\" href=\"https:\/\/www.lafargalhospitalet.com\/ca\/setmana-parc-infantil-transit\/\" \/>\n<meta property=\"og:locale\" content=\"ca_ES\" \/>\n<meta property=\"og:type\" content=\"article\" \/>\n<meta property=\"og:title\" content=\"Setmana de Parc Infantil de Tr\u00e0nsit - La Farga L&#039;Hospitalet Centre d&#039;Activitats. La Farga GEM, S.A.\" \/>\n<meta property=\"og:description\" content=\"La Gu\u00e0rdia Urbana de L\u2019Hospitalet torna a organitzar un parc infantil de tr\u00e0nsit a La Farga Centre d\u2019Activitats, destinat a 550 escolars de la ciutat.\" \/>\n<meta property=\"og:url\" content=\"https:\/\/www.lafargalhospitalet.com\/ca\/setmana-parc-infantil-transit\/\" \/>\n<meta property=\"og:site_name\" content=\"La Farga L&#039;Hospitalet Centre d&#039;Activitats. La Farga GEM, S.A.\" \/>\n<meta property=\"article:publisher\" content=\"https:\/\/www.facebook.com\/fargahospitalet\/\" \/>\n<meta property=\"article:published_time\" content=\"2019-01-28T11:29:19+00:00\" \/>\n<meta property=\"article:modified_time\" content=\"2025-11-03T17:28:05+00:00\" \/>\n<meta property=\"og:image\" content=\"https:\/\/www.lafargalhospitalet.com\/wp-content\/uploads\/2019\/01\/ParcInfantilTransit-Farga.jpg\" \/>\n\t<meta property=\"og:image:width\" content=\"730\" \/>\n\t<meta property=\"og:image:height\" content=\"410\" \/>\n\t<meta property=\"og:image:type\" content=\"image\/jpeg\" \/>\n<meta name=\"author\" content=\"La Farga Centre d&#039;Activitats\" \/>\n<meta name=\"twitter:card\" content=\"summary_large_image\" \/>\n<meta name=\"twitter:creator\" content=\"@fargahospitalet\" \/>\n<meta name=\"twitter:site\" content=\"@fargahospitalet\" \/>\n<meta name=\"twitter:label1\" content=\"Escrit per\" \/>\n\t<meta name=\"twitter:data1\" content=\"La Farga Centre d&#039;Activitats\" \/>\n\t<meta name=\"twitter:label2\" content=\"Temps estimat de lectura\" \/>\n\t<meta name=\"twitter:data2\" content=\"1 minut\" \/>\n<script type=\"application\/ld+json\" class=\"yoast-schema-graph\">{\"@context\":\"https:\\\/\\\/schema.org\",\"@graph\":[{\"@type\":\"Article\",\"@id\":\"https:\\\/\\\/www.lafargalhospitalet.com\\\/ca\\\/setmana-parc-infantil-transit\\\/#article\",\"isPartOf\":{\"@id\":\"https:\\\/\\\/www.lafargalhospitalet.com\\\/ca\\\/setmana-parc-infantil-transit\\\/\"},\"author\":{\"name\":\"La Farga Centre d'Activitats\",\"@id\":\"https:\\\/\\\/www.lafargalhospitalet.com\\\/#\\\/schema\\\/person\\\/6cbac0ef7748506b167ff859e1c7f378\"},\"headline\":\"Setmana de Parc Infantil de Tr\u00e0nsit\",\"datePublished\":\"2019-01-28T11:29:19+00:00\",\"dateModified\":\"2025-11-03T17:28:05+00:00\",\"mainEntityOfPage\":{\"@id\":\"https:\\\/\\\/www.lafargalhospitalet.com\\\/ca\\\/setmana-parc-infantil-transit\\\/\"},\"wordCount\":264,\"publisher\":{\"@id\":\"https:\\\/\\\/www.lafargalhospitalet.com\\\/#organization\"},\"image\":{\"@id\":\"https:\\\/\\\/www.lafargalhospitalet.com\\\/ca\\\/setmana-parc-infantil-transit\\\/#primaryimage\"},\"thumbnailUrl\":\"https:\\\/\\\/www.lafargalhospitalet.com\\\/wp-content\\\/uploads\\\/2019\\\/01\\\/ParcInfantilTransit-Farga.jpg\",\"articleSection\":[\"Noticies\"],\"inLanguage\":\"ca\"},{\"@type\":\"WebPage\",\"@id\":\"https:\\\/\\\/www.lafargalhospitalet.com\\\/ca\\\/setmana-parc-infantil-transit\\\/\",\"url\":\"https:\\\/\\\/www.lafargalhospitalet.com\\\/ca\\\/setmana-parc-infantil-transit\\\/\",\"name\":\"Setmana de Parc Infantil de Tr\u00e0nsit - La Farga L&#039;Hospitalet Centre d&#039;Activitats. La Farga GEM, S.A.\",\"isPartOf\":{\"@id\":\"https:\\\/\\\/www.lafargalhospitalet.com\\\/#website\"},\"primaryImageOfPage\":{\"@id\":\"https:\\\/\\\/www.lafargalhospitalet.com\\\/ca\\\/setmana-parc-infantil-transit\\\/#primaryimage\"},\"image\":{\"@id\":\"https:\\\/\\\/www.lafargalhospitalet.com\\\/ca\\\/setmana-parc-infantil-transit\\\/#primaryimage\"},\"thumbnailUrl\":\"https:\\\/\\\/www.lafargalhospitalet.com\\\/wp-content\\\/uploads\\\/2019\\\/01\\\/ParcInfantilTransit-Farga.jpg\",\"datePublished\":\"2019-01-28T11:29:19+00:00\",\"dateModified\":\"2025-11-03T17:28:05+00:00\",\"description\":\"La Gu\u00e0rdia Urbana de L\u2019Hospitalet torna a organitzar un parc infantil de tr\u00e0nsit a La Farga Centre d\u2019Activitats, destinat a 550 escolars de la ciutat.\",\"breadcrumb\":{\"@id\":\"https:\\\/\\\/www.lafargalhospitalet.com\\\/ca\\\/setmana-parc-infantil-transit\\\/#breadcrumb\"},\"inLanguage\":\"ca\",\"potentialAction\":[{\"@type\":\"ReadAction\",\"target\":[\"https:\\\/\\\/www.lafargalhospitalet.com\\\/ca\\\/setmana-parc-infantil-transit\\\/\"]}]},{\"@type\":\"ImageObject\",\"inLanguage\":\"ca\",\"@id\":\"https:\\\/\\\/www.lafargalhospitalet.com\\\/ca\\\/setmana-parc-infantil-transit\\\/#primaryimage\",\"url\":\"https:\\\/\\\/www.lafargalhospitalet.com\\\/wp-content\\\/uploads\\\/2019\\\/01\\\/ParcInfantilTransit-Farga.jpg\",\"contentUrl\":\"https:\\\/\\\/www.lafargalhospitalet.com\\\/wp-content\\\/uploads\\\/2019\\\/01\\\/ParcInfantilTransit-Farga.jpg\",\"width\":730,\"height\":410,\"caption\":\"Parc Infantil Tr\u00e0nsit Farga\"},{\"@type\":\"BreadcrumbList\",\"@id\":\"https:\\\/\\\/www.lafargalhospitalet.com\\\/ca\\\/setmana-parc-infantil-transit\\\/#breadcrumb\",\"itemListElement\":[{\"@type\":\"ListItem\",\"position\":1,\"name\":\"Portada\",\"item\":\"https:\\\/\\\/www.lafargalhospitalet.com\\\/\"},{\"@type\":\"ListItem\",\"position\":2,\"name\":\"Setmana de Parc Infantil de Tr\u00e0nsit\"}]},{\"@type\":\"WebSite\",\"@id\":\"https:\\\/\\\/www.lafargalhospitalet.com\\\/#website\",\"url\":\"https:\\\/\\\/www.lafargalhospitalet.com\\\/\",\"name\":\"La Farga L'Hospitalet Centre d'Activitats. La Farga GEM, S.A.\",\"description\":\"La Farga L&#039;Hospitalet Centre d&#039;Activitats. Gestionat per La Farga GEM, S.A. Fires i Congressos. Concerts, exposicions, reunions, filmacions, sopars de gala.\",\"publisher\":{\"@id\":\"https:\\\/\\\/www.lafargalhospitalet.com\\\/#organization\"},\"potentialAction\":[{\"@type\":\"SearchAction\",\"target\":{\"@type\":\"EntryPoint\",\"urlTemplate\":\"https:\\\/\\\/www.lafargalhospitalet.com\\\/?s={search_term_string}\"},\"query-input\":{\"@type\":\"PropertyValueSpecification\",\"valueRequired\":true,\"valueName\":\"search_term_string\"}}],\"inLanguage\":\"ca\"},{\"@type\":\"Organization\",\"@id\":\"https:\\\/\\\/www.lafargalhospitalet.com\\\/#organization\",\"name\":\"La Farga L'Hospitalet Centre d'Activitats. La Farga GEM, S.A.\",\"url\":\"https:\\\/\\\/www.lafargalhospitalet.com\\\/\",\"logo\":{\"@type\":\"ImageObject\",\"inLanguage\":\"ca\",\"@id\":\"https:\\\/\\\/www.lafargalhospitalet.com\\\/#\\\/schema\\\/logo\\\/image\\\/\",\"url\":\"https:\\\/\\\/www.lafargalhospitalet.com\\\/wp-content\\\/uploads\\\/2025\\\/10\\\/logotipo_lafarga_centre_activitats.png\",\"contentUrl\":\"https:\\\/\\\/www.lafargalhospitalet.com\\\/wp-content\\\/uploads\\\/2025\\\/10\\\/logotipo_lafarga_centre_activitats.png\",\"width\":266,\"height\":101,\"caption\":\"La Farga L'Hospitalet Centre d'Activitats. La Farga GEM, S.A.\"},\"image\":{\"@id\":\"https:\\\/\\\/www.lafargalhospitalet.com\\\/#\\\/schema\\\/logo\\\/image\\\/\"},\"sameAs\":[\"https:\\\/\\\/www.facebook.com\\\/fargahospitalet\\\/\",\"https:\\\/\\\/x.com\\\/fargahospitalet\",\"https:\\\/\\\/www.instagram.com\\\/lafargahospitalet\\\/\",\"https:\\\/\\\/www.youtube.com\\\/channel\\\/UCoLt6hen3PqGXgbLMGI3Qdw\",\"https:\\\/\\\/www.flickr.com\\\/photos\\\/lafargagemsa\\\/albums\"]},{\"@type\":\"Person\",\"@id\":\"https:\\\/\\\/www.lafargalhospitalet.com\\\/#\\\/schema\\\/person\\\/6cbac0ef7748506b167ff859e1c7f378\",\"name\":\"La Farga Centre d'Activitats\",\"sameAs\":[\"https:\\\/\\\/www.lafargalhospitalet.com\"],\"url\":\"https:\\\/\\\/www.lafargalhospitalet.com\\\/ca\\\/author\\\/far25gmin\\\/\"}]}<\/script>\n<!-- \/ Yoast SEO plugin. -->","yoast_head_json":{"title":"Setmana de Parc Infantil de Tr\u00e0nsit - La Farga L&#039;Hospitalet Centre d&#039;Activitats. La Farga GEM, S.A.","description":"La Gu\u00e0rdia Urbana de L\u2019Hospitalet torna a organitzar un parc infantil de tr\u00e0nsit a La Farga Centre d\u2019Activitats, destinat a 550 escolars de la ciutat.","robots":{"index":"index","follow":"follow","max-snippet":"max-snippet:-1","max-image-preview":"max-image-preview:large","max-video-preview":"max-video-preview:-1"},"canonical":"https:\/\/www.lafargalhospitalet.com\/ca\/setmana-parc-infantil-transit\/","og_locale":"ca_ES","og_type":"article","og_title":"Setmana de Parc Infantil de Tr\u00e0nsit - La Farga L&#039;Hospitalet Centre d&#039;Activitats. La Farga GEM, S.A.","og_description":"La Gu\u00e0rdia Urbana de L\u2019Hospitalet torna a organitzar un parc infantil de tr\u00e0nsit a La Farga Centre d\u2019Activitats, destinat a 550 escolars de la ciutat.","og_url":"https:\/\/www.lafargalhospitalet.com\/ca\/setmana-parc-infantil-transit\/","og_site_name":"La Farga L&#039;Hospitalet Centre d&#039;Activitats. La Farga GEM, S.A.","article_publisher":"https:\/\/www.facebook.com\/fargahospitalet\/","article_published_time":"2019-01-28T11:29:19+00:00","article_modified_time":"2025-11-03T17:28:05+00:00","og_image":[{"width":730,"height":410,"url":"https:\/\/www.lafargalhospitalet.com\/wp-content\/uploads\/2019\/01\/ParcInfantilTransit-Farga.jpg","type":"image\/jpeg"}],"author":"La Farga Centre d'Activitats","twitter_card":"summary_large_image","twitter_creator":"@fargahospitalet","twitter_site":"@fargahospitalet","twitter_misc":{"Escrit per":"La Farga Centre d'Activitats","Temps estimat de lectura":"1 minut"},"schema":{"@context":"https:\/\/schema.org","@graph":[{"@type":"Article","@id":"https:\/\/www.lafargalhospitalet.com\/ca\/setmana-parc-infantil-transit\/#article","isPartOf":{"@id":"https:\/\/www.lafargalhospitalet.com\/ca\/setmana-parc-infantil-transit\/"},"author":{"name":"La Farga Centre d'Activitats","@id":"https:\/\/www.lafargalhospitalet.com\/#\/schema\/person\/6cbac0ef7748506b167ff859e1c7f378"},"headline":"Setmana de Parc Infantil de Tr\u00e0nsit","datePublished":"2019-01-28T11:29:19+00:00","dateModified":"2025-11-03T17:28:05+00:00","mainEntityOfPage":{"@id":"https:\/\/www.lafargalhospitalet.com\/ca\/setmana-parc-infantil-transit\/"},"wordCount":264,"publisher":{"@id":"https:\/\/www.lafargalhospitalet.com\/#organization"},"image":{"@id":"https:\/\/www.lafargalhospitalet.com\/ca\/setmana-parc-infantil-transit\/#primaryimage"},"thumbnailUrl":"https:\/\/www.lafargalhospitalet.com\/wp-content\/uploads\/2019\/01\/ParcInfantilTransit-Farga.jpg","articleSection":["Noticies"],"inLanguage":"ca"},{"@type":"WebPage","@id":"https:\/\/www.lafargalhospitalet.com\/ca\/setmana-parc-infantil-transit\/","url":"https:\/\/www.lafargalhospitalet.com\/ca\/setmana-parc-infantil-transit\/","name":"Setmana de Parc Infantil de Tr\u00e0nsit - La Farga L&#039;Hospitalet Centre d&#039;Activitats. La Farga GEM, S.A.","isPartOf":{"@id":"https:\/\/www.lafargalhospitalet.com\/#website"},"primaryImageOfPage":{"@id":"https:\/\/www.lafargalhospitalet.com\/ca\/setmana-parc-infantil-transit\/#primaryimage"},"image":{"@id":"https:\/\/www.lafargalhospitalet.com\/ca\/setmana-parc-infantil-transit\/#primaryimage"},"thumbnailUrl":"https:\/\/www.lafargalhospitalet.com\/wp-content\/uploads\/2019\/01\/ParcInfantilTransit-Farga.jpg","datePublished":"2019-01-28T11:29:19+00:00","dateModified":"2025-11-03T17:28:05+00:00","description":"La Gu\u00e0rdia Urbana de L\u2019Hospitalet torna a organitzar un parc infantil de tr\u00e0nsit a La Farga Centre d\u2019Activitats, destinat a 550 escolars de la ciutat.","breadcrumb":{"@id":"https:\/\/www.lafargalhospitalet.com\/ca\/setmana-parc-infantil-transit\/#breadcrumb"},"inLanguage":"ca","potentialAction":[{"@type":"ReadAction","target":["https:\/\/www.lafargalhospitalet.com\/ca\/setmana-parc-infantil-transit\/"]}]},{"@type":"ImageObject","inLanguage":"ca","@id":"https:\/\/www.lafargalhospitalet.com\/ca\/setmana-parc-infantil-transit\/#primaryimage","url":"https:\/\/www.lafargalhospitalet.com\/wp-content\/uploads\/2019\/01\/ParcInfantilTransit-Farga.jpg","contentUrl":"https:\/\/www.lafargalhospitalet.com\/wp-content\/uploads\/2019\/01\/ParcInfantilTransit-Farga.jpg","width":730,"height":410,"caption":"Parc Infantil Tr\u00e0nsit Farga"},{"@type":"BreadcrumbList","@id":"https:\/\/www.lafargalhospitalet.com\/ca\/setmana-parc-infantil-transit\/#breadcrumb","itemListElement":[{"@type":"ListItem","position":1,"name":"Portada","item":"https:\/\/www.lafargalhospitalet.com\/"},{"@type":"ListItem","position":2,"name":"Setmana de Parc Infantil de Tr\u00e0nsit"}]},{"@type":"WebSite","@id":"https:\/\/www.lafargalhospitalet.com\/#website","url":"https:\/\/www.lafargalhospitalet.com\/","name":"La Farga L'Hospitalet Centre d'Activitats. La Farga GEM, S.A.","description":"La Farga L&#039;Hospitalet Centre d&#039;Activitats. Gestionat per La Farga GEM, S.A. Fires i Congressos. Concerts, exposicions, reunions, filmacions, sopars de gala.","publisher":{"@id":"https:\/\/www.lafargalhospitalet.com\/#organization"},"potentialAction":[{"@type":"SearchAction","target":{"@type":"EntryPoint","urlTemplate":"https:\/\/www.lafargalhospitalet.com\/?s={search_term_string}"},"query-input":{"@type":"PropertyValueSpecification","valueRequired":true,"valueName":"search_term_string"}}],"inLanguage":"ca"},{"@type":"Organization","@id":"https:\/\/www.lafargalhospitalet.com\/#organization","name":"La Farga L'Hospitalet Centre d'Activitats. La Farga GEM, S.A.","url":"https:\/\/www.lafargalhospitalet.com\/","logo":{"@type":"ImageObject","inLanguage":"ca","@id":"https:\/\/www.lafargalhospitalet.com\/#\/schema\/logo\/image\/","url":"https:\/\/www.lafargalhospitalet.com\/wp-content\/uploads\/2025\/10\/logotipo_lafarga_centre_activitats.png","contentUrl":"https:\/\/www.lafargalhospitalet.com\/wp-content\/uploads\/2025\/10\/logotipo_lafarga_centre_activitats.png","width":266,"height":101,"caption":"La Farga L'Hospitalet Centre d'Activitats. La Farga GEM, S.A."},"image":{"@id":"https:\/\/www.lafargalhospitalet.com\/#\/schema\/logo\/image\/"},"sameAs":["https:\/\/www.facebook.com\/fargahospitalet\/","https:\/\/x.com\/fargahospitalet","https:\/\/www.instagram.com\/lafargahospitalet\/","https:\/\/www.youtube.com\/channel\/UCoLt6hen3PqGXgbLMGI3Qdw","https:\/\/www.flickr.com\/photos\/lafargagemsa\/albums"]},{"@type":"Person","@id":"https:\/\/www.lafargalhospitalet.com\/#\/schema\/person\/6cbac0ef7748506b167ff859e1c7f378","name":"La Farga Centre d'Activitats","sameAs":["https:\/\/www.lafargalhospitalet.com"],"url":"https:\/\/www.lafargalhospitalet.com\/ca\/author\/far25gmin\/"}]}},"_links":{"self":[{"href":"https:\/\/www.lafargalhospitalet.com\/ca\/wp-json\/wp\/v2\/posts\/6313","targetHints":{"allow":["GET"]}}],"collection":[{"href":"https:\/\/www.lafargalhospitalet.com\/ca\/wp-json\/wp\/v2\/posts"}],"about":[{"href":"https:\/\/www.lafargalhospitalet.com\/ca\/wp-json\/wp\/v2\/types\/post"}],"author":[{"embeddable":true,"href":"https:\/\/www.lafargalhospitalet.com\/ca\/wp-json\/wp\/v2\/users\/1"}],"replies":[{"embeddable":true,"href":"https:\/\/www.lafargalhospitalet.com\/ca\/wp-json\/wp\/v2\/comments?post=6313"}],"version-history":[{"count":0,"href":"https:\/\/www.lafargalhospitalet.com\/ca\/wp-json\/wp\/v2\/posts\/6313\/revisions"}],"wp:featuredmedia":[{"embeddable":true,"href":"https:\/\/www.lafargalhospitalet.com\/ca\/wp-json\/wp\/v2\/media\/6314"}],"wp:attachment":[{"href":"https:\/\/www.lafargalhospitalet.com\/ca\/wp-json\/wp\/v2\/media?parent=6313"}],"wp:term":[{"taxonomy":"category","embeddable":true,"href":"https:\/\/www.lafargalhospitalet.com\/ca\/wp-json\/wp\/v2\/categories?post=6313"},{"taxonomy":"post_tag","embeddable":true,"href":"https:\/\/www.lafargalhospitalet.com\/ca\/wp-json\/wp\/v2\/tags?post=6313"}],"curies":[{"name":"wp","href":"https:\/\/api.w.org\/{rel}","templated":true}]}}