{"id":6334,"date":"2019-02-04T11:43:01","date_gmt":"2019-02-04T10:43:01","guid":{"rendered":"http:\/\/www.lafargalhospitalet.com\/?p=6334"},"modified":"2025-11-03T18:28:05","modified_gmt":"2025-11-03T17:28:05","slug":"quatre-mesos-de-maxima-activitat-al-centre-dactivitats","status":"publish","type":"post","link":"https:\/\/www.lafargalhospitalet.com\/ca\/quatre-mesos-de-maxima-activitat-al-centre-dactivitats\/","title":{"rendered":"Quatre mesos de m\u00e0xima activitat a La Farga"},"content":{"rendered":"\n<h5>Primera cita, Expos\u00f3lidos i Polus\u00f3lidos<\/h5>\n\n\n\n<p>La Farga Centre d\u2019Activitats comen\u00e7a el mes de febrer un per\u00edode, fins el mes de maig, amb molta activitat que passa per congressos i salons internacionals molt consolidats, a fires i jornades de tot tipus.<\/p>\n\n\n\n<h5>EXPOS\u00d3LIDOS I POLUS\u00d3LIDOS (12, 13 i 14 de febrer)<\/h5>\n<p>El primer gran sal\u00f3 que arriba \u00e9s Expos\u00f3lidos 2019, el gran Sal\u00f3 Internacional de la Tecnologia i el Processament de S\u00f2lids, previst per als dies 12, 13 i 14 de febrer. Aquesta \u00e9s la 9a edici\u00f3 d\u2019aquest sal\u00f3 bianual, que aplega el sector industrial dedicat a la tecnologia per a la manipulaci\u00f3, el processament i el transport de s\u00f2lids, materials a granel, pols secs, semi s\u00f2lids i separaci\u00f3 l\u00edquids-s\u00f2lids.<\/p>\n<p>Paral\u00b7lelament tamb\u00e9 se celebra Polus\u00f3lidos, el Sal\u00f3 de Tecnologia per a les Captacions i Filtracions. Enguany la cita arriba amb una gran novetat: \u201cDinars s\u00f2lids\u201d que tindran com a conferenciants el doctor en enginyeria industrial i exministre, Joan Maj\u00f3 (dimecres 13 de febrer) i el doctor en economia i dret, Jos\u00e9 Mar\u00eda Gay de Li\u00e9bana (dijous 14 de febrer).<\/p>\n<p>Els dos cert\u00e0mens, de car\u00e0cter internacional, els organitza Profei S.L., que des del primer dia ha confiat en La Farga Centre d\u2019Activitats com espai idoni per aquest esdeveniment.<\/p>\n<p>\n\n<\/p>\n<h5>YOMO. THE YOUTH MOBILE FESTIVAL (del 26 de febrer a l\u20191 de mar\u00e7)<\/h5>\n<p>El congr\u00e9s de telefonia m\u00f2bil, referent metropolit\u00e0, tamb\u00e9 passa per La Farga Centre d\u2019Activitats amb la celebraci\u00f3 del YoMo, The Youth Mobile Festival. Del 26 de febrer a l\u20191 de mar\u00e7 m\u00e9s de 22.000 escolars i educadors d\u2019arreu del territori tenen aquesta cita a L\u2019Hospitalet on la ci\u00e8ncia i la tecnologia s\u2019uneixen amb el m\u00f2bil.<\/p>\n<p>En el YoMo els m\u00e9s joves descobriran estands interactius, tallers, confer\u00e8ncies i espectacles on podran experimentar la ci\u00e8ncia i la tecnologia m\u00e9s sorprenent i impressionant en un recinte ocupat amb 13.000 m2. Tamb\u00e9 experimentaran amb una \u00e0mplia gamma de continguts en totes les \u00e0rees relacionades amb les disciplines STEAM.<\/p>\n<p>\n\n<\/p>\n<h5>JAPAN WEEKEND (9 i 10 de mar\u00e7)<\/h5>\n<p>El mar\u00e7 comen\u00e7a a La Farga amb un cita cl\u00e0ssica i obligada per als amants de tot all\u00f2 que envolta Jap\u00f3. El Japan Weekend \u00e9s un esdeveniment nascut el 2008, enfocat a donar a con\u00e8ixer diversos aspectes de la cultura, costums i oci japoneses.<\/p>\n<p>Els dies 9 i 10 de mar\u00e7 al Japan Weekend podrem gaudir del millor de les s\u00e8ries japoneses, concursos de cosplay, amb els millors cosplayers internacionals, i infinitat d\u2019activitats en la que ser\u00e0 la 13a edici\u00f3 d\u2019aquest esdeveniment sempre a l\u2019al\u00e7a.<\/p>\n<p>\n\n<\/p>\n<h5>BARCELONA BEER FESTIVAL (15, 16 i 17 de mar\u00e7)<\/h5>\n<p>El Barcelona Beer Festival torna a La Farga de L\u2019Hospitalet, en la seva 2a edici\u00f3 al nostre recinte, apostant de nou per apropar al p\u00fablic les darreres tend\u00e8ncies i novetats del sector cerveser.<\/p>\n<p>Curiositats, rareses i cerveses in\u00e8dites fan d\u2019aquesta trobada un parad\u00eds pels amants del ll\u00fapol per\u00f2 tamb\u00e9 per aquells que volen descobrir-ne m\u00e9s sobre la cervesa. I \u00e9s que el festival no vol ser una cita exclusiva per als professionals i els fans sin\u00f3 una activitat amable i divertida apte per a tots els p\u00fablics, incl\u00f2s el p\u00fablic familiar.<\/p>\n<p>El recinte de La Farga ha aportat les necessitats que reclamava el BBF: m\u00e9s espai, enguany amb m\u00e9s m2, confortabilitat pels assistents, facilitats log\u00edstiques pel professionals acreditats i finalment flu\u00efdesa en l\u2019entrada, evitant les llargues cues d\u2019altres edicions.<\/p>\n<p>\n\n<\/p>\n<h5>RETROMOTOR BARCELONA (29, 30 i 31 de mar\u00e7)<\/h5>\n<p>Despr\u00e9s de tres edicions dedicades gaireb\u00e9 en exclusiva al sector de la moto cl\u00e0ssica, RetroMotor Barcelona evoluciona el 2019 per donar resposta a la demanda dels clients i empreses expositores, que demanaven un sal\u00f3 que reun\u00eds tots els aficionats dels vehicles cl\u00e0ssics, tant cotxes com motos.<br \/>Aix\u00ed, RetroMotor Barcelona, sal\u00f3 del cotxe i la moto cl\u00e0ssica, comen\u00e7a una nova etapa, amb el cotxe cl\u00e0ssic tamb\u00e9 com a protagonista, fent un homenatge en aquesta ocasi\u00f3 al Mini i al Seat 1430. El certamen ocupar\u00e0 10.000 m2 d\u2019exposici\u00f3 de cotxes i motos.<\/p>\n<p>\n\n<\/p>\n<h5>EXPOTERRARIA (4 de maig)<\/h5>\n<p>Tot un cl\u00e0ssic a La Farga \u00e9s Expoterraria. Aquest certamen \u00e9s la gran Fira Internacional de r\u00e8ptils, amfibis, peixos, invertebrats i petits mam\u00edfers del sud d&#8217;Europa. Aquesta primavera \u00e9s la 48a edici\u00f3 i cada vegada s\u00f3n m\u00e9s els adeptes que s\u2019hi acosten a La Farga per gaudir d\u2019aquest m\u00f3n animal.<\/p>\n<p>\n\n<\/p>\n<h5>SAL\u00d3 DEL CINEMA I LES S\u00c8RIES (17, 18 i 19 de maig)<\/h5>\n<p>La quarta edici\u00f3 del Sal\u00f3 del Cinema i les S\u00e8ries arriba enguany el mes de maig, amb noves propostes. Aquest sal\u00f3 organitzat per Cinema World i La Farga de L\u2019Hospitalet ens acosta tot all\u00f2 relacionat amb el cinema i les s\u00e8ries, zones interactives amb el visitant, propostes de crowdfunding, projeccions i xerrades sobre l\u2019actualitat del sector. Milers d\u2019aficionats al cinema i les s\u00e8ries han passat per les edicions anteriors, en un recinte ocupat en la seva totalitat per aquest activitat cultural i d\u2019oci.<\/p>\n<p>\n\n<\/p>\n<h5>CELEBRACIONS CIUTADANES I MULTITUDIN\u00c0RIES<\/h5>\n<p>La Farga \u00e9s escenari habitual de les principals celebracions de la ciutat de L\u2019Hospitalet, en dues cites al febrer, amb el Dia d\u2019Andalusia, i a l\u2019abril amb les Festes de Primavera.<\/p>\n<p>Les Jornades Commemoratives Dia d\u2019Andalusia a L\u2019Hospitalet se celebren els dies 23 i 24 de febrer. Aquesta cita multitudin\u00e0ria est\u00e0 organitzada per la Federaci\u00f3n de Coordinadora de Entidades Andaluzas de L\u2019Hospitalet. El festival d\u2019entitats, la tradicional \u201cmisa rociera\u201d i la degustaci\u00f3 d\u2019un plat t\u00edpic s\u00f3n els principals al\u00b7licients d\u2019aquesta celebraci\u00f3 que arriba a la 32a edici\u00f3.<\/p>\n<p>La m\u00fasica \u00e9s la protagonista a La Farga per Festes de Primavera i el cap de setmana del 26 al 28 d\u2019abril acollirem els principals concerts multitudinaris amb propostes per a tots els p\u00fablics.<\/p>\n<p>\n\n<\/p>\n<p>Tota la informaci\u00f3 respecte el calendari d\u2019esdeveniments de La Farga Centre d\u2019Activitats el podeu trobar a <strong><a href=\"https:\/\/www.lafargalhospitalet.com\/agenda-cat\/\" target=\"_blank\" rel=\"noopener\">www.lafargalhospitalet.com\/agenda<\/a>.<\/strong><\/p>\n<p><\/p>","protected":false},"excerpt":{"rendered":"<p>La Farga Centre d\u2019Activitats comen\u00e7a el mes de febrer un per\u00edode, fins el mes de maig, amb molta activitat que passa per congressos i salons internacionals molt consolidats, a fires i jornades de tot tipus.<\/p>\n","protected":false},"author":1,"featured_media":6335,"comment_status":"closed","ping_status":"closed","sticky":false,"template":"","format":"standard","meta":{"_monsterinsights_skip_tracking":false,"_monsterinsights_sitenote_active":false,"_monsterinsights_sitenote_note":"","_monsterinsights_sitenote_category":0,"footnotes":""},"categories":[83],"tags":[],"class_list":["post-6334","post","type-post","status-publish","format-standard","has-post-thumbnail","hentry","category-noticies"],"yoast_head":"<!-- This site is optimized with the Yoast SEO plugin v27.5 - https:\/\/yoast.com\/product\/yoast-seo-wordpress\/ -->\n<title>Quatre mesos de m\u00e0xima activitat a La Farga - La Farga L&#039;Hospitalet Centre d&#039;Activitats. La Farga GEM, S.A.<\/title>\n<meta name=\"description\" content=\"La Farga comen\u00e7a quatre mesos, fins el maig, amb molta activitat que passa per congressos i salons molt consolidats, a fires i jornades de tot tipus.\" \/>\n<meta name=\"robots\" content=\"index, follow, max-snippet:-1, max-image-preview:large, max-video-preview:-1\" \/>\n<link rel=\"canonical\" href=\"https:\/\/www.lafargalhospitalet.com\/ca\/quatre-mesos-de-maxima-activitat-al-centre-dactivitats\/\" \/>\n<meta property=\"og:locale\" content=\"ca_ES\" \/>\n<meta property=\"og:type\" content=\"article\" \/>\n<meta property=\"og:title\" content=\"Quatre mesos de m\u00e0xima activitat a La Farga - La Farga L&#039;Hospitalet Centre d&#039;Activitats. La Farga GEM, S.A.\" \/>\n<meta property=\"og:description\" content=\"La Farga comen\u00e7a quatre mesos, fins el maig, amb molta activitat que passa per congressos i salons molt consolidats, a fires i jornades de tot tipus.\" \/>\n<meta property=\"og:url\" content=\"https:\/\/www.lafargalhospitalet.com\/ca\/quatre-mesos-de-maxima-activitat-al-centre-dactivitats\/\" \/>\n<meta property=\"og:site_name\" content=\"La Farga L&#039;Hospitalet Centre d&#039;Activitats. La Farga GEM, S.A.\" \/>\n<meta property=\"article:publisher\" content=\"https:\/\/www.facebook.com\/fargahospitalet\/\" \/>\n<meta property=\"article:published_time\" content=\"2019-02-04T10:43:01+00:00\" \/>\n<meta property=\"article:modified_time\" content=\"2025-11-03T17:28:05+00:00\" \/>\n<meta property=\"og:image\" content=\"https:\/\/www.lafargalhospitalet.com\/wp-content\/uploads\/2019\/02\/EXPOSOLIDOS-LaFarga.17.jpg\" \/>\n\t<meta property=\"og:image:width\" content=\"730\" \/>\n\t<meta property=\"og:image:height\" content=\"410\" \/>\n\t<meta property=\"og:image:type\" content=\"image\/jpeg\" \/>\n<meta name=\"author\" content=\"La Farga Centre d&#039;Activitats\" \/>\n<meta name=\"twitter:card\" content=\"summary_large_image\" \/>\n<meta name=\"twitter:creator\" content=\"@fargahospitalet\" \/>\n<meta name=\"twitter:site\" content=\"@fargahospitalet\" \/>\n<meta name=\"twitter:label1\" content=\"Escrit per\" \/>\n\t<meta name=\"twitter:data1\" content=\"La Farga Centre d&#039;Activitats\" \/>\n\t<meta name=\"twitter:label2\" content=\"Temps estimat de lectura\" \/>\n\t<meta name=\"twitter:data2\" content=\"5 minuts\" \/>\n<script type=\"application\/ld+json\" class=\"yoast-schema-graph\">{\"@context\":\"https:\\\/\\\/schema.org\",\"@graph\":[{\"@type\":\"Article\",\"@id\":\"https:\\\/\\\/www.lafargalhospitalet.com\\\/ca\\\/quatre-mesos-de-maxima-activitat-al-centre-dactivitats\\\/#article\",\"isPartOf\":{\"@id\":\"https:\\\/\\\/www.lafargalhospitalet.com\\\/ca\\\/quatre-mesos-de-maxima-activitat-al-centre-dactivitats\\\/\"},\"author\":{\"name\":\"La Farga Centre d'Activitats\",\"@id\":\"https:\\\/\\\/www.lafargalhospitalet.com\\\/#\\\/schema\\\/person\\\/6cbac0ef7748506b167ff859e1c7f378\"},\"headline\":\"Quatre mesos de m\u00e0xima activitat a La Farga\",\"datePublished\":\"2019-02-04T10:43:01+00:00\",\"dateModified\":\"2025-11-03T17:28:05+00:00\",\"mainEntityOfPage\":{\"@id\":\"https:\\\/\\\/www.lafargalhospitalet.com\\\/ca\\\/quatre-mesos-de-maxima-activitat-al-centre-dactivitats\\\/\"},\"wordCount\":1024,\"publisher\":{\"@id\":\"https:\\\/\\\/www.lafargalhospitalet.com\\\/#organization\"},\"image\":{\"@id\":\"https:\\\/\\\/www.lafargalhospitalet.com\\\/ca\\\/quatre-mesos-de-maxima-activitat-al-centre-dactivitats\\\/#primaryimage\"},\"thumbnailUrl\":\"https:\\\/\\\/www.lafargalhospitalet.com\\\/wp-content\\\/uploads\\\/2019\\\/02\\\/EXPOSOLIDOS-LaFarga.17.jpg\",\"articleSection\":[\"Noticies\"],\"inLanguage\":\"ca\"},{\"@type\":\"WebPage\",\"@id\":\"https:\\\/\\\/www.lafargalhospitalet.com\\\/ca\\\/quatre-mesos-de-maxima-activitat-al-centre-dactivitats\\\/\",\"url\":\"https:\\\/\\\/www.lafargalhospitalet.com\\\/ca\\\/quatre-mesos-de-maxima-activitat-al-centre-dactivitats\\\/\",\"name\":\"Quatre mesos de m\u00e0xima activitat a La Farga - La Farga L&#039;Hospitalet Centre d&#039;Activitats. La Farga GEM, S.A.\",\"isPartOf\":{\"@id\":\"https:\\\/\\\/www.lafargalhospitalet.com\\\/#website\"},\"primaryImageOfPage\":{\"@id\":\"https:\\\/\\\/www.lafargalhospitalet.com\\\/ca\\\/quatre-mesos-de-maxima-activitat-al-centre-dactivitats\\\/#primaryimage\"},\"image\":{\"@id\":\"https:\\\/\\\/www.lafargalhospitalet.com\\\/ca\\\/quatre-mesos-de-maxima-activitat-al-centre-dactivitats\\\/#primaryimage\"},\"thumbnailUrl\":\"https:\\\/\\\/www.lafargalhospitalet.com\\\/wp-content\\\/uploads\\\/2019\\\/02\\\/EXPOSOLIDOS-LaFarga.17.jpg\",\"datePublished\":\"2019-02-04T10:43:01+00:00\",\"dateModified\":\"2025-11-03T17:28:05+00:00\",\"description\":\"La Farga comen\u00e7a quatre mesos, fins el maig, amb molta activitat que passa per congressos i salons molt consolidats, a fires i jornades de tot tipus.\",\"breadcrumb\":{\"@id\":\"https:\\\/\\\/www.lafargalhospitalet.com\\\/ca\\\/quatre-mesos-de-maxima-activitat-al-centre-dactivitats\\\/#breadcrumb\"},\"inLanguage\":\"ca\",\"potentialAction\":[{\"@type\":\"ReadAction\",\"target\":[\"https:\\\/\\\/www.lafargalhospitalet.com\\\/ca\\\/quatre-mesos-de-maxima-activitat-al-centre-dactivitats\\\/\"]}]},{\"@type\":\"ImageObject\",\"inLanguage\":\"ca\",\"@id\":\"https:\\\/\\\/www.lafargalhospitalet.com\\\/ca\\\/quatre-mesos-de-maxima-activitat-al-centre-dactivitats\\\/#primaryimage\",\"url\":\"https:\\\/\\\/www.lafargalhospitalet.com\\\/wp-content\\\/uploads\\\/2019\\\/02\\\/EXPOSOLIDOS-LaFarga.17.jpg\",\"contentUrl\":\"https:\\\/\\\/www.lafargalhospitalet.com\\\/wp-content\\\/uploads\\\/2019\\\/02\\\/EXPOSOLIDOS-LaFarga.17.jpg\",\"width\":730,\"height\":410},{\"@type\":\"BreadcrumbList\",\"@id\":\"https:\\\/\\\/www.lafargalhospitalet.com\\\/ca\\\/quatre-mesos-de-maxima-activitat-al-centre-dactivitats\\\/#breadcrumb\",\"itemListElement\":[{\"@type\":\"ListItem\",\"position\":1,\"name\":\"Portada\",\"item\":\"https:\\\/\\\/www.lafargalhospitalet.com\\\/\"},{\"@type\":\"ListItem\",\"position\":2,\"name\":\"Quatre mesos de m\u00e0xima activitat a La Farga\"}]},{\"@type\":\"WebSite\",\"@id\":\"https:\\\/\\\/www.lafargalhospitalet.com\\\/#website\",\"url\":\"https:\\\/\\\/www.lafargalhospitalet.com\\\/\",\"name\":\"La Farga L'Hospitalet Centre d'Activitats. La Farga GEM, S.A.\",\"description\":\"La Farga L&#039;Hospitalet Centre d&#039;Activitats. Gestionat per La Farga GEM, S.A. Fires i Congressos. Concerts, exposicions, reunions, filmacions, sopars de gala.\",\"publisher\":{\"@id\":\"https:\\\/\\\/www.lafargalhospitalet.com\\\/#organization\"},\"potentialAction\":[{\"@type\":\"SearchAction\",\"target\":{\"@type\":\"EntryPoint\",\"urlTemplate\":\"https:\\\/\\\/www.lafargalhospitalet.com\\\/?s={search_term_string}\"},\"query-input\":{\"@type\":\"PropertyValueSpecification\",\"valueRequired\":true,\"valueName\":\"search_term_string\"}}],\"inLanguage\":\"ca\"},{\"@type\":\"Organization\",\"@id\":\"https:\\\/\\\/www.lafargalhospitalet.com\\\/#organization\",\"name\":\"La Farga L'Hospitalet Centre d'Activitats. La Farga GEM, S.A.\",\"url\":\"https:\\\/\\\/www.lafargalhospitalet.com\\\/\",\"logo\":{\"@type\":\"ImageObject\",\"inLanguage\":\"ca\",\"@id\":\"https:\\\/\\\/www.lafargalhospitalet.com\\\/#\\\/schema\\\/logo\\\/image\\\/\",\"url\":\"https:\\\/\\\/www.lafargalhospitalet.com\\\/wp-content\\\/uploads\\\/2025\\\/10\\\/logotipo_lafarga_centre_activitats.png\",\"contentUrl\":\"https:\\\/\\\/www.lafargalhospitalet.com\\\/wp-content\\\/uploads\\\/2025\\\/10\\\/logotipo_lafarga_centre_activitats.png\",\"width\":266,\"height\":101,\"caption\":\"La Farga L'Hospitalet Centre d'Activitats. La Farga GEM, S.A.\"},\"image\":{\"@id\":\"https:\\\/\\\/www.lafargalhospitalet.com\\\/#\\\/schema\\\/logo\\\/image\\\/\"},\"sameAs\":[\"https:\\\/\\\/www.facebook.com\\\/fargahospitalet\\\/\",\"https:\\\/\\\/x.com\\\/fargahospitalet\",\"https:\\\/\\\/www.instagram.com\\\/lafargahospitalet\\\/\",\"https:\\\/\\\/www.youtube.com\\\/channel\\\/UCoLt6hen3PqGXgbLMGI3Qdw\",\"https:\\\/\\\/www.flickr.com\\\/photos\\\/lafargagemsa\\\/albums\"]},{\"@type\":\"Person\",\"@id\":\"https:\\\/\\\/www.lafargalhospitalet.com\\\/#\\\/schema\\\/person\\\/6cbac0ef7748506b167ff859e1c7f378\",\"name\":\"La Farga Centre d'Activitats\",\"sameAs\":[\"https:\\\/\\\/www.lafargalhospitalet.com\"],\"url\":\"https:\\\/\\\/www.lafargalhospitalet.com\\\/ca\\\/author\\\/far25gmin\\\/\"}]}<\/script>\n<!-- \/ Yoast SEO plugin. -->","yoast_head_json":{"title":"Quatre mesos de m\u00e0xima activitat a La Farga - La Farga L&#039;Hospitalet Centre d&#039;Activitats. La Farga GEM, S.A.","description":"La Farga comen\u00e7a quatre mesos, fins el maig, amb molta activitat que passa per congressos i salons molt consolidats, a fires i jornades de tot tipus.","robots":{"index":"index","follow":"follow","max-snippet":"max-snippet:-1","max-image-preview":"max-image-preview:large","max-video-preview":"max-video-preview:-1"},"canonical":"https:\/\/www.lafargalhospitalet.com\/ca\/quatre-mesos-de-maxima-activitat-al-centre-dactivitats\/","og_locale":"ca_ES","og_type":"article","og_title":"Quatre mesos de m\u00e0xima activitat a La Farga - La Farga L&#039;Hospitalet Centre d&#039;Activitats. La Farga GEM, S.A.","og_description":"La Farga comen\u00e7a quatre mesos, fins el maig, amb molta activitat que passa per congressos i salons molt consolidats, a fires i jornades de tot tipus.","og_url":"https:\/\/www.lafargalhospitalet.com\/ca\/quatre-mesos-de-maxima-activitat-al-centre-dactivitats\/","og_site_name":"La Farga L&#039;Hospitalet Centre d&#039;Activitats. La Farga GEM, S.A.","article_publisher":"https:\/\/www.facebook.com\/fargahospitalet\/","article_published_time":"2019-02-04T10:43:01+00:00","article_modified_time":"2025-11-03T17:28:05+00:00","og_image":[{"width":730,"height":410,"url":"https:\/\/www.lafargalhospitalet.com\/wp-content\/uploads\/2019\/02\/EXPOSOLIDOS-LaFarga.17.jpg","type":"image\/jpeg"}],"author":"La Farga Centre d'Activitats","twitter_card":"summary_large_image","twitter_creator":"@fargahospitalet","twitter_site":"@fargahospitalet","twitter_misc":{"Escrit per":"La Farga Centre d'Activitats","Temps estimat de lectura":"5 minuts"},"schema":{"@context":"https:\/\/schema.org","@graph":[{"@type":"Article","@id":"https:\/\/www.lafargalhospitalet.com\/ca\/quatre-mesos-de-maxima-activitat-al-centre-dactivitats\/#article","isPartOf":{"@id":"https:\/\/www.lafargalhospitalet.com\/ca\/quatre-mesos-de-maxima-activitat-al-centre-dactivitats\/"},"author":{"name":"La Farga Centre d'Activitats","@id":"https:\/\/www.lafargalhospitalet.com\/#\/schema\/person\/6cbac0ef7748506b167ff859e1c7f378"},"headline":"Quatre mesos de m\u00e0xima activitat a La Farga","datePublished":"2019-02-04T10:43:01+00:00","dateModified":"2025-11-03T17:28:05+00:00","mainEntityOfPage":{"@id":"https:\/\/www.lafargalhospitalet.com\/ca\/quatre-mesos-de-maxima-activitat-al-centre-dactivitats\/"},"wordCount":1024,"publisher":{"@id":"https:\/\/www.lafargalhospitalet.com\/#organization"},"image":{"@id":"https:\/\/www.lafargalhospitalet.com\/ca\/quatre-mesos-de-maxima-activitat-al-centre-dactivitats\/#primaryimage"},"thumbnailUrl":"https:\/\/www.lafargalhospitalet.com\/wp-content\/uploads\/2019\/02\/EXPOSOLIDOS-LaFarga.17.jpg","articleSection":["Noticies"],"inLanguage":"ca"},{"@type":"WebPage","@id":"https:\/\/www.lafargalhospitalet.com\/ca\/quatre-mesos-de-maxima-activitat-al-centre-dactivitats\/","url":"https:\/\/www.lafargalhospitalet.com\/ca\/quatre-mesos-de-maxima-activitat-al-centre-dactivitats\/","name":"Quatre mesos de m\u00e0xima activitat a La Farga - La Farga L&#039;Hospitalet Centre d&#039;Activitats. La Farga GEM, S.A.","isPartOf":{"@id":"https:\/\/www.lafargalhospitalet.com\/#website"},"primaryImageOfPage":{"@id":"https:\/\/www.lafargalhospitalet.com\/ca\/quatre-mesos-de-maxima-activitat-al-centre-dactivitats\/#primaryimage"},"image":{"@id":"https:\/\/www.lafargalhospitalet.com\/ca\/quatre-mesos-de-maxima-activitat-al-centre-dactivitats\/#primaryimage"},"thumbnailUrl":"https:\/\/www.lafargalhospitalet.com\/wp-content\/uploads\/2019\/02\/EXPOSOLIDOS-LaFarga.17.jpg","datePublished":"2019-02-04T10:43:01+00:00","dateModified":"2025-11-03T17:28:05+00:00","description":"La Farga comen\u00e7a quatre mesos, fins el maig, amb molta activitat que passa per congressos i salons molt consolidats, a fires i jornades de tot tipus.","breadcrumb":{"@id":"https:\/\/www.lafargalhospitalet.com\/ca\/quatre-mesos-de-maxima-activitat-al-centre-dactivitats\/#breadcrumb"},"inLanguage":"ca","potentialAction":[{"@type":"ReadAction","target":["https:\/\/www.lafargalhospitalet.com\/ca\/quatre-mesos-de-maxima-activitat-al-centre-dactivitats\/"]}]},{"@type":"ImageObject","inLanguage":"ca","@id":"https:\/\/www.lafargalhospitalet.com\/ca\/quatre-mesos-de-maxima-activitat-al-centre-dactivitats\/#primaryimage","url":"https:\/\/www.lafargalhospitalet.com\/wp-content\/uploads\/2019\/02\/EXPOSOLIDOS-LaFarga.17.jpg","contentUrl":"https:\/\/www.lafargalhospitalet.com\/wp-content\/uploads\/2019\/02\/EXPOSOLIDOS-LaFarga.17.jpg","width":730,"height":410},{"@type":"BreadcrumbList","@id":"https:\/\/www.lafargalhospitalet.com\/ca\/quatre-mesos-de-maxima-activitat-al-centre-dactivitats\/#breadcrumb","itemListElement":[{"@type":"ListItem","position":1,"name":"Portada","item":"https:\/\/www.lafargalhospitalet.com\/"},{"@type":"ListItem","position":2,"name":"Quatre mesos de m\u00e0xima activitat a La Farga"}]},{"@type":"WebSite","@id":"https:\/\/www.lafargalhospitalet.com\/#website","url":"https:\/\/www.lafargalhospitalet.com\/","name":"La Farga L'Hospitalet Centre d'Activitats. La Farga GEM, S.A.","description":"La Farga L&#039;Hospitalet Centre d&#039;Activitats. Gestionat per La Farga GEM, S.A. Fires i Congressos. Concerts, exposicions, reunions, filmacions, sopars de gala.","publisher":{"@id":"https:\/\/www.lafargalhospitalet.com\/#organization"},"potentialAction":[{"@type":"SearchAction","target":{"@type":"EntryPoint","urlTemplate":"https:\/\/www.lafargalhospitalet.com\/?s={search_term_string}"},"query-input":{"@type":"PropertyValueSpecification","valueRequired":true,"valueName":"search_term_string"}}],"inLanguage":"ca"},{"@type":"Organization","@id":"https:\/\/www.lafargalhospitalet.com\/#organization","name":"La Farga L'Hospitalet Centre d'Activitats. La Farga GEM, S.A.","url":"https:\/\/www.lafargalhospitalet.com\/","logo":{"@type":"ImageObject","inLanguage":"ca","@id":"https:\/\/www.lafargalhospitalet.com\/#\/schema\/logo\/image\/","url":"https:\/\/www.lafargalhospitalet.com\/wp-content\/uploads\/2025\/10\/logotipo_lafarga_centre_activitats.png","contentUrl":"https:\/\/www.lafargalhospitalet.com\/wp-content\/uploads\/2025\/10\/logotipo_lafarga_centre_activitats.png","width":266,"height":101,"caption":"La Farga L'Hospitalet Centre d'Activitats. La Farga GEM, S.A."},"image":{"@id":"https:\/\/www.lafargalhospitalet.com\/#\/schema\/logo\/image\/"},"sameAs":["https:\/\/www.facebook.com\/fargahospitalet\/","https:\/\/x.com\/fargahospitalet","https:\/\/www.instagram.com\/lafargahospitalet\/","https:\/\/www.youtube.com\/channel\/UCoLt6hen3PqGXgbLMGI3Qdw","https:\/\/www.flickr.com\/photos\/lafargagemsa\/albums"]},{"@type":"Person","@id":"https:\/\/www.lafargalhospitalet.com\/#\/schema\/person\/6cbac0ef7748506b167ff859e1c7f378","name":"La Farga Centre d'Activitats","sameAs":["https:\/\/www.lafargalhospitalet.com"],"url":"https:\/\/www.lafargalhospitalet.com\/ca\/author\/far25gmin\/"}]}},"_links":{"self":[{"href":"https:\/\/www.lafargalhospitalet.com\/ca\/wp-json\/wp\/v2\/posts\/6334","targetHints":{"allow":["GET"]}}],"collection":[{"href":"https:\/\/www.lafargalhospitalet.com\/ca\/wp-json\/wp\/v2\/posts"}],"about":[{"href":"https:\/\/www.lafargalhospitalet.com\/ca\/wp-json\/wp\/v2\/types\/post"}],"author":[{"embeddable":true,"href":"https:\/\/www.lafargalhospitalet.com\/ca\/wp-json\/wp\/v2\/users\/1"}],"replies":[{"embeddable":true,"href":"https:\/\/www.lafargalhospitalet.com\/ca\/wp-json\/wp\/v2\/comments?post=6334"}],"version-history":[{"count":0,"href":"https:\/\/www.lafargalhospitalet.com\/ca\/wp-json\/wp\/v2\/posts\/6334\/revisions"}],"wp:featuredmedia":[{"embeddable":true,"href":"https:\/\/www.lafargalhospitalet.com\/ca\/wp-json\/wp\/v2\/media\/6335"}],"wp:attachment":[{"href":"https:\/\/www.lafargalhospitalet.com\/ca\/wp-json\/wp\/v2\/media?parent=6334"}],"wp:term":[{"taxonomy":"category","embeddable":true,"href":"https:\/\/www.lafargalhospitalet.com\/ca\/wp-json\/wp\/v2\/categories?post=6334"},{"taxonomy":"post_tag","embeddable":true,"href":"https:\/\/www.lafargalhospitalet.com\/ca\/wp-json\/wp\/v2\/tags?post=6334"}],"curies":[{"name":"wp","href":"https:\/\/api.w.org\/{rel}","templated":true}]}}