{"id":6446,"date":"2019-02-25T10:41:02","date_gmt":"2019-02-25T09:41:02","guid":{"rendered":"http:\/\/www.lafargalhospitalet.com\/?p=6446"},"modified":"2025-11-03T18:28:05","modified_gmt":"2025-11-03T17:28:05","slug":"arriba-yomo19-farga-complet","status":"publish","type":"post","link":"https:\/\/www.lafargalhospitalet.com\/ca\/arriba-yomo19-farga-complet\/","title":{"rendered":"Arriba YoMo&#8217;19, amb La Farga al complet"},"content":{"rendered":"<h5>El YoMo es consolida a La Farga<\/h5>\n<p>Del 26 de febrer al 2 de mar\u00e7, acollim a La Farga de L\u2019Hospitalet i <a href=\"https:\/\/www.lafargalhospitalet.com\/nuria-marin-la-farga-es-idonia-per-acollir-el-yomo\/\" target=\"_blank\" rel=\"noopener\"><strong>per segona edici\u00f3<\/strong><\/a>, el Youth Mobile Festival (YoMo), organitzat per GMSA, el festival m\u00e9s gran dedicat a la ci\u00e8ncia, la tecnologia, l\u2019enginyeria, l\u2019art, el disseny i les matem\u00e0tiques per a joves.<\/p>\n<p>La Farga Centre d&#8217;Activitats i La Farga Congress estan al complet en quant ocupaci\u00f3 amb els seus m\u00e9s de 10.000m2 per rebre aquest esdeveniment internacional relacionat amb la tecnologia i els joves.<\/p>\n<p>Durant aquests dies, 22.000 estudiants i educadors del pa\u00eds, dels quals 2.100 seran de L\u2019Hospitalet, assistiran a una enorme exposici\u00f3 que uneix ci\u00e8ncia, tecnologia i smartphone i que oferir\u00e0 m\u00e9s de 50 estands amb un centenar de tallers i activitats pr\u00e0ctiques pensades per a tots els joves, aix\u00ed com activitats per als educadors i confer\u00e8ncies.<\/p>\n<p>Per primera vegada, els centres educatius de L\u2019Hospitalet tindran un estand instal\u00b7lat per l\u2019Ajuntament per mostrar els seus projectes m\u00e9s innovadors, relacionats majorit\u00e0riament amb la rob\u00f2tica i l\u2019\u00fas de la tecnologia. Aix\u00ed, hi participen deu centres de la ciutat: les escoles Busquets i Punset, Frederic Mistral, Pere Lliscart, Joan XXIII i Bernat Desclot, i els instituts Jaume Botey, Merc\u00e8 Rodoreda, Bellvitge, Apel\u00b7les Mestres i Bisbe Berenguer.<\/p>\n<p>En aquest estand es mostraran un total de 14 accions que duen a terme en el marc del programa &#8220;Fem t\u00e0ndem L\u2019H&#8221;, una iniciativa que permet als alumnes desenvolupar un projecte lligat a un equipament o instituci\u00f3 cultural o cient\u00edfica, o sobre les noves tecnologies.<\/p>\n<h5>YoMo Family Day, novetat<\/h5>\n<p>Una altra novetat d\u2019enguany \u00e9s la celebraci\u00f3 del YoMo Family Day, una iniciativa de GMSA i l\u2019Ajuntament de L\u2019Hospitalet que permetr\u00e0 a les fam\u00edlies amb fills menors visitar el festival de forma gratu\u00efta. Aix\u00ed, el YoMo obrir\u00e0 el dissabte 2 de mar\u00e7, de 10 a 16 hores, exclusivament per a nens i nenes de 8 a 12 anys que vagin acompanyats d\u2019un adult. Per accedir a aquesta entrada familiar cal inscriure\u2019s pr\u00e8viament al web del certamen (<a href=\"https:\/\/www.mwcyomo.com\/bcn\/ca\/registreu-vos\/families\/\" target=\"_blank\" rel=\"noopener\"><strong>www.yomobcn.cat\/families<\/strong><\/a>). S\u2019hi poden inscriure fins a 8 persones, per\u00f2 cada inscripci\u00f3, per ser v\u00e0lida, ha de registrar, com a m\u00ednim, 1 menor d\u2019edat i un adult acompanyant. La inscripci\u00f3 \u00e9s oberta fins al 25 de febrer.<\/p>\n<p>Tota la informaci\u00f3: <a href=\"https:\/\/www.mwcyomo.com\/bcn\/ca\/\" target=\"_blank\" rel=\"noopener\"><strong>www.mwcyomo.com\/bcn\/ca\/<\/strong><\/a><\/p>\n","protected":false},"excerpt":{"rendered":"<p>Del 26 de febrer al 2 de mar\u00e7, acollim a La Farga de L\u2019Hospitalet i per segona edici\u00f3, el Youth Mobile Festival (YoMo), organitzat per GMSA.<\/p>\n","protected":false},"author":1,"featured_media":6447,"comment_status":"closed","ping_status":"closed","sticky":false,"template":"","format":"standard","meta":{"_monsterinsights_skip_tracking":false,"_monsterinsights_sitenote_active":false,"_monsterinsights_sitenote_note":"","_monsterinsights_sitenote_category":0,"footnotes":""},"categories":[83],"tags":[],"class_list":["post-6446","post","type-post","status-publish","format-standard","has-post-thumbnail","hentry","category-noticies"],"yoast_head":"<!-- This site is optimized with the Yoast SEO plugin v27.5 - https:\/\/yoast.com\/product\/yoast-seo-wordpress\/ -->\n<title>Arriba YoMo&#039;19, amb La Farga al complet - La Farga L&#039;Hospitalet Centre d&#039;Activitats. La Farga GEM, S.A.<\/title>\n<meta name=\"description\" content=\"Del 26 de febrer al 2 de mar\u00e7, acollim a La Farga de L\u2019Hospitalet i per segona edici\u00f3, el Youth Mobile Festival (YoMo), organitzat per GMSA.\" \/>\n<meta name=\"robots\" content=\"index, follow, max-snippet:-1, max-image-preview:large, max-video-preview:-1\" \/>\n<link rel=\"canonical\" href=\"https:\/\/www.lafargalhospitalet.com\/ca\/arriba-yomo19-farga-complet\/\" \/>\n<meta property=\"og:locale\" content=\"ca_ES\" \/>\n<meta property=\"og:type\" content=\"article\" \/>\n<meta property=\"og:title\" content=\"Arriba YoMo&#039;19, amb La Farga al complet - La Farga L&#039;Hospitalet Centre d&#039;Activitats. La Farga GEM, S.A.\" \/>\n<meta property=\"og:description\" content=\"Del 26 de febrer al 2 de mar\u00e7, acollim a La Farga de L\u2019Hospitalet i per segona edici\u00f3, el Youth Mobile Festival (YoMo), organitzat per GMSA.\" \/>\n<meta property=\"og:url\" content=\"https:\/\/www.lafargalhospitalet.com\/ca\/arriba-yomo19-farga-complet\/\" \/>\n<meta property=\"og:site_name\" content=\"La Farga L&#039;Hospitalet Centre d&#039;Activitats. La Farga GEM, S.A.\" \/>\n<meta property=\"article:publisher\" content=\"https:\/\/www.facebook.com\/fargahospitalet\/\" \/>\n<meta property=\"article:published_time\" content=\"2019-02-25T09:41:02+00:00\" \/>\n<meta property=\"article:modified_time\" content=\"2025-11-03T17:28:05+00:00\" \/>\n<meta property=\"og:image\" content=\"https:\/\/www.lafargalhospitalet.com\/wp-content\/uploads\/2019\/02\/YoMo-Farga-18.jpg\" \/>\n\t<meta property=\"og:image:width\" content=\"730\" \/>\n\t<meta property=\"og:image:height\" content=\"410\" \/>\n\t<meta property=\"og:image:type\" content=\"image\/jpeg\" \/>\n<meta name=\"author\" content=\"La Farga Centre d&#039;Activitats\" \/>\n<meta name=\"twitter:card\" content=\"summary_large_image\" \/>\n<meta name=\"twitter:creator\" content=\"@fargahospitalet\" \/>\n<meta name=\"twitter:site\" content=\"@fargahospitalet\" \/>\n<meta name=\"twitter:label1\" content=\"Escrit per\" \/>\n\t<meta name=\"twitter:data1\" content=\"La Farga Centre d&#039;Activitats\" \/>\n\t<meta name=\"twitter:label2\" content=\"Temps estimat de lectura\" \/>\n\t<meta name=\"twitter:data2\" content=\"2 minuts\" \/>\n<script type=\"application\/ld+json\" class=\"yoast-schema-graph\">{\"@context\":\"https:\\\/\\\/schema.org\",\"@graph\":[{\"@type\":\"Article\",\"@id\":\"https:\\\/\\\/www.lafargalhospitalet.com\\\/ca\\\/arriba-yomo19-farga-complet\\\/#article\",\"isPartOf\":{\"@id\":\"https:\\\/\\\/www.lafargalhospitalet.com\\\/ca\\\/arriba-yomo19-farga-complet\\\/\"},\"author\":{\"name\":\"La Farga Centre d'Activitats\",\"@id\":\"https:\\\/\\\/www.lafargalhospitalet.com\\\/#\\\/schema\\\/person\\\/6cbac0ef7748506b167ff859e1c7f378\"},\"headline\":\"Arriba YoMo&#8217;19, amb La Farga al complet\",\"datePublished\":\"2019-02-25T09:41:02+00:00\",\"dateModified\":\"2025-11-03T17:28:05+00:00\",\"mainEntityOfPage\":{\"@id\":\"https:\\\/\\\/www.lafargalhospitalet.com\\\/ca\\\/arriba-yomo19-farga-complet\\\/\"},\"wordCount\":408,\"publisher\":{\"@id\":\"https:\\\/\\\/www.lafargalhospitalet.com\\\/#organization\"},\"image\":{\"@id\":\"https:\\\/\\\/www.lafargalhospitalet.com\\\/ca\\\/arriba-yomo19-farga-complet\\\/#primaryimage\"},\"thumbnailUrl\":\"https:\\\/\\\/www.lafargalhospitalet.com\\\/wp-content\\\/uploads\\\/2019\\\/02\\\/YoMo-Farga-18.jpg\",\"articleSection\":[\"Noticies\"],\"inLanguage\":\"ca\"},{\"@type\":\"WebPage\",\"@id\":\"https:\\\/\\\/www.lafargalhospitalet.com\\\/ca\\\/arriba-yomo19-farga-complet\\\/\",\"url\":\"https:\\\/\\\/www.lafargalhospitalet.com\\\/ca\\\/arriba-yomo19-farga-complet\\\/\",\"name\":\"Arriba YoMo'19, amb La Farga al complet - La Farga L&#039;Hospitalet Centre d&#039;Activitats. La Farga GEM, S.A.\",\"isPartOf\":{\"@id\":\"https:\\\/\\\/www.lafargalhospitalet.com\\\/#website\"},\"primaryImageOfPage\":{\"@id\":\"https:\\\/\\\/www.lafargalhospitalet.com\\\/ca\\\/arriba-yomo19-farga-complet\\\/#primaryimage\"},\"image\":{\"@id\":\"https:\\\/\\\/www.lafargalhospitalet.com\\\/ca\\\/arriba-yomo19-farga-complet\\\/#primaryimage\"},\"thumbnailUrl\":\"https:\\\/\\\/www.lafargalhospitalet.com\\\/wp-content\\\/uploads\\\/2019\\\/02\\\/YoMo-Farga-18.jpg\",\"datePublished\":\"2019-02-25T09:41:02+00:00\",\"dateModified\":\"2025-11-03T17:28:05+00:00\",\"description\":\"Del 26 de febrer al 2 de mar\u00e7, acollim a La Farga de L\u2019Hospitalet i per segona edici\u00f3, el Youth Mobile Festival (YoMo), organitzat per GMSA.\",\"breadcrumb\":{\"@id\":\"https:\\\/\\\/www.lafargalhospitalet.com\\\/ca\\\/arriba-yomo19-farga-complet\\\/#breadcrumb\"},\"inLanguage\":\"ca\",\"potentialAction\":[{\"@type\":\"ReadAction\",\"target\":[\"https:\\\/\\\/www.lafargalhospitalet.com\\\/ca\\\/arriba-yomo19-farga-complet\\\/\"]}]},{\"@type\":\"ImageObject\",\"inLanguage\":\"ca\",\"@id\":\"https:\\\/\\\/www.lafargalhospitalet.com\\\/ca\\\/arriba-yomo19-farga-complet\\\/#primaryimage\",\"url\":\"https:\\\/\\\/www.lafargalhospitalet.com\\\/wp-content\\\/uploads\\\/2019\\\/02\\\/YoMo-Farga-18.jpg\",\"contentUrl\":\"https:\\\/\\\/www.lafargalhospitalet.com\\\/wp-content\\\/uploads\\\/2019\\\/02\\\/YoMo-Farga-18.jpg\",\"width\":730,\"height\":410,\"caption\":\"YoMo Farga\"},{\"@type\":\"BreadcrumbList\",\"@id\":\"https:\\\/\\\/www.lafargalhospitalet.com\\\/ca\\\/arriba-yomo19-farga-complet\\\/#breadcrumb\",\"itemListElement\":[{\"@type\":\"ListItem\",\"position\":1,\"name\":\"Portada\",\"item\":\"https:\\\/\\\/www.lafargalhospitalet.com\\\/\"},{\"@type\":\"ListItem\",\"position\":2,\"name\":\"Arriba YoMo&#8217;19, amb La Farga al complet\"}]},{\"@type\":\"WebSite\",\"@id\":\"https:\\\/\\\/www.lafargalhospitalet.com\\\/#website\",\"url\":\"https:\\\/\\\/www.lafargalhospitalet.com\\\/\",\"name\":\"La Farga L'Hospitalet Centre d'Activitats. La Farga GEM, S.A.\",\"description\":\"La Farga L&#039;Hospitalet Centre d&#039;Activitats. Gestionat per La Farga GEM, S.A. Fires i Congressos. Concerts, exposicions, reunions, filmacions, sopars de gala.\",\"publisher\":{\"@id\":\"https:\\\/\\\/www.lafargalhospitalet.com\\\/#organization\"},\"potentialAction\":[{\"@type\":\"SearchAction\",\"target\":{\"@type\":\"EntryPoint\",\"urlTemplate\":\"https:\\\/\\\/www.lafargalhospitalet.com\\\/?s={search_term_string}\"},\"query-input\":{\"@type\":\"PropertyValueSpecification\",\"valueRequired\":true,\"valueName\":\"search_term_string\"}}],\"inLanguage\":\"ca\"},{\"@type\":\"Organization\",\"@id\":\"https:\\\/\\\/www.lafargalhospitalet.com\\\/#organization\",\"name\":\"La Farga L'Hospitalet Centre d'Activitats. La Farga GEM, S.A.\",\"url\":\"https:\\\/\\\/www.lafargalhospitalet.com\\\/\",\"logo\":{\"@type\":\"ImageObject\",\"inLanguage\":\"ca\",\"@id\":\"https:\\\/\\\/www.lafargalhospitalet.com\\\/#\\\/schema\\\/logo\\\/image\\\/\",\"url\":\"https:\\\/\\\/www.lafargalhospitalet.com\\\/wp-content\\\/uploads\\\/2025\\\/10\\\/logotipo_lafarga_centre_activitats.png\",\"contentUrl\":\"https:\\\/\\\/www.lafargalhospitalet.com\\\/wp-content\\\/uploads\\\/2025\\\/10\\\/logotipo_lafarga_centre_activitats.png\",\"width\":266,\"height\":101,\"caption\":\"La Farga L'Hospitalet Centre d'Activitats. La Farga GEM, S.A.\"},\"image\":{\"@id\":\"https:\\\/\\\/www.lafargalhospitalet.com\\\/#\\\/schema\\\/logo\\\/image\\\/\"},\"sameAs\":[\"https:\\\/\\\/www.facebook.com\\\/fargahospitalet\\\/\",\"https:\\\/\\\/x.com\\\/fargahospitalet\",\"https:\\\/\\\/www.instagram.com\\\/lafargahospitalet\\\/\",\"https:\\\/\\\/www.youtube.com\\\/channel\\\/UCoLt6hen3PqGXgbLMGI3Qdw\",\"https:\\\/\\\/www.flickr.com\\\/photos\\\/lafargagemsa\\\/albums\"]},{\"@type\":\"Person\",\"@id\":\"https:\\\/\\\/www.lafargalhospitalet.com\\\/#\\\/schema\\\/person\\\/6cbac0ef7748506b167ff859e1c7f378\",\"name\":\"La Farga Centre d'Activitats\",\"sameAs\":[\"https:\\\/\\\/www.lafargalhospitalet.com\"],\"url\":\"https:\\\/\\\/www.lafargalhospitalet.com\\\/ca\\\/author\\\/far25gmin\\\/\"}]}<\/script>\n<!-- \/ Yoast SEO plugin. -->","yoast_head_json":{"title":"Arriba YoMo'19, amb La Farga al complet - La Farga L&#039;Hospitalet Centre d&#039;Activitats. La Farga GEM, S.A.","description":"Del 26 de febrer al 2 de mar\u00e7, acollim a La Farga de L\u2019Hospitalet i per segona edici\u00f3, el Youth Mobile Festival (YoMo), organitzat per GMSA.","robots":{"index":"index","follow":"follow","max-snippet":"max-snippet:-1","max-image-preview":"max-image-preview:large","max-video-preview":"max-video-preview:-1"},"canonical":"https:\/\/www.lafargalhospitalet.com\/ca\/arriba-yomo19-farga-complet\/","og_locale":"ca_ES","og_type":"article","og_title":"Arriba YoMo'19, amb La Farga al complet - La Farga L&#039;Hospitalet Centre d&#039;Activitats. La Farga GEM, S.A.","og_description":"Del 26 de febrer al 2 de mar\u00e7, acollim a La Farga de L\u2019Hospitalet i per segona edici\u00f3, el Youth Mobile Festival (YoMo), organitzat per GMSA.","og_url":"https:\/\/www.lafargalhospitalet.com\/ca\/arriba-yomo19-farga-complet\/","og_site_name":"La Farga L&#039;Hospitalet Centre d&#039;Activitats. La Farga GEM, S.A.","article_publisher":"https:\/\/www.facebook.com\/fargahospitalet\/","article_published_time":"2019-02-25T09:41:02+00:00","article_modified_time":"2025-11-03T17:28:05+00:00","og_image":[{"width":730,"height":410,"url":"https:\/\/www.lafargalhospitalet.com\/wp-content\/uploads\/2019\/02\/YoMo-Farga-18.jpg","type":"image\/jpeg"}],"author":"La Farga Centre d'Activitats","twitter_card":"summary_large_image","twitter_creator":"@fargahospitalet","twitter_site":"@fargahospitalet","twitter_misc":{"Escrit per":"La Farga Centre d'Activitats","Temps estimat de lectura":"2 minuts"},"schema":{"@context":"https:\/\/schema.org","@graph":[{"@type":"Article","@id":"https:\/\/www.lafargalhospitalet.com\/ca\/arriba-yomo19-farga-complet\/#article","isPartOf":{"@id":"https:\/\/www.lafargalhospitalet.com\/ca\/arriba-yomo19-farga-complet\/"},"author":{"name":"La Farga Centre d'Activitats","@id":"https:\/\/www.lafargalhospitalet.com\/#\/schema\/person\/6cbac0ef7748506b167ff859e1c7f378"},"headline":"Arriba YoMo&#8217;19, amb La Farga al complet","datePublished":"2019-02-25T09:41:02+00:00","dateModified":"2025-11-03T17:28:05+00:00","mainEntityOfPage":{"@id":"https:\/\/www.lafargalhospitalet.com\/ca\/arriba-yomo19-farga-complet\/"},"wordCount":408,"publisher":{"@id":"https:\/\/www.lafargalhospitalet.com\/#organization"},"image":{"@id":"https:\/\/www.lafargalhospitalet.com\/ca\/arriba-yomo19-farga-complet\/#primaryimage"},"thumbnailUrl":"https:\/\/www.lafargalhospitalet.com\/wp-content\/uploads\/2019\/02\/YoMo-Farga-18.jpg","articleSection":["Noticies"],"inLanguage":"ca"},{"@type":"WebPage","@id":"https:\/\/www.lafargalhospitalet.com\/ca\/arriba-yomo19-farga-complet\/","url":"https:\/\/www.lafargalhospitalet.com\/ca\/arriba-yomo19-farga-complet\/","name":"Arriba YoMo'19, amb La Farga al complet - La Farga L&#039;Hospitalet Centre d&#039;Activitats. La Farga GEM, S.A.","isPartOf":{"@id":"https:\/\/www.lafargalhospitalet.com\/#website"},"primaryImageOfPage":{"@id":"https:\/\/www.lafargalhospitalet.com\/ca\/arriba-yomo19-farga-complet\/#primaryimage"},"image":{"@id":"https:\/\/www.lafargalhospitalet.com\/ca\/arriba-yomo19-farga-complet\/#primaryimage"},"thumbnailUrl":"https:\/\/www.lafargalhospitalet.com\/wp-content\/uploads\/2019\/02\/YoMo-Farga-18.jpg","datePublished":"2019-02-25T09:41:02+00:00","dateModified":"2025-11-03T17:28:05+00:00","description":"Del 26 de febrer al 2 de mar\u00e7, acollim a La Farga de L\u2019Hospitalet i per segona edici\u00f3, el Youth Mobile Festival (YoMo), organitzat per GMSA.","breadcrumb":{"@id":"https:\/\/www.lafargalhospitalet.com\/ca\/arriba-yomo19-farga-complet\/#breadcrumb"},"inLanguage":"ca","potentialAction":[{"@type":"ReadAction","target":["https:\/\/www.lafargalhospitalet.com\/ca\/arriba-yomo19-farga-complet\/"]}]},{"@type":"ImageObject","inLanguage":"ca","@id":"https:\/\/www.lafargalhospitalet.com\/ca\/arriba-yomo19-farga-complet\/#primaryimage","url":"https:\/\/www.lafargalhospitalet.com\/wp-content\/uploads\/2019\/02\/YoMo-Farga-18.jpg","contentUrl":"https:\/\/www.lafargalhospitalet.com\/wp-content\/uploads\/2019\/02\/YoMo-Farga-18.jpg","width":730,"height":410,"caption":"YoMo Farga"},{"@type":"BreadcrumbList","@id":"https:\/\/www.lafargalhospitalet.com\/ca\/arriba-yomo19-farga-complet\/#breadcrumb","itemListElement":[{"@type":"ListItem","position":1,"name":"Portada","item":"https:\/\/www.lafargalhospitalet.com\/"},{"@type":"ListItem","position":2,"name":"Arriba YoMo&#8217;19, amb La Farga al complet"}]},{"@type":"WebSite","@id":"https:\/\/www.lafargalhospitalet.com\/#website","url":"https:\/\/www.lafargalhospitalet.com\/","name":"La Farga L'Hospitalet Centre d'Activitats. La Farga GEM, S.A.","description":"La Farga L&#039;Hospitalet Centre d&#039;Activitats. Gestionat per La Farga GEM, S.A. Fires i Congressos. Concerts, exposicions, reunions, filmacions, sopars de gala.","publisher":{"@id":"https:\/\/www.lafargalhospitalet.com\/#organization"},"potentialAction":[{"@type":"SearchAction","target":{"@type":"EntryPoint","urlTemplate":"https:\/\/www.lafargalhospitalet.com\/?s={search_term_string}"},"query-input":{"@type":"PropertyValueSpecification","valueRequired":true,"valueName":"search_term_string"}}],"inLanguage":"ca"},{"@type":"Organization","@id":"https:\/\/www.lafargalhospitalet.com\/#organization","name":"La Farga L'Hospitalet Centre d'Activitats. La Farga GEM, S.A.","url":"https:\/\/www.lafargalhospitalet.com\/","logo":{"@type":"ImageObject","inLanguage":"ca","@id":"https:\/\/www.lafargalhospitalet.com\/#\/schema\/logo\/image\/","url":"https:\/\/www.lafargalhospitalet.com\/wp-content\/uploads\/2025\/10\/logotipo_lafarga_centre_activitats.png","contentUrl":"https:\/\/www.lafargalhospitalet.com\/wp-content\/uploads\/2025\/10\/logotipo_lafarga_centre_activitats.png","width":266,"height":101,"caption":"La Farga L'Hospitalet Centre d'Activitats. La Farga GEM, S.A."},"image":{"@id":"https:\/\/www.lafargalhospitalet.com\/#\/schema\/logo\/image\/"},"sameAs":["https:\/\/www.facebook.com\/fargahospitalet\/","https:\/\/x.com\/fargahospitalet","https:\/\/www.instagram.com\/lafargahospitalet\/","https:\/\/www.youtube.com\/channel\/UCoLt6hen3PqGXgbLMGI3Qdw","https:\/\/www.flickr.com\/photos\/lafargagemsa\/albums"]},{"@type":"Person","@id":"https:\/\/www.lafargalhospitalet.com\/#\/schema\/person\/6cbac0ef7748506b167ff859e1c7f378","name":"La Farga Centre d'Activitats","sameAs":["https:\/\/www.lafargalhospitalet.com"],"url":"https:\/\/www.lafargalhospitalet.com\/ca\/author\/far25gmin\/"}]}},"_links":{"self":[{"href":"https:\/\/www.lafargalhospitalet.com\/ca\/wp-json\/wp\/v2\/posts\/6446","targetHints":{"allow":["GET"]}}],"collection":[{"href":"https:\/\/www.lafargalhospitalet.com\/ca\/wp-json\/wp\/v2\/posts"}],"about":[{"href":"https:\/\/www.lafargalhospitalet.com\/ca\/wp-json\/wp\/v2\/types\/post"}],"author":[{"embeddable":true,"href":"https:\/\/www.lafargalhospitalet.com\/ca\/wp-json\/wp\/v2\/users\/1"}],"replies":[{"embeddable":true,"href":"https:\/\/www.lafargalhospitalet.com\/ca\/wp-json\/wp\/v2\/comments?post=6446"}],"version-history":[{"count":0,"href":"https:\/\/www.lafargalhospitalet.com\/ca\/wp-json\/wp\/v2\/posts\/6446\/revisions"}],"wp:featuredmedia":[{"embeddable":true,"href":"https:\/\/www.lafargalhospitalet.com\/ca\/wp-json\/wp\/v2\/media\/6447"}],"wp:attachment":[{"href":"https:\/\/www.lafargalhospitalet.com\/ca\/wp-json\/wp\/v2\/media?parent=6446"}],"wp:term":[{"taxonomy":"category","embeddable":true,"href":"https:\/\/www.lafargalhospitalet.com\/ca\/wp-json\/wp\/v2\/categories?post=6446"},{"taxonomy":"post_tag","embeddable":true,"href":"https:\/\/www.lafargalhospitalet.com\/ca\/wp-json\/wp\/v2\/tags?post=6446"}],"curies":[{"name":"wp","href":"https:\/\/api.w.org\/{rel}","templated":true}]}}