{"id":6458,"date":"2019-02-27T12:49:58","date_gmt":"2019-02-27T11:49:58","guid":{"rendered":"http:\/\/www.lafargalhospitalet.com\/?p=6458"},"modified":"2025-11-03T18:28:04","modified_gmt":"2025-11-03T17:28:04","slug":"projectes-innovadors-yomo-centres-educatius-lh","status":"publish","type":"post","link":"https:\/\/www.lafargalhospitalet.com\/ca\/projectes-innovadors-yomo-centres-educatius-lh\/","title":{"rendered":"Projectes innovadors al YoMo de centres educatius de L&#8217;H"},"content":{"rendered":"<h5>Per primera vegada, cinc escoles i cinc instituts de la ciutat mostraran les accions que desenvolupen relacionades amb la rob\u00f2tica i l\u2019\u00fas de la tecnologia<\/h5>\n<p>A l\u2019estand municipal es presenta dimecres el programa Inspira STEAM, una iniciativa pionera que vol fomentar entre l\u2019alumnat de prim\u00e0ria les vocacions cientificot\u00e8cniques, principalment entre les noies<\/p>\n<p>Aquest dimarts han visitat el certamen l\u2019alcaldessa, N\u00faria Mar\u00edn, i el regidor d\u2019Educaci\u00f3, Jaume Graells, que han coincidit amb el CEO de GSMA Ltd., John Hoffman.<\/p>\n<p>Per primera vegada, els centres educatius de L\u2019Hospitalet tindran un estand instal\u00b7lat per l\u2019Ajuntament de la ciutat per mostrar els seus projectes m\u00e9s innovadors, relacionats majorit\u00e0riament amb la rob\u00f2tica i l\u2019\u00fas de la tecnologia. Aix\u00ed, hi participen deu centres de la ciutat: les escoles Busquets i Punset, Frederic Mistral, Pere Lliscart, Joan XXIII i Bernat Desclot, i els instituts Jaume Botey, Merc\u00e8 Rodoreda, Bellvitge, Apel\u00b7les Mestres i Bisbe Berenguer.<\/p>\n<p>En l\u2019estand municipal es mostraran un total de 14 accions que duen a terme en el marc del programa &#8220;Fem t\u00e0ndem L\u2019H&#8221;, una iniciativa que permet als alumnes desenvolupar un projecte lligat a un equipament o instituci\u00f3 cultural o cient\u00edfica, o sobre les noves tecnologies.<\/p>\n<h5>Fomentar les vocacions cientificot\u00e8cniques<\/h5>\n<p>Aquest dimecres, la regidoria d\u2019Innovaci\u00f3 Social de l\u2019Ajuntament presentar\u00e0 a l\u2019estand municipal el programa Inspira STEAM, una iniciativa pionera que es dur\u00e0 a terme als centres educatius de prim\u00e0ria i secund\u00e0ria durant el proper curs escolar amb l\u2019objectiu de fomentar les vocacions cientificot\u00e8cniques, principalment entre les noies.<\/p>\n<p>El projecte, impulsat per la Universitat de Deusto (UD), utilitza la t\u00e8cnica del mentoria grupal amb l&#8217;objectiu de promoure entre les estudiants de 5 a 12 anys les STEAM (ci\u00e8ncia, tecnologia, enginyeria, arts i matem\u00e0tiques) mitjan\u00e7ant accions de sensibilitzaci\u00f3 i orientaci\u00f3, que imparteixen dones professionals del m\u00f3n de la investigaci\u00f3, la ci\u00e8ncia i la tecnologia de L\u2019Hospitalet.<\/p>\n<p>Les escoles de L&#8217;Hospitalet podran participar durant el pr\u00f2xim curs en aquesta iniciativa que formar\u00e0 part del servei educatiu de Torre Barrina, equipament municipal que vol generar experi\u00e8ncies per a la innovaci\u00f3 i la transformaci\u00f3 social a trav\u00e9s de projectes que tinguin un impacte positiu a la ciutat.<\/p>\n<h5>M\u00e9s de 22.000 estudiants<\/h5>\n<p>Fins dissabte La Farga de L\u2019Hospitalet acull per segona edici\u00f3 el <a href=\"https:\/\/www.lafargalhospitalet.com\/arriba-yomo19-farga-complet\/\" target=\"_blank\" rel=\"noopener noreferrer\"><strong>Youth Mobile Festival (YoMo)<\/strong><\/a>, organitzat per GMSA, el festival m\u00e9s gran dedicat a la ci\u00e8ncia, la tecnologia, l\u2019enginyeria, l\u2019art, el disseny i les matem\u00e0tiques per a joves. Durant aquests dies, 22.000 estudiants i educadors del pa\u00eds, dels quals 2.100 s\u00f3n de L\u2019Hospitalet, assistiran a aquesta enorme exposici\u00f3 que uneix ci\u00e8ncia, tecnologia i smartphone i que ofereix m\u00e9s de 50 estands amb un centenar de tallers i activitats pr\u00e0ctiques pensades per a tots els joves, aix\u00ed com activitats per als educadors.<\/p>\n<h5>YoMo Family Day<\/h5>\n<p>Una altra novetat d\u2019enguany \u00e9s la celebraci\u00f3 del YoMo Family Day, una iniciativa de GMSA i l\u2019Ajuntament de L\u2019Hospitalet que permetr\u00e0 a les fam\u00edlies amb fills menors visitar el festival de forma gratu\u00efta. Aix\u00ed, el YoMo obrir\u00e0 dissabte, 2 de mar\u00e7, de 10 a 16 hores, per a nens i nenes de 8 a 12 anys que vagin acompanyats d\u2019un adult. Per accedir a aquesta entrada familiar cal inscriure\u2019s pr\u00e8viament al web del certamen (<a href=\"https:\/\/www.mwcyomo.com\/bcn\/ca\/registreu-vos\/families\/\" target=\"_blank\" rel=\"noopener noreferrer\"><strong>www.yomobcn.cat\/families<\/strong><\/a>). S\u2019hi poden inscriure fins a 8 persones, per\u00f2 cada inscripci\u00f3, per ser v\u00e0lida, ha de registrar, com a m\u00ednim, 1 menor d\u2019edat i un adult acompanyant.<\/p>\n","protected":false},"excerpt":{"rendered":"<p>Per primera vegada, cinc escoles i cinc instituts de la ciutat mostraran les accions que desenvolupen relacionades amb la rob\u00f2tica i l\u2019\u00fas de la tecnologia.<\/p>\n","protected":false},"author":1,"featured_media":6459,"comment_status":"closed","ping_status":"closed","sticky":false,"template":"","format":"standard","meta":{"_monsterinsights_skip_tracking":false,"_monsterinsights_sitenote_active":false,"_monsterinsights_sitenote_note":"","_monsterinsights_sitenote_category":0,"footnotes":""},"categories":[83],"tags":[],"class_list":["post-6458","post","type-post","status-publish","format-standard","has-post-thumbnail","hentry","category-noticies"],"yoast_head":"<!-- This site is optimized with the Yoast SEO plugin v27.5 - https:\/\/yoast.com\/product\/yoast-seo-wordpress\/ -->\n<title>Projectes innovadors al YoMo de centres educatius de L&#039;H - La Farga L&#039;Hospitalet Centre d&#039;Activitats. La Farga GEM, S.A.<\/title>\n<meta name=\"description\" content=\"Per primera vegada al YoMo, cinc escoles i cinc instituts de la ciutat mostraran les accions que desenvolupen relacionades amb la rob\u00f2tica i l\u2019\u00fas de la tecnologia.\" \/>\n<meta name=\"robots\" content=\"index, follow, max-snippet:-1, max-image-preview:large, max-video-preview:-1\" \/>\n<link rel=\"canonical\" href=\"https:\/\/www.lafargalhospitalet.com\/ca\/projectes-innovadors-yomo-centres-educatius-lh\/\" \/>\n<meta property=\"og:locale\" content=\"ca_ES\" \/>\n<meta property=\"og:type\" content=\"article\" \/>\n<meta property=\"og:title\" content=\"Projectes innovadors al YoMo de centres educatius de L&#039;H - La Farga L&#039;Hospitalet Centre d&#039;Activitats. La Farga GEM, S.A.\" \/>\n<meta property=\"og:description\" content=\"Per primera vegada al YoMo, cinc escoles i cinc instituts de la ciutat mostraran les accions que desenvolupen relacionades amb la rob\u00f2tica i l\u2019\u00fas de la tecnologia.\" \/>\n<meta property=\"og:url\" content=\"https:\/\/www.lafargalhospitalet.com\/ca\/projectes-innovadors-yomo-centres-educatius-lh\/\" \/>\n<meta property=\"og:site_name\" content=\"La Farga L&#039;Hospitalet Centre d&#039;Activitats. La Farga GEM, S.A.\" \/>\n<meta property=\"article:publisher\" content=\"https:\/\/www.facebook.com\/fargahospitalet\/\" \/>\n<meta property=\"article:published_time\" content=\"2019-02-27T11:49:58+00:00\" \/>\n<meta property=\"article:modified_time\" content=\"2025-11-03T17:28:04+00:00\" \/>\n<meta property=\"og:image\" content=\"https:\/\/www.lafargalhospitalet.com\/wp-content\/uploads\/2019\/02\/YoMo-Marin-Hoffman-Farga.jpg\" \/>\n\t<meta property=\"og:image:width\" content=\"730\" \/>\n\t<meta property=\"og:image:height\" content=\"410\" \/>\n\t<meta property=\"og:image:type\" content=\"image\/jpeg\" \/>\n<meta name=\"author\" content=\"La Farga Centre d&#039;Activitats\" \/>\n<meta name=\"twitter:card\" content=\"summary_large_image\" \/>\n<meta name=\"twitter:creator\" content=\"@fargahospitalet\" \/>\n<meta name=\"twitter:site\" content=\"@fargahospitalet\" \/>\n<meta name=\"twitter:label1\" content=\"Escrit per\" \/>\n\t<meta name=\"twitter:data1\" content=\"La Farga Centre d&#039;Activitats\" \/>\n\t<meta name=\"twitter:label2\" content=\"Temps estimat de lectura\" \/>\n\t<meta name=\"twitter:data2\" content=\"3 minuts\" \/>\n<script type=\"application\/ld+json\" class=\"yoast-schema-graph\">{\"@context\":\"https:\\\/\\\/schema.org\",\"@graph\":[{\"@type\":\"Article\",\"@id\":\"https:\\\/\\\/www.lafargalhospitalet.com\\\/ca\\\/projectes-innovadors-yomo-centres-educatius-lh\\\/#article\",\"isPartOf\":{\"@id\":\"https:\\\/\\\/www.lafargalhospitalet.com\\\/ca\\\/projectes-innovadors-yomo-centres-educatius-lh\\\/\"},\"author\":{\"name\":\"La Farga Centre d'Activitats\",\"@id\":\"https:\\\/\\\/www.lafargalhospitalet.com\\\/#\\\/schema\\\/person\\\/6cbac0ef7748506b167ff859e1c7f378\"},\"headline\":\"Projectes innovadors al YoMo de centres educatius de L&#8217;H\",\"datePublished\":\"2019-02-27T11:49:58+00:00\",\"dateModified\":\"2025-11-03T17:28:04+00:00\",\"mainEntityOfPage\":{\"@id\":\"https:\\\/\\\/www.lafargalhospitalet.com\\\/ca\\\/projectes-innovadors-yomo-centres-educatius-lh\\\/\"},\"wordCount\":613,\"publisher\":{\"@id\":\"https:\\\/\\\/www.lafargalhospitalet.com\\\/#organization\"},\"image\":{\"@id\":\"https:\\\/\\\/www.lafargalhospitalet.com\\\/ca\\\/projectes-innovadors-yomo-centres-educatius-lh\\\/#primaryimage\"},\"thumbnailUrl\":\"https:\\\/\\\/www.lafargalhospitalet.com\\\/wp-content\\\/uploads\\\/2019\\\/02\\\/YoMo-Marin-Hoffman-Farga.jpg\",\"articleSection\":[\"Noticies\"],\"inLanguage\":\"ca\"},{\"@type\":\"WebPage\",\"@id\":\"https:\\\/\\\/www.lafargalhospitalet.com\\\/ca\\\/projectes-innovadors-yomo-centres-educatius-lh\\\/\",\"url\":\"https:\\\/\\\/www.lafargalhospitalet.com\\\/ca\\\/projectes-innovadors-yomo-centres-educatius-lh\\\/\",\"name\":\"Projectes innovadors al YoMo de centres educatius de L'H - La Farga L&#039;Hospitalet Centre d&#039;Activitats. La Farga GEM, S.A.\",\"isPartOf\":{\"@id\":\"https:\\\/\\\/www.lafargalhospitalet.com\\\/#website\"},\"primaryImageOfPage\":{\"@id\":\"https:\\\/\\\/www.lafargalhospitalet.com\\\/ca\\\/projectes-innovadors-yomo-centres-educatius-lh\\\/#primaryimage\"},\"image\":{\"@id\":\"https:\\\/\\\/www.lafargalhospitalet.com\\\/ca\\\/projectes-innovadors-yomo-centres-educatius-lh\\\/#primaryimage\"},\"thumbnailUrl\":\"https:\\\/\\\/www.lafargalhospitalet.com\\\/wp-content\\\/uploads\\\/2019\\\/02\\\/YoMo-Marin-Hoffman-Farga.jpg\",\"datePublished\":\"2019-02-27T11:49:58+00:00\",\"dateModified\":\"2025-11-03T17:28:04+00:00\",\"description\":\"Per primera vegada al YoMo, cinc escoles i cinc instituts de la ciutat mostraran les accions que desenvolupen relacionades amb la rob\u00f2tica i l\u2019\u00fas de la tecnologia.\",\"breadcrumb\":{\"@id\":\"https:\\\/\\\/www.lafargalhospitalet.com\\\/ca\\\/projectes-innovadors-yomo-centres-educatius-lh\\\/#breadcrumb\"},\"inLanguage\":\"ca\",\"potentialAction\":[{\"@type\":\"ReadAction\",\"target\":[\"https:\\\/\\\/www.lafargalhospitalet.com\\\/ca\\\/projectes-innovadors-yomo-centres-educatius-lh\\\/\"]}]},{\"@type\":\"ImageObject\",\"inLanguage\":\"ca\",\"@id\":\"https:\\\/\\\/www.lafargalhospitalet.com\\\/ca\\\/projectes-innovadors-yomo-centres-educatius-lh\\\/#primaryimage\",\"url\":\"https:\\\/\\\/www.lafargalhospitalet.com\\\/wp-content\\\/uploads\\\/2019\\\/02\\\/YoMo-Marin-Hoffman-Farga.jpg\",\"contentUrl\":\"https:\\\/\\\/www.lafargalhospitalet.com\\\/wp-content\\\/uploads\\\/2019\\\/02\\\/YoMo-Marin-Hoffman-Farga.jpg\",\"width\":730,\"height\":410,\"caption\":\"YoMo Marin Farga\"},{\"@type\":\"BreadcrumbList\",\"@id\":\"https:\\\/\\\/www.lafargalhospitalet.com\\\/ca\\\/projectes-innovadors-yomo-centres-educatius-lh\\\/#breadcrumb\",\"itemListElement\":[{\"@type\":\"ListItem\",\"position\":1,\"name\":\"Portada\",\"item\":\"https:\\\/\\\/www.lafargalhospitalet.com\\\/\"},{\"@type\":\"ListItem\",\"position\":2,\"name\":\"Projectes innovadors al YoMo de centres educatius de L&#8217;H\"}]},{\"@type\":\"WebSite\",\"@id\":\"https:\\\/\\\/www.lafargalhospitalet.com\\\/#website\",\"url\":\"https:\\\/\\\/www.lafargalhospitalet.com\\\/\",\"name\":\"La Farga L'Hospitalet Centre d'Activitats. La Farga GEM, S.A.\",\"description\":\"La Farga L&#039;Hospitalet Centre d&#039;Activitats. Gestionat per La Farga GEM, S.A. Fires i Congressos. Concerts, exposicions, reunions, filmacions, sopars de gala.\",\"publisher\":{\"@id\":\"https:\\\/\\\/www.lafargalhospitalet.com\\\/#organization\"},\"potentialAction\":[{\"@type\":\"SearchAction\",\"target\":{\"@type\":\"EntryPoint\",\"urlTemplate\":\"https:\\\/\\\/www.lafargalhospitalet.com\\\/?s={search_term_string}\"},\"query-input\":{\"@type\":\"PropertyValueSpecification\",\"valueRequired\":true,\"valueName\":\"search_term_string\"}}],\"inLanguage\":\"ca\"},{\"@type\":\"Organization\",\"@id\":\"https:\\\/\\\/www.lafargalhospitalet.com\\\/#organization\",\"name\":\"La Farga L'Hospitalet Centre d'Activitats. La Farga GEM, S.A.\",\"url\":\"https:\\\/\\\/www.lafargalhospitalet.com\\\/\",\"logo\":{\"@type\":\"ImageObject\",\"inLanguage\":\"ca\",\"@id\":\"https:\\\/\\\/www.lafargalhospitalet.com\\\/#\\\/schema\\\/logo\\\/image\\\/\",\"url\":\"https:\\\/\\\/www.lafargalhospitalet.com\\\/wp-content\\\/uploads\\\/2025\\\/10\\\/logotipo_lafarga_centre_activitats.png\",\"contentUrl\":\"https:\\\/\\\/www.lafargalhospitalet.com\\\/wp-content\\\/uploads\\\/2025\\\/10\\\/logotipo_lafarga_centre_activitats.png\",\"width\":266,\"height\":101,\"caption\":\"La Farga L'Hospitalet Centre d'Activitats. La Farga GEM, S.A.\"},\"image\":{\"@id\":\"https:\\\/\\\/www.lafargalhospitalet.com\\\/#\\\/schema\\\/logo\\\/image\\\/\"},\"sameAs\":[\"https:\\\/\\\/www.facebook.com\\\/fargahospitalet\\\/\",\"https:\\\/\\\/x.com\\\/fargahospitalet\",\"https:\\\/\\\/www.instagram.com\\\/lafargahospitalet\\\/\",\"https:\\\/\\\/www.youtube.com\\\/channel\\\/UCoLt6hen3PqGXgbLMGI3Qdw\",\"https:\\\/\\\/www.flickr.com\\\/photos\\\/lafargagemsa\\\/albums\"]},{\"@type\":\"Person\",\"@id\":\"https:\\\/\\\/www.lafargalhospitalet.com\\\/#\\\/schema\\\/person\\\/6cbac0ef7748506b167ff859e1c7f378\",\"name\":\"La Farga Centre d'Activitats\",\"sameAs\":[\"https:\\\/\\\/www.lafargalhospitalet.com\"],\"url\":\"https:\\\/\\\/www.lafargalhospitalet.com\\\/ca\\\/author\\\/far25gmin\\\/\"}]}<\/script>\n<!-- \/ Yoast SEO plugin. -->","yoast_head_json":{"title":"Projectes innovadors al YoMo de centres educatius de L'H - La Farga L&#039;Hospitalet Centre d&#039;Activitats. La Farga GEM, S.A.","description":"Per primera vegada al YoMo, cinc escoles i cinc instituts de la ciutat mostraran les accions que desenvolupen relacionades amb la rob\u00f2tica i l\u2019\u00fas de la tecnologia.","robots":{"index":"index","follow":"follow","max-snippet":"max-snippet:-1","max-image-preview":"max-image-preview:large","max-video-preview":"max-video-preview:-1"},"canonical":"https:\/\/www.lafargalhospitalet.com\/ca\/projectes-innovadors-yomo-centres-educatius-lh\/","og_locale":"ca_ES","og_type":"article","og_title":"Projectes innovadors al YoMo de centres educatius de L'H - La Farga L&#039;Hospitalet Centre d&#039;Activitats. La Farga GEM, S.A.","og_description":"Per primera vegada al YoMo, cinc escoles i cinc instituts de la ciutat mostraran les accions que desenvolupen relacionades amb la rob\u00f2tica i l\u2019\u00fas de la tecnologia.","og_url":"https:\/\/www.lafargalhospitalet.com\/ca\/projectes-innovadors-yomo-centres-educatius-lh\/","og_site_name":"La Farga L&#039;Hospitalet Centre d&#039;Activitats. La Farga GEM, S.A.","article_publisher":"https:\/\/www.facebook.com\/fargahospitalet\/","article_published_time":"2019-02-27T11:49:58+00:00","article_modified_time":"2025-11-03T17:28:04+00:00","og_image":[{"width":730,"height":410,"url":"https:\/\/www.lafargalhospitalet.com\/wp-content\/uploads\/2019\/02\/YoMo-Marin-Hoffman-Farga.jpg","type":"image\/jpeg"}],"author":"La Farga Centre d'Activitats","twitter_card":"summary_large_image","twitter_creator":"@fargahospitalet","twitter_site":"@fargahospitalet","twitter_misc":{"Escrit per":"La Farga Centre d'Activitats","Temps estimat de lectura":"3 minuts"},"schema":{"@context":"https:\/\/schema.org","@graph":[{"@type":"Article","@id":"https:\/\/www.lafargalhospitalet.com\/ca\/projectes-innovadors-yomo-centres-educatius-lh\/#article","isPartOf":{"@id":"https:\/\/www.lafargalhospitalet.com\/ca\/projectes-innovadors-yomo-centres-educatius-lh\/"},"author":{"name":"La Farga Centre d'Activitats","@id":"https:\/\/www.lafargalhospitalet.com\/#\/schema\/person\/6cbac0ef7748506b167ff859e1c7f378"},"headline":"Projectes innovadors al YoMo de centres educatius de L&#8217;H","datePublished":"2019-02-27T11:49:58+00:00","dateModified":"2025-11-03T17:28:04+00:00","mainEntityOfPage":{"@id":"https:\/\/www.lafargalhospitalet.com\/ca\/projectes-innovadors-yomo-centres-educatius-lh\/"},"wordCount":613,"publisher":{"@id":"https:\/\/www.lafargalhospitalet.com\/#organization"},"image":{"@id":"https:\/\/www.lafargalhospitalet.com\/ca\/projectes-innovadors-yomo-centres-educatius-lh\/#primaryimage"},"thumbnailUrl":"https:\/\/www.lafargalhospitalet.com\/wp-content\/uploads\/2019\/02\/YoMo-Marin-Hoffman-Farga.jpg","articleSection":["Noticies"],"inLanguage":"ca"},{"@type":"WebPage","@id":"https:\/\/www.lafargalhospitalet.com\/ca\/projectes-innovadors-yomo-centres-educatius-lh\/","url":"https:\/\/www.lafargalhospitalet.com\/ca\/projectes-innovadors-yomo-centres-educatius-lh\/","name":"Projectes innovadors al YoMo de centres educatius de L'H - La Farga L&#039;Hospitalet Centre d&#039;Activitats. La Farga GEM, S.A.","isPartOf":{"@id":"https:\/\/www.lafargalhospitalet.com\/#website"},"primaryImageOfPage":{"@id":"https:\/\/www.lafargalhospitalet.com\/ca\/projectes-innovadors-yomo-centres-educatius-lh\/#primaryimage"},"image":{"@id":"https:\/\/www.lafargalhospitalet.com\/ca\/projectes-innovadors-yomo-centres-educatius-lh\/#primaryimage"},"thumbnailUrl":"https:\/\/www.lafargalhospitalet.com\/wp-content\/uploads\/2019\/02\/YoMo-Marin-Hoffman-Farga.jpg","datePublished":"2019-02-27T11:49:58+00:00","dateModified":"2025-11-03T17:28:04+00:00","description":"Per primera vegada al YoMo, cinc escoles i cinc instituts de la ciutat mostraran les accions que desenvolupen relacionades amb la rob\u00f2tica i l\u2019\u00fas de la tecnologia.","breadcrumb":{"@id":"https:\/\/www.lafargalhospitalet.com\/ca\/projectes-innovadors-yomo-centres-educatius-lh\/#breadcrumb"},"inLanguage":"ca","potentialAction":[{"@type":"ReadAction","target":["https:\/\/www.lafargalhospitalet.com\/ca\/projectes-innovadors-yomo-centres-educatius-lh\/"]}]},{"@type":"ImageObject","inLanguage":"ca","@id":"https:\/\/www.lafargalhospitalet.com\/ca\/projectes-innovadors-yomo-centres-educatius-lh\/#primaryimage","url":"https:\/\/www.lafargalhospitalet.com\/wp-content\/uploads\/2019\/02\/YoMo-Marin-Hoffman-Farga.jpg","contentUrl":"https:\/\/www.lafargalhospitalet.com\/wp-content\/uploads\/2019\/02\/YoMo-Marin-Hoffman-Farga.jpg","width":730,"height":410,"caption":"YoMo Marin Farga"},{"@type":"BreadcrumbList","@id":"https:\/\/www.lafargalhospitalet.com\/ca\/projectes-innovadors-yomo-centres-educatius-lh\/#breadcrumb","itemListElement":[{"@type":"ListItem","position":1,"name":"Portada","item":"https:\/\/www.lafargalhospitalet.com\/"},{"@type":"ListItem","position":2,"name":"Projectes innovadors al YoMo de centres educatius de L&#8217;H"}]},{"@type":"WebSite","@id":"https:\/\/www.lafargalhospitalet.com\/#website","url":"https:\/\/www.lafargalhospitalet.com\/","name":"La Farga L'Hospitalet Centre d'Activitats. La Farga GEM, S.A.","description":"La Farga L&#039;Hospitalet Centre d&#039;Activitats. Gestionat per La Farga GEM, S.A. Fires i Congressos. Concerts, exposicions, reunions, filmacions, sopars de gala.","publisher":{"@id":"https:\/\/www.lafargalhospitalet.com\/#organization"},"potentialAction":[{"@type":"SearchAction","target":{"@type":"EntryPoint","urlTemplate":"https:\/\/www.lafargalhospitalet.com\/?s={search_term_string}"},"query-input":{"@type":"PropertyValueSpecification","valueRequired":true,"valueName":"search_term_string"}}],"inLanguage":"ca"},{"@type":"Organization","@id":"https:\/\/www.lafargalhospitalet.com\/#organization","name":"La Farga L'Hospitalet Centre d'Activitats. La Farga GEM, S.A.","url":"https:\/\/www.lafargalhospitalet.com\/","logo":{"@type":"ImageObject","inLanguage":"ca","@id":"https:\/\/www.lafargalhospitalet.com\/#\/schema\/logo\/image\/","url":"https:\/\/www.lafargalhospitalet.com\/wp-content\/uploads\/2025\/10\/logotipo_lafarga_centre_activitats.png","contentUrl":"https:\/\/www.lafargalhospitalet.com\/wp-content\/uploads\/2025\/10\/logotipo_lafarga_centre_activitats.png","width":266,"height":101,"caption":"La Farga L'Hospitalet Centre d'Activitats. La Farga GEM, S.A."},"image":{"@id":"https:\/\/www.lafargalhospitalet.com\/#\/schema\/logo\/image\/"},"sameAs":["https:\/\/www.facebook.com\/fargahospitalet\/","https:\/\/x.com\/fargahospitalet","https:\/\/www.instagram.com\/lafargahospitalet\/","https:\/\/www.youtube.com\/channel\/UCoLt6hen3PqGXgbLMGI3Qdw","https:\/\/www.flickr.com\/photos\/lafargagemsa\/albums"]},{"@type":"Person","@id":"https:\/\/www.lafargalhospitalet.com\/#\/schema\/person\/6cbac0ef7748506b167ff859e1c7f378","name":"La Farga Centre d'Activitats","sameAs":["https:\/\/www.lafargalhospitalet.com"],"url":"https:\/\/www.lafargalhospitalet.com\/ca\/author\/far25gmin\/"}]}},"_links":{"self":[{"href":"https:\/\/www.lafargalhospitalet.com\/ca\/wp-json\/wp\/v2\/posts\/6458","targetHints":{"allow":["GET"]}}],"collection":[{"href":"https:\/\/www.lafargalhospitalet.com\/ca\/wp-json\/wp\/v2\/posts"}],"about":[{"href":"https:\/\/www.lafargalhospitalet.com\/ca\/wp-json\/wp\/v2\/types\/post"}],"author":[{"embeddable":true,"href":"https:\/\/www.lafargalhospitalet.com\/ca\/wp-json\/wp\/v2\/users\/1"}],"replies":[{"embeddable":true,"href":"https:\/\/www.lafargalhospitalet.com\/ca\/wp-json\/wp\/v2\/comments?post=6458"}],"version-history":[{"count":0,"href":"https:\/\/www.lafargalhospitalet.com\/ca\/wp-json\/wp\/v2\/posts\/6458\/revisions"}],"wp:featuredmedia":[{"embeddable":true,"href":"https:\/\/www.lafargalhospitalet.com\/ca\/wp-json\/wp\/v2\/media\/6459"}],"wp:attachment":[{"href":"https:\/\/www.lafargalhospitalet.com\/ca\/wp-json\/wp\/v2\/media?parent=6458"}],"wp:term":[{"taxonomy":"category","embeddable":true,"href":"https:\/\/www.lafargalhospitalet.com\/ca\/wp-json\/wp\/v2\/categories?post=6458"},{"taxonomy":"post_tag","embeddable":true,"href":"https:\/\/www.lafargalhospitalet.com\/ca\/wp-json\/wp\/v2\/tags?post=6458"}],"curies":[{"name":"wp","href":"https:\/\/api.w.org\/{rel}","templated":true}]}}