{"id":6618,"date":"2019-03-19T14:08:44","date_gmt":"2019-03-19T13:08:44","guid":{"rendered":"http:\/\/www.lafargalhospitalet.com\/?p=6618"},"modified":"2025-11-03T18:28:04","modified_gmt":"2025-11-03T17:28:04","slug":"rozalen-i-beret-per-festes-de-primavera-2019","status":"publish","type":"post","link":"https:\/\/www.lafargalhospitalet.com\/ca\/rozalen-i-beret-per-festes-de-primavera-2019\/","title":{"rendered":"Rozal\u00e9n i Beret, per Festes de Primavera 2019"},"content":{"rendered":"\n<h5 class=\"wp-block-heading\">Festes de Primavera 2019<\/h5>\n\n\n\n<p>La Farga Centre d\u2019Activitats torna a ser escenari dels concerts multitudinaris de les Festes de Primavera.<\/p>\n\n\n\n<p>Pels concerts d\u2019enguany ja tenim els protagonistes: Rozal\u00e9n i Beret, artistes ben coneguts pel p\u00fablic, passaran per La Farga divendres, 26, i dissabte, 27, respectivament.<\/p>\n\n\n\n<p>Amb tres discos d\u2019estudi, Rozal\u00e9n s\u2019ha convertit en un referent de la can\u00e7\u00f3 d\u2019autor espanyola. La seva proposta combina amb gran imaginaci\u00f3 ritmes i g\u00e8neres diversos. <em>Girasoles<\/em> s\u2019ha convertit en una de les peces m\u00e9s emblem\u00e0tiques de l\u2019artista que demostra que el vessant social de les can\u00e7ons no va en detriment del ball i la diversi\u00f3. Rozal\u00e9n canta sobre hist\u00f2ries personals transmeses per la seva \u00e0via i causes que inclouen el feminisme i la mem\u00f2ria hist\u00f2rica, per\u00f2 tamb\u00e9 l\u2019amor i el desamor. Pujar\u00e0 a l\u2019escenari de La Farga divendres, 26 d\u2019abril, a les 21.30 hores.<\/p>\n\n\n\n<p>El sevill\u00e0 Beret ha protagonitzat una de les irrupcions virals m\u00e9s espectaculars de la hist\u00f2ria de la m\u00fasica, els hits <em>Lo siento<\/em> y <em>Vuelve<\/em> acumulen cadascun m\u00e9s de 150 milions de visualitzacions a Youtube, versionades ja per Aitana i Karol G, i amb 3.000 seguidors a Spotify. Amb <em>\u00c1pices<\/em>, el tercer disc, ha triomfat a l\u2019Am\u00e8rica Llatina i l\u2019ha convertit en \u00eddol de milions de joves. La cita amb Beret ser\u00e0 el dissabte, 27 d\u2019abril, a les 21 hores. Aquest concert comptar\u00e0 amb un artista convidat.<\/p>\n\n\n\n<p>Les entrades per als dos concerts es poden comprar on line als webs d\u2019<a href=\"http:\/\/entrades.elperiodico.cat\/\" target=\"_blank\" rel=\"noreferrer noopener\"><strong>El Peri\u00f3dico<\/strong><\/a>&nbsp;i&nbsp;<a href=\"http:\/\/www.theproject.es\/es\/a-1020\/ROZALEN-Y-BERET-PROTAGONISTAS-DE-LAS-FESTES-DE-PRIMAVERA-DE-HOSPITALET-2019\" target=\"_blank\" rel=\"noreferrer noopener\"><strong>The Project<\/strong><\/a>, tamb\u00e9 a&nbsp;<a href=\"https:\/\/www.atrapalo.com\/entradas\/barcelona\/musica\/\" target=\"_blank\" rel=\"noreferrer noopener\"><strong>Atr\u00e1palo<\/strong><\/a>,&nbsp;<a href=\"https:\/\/www.ticketea.com\/\" target=\"_blank\" rel=\"noreferrer noopener\"><strong>Ticketea<\/strong><\/a>&nbsp;i&nbsp;<a href=\"https:\/\/www.ticketmaster.es\/search\/?keyword=La+Farga\" target=\"_blank\" rel=\"noreferrer noopener\"><strong>Ticketmaster<\/strong><\/a>&nbsp;i a les taquilles de La Farga el mateix dia dels concerts.<\/p>\n","protected":false},"excerpt":{"rendered":"<p>Pels concerts d\u2019enguany ja tenim els protagonistes: Rozal\u00e9n i Beret, artistes ben coneguts pel p\u00fablic, passaran per La Farga divendres, 26, i dissabte, 27, respectivament.<\/p>\n","protected":false},"author":1,"featured_media":6616,"comment_status":"closed","ping_status":"closed","sticky":false,"template":"","format":"standard","meta":{"_monsterinsights_skip_tracking":false,"_monsterinsights_sitenote_active":false,"_monsterinsights_sitenote_note":"","_monsterinsights_sitenote_category":0,"footnotes":""},"categories":[83],"tags":[],"class_list":["post-6618","post","type-post","status-publish","format-standard","has-post-thumbnail","hentry","category-noticies"],"yoast_head":"<!-- This site is optimized with the Yoast SEO plugin v27.5 - https:\/\/yoast.com\/product\/yoast-seo-wordpress\/ -->\n<title>Rozal\u00e9n i Beret, per Festes de Primavera 2019 - La Farga L&#039;Hospitalet Centre d&#039;Activitats. La Farga GEM, S.A.<\/title>\n<meta name=\"description\" content=\"Pels concerts d\u2019enguany ja tenim els protagonistes: Rozal\u00e9n i Beret, passaran per La Farga divendres, 26, i dissabte, 27, respectivament.\" \/>\n<meta name=\"robots\" content=\"index, follow, max-snippet:-1, max-image-preview:large, max-video-preview:-1\" \/>\n<link rel=\"canonical\" href=\"https:\/\/www.lafargalhospitalet.com\/ca\/rozalen-i-beret-per-festes-de-primavera-2019\/\" \/>\n<meta property=\"og:locale\" content=\"ca_ES\" \/>\n<meta property=\"og:type\" content=\"article\" \/>\n<meta property=\"og:title\" content=\"Rozal\u00e9n i Beret, per Festes de Primavera 2019 - La Farga L&#039;Hospitalet Centre d&#039;Activitats. La Farga GEM, S.A.\" \/>\n<meta property=\"og:description\" content=\"Pels concerts d\u2019enguany ja tenim els protagonistes: Rozal\u00e9n i Beret, passaran per La Farga divendres, 26, i dissabte, 27, respectivament.\" \/>\n<meta property=\"og:url\" content=\"https:\/\/www.lafargalhospitalet.com\/ca\/rozalen-i-beret-per-festes-de-primavera-2019\/\" \/>\n<meta property=\"og:site_name\" content=\"La Farga L&#039;Hospitalet Centre d&#039;Activitats. La Farga GEM, S.A.\" \/>\n<meta property=\"article:publisher\" content=\"https:\/\/www.facebook.com\/fargahospitalet\/\" \/>\n<meta property=\"article:published_time\" content=\"2019-03-19T13:08:44+00:00\" \/>\n<meta property=\"article:modified_time\" content=\"2025-11-03T17:28:04+00:00\" \/>\n<meta property=\"og:image\" content=\"https:\/\/www.lafargalhospitalet.com\/wp-content\/uploads\/2019\/03\/Concerts-Primavera-19-Farga.jpg\" \/>\n\t<meta property=\"og:image:width\" content=\"730\" \/>\n\t<meta property=\"og:image:height\" content=\"410\" \/>\n\t<meta property=\"og:image:type\" content=\"image\/jpeg\" \/>\n<meta name=\"author\" content=\"La Farga Centre d&#039;Activitats\" \/>\n<meta name=\"twitter:card\" content=\"summary_large_image\" \/>\n<meta name=\"twitter:creator\" content=\"@fargahospitalet\" \/>\n<meta name=\"twitter:site\" content=\"@fargahospitalet\" \/>\n<meta name=\"twitter:label1\" content=\"Escrit per\" \/>\n\t<meta name=\"twitter:data1\" content=\"La Farga Centre d&#039;Activitats\" \/>\n\t<meta name=\"twitter:label2\" content=\"Temps estimat de lectura\" \/>\n\t<meta name=\"twitter:data2\" content=\"1 minut\" \/>\n<script type=\"application\/ld+json\" class=\"yoast-schema-graph\">{\"@context\":\"https:\\\/\\\/schema.org\",\"@graph\":[{\"@type\":\"Article\",\"@id\":\"https:\\\/\\\/www.lafargalhospitalet.com\\\/ca\\\/rozalen-i-beret-per-festes-de-primavera-2019\\\/#article\",\"isPartOf\":{\"@id\":\"https:\\\/\\\/www.lafargalhospitalet.com\\\/ca\\\/rozalen-i-beret-per-festes-de-primavera-2019\\\/\"},\"author\":{\"name\":\"La Farga Centre d'Activitats\",\"@id\":\"https:\\\/\\\/www.lafargalhospitalet.com\\\/#\\\/schema\\\/person\\\/6cbac0ef7748506b167ff859e1c7f378\"},\"headline\":\"Rozal\u00e9n i Beret, per Festes de Primavera 2019\",\"datePublished\":\"2019-03-19T13:08:44+00:00\",\"dateModified\":\"2025-11-03T17:28:04+00:00\",\"mainEntityOfPage\":{\"@id\":\"https:\\\/\\\/www.lafargalhospitalet.com\\\/ca\\\/rozalen-i-beret-per-festes-de-primavera-2019\\\/\"},\"wordCount\":300,\"publisher\":{\"@id\":\"https:\\\/\\\/www.lafargalhospitalet.com\\\/#organization\"},\"image\":{\"@id\":\"https:\\\/\\\/www.lafargalhospitalet.com\\\/ca\\\/rozalen-i-beret-per-festes-de-primavera-2019\\\/#primaryimage\"},\"thumbnailUrl\":\"https:\\\/\\\/www.lafargalhospitalet.com\\\/wp-content\\\/uploads\\\/2019\\\/03\\\/Concerts-Primavera-19-Farga.jpg\",\"articleSection\":[\"Noticies\"],\"inLanguage\":\"ca\"},{\"@type\":\"WebPage\",\"@id\":\"https:\\\/\\\/www.lafargalhospitalet.com\\\/ca\\\/rozalen-i-beret-per-festes-de-primavera-2019\\\/\",\"url\":\"https:\\\/\\\/www.lafargalhospitalet.com\\\/ca\\\/rozalen-i-beret-per-festes-de-primavera-2019\\\/\",\"name\":\"Rozal\u00e9n i Beret, per Festes de Primavera 2019 - La Farga L&#039;Hospitalet Centre d&#039;Activitats. La Farga GEM, S.A.\",\"isPartOf\":{\"@id\":\"https:\\\/\\\/www.lafargalhospitalet.com\\\/#website\"},\"primaryImageOfPage\":{\"@id\":\"https:\\\/\\\/www.lafargalhospitalet.com\\\/ca\\\/rozalen-i-beret-per-festes-de-primavera-2019\\\/#primaryimage\"},\"image\":{\"@id\":\"https:\\\/\\\/www.lafargalhospitalet.com\\\/ca\\\/rozalen-i-beret-per-festes-de-primavera-2019\\\/#primaryimage\"},\"thumbnailUrl\":\"https:\\\/\\\/www.lafargalhospitalet.com\\\/wp-content\\\/uploads\\\/2019\\\/03\\\/Concerts-Primavera-19-Farga.jpg\",\"datePublished\":\"2019-03-19T13:08:44+00:00\",\"dateModified\":\"2025-11-03T17:28:04+00:00\",\"description\":\"Pels concerts d\u2019enguany ja tenim els protagonistes: Rozal\u00e9n i Beret, passaran per La Farga divendres, 26, i dissabte, 27, respectivament.\",\"breadcrumb\":{\"@id\":\"https:\\\/\\\/www.lafargalhospitalet.com\\\/ca\\\/rozalen-i-beret-per-festes-de-primavera-2019\\\/#breadcrumb\"},\"inLanguage\":\"ca\",\"potentialAction\":[{\"@type\":\"ReadAction\",\"target\":[\"https:\\\/\\\/www.lafargalhospitalet.com\\\/ca\\\/rozalen-i-beret-per-festes-de-primavera-2019\\\/\"]}]},{\"@type\":\"ImageObject\",\"inLanguage\":\"ca\",\"@id\":\"https:\\\/\\\/www.lafargalhospitalet.com\\\/ca\\\/rozalen-i-beret-per-festes-de-primavera-2019\\\/#primaryimage\",\"url\":\"https:\\\/\\\/www.lafargalhospitalet.com\\\/wp-content\\\/uploads\\\/2019\\\/03\\\/Concerts-Primavera-19-Farga.jpg\",\"contentUrl\":\"https:\\\/\\\/www.lafargalhospitalet.com\\\/wp-content\\\/uploads\\\/2019\\\/03\\\/Concerts-Primavera-19-Farga.jpg\",\"width\":730,\"height\":410,\"caption\":\"Rozal\u00e9n Beret Farga\"},{\"@type\":\"BreadcrumbList\",\"@id\":\"https:\\\/\\\/www.lafargalhospitalet.com\\\/ca\\\/rozalen-i-beret-per-festes-de-primavera-2019\\\/#breadcrumb\",\"itemListElement\":[{\"@type\":\"ListItem\",\"position\":1,\"name\":\"Portada\",\"item\":\"https:\\\/\\\/www.lafargalhospitalet.com\\\/\"},{\"@type\":\"ListItem\",\"position\":2,\"name\":\"Rozal\u00e9n i Beret, per Festes de Primavera 2019\"}]},{\"@type\":\"WebSite\",\"@id\":\"https:\\\/\\\/www.lafargalhospitalet.com\\\/#website\",\"url\":\"https:\\\/\\\/www.lafargalhospitalet.com\\\/\",\"name\":\"La Farga L'Hospitalet Centre d'Activitats. La Farga GEM, S.A.\",\"description\":\"La Farga L&#039;Hospitalet Centre d&#039;Activitats. Gestionat per La Farga GEM, S.A. Fires i Congressos. Concerts, exposicions, reunions, filmacions, sopars de gala.\",\"publisher\":{\"@id\":\"https:\\\/\\\/www.lafargalhospitalet.com\\\/#organization\"},\"potentialAction\":[{\"@type\":\"SearchAction\",\"target\":{\"@type\":\"EntryPoint\",\"urlTemplate\":\"https:\\\/\\\/www.lafargalhospitalet.com\\\/?s={search_term_string}\"},\"query-input\":{\"@type\":\"PropertyValueSpecification\",\"valueRequired\":true,\"valueName\":\"search_term_string\"}}],\"inLanguage\":\"ca\"},{\"@type\":\"Organization\",\"@id\":\"https:\\\/\\\/www.lafargalhospitalet.com\\\/#organization\",\"name\":\"La Farga L'Hospitalet Centre d'Activitats. La Farga GEM, S.A.\",\"url\":\"https:\\\/\\\/www.lafargalhospitalet.com\\\/\",\"logo\":{\"@type\":\"ImageObject\",\"inLanguage\":\"ca\",\"@id\":\"https:\\\/\\\/www.lafargalhospitalet.com\\\/#\\\/schema\\\/logo\\\/image\\\/\",\"url\":\"https:\\\/\\\/www.lafargalhospitalet.com\\\/wp-content\\\/uploads\\\/2025\\\/10\\\/logotipo_lafarga_centre_activitats.png\",\"contentUrl\":\"https:\\\/\\\/www.lafargalhospitalet.com\\\/wp-content\\\/uploads\\\/2025\\\/10\\\/logotipo_lafarga_centre_activitats.png\",\"width\":266,\"height\":101,\"caption\":\"La Farga L'Hospitalet Centre d'Activitats. La Farga GEM, S.A.\"},\"image\":{\"@id\":\"https:\\\/\\\/www.lafargalhospitalet.com\\\/#\\\/schema\\\/logo\\\/image\\\/\"},\"sameAs\":[\"https:\\\/\\\/www.facebook.com\\\/fargahospitalet\\\/\",\"https:\\\/\\\/x.com\\\/fargahospitalet\",\"https:\\\/\\\/www.instagram.com\\\/lafargahospitalet\\\/\",\"https:\\\/\\\/www.youtube.com\\\/channel\\\/UCoLt6hen3PqGXgbLMGI3Qdw\",\"https:\\\/\\\/www.flickr.com\\\/photos\\\/lafargagemsa\\\/albums\"]},{\"@type\":\"Person\",\"@id\":\"https:\\\/\\\/www.lafargalhospitalet.com\\\/#\\\/schema\\\/person\\\/6cbac0ef7748506b167ff859e1c7f378\",\"name\":\"La Farga Centre d'Activitats\",\"sameAs\":[\"https:\\\/\\\/www.lafargalhospitalet.com\"],\"url\":\"https:\\\/\\\/www.lafargalhospitalet.com\\\/ca\\\/author\\\/far25gmin\\\/\"}]}<\/script>\n<!-- \/ Yoast SEO plugin. -->","yoast_head_json":{"title":"Rozal\u00e9n i Beret, per Festes de Primavera 2019 - La Farga L&#039;Hospitalet Centre d&#039;Activitats. La Farga GEM, S.A.","description":"Pels concerts d\u2019enguany ja tenim els protagonistes: Rozal\u00e9n i Beret, passaran per La Farga divendres, 26, i dissabte, 27, respectivament.","robots":{"index":"index","follow":"follow","max-snippet":"max-snippet:-1","max-image-preview":"max-image-preview:large","max-video-preview":"max-video-preview:-1"},"canonical":"https:\/\/www.lafargalhospitalet.com\/ca\/rozalen-i-beret-per-festes-de-primavera-2019\/","og_locale":"ca_ES","og_type":"article","og_title":"Rozal\u00e9n i Beret, per Festes de Primavera 2019 - La Farga L&#039;Hospitalet Centre d&#039;Activitats. La Farga GEM, S.A.","og_description":"Pels concerts d\u2019enguany ja tenim els protagonistes: Rozal\u00e9n i Beret, passaran per La Farga divendres, 26, i dissabte, 27, respectivament.","og_url":"https:\/\/www.lafargalhospitalet.com\/ca\/rozalen-i-beret-per-festes-de-primavera-2019\/","og_site_name":"La Farga L&#039;Hospitalet Centre d&#039;Activitats. La Farga GEM, S.A.","article_publisher":"https:\/\/www.facebook.com\/fargahospitalet\/","article_published_time":"2019-03-19T13:08:44+00:00","article_modified_time":"2025-11-03T17:28:04+00:00","og_image":[{"width":730,"height":410,"url":"https:\/\/www.lafargalhospitalet.com\/wp-content\/uploads\/2019\/03\/Concerts-Primavera-19-Farga.jpg","type":"image\/jpeg"}],"author":"La Farga Centre d'Activitats","twitter_card":"summary_large_image","twitter_creator":"@fargahospitalet","twitter_site":"@fargahospitalet","twitter_misc":{"Escrit per":"La Farga Centre d'Activitats","Temps estimat de lectura":"1 minut"},"schema":{"@context":"https:\/\/schema.org","@graph":[{"@type":"Article","@id":"https:\/\/www.lafargalhospitalet.com\/ca\/rozalen-i-beret-per-festes-de-primavera-2019\/#article","isPartOf":{"@id":"https:\/\/www.lafargalhospitalet.com\/ca\/rozalen-i-beret-per-festes-de-primavera-2019\/"},"author":{"name":"La Farga Centre d'Activitats","@id":"https:\/\/www.lafargalhospitalet.com\/#\/schema\/person\/6cbac0ef7748506b167ff859e1c7f378"},"headline":"Rozal\u00e9n i Beret, per Festes de Primavera 2019","datePublished":"2019-03-19T13:08:44+00:00","dateModified":"2025-11-03T17:28:04+00:00","mainEntityOfPage":{"@id":"https:\/\/www.lafargalhospitalet.com\/ca\/rozalen-i-beret-per-festes-de-primavera-2019\/"},"wordCount":300,"publisher":{"@id":"https:\/\/www.lafargalhospitalet.com\/#organization"},"image":{"@id":"https:\/\/www.lafargalhospitalet.com\/ca\/rozalen-i-beret-per-festes-de-primavera-2019\/#primaryimage"},"thumbnailUrl":"https:\/\/www.lafargalhospitalet.com\/wp-content\/uploads\/2019\/03\/Concerts-Primavera-19-Farga.jpg","articleSection":["Noticies"],"inLanguage":"ca"},{"@type":"WebPage","@id":"https:\/\/www.lafargalhospitalet.com\/ca\/rozalen-i-beret-per-festes-de-primavera-2019\/","url":"https:\/\/www.lafargalhospitalet.com\/ca\/rozalen-i-beret-per-festes-de-primavera-2019\/","name":"Rozal\u00e9n i Beret, per Festes de Primavera 2019 - La Farga L&#039;Hospitalet Centre d&#039;Activitats. La Farga GEM, S.A.","isPartOf":{"@id":"https:\/\/www.lafargalhospitalet.com\/#website"},"primaryImageOfPage":{"@id":"https:\/\/www.lafargalhospitalet.com\/ca\/rozalen-i-beret-per-festes-de-primavera-2019\/#primaryimage"},"image":{"@id":"https:\/\/www.lafargalhospitalet.com\/ca\/rozalen-i-beret-per-festes-de-primavera-2019\/#primaryimage"},"thumbnailUrl":"https:\/\/www.lafargalhospitalet.com\/wp-content\/uploads\/2019\/03\/Concerts-Primavera-19-Farga.jpg","datePublished":"2019-03-19T13:08:44+00:00","dateModified":"2025-11-03T17:28:04+00:00","description":"Pels concerts d\u2019enguany ja tenim els protagonistes: Rozal\u00e9n i Beret, passaran per La Farga divendres, 26, i dissabte, 27, respectivament.","breadcrumb":{"@id":"https:\/\/www.lafargalhospitalet.com\/ca\/rozalen-i-beret-per-festes-de-primavera-2019\/#breadcrumb"},"inLanguage":"ca","potentialAction":[{"@type":"ReadAction","target":["https:\/\/www.lafargalhospitalet.com\/ca\/rozalen-i-beret-per-festes-de-primavera-2019\/"]}]},{"@type":"ImageObject","inLanguage":"ca","@id":"https:\/\/www.lafargalhospitalet.com\/ca\/rozalen-i-beret-per-festes-de-primavera-2019\/#primaryimage","url":"https:\/\/www.lafargalhospitalet.com\/wp-content\/uploads\/2019\/03\/Concerts-Primavera-19-Farga.jpg","contentUrl":"https:\/\/www.lafargalhospitalet.com\/wp-content\/uploads\/2019\/03\/Concerts-Primavera-19-Farga.jpg","width":730,"height":410,"caption":"Rozal\u00e9n Beret Farga"},{"@type":"BreadcrumbList","@id":"https:\/\/www.lafargalhospitalet.com\/ca\/rozalen-i-beret-per-festes-de-primavera-2019\/#breadcrumb","itemListElement":[{"@type":"ListItem","position":1,"name":"Portada","item":"https:\/\/www.lafargalhospitalet.com\/"},{"@type":"ListItem","position":2,"name":"Rozal\u00e9n i Beret, per Festes de Primavera 2019"}]},{"@type":"WebSite","@id":"https:\/\/www.lafargalhospitalet.com\/#website","url":"https:\/\/www.lafargalhospitalet.com\/","name":"La Farga L'Hospitalet Centre d'Activitats. La Farga GEM, S.A.","description":"La Farga L&#039;Hospitalet Centre d&#039;Activitats. Gestionat per La Farga GEM, S.A. Fires i Congressos. Concerts, exposicions, reunions, filmacions, sopars de gala.","publisher":{"@id":"https:\/\/www.lafargalhospitalet.com\/#organization"},"potentialAction":[{"@type":"SearchAction","target":{"@type":"EntryPoint","urlTemplate":"https:\/\/www.lafargalhospitalet.com\/?s={search_term_string}"},"query-input":{"@type":"PropertyValueSpecification","valueRequired":true,"valueName":"search_term_string"}}],"inLanguage":"ca"},{"@type":"Organization","@id":"https:\/\/www.lafargalhospitalet.com\/#organization","name":"La Farga L'Hospitalet Centre d'Activitats. La Farga GEM, S.A.","url":"https:\/\/www.lafargalhospitalet.com\/","logo":{"@type":"ImageObject","inLanguage":"ca","@id":"https:\/\/www.lafargalhospitalet.com\/#\/schema\/logo\/image\/","url":"https:\/\/www.lafargalhospitalet.com\/wp-content\/uploads\/2025\/10\/logotipo_lafarga_centre_activitats.png","contentUrl":"https:\/\/www.lafargalhospitalet.com\/wp-content\/uploads\/2025\/10\/logotipo_lafarga_centre_activitats.png","width":266,"height":101,"caption":"La Farga L'Hospitalet Centre d'Activitats. La Farga GEM, S.A."},"image":{"@id":"https:\/\/www.lafargalhospitalet.com\/#\/schema\/logo\/image\/"},"sameAs":["https:\/\/www.facebook.com\/fargahospitalet\/","https:\/\/x.com\/fargahospitalet","https:\/\/www.instagram.com\/lafargahospitalet\/","https:\/\/www.youtube.com\/channel\/UCoLt6hen3PqGXgbLMGI3Qdw","https:\/\/www.flickr.com\/photos\/lafargagemsa\/albums"]},{"@type":"Person","@id":"https:\/\/www.lafargalhospitalet.com\/#\/schema\/person\/6cbac0ef7748506b167ff859e1c7f378","name":"La Farga Centre d'Activitats","sameAs":["https:\/\/www.lafargalhospitalet.com"],"url":"https:\/\/www.lafargalhospitalet.com\/ca\/author\/far25gmin\/"}]}},"_links":{"self":[{"href":"https:\/\/www.lafargalhospitalet.com\/ca\/wp-json\/wp\/v2\/posts\/6618","targetHints":{"allow":["GET"]}}],"collection":[{"href":"https:\/\/www.lafargalhospitalet.com\/ca\/wp-json\/wp\/v2\/posts"}],"about":[{"href":"https:\/\/www.lafargalhospitalet.com\/ca\/wp-json\/wp\/v2\/types\/post"}],"author":[{"embeddable":true,"href":"https:\/\/www.lafargalhospitalet.com\/ca\/wp-json\/wp\/v2\/users\/1"}],"replies":[{"embeddable":true,"href":"https:\/\/www.lafargalhospitalet.com\/ca\/wp-json\/wp\/v2\/comments?post=6618"}],"version-history":[{"count":0,"href":"https:\/\/www.lafargalhospitalet.com\/ca\/wp-json\/wp\/v2\/posts\/6618\/revisions"}],"wp:featuredmedia":[{"embeddable":true,"href":"https:\/\/www.lafargalhospitalet.com\/ca\/wp-json\/wp\/v2\/media\/6616"}],"wp:attachment":[{"href":"https:\/\/www.lafargalhospitalet.com\/ca\/wp-json\/wp\/v2\/media?parent=6618"}],"wp:term":[{"taxonomy":"category","embeddable":true,"href":"https:\/\/www.lafargalhospitalet.com\/ca\/wp-json\/wp\/v2\/categories?post=6618"},{"taxonomy":"post_tag","embeddable":true,"href":"https:\/\/www.lafargalhospitalet.com\/ca\/wp-json\/wp\/v2\/tags?post=6618"}],"curies":[{"name":"wp","href":"https:\/\/api.w.org\/{rel}","templated":true}]}}