{"id":6645,"date":"2019-03-26T16:25:04","date_gmt":"2019-03-26T15:25:04","guid":{"rendered":"http:\/\/www.lafargalhospitalet.com\/?p=6645"},"modified":"2025-11-03T18:28:04","modified_gmt":"2025-11-03T17:28:04","slug":"retromotor-arriba-amb-la-novetat-de-cotxes","status":"publish","type":"post","link":"https:\/\/www.lafargalhospitalet.com\/ca\/retromotor-arriba-amb-la-novetat-de-cotxes\/","title":{"rendered":"RetroMotor arriba amb la novetat de cotxes cl\u00e0ssics"},"content":{"rendered":"<h5>Del 29 al 31 de mar\u00e7<\/h5>\n<p>La Farga Centre d\u2019Activitats acull un any m\u00e9s RetroMotor, sal\u00f3 dedicat al motor m\u00e9s cl\u00e0ssic, i enguany arriba amb la principal novetat que, a banda de les millors motos cl\u00e0ssiques, tamb\u00e9 hi haur\u00e0 cotxes cl\u00e0ssics.<\/p>\n<p>El sal\u00f3 organitzat per Eventos del Motor aplega fins a 80 expositors i ocupa 9.000 m2 d&#8217;exposici\u00f3 de cotxes i motos, zona d\u2019exposici\u00f3 de vehicles particulars i zona comercial o automobilia, amb peces, eines, llibres i revistes i complements i accessoris de tota mena.<\/p>\n<p>El Sal\u00f3 RetroMotor Barcelona, el nou certamen orientat a cotxes i motos cl\u00e0ssiques, obrir\u00e0 aquest divendres a la tarda les seves portes amb un divers programa de continguts, entre els quals destaquen diversos homenatges.<\/p>\n<h5>Homenatge al m\u00edtic Ca\u00f1ellas i Ossa<\/h5>\n<p>Aix\u00ed, despr\u00e9s de la inauguraci\u00f3 oficial (17 h), es far\u00e0 un homenatge al pilot Salvador Ca\u00f1ellas, al que se li lliurar\u00e0 una placa per la seva brillant traject\u00f2ria, alhora que es visitar\u00e0 l&#8217;estand muntat en el seu honor, que exhibir\u00e0 diferents records, trofeus i fotos, aix\u00ed com alguns dels seus vehicles m\u00e9s emblem\u00e0tics.<\/p>\n<p>Aquest espai exhibir\u00e0 el SEAT 124 1800 amb el quedar en quart lloc del Ral\u00b7li de Montecarlo el 1977 o la Bultaco TSS de 125 cc amb la qual va v\u00e8ncer el 1968 en el Gran Premi d&#8217;Espanya, al Circuit de Montju\u00efc, sent aix\u00ed el primer espanyol en aconseguir-ho. A m\u00e9s hi haur\u00e0 el Selex F\u00f3rmula 1430 amb el que va competir.<\/p>\n<p>Ca\u00f1ellas va ser el primer pilot espanyol en v\u00e8ncer en una prova del Mundial de Motociclisme, proesa que va aconseguir en 1968. Dos anys despr\u00e9s repetiria vict\u00f2ria pilotant una Derbi, aquesta vegada en la categoria de 50 cc.<\/p>\n<p>El seu canvi a la competici\u00f3 en automobilisme va ser brillant, amb el t\u00edtol del Campionat d&#8217;Espanya de Ral\u00b7li el 1972, quart lloc a Montecarlo el 1977, o campi\u00f3 d&#8217;Espanya de Turismes el 1979, entre d&#8217;altres \u00e8xits.<\/p>\n<p>Un altre destacat homenatge ser\u00e0 el que es presti a OSSA, que comptar\u00e0 amb una mostra monogr\u00e0fica amb motiu dels 70 anys del llan\u00e7ament de la seva primera motocicleta.<\/p>\n<p>En aquesta zona s&#8217;exhibiran algunes de les principals motos de la hist\u00f2ria de la firma catalana, com OSSA 125 (1951), 175 GT (1960), Urbs (1982), Yankee Z (1973), OSSA 50-A (1955), Enduro 230 (1967), Enduro 250-I-73 (1973), Phantom 250 AS (1974) o una Mar 250 (1971), entre d&#8217;altres.<\/p>\n<p>Entre els actes programats per aquesta efem\u00e8ride, dissabte 30 (12 h) tindr\u00e0 lloc el lliurament d&#8217;una placa commemorativa a Eduard Gir\u00f3, el que va ser destacat enginyer i fill del fundador de l&#8217;empresa, Manuel Gir\u00f3.<\/p>\n<p>Eduard Gir\u00f3 protagonitzar\u00e0 igualment una xerrada-col\u00b7loqui sobre els \u00e8xits esportius i t\u00e8cnics d&#8217;OSSA, alguns dels quals van ser obra del seu enginy, acompanyat del periodista Manuel Garriga a la zona de l&#8217;estand homenatge a la marca.<\/p>\n<h5>Efem\u00e8rides de Mini, Citro\u00ebn i Seat 1430<\/h5>\n<p>El Sal\u00f3 dedicar\u00e0 una zona especial a commemorar el centenari de Citro\u00ebn, amb la col\u00b7laboraci\u00f3 del Andr\u00e9 Citro\u00ebn Club, exhibint diversos models emblem\u00e0tics, com un Dyane 6 que va competir en els 90 i properament en una prova a Spa Francorchamps i un BX que va c\u00f3rrer en l&#8217;\u00faltima Spain Classic Raid, a la part esportiva.<\/p>\n<p>Tamb\u00e9 estaran presents un Traction Avant o \u201cPato\u201d, com se li va denominar a Espanya, un DS (taur\u00f3) Prestige, 1 Ami, o CX. A m\u00e9s, per completar aquest viatge en el temps seran presents alguns dels cotxes del segle XXI de la firma francesa.<\/p>\n<p>Una altra celebraci\u00f3 ser\u00e0 amb el Mini, model que compleix 60 anys des del seu llan\u00e7ament. Aquest espai comptar\u00e0 amb diversos models en diferents motoritzacions i acabats, amb la col\u00b7laboraci\u00f3 del Club Mini Cooper.<\/p>\n<p>Tamb\u00e9 hi haur\u00e0 una zona per commemorar els 50 anys d&#8217;exist\u00e8ncia del Seat 1430, amb la col\u00b7laboraci\u00f3 del Club Nacional Seat 1430, 124 i 124 Sport. Aix\u00ed, els aficionats catalans podran retre homenatge a un vehicle que es va fabricar i es va presentar al p\u00fablic per primera vegada a la ciutat, al Sal\u00f3 de l&#8217;Autom\u00f2bil de Barcelona de 1969.<\/p>\n<h5>Motos com sempre, protagonistes<\/h5>\n<p>Al sal\u00f3 hi haur\u00e0 a m\u00e9s un programa variat en qu\u00e8 destaquen alguns aspectes relacionats amb el m\u00f3n del motociclisme. Aix\u00ed, dissabte (17 h) tindr\u00e0 lloc un acte especial de reconeixement, organitzat per la Federaci\u00f3 Catalana de Motociclisme, a Manel Fabregat Ferrer amb motiu del 50 Aniversari de la creaci\u00f3 l\u2019any 1969 de la Unitat Moto Alpina, dins de la Companyia Alpina de Creu Roja de Barcelona.<\/p>\n<p>Aquesta unitat de socorristes motoritzats preparats en rescats de muntanya, pionera en la seva modalitat, estava especialitzada en cobrir diferents proves motociclistes a Catalunya en diverses especialitats (trial, TT \/ enduro, motocr\u00f2s, concentracions, velocitat, resist\u00e8ncia, raids, ral\u00b7li i tamb\u00e9 en sortides internacionals a Bol d&#8217;Or i als Elefantentreffen).<\/p>\n<p>Per a la moto, Bultaco va crear el model Alpina, produ\u00eft posteriorment en s\u00e8rie i d&#8217;una gran popularitat.<\/p>\n<p>Poc despr\u00e9s, dissabte (18 h) tindr\u00e0 lloc a l&#8217;estand del Club Bultaco la presentaci\u00f3 de l\u2019AJR Bultaco Astro 4T, motocicleta que participar\u00e0 en diverses proves de dirk-track aquesta temporada com el Campionat d&#8217;Europa, el Campionat de Catalunya o al Bultaco Day, entre d&#8217;altres.<\/p>\n<p>En aquest acte hi seran presents els creadors de la moto el 1999 i els actuals, que han aplicat una s\u00e8rie de canvis, com nou motor, un nou escapament i altres components, que explicaran al p\u00fablic l&#8217;evoluci\u00f3.<\/p>\n<h5>Certamen amb m\u00faltiples serveis<\/h5>\n<p>El Sal\u00f3 RetroMotor Barcelona es presenta com una fira amb m\u00faltiples serveis i activitats de cara a l&#8217;aficionat. Entre els mateixos destaquen:<\/p>\n<ul>\n<li>Zona Comercial: m\u00faltiples expositors van amb peces, eines, recanvis, records, col\u00b7leccionisme, documentaci\u00f3, llibres o revistes del m\u00f3n dels vehicles cl\u00e0ssics.<\/li>\n<li>Zona especial per particulars de vehicles: Cover Garage, com s&#8217;anomena aquest espai, \u00e9s una \u00e0rea perqu\u00e8 els propietaris particulars puguin exposar els seus vehicles, ja siguin cotxes o motos, indicant preu i altres caracter\u00edstiques, i tot de forma completament gratu\u00efta gr\u00e0cies al patrocini de l&#8217;asseguradora per a vehicles cl\u00e0ssics Classic Cover. (Aquesta zona t\u00e9 les places limitades, pel que \u00e9s convenient realitzar les inscripcions com m\u00e9s aviat millor a trav\u00e9s de la p\u00e0gina web <strong><a href=\"http:\/\/www.eventosmotor.com\" target=\"_blank\" rel=\"noopener noreferrer\">www.eventosmotor.com<\/a><\/strong>).<\/li>\n<li>Venda anticipada d&#8217;entrades o en taquilla: a trav\u00e9s de la plataforma per internet <a href=\"https:\/\/www.ticketea.com\/entradas-feria-retro-motor-barcelona-salon-del-coche-y-la-moto-de-epoca\/\" target=\"_blank\" rel=\"noopener noreferrer\"><strong>Ticketea.es<\/strong><\/a> poden comprar les entrades, b\u00e9 anticipadament, b\u00e9 els mateixos dies de la mostra, i estalviar-se aix\u00ed les cues. L&#8217;entrada general costa 8 euros, amb menors de 10 anys gratu\u00eft.<\/li>\n<li>Sorteig d&#8217;estada en un balneari: el p\u00fablic podr\u00e0 participar en el sorteig d&#8217;una estada de cap de setmana en un hotel de 4 estrelles per a 2 persones al Balneari Caldes de Bo\u00ed, en col\u00b7laboraci\u00f3 amb les revistes Motociclisme Cl\u00e0ssic i Moto Cl\u00e0ssic. Per a aix\u00f2, han de dipositar la papereta que es lliura amb cada entrada general a l&#8217;urna habilitada. El sorteig tindr\u00e0 lloc poc abans de la clausura de la fira.<\/li>\n<li>Concentracions: OSSA (dissabte 30 a partir de les 10,00 h.), SEAT 1214 i 1430 (dissabte 30 a partir de les 10 h.), I SEAT 600 (diumenge 31 a partir de les 10 h.).<\/li>\n<\/ul>\n<h5><strong>PROGRAMA<\/strong><\/h5>\n<p>Divendres, 29<br \/>\n16,00 h. Obertura de portes<br \/>\n17,00 h. Inauguraci\u00f3 oficial<br \/>\n17,15 h. Homenatge a Salvador Ca\u00f1ellas<br \/>\n20,00 h. Tancament de portes<\/p>\n<p>Dissabte, 30<br \/>\n10,00 h. Obertura de portes<br \/>\n10,00 h. Concentraci\u00f3 OSSA<br \/>\n10,00 h. Concentraci\u00f3 SEAT 124 i 1430<br \/>\n12,00 h. Xerrada-Col\u00b7loqui Eduard Gir\u00f3<br \/>\n17,00 h. Homenatge a Unitat Moto Alpina &#8211; Creu Roja Barcelona<br \/>\n18,00 h. Presentaci\u00f3 de l\u2019AJR Bultaco Astro 4T<br \/>\n20,00 h. Tancament de portes<\/p>\n<p>Diumenge, 31<br \/>\n10,00 h. Obertura de portes<br \/>\n10,00 h. Concentraci\u00f3 SEAT 600<br \/>\n18,30 h. Sorteig de l&#8217;estada al Balneari de Bo\u00ed<br \/>\n19,00 h. Tancament de portes<\/p>\n","protected":false},"excerpt":{"rendered":"<p>El sal\u00f3 organitzat per Eventos del Motor aplega fins a 80 expositors i ocupa 9.000 m2 d&#8217;exposici\u00f3 de cotxes i motos, zona d\u2019exposici\u00f3 de vehicles particulars i zona comercial o automobilia.<\/p>\n","protected":false},"author":1,"featured_media":6647,"comment_status":"closed","ping_status":"closed","sticky":false,"template":"","format":"standard","meta":{"_monsterinsights_skip_tracking":false,"_monsterinsights_sitenote_active":false,"_monsterinsights_sitenote_note":"","_monsterinsights_sitenote_category":0,"footnotes":""},"categories":[83],"tags":[],"class_list":["post-6645","post","type-post","status-publish","format-standard","has-post-thumbnail","hentry","category-noticies"],"yoast_head":"<!-- This site is optimized with the Yoast SEO plugin v27.5 - https:\/\/yoast.com\/product\/yoast-seo-wordpress\/ -->\n<title>RetroMotor arriba amb la novetat de cotxes cl\u00e0ssics - La Farga L&#039;Hospitalet Centre d&#039;Activitats. La Farga GEM, S.A.<\/title>\n<meta name=\"description\" content=\"RetroMotor aplega fins a 80 expositors i ocupa 9.000 m2 d&#039;exposici\u00f3 de cotxes i motos, zona d\u2019exposici\u00f3 de vehicles particulars i zona automobilia.\" \/>\n<meta name=\"robots\" content=\"index, follow, max-snippet:-1, max-image-preview:large, max-video-preview:-1\" \/>\n<link rel=\"canonical\" href=\"https:\/\/www.lafargalhospitalet.com\/ca\/retromotor-arriba-amb-la-novetat-de-cotxes\/\" \/>\n<meta property=\"og:locale\" content=\"ca_ES\" \/>\n<meta property=\"og:type\" content=\"article\" \/>\n<meta property=\"og:title\" content=\"RetroMotor arriba amb la novetat de cotxes cl\u00e0ssics - La Farga L&#039;Hospitalet Centre d&#039;Activitats. La Farga GEM, S.A.\" \/>\n<meta property=\"og:description\" content=\"RetroMotor aplega fins a 80 expositors i ocupa 9.000 m2 d&#039;exposici\u00f3 de cotxes i motos, zona d\u2019exposici\u00f3 de vehicles particulars i zona automobilia.\" \/>\n<meta property=\"og:url\" content=\"https:\/\/www.lafargalhospitalet.com\/ca\/retromotor-arriba-amb-la-novetat-de-cotxes\/\" \/>\n<meta property=\"og:site_name\" content=\"La Farga L&#039;Hospitalet Centre d&#039;Activitats. La Farga GEM, S.A.\" \/>\n<meta property=\"article:publisher\" content=\"https:\/\/www.facebook.com\/fargahospitalet\/\" \/>\n<meta property=\"article:published_time\" content=\"2019-03-26T15:25:04+00:00\" \/>\n<meta property=\"article:modified_time\" content=\"2025-11-03T17:28:04+00:00\" \/>\n<meta property=\"og:image\" content=\"https:\/\/www.lafargalhospitalet.com\/wp-content\/uploads\/2019\/03\/RetroMotor-Farga-19.jpg\" \/>\n\t<meta property=\"og:image:width\" content=\"850\" \/>\n\t<meta property=\"og:image:height\" content=\"477\" \/>\n\t<meta property=\"og:image:type\" content=\"image\/jpeg\" \/>\n<meta name=\"author\" content=\"La Farga Centre d&#039;Activitats\" \/>\n<meta name=\"twitter:card\" content=\"summary_large_image\" \/>\n<meta name=\"twitter:creator\" content=\"@fargahospitalet\" \/>\n<meta name=\"twitter:site\" content=\"@fargahospitalet\" \/>\n<meta name=\"twitter:label1\" content=\"Escrit per\" \/>\n\t<meta name=\"twitter:data1\" content=\"La Farga Centre d&#039;Activitats\" \/>\n\t<meta name=\"twitter:label2\" content=\"Temps estimat de lectura\" \/>\n\t<meta name=\"twitter:data2\" content=\"6 minuts\" \/>\n<script type=\"application\/ld+json\" class=\"yoast-schema-graph\">{\"@context\":\"https:\\\/\\\/schema.org\",\"@graph\":[{\"@type\":\"Article\",\"@id\":\"https:\\\/\\\/www.lafargalhospitalet.com\\\/ca\\\/retromotor-arriba-amb-la-novetat-de-cotxes\\\/#article\",\"isPartOf\":{\"@id\":\"https:\\\/\\\/www.lafargalhospitalet.com\\\/ca\\\/retromotor-arriba-amb-la-novetat-de-cotxes\\\/\"},\"author\":{\"name\":\"La Farga Centre d'Activitats\",\"@id\":\"https:\\\/\\\/www.lafargalhospitalet.com\\\/#\\\/schema\\\/person\\\/6cbac0ef7748506b167ff859e1c7f378\"},\"headline\":\"RetroMotor arriba amb la novetat de cotxes cl\u00e0ssics\",\"datePublished\":\"2019-03-26T15:25:04+00:00\",\"dateModified\":\"2025-11-03T17:28:04+00:00\",\"mainEntityOfPage\":{\"@id\":\"https:\\\/\\\/www.lafargalhospitalet.com\\\/ca\\\/retromotor-arriba-amb-la-novetat-de-cotxes\\\/\"},\"wordCount\":1285,\"publisher\":{\"@id\":\"https:\\\/\\\/www.lafargalhospitalet.com\\\/#organization\"},\"image\":{\"@id\":\"https:\\\/\\\/www.lafargalhospitalet.com\\\/ca\\\/retromotor-arriba-amb-la-novetat-de-cotxes\\\/#primaryimage\"},\"thumbnailUrl\":\"https:\\\/\\\/www.lafargalhospitalet.com\\\/wp-content\\\/uploads\\\/2019\\\/03\\\/RetroMotor-Farga-19.jpg\",\"articleSection\":[\"Noticies\"],\"inLanguage\":\"ca\"},{\"@type\":\"WebPage\",\"@id\":\"https:\\\/\\\/www.lafargalhospitalet.com\\\/ca\\\/retromotor-arriba-amb-la-novetat-de-cotxes\\\/\",\"url\":\"https:\\\/\\\/www.lafargalhospitalet.com\\\/ca\\\/retromotor-arriba-amb-la-novetat-de-cotxes\\\/\",\"name\":\"RetroMotor arriba amb la novetat de cotxes cl\u00e0ssics - La Farga L&#039;Hospitalet Centre d&#039;Activitats. La Farga GEM, S.A.\",\"isPartOf\":{\"@id\":\"https:\\\/\\\/www.lafargalhospitalet.com\\\/#website\"},\"primaryImageOfPage\":{\"@id\":\"https:\\\/\\\/www.lafargalhospitalet.com\\\/ca\\\/retromotor-arriba-amb-la-novetat-de-cotxes\\\/#primaryimage\"},\"image\":{\"@id\":\"https:\\\/\\\/www.lafargalhospitalet.com\\\/ca\\\/retromotor-arriba-amb-la-novetat-de-cotxes\\\/#primaryimage\"},\"thumbnailUrl\":\"https:\\\/\\\/www.lafargalhospitalet.com\\\/wp-content\\\/uploads\\\/2019\\\/03\\\/RetroMotor-Farga-19.jpg\",\"datePublished\":\"2019-03-26T15:25:04+00:00\",\"dateModified\":\"2025-11-03T17:28:04+00:00\",\"description\":\"RetroMotor aplega fins a 80 expositors i ocupa 9.000 m2 d'exposici\u00f3 de cotxes i motos, zona d\u2019exposici\u00f3 de vehicles particulars i zona automobilia.\",\"breadcrumb\":{\"@id\":\"https:\\\/\\\/www.lafargalhospitalet.com\\\/ca\\\/retromotor-arriba-amb-la-novetat-de-cotxes\\\/#breadcrumb\"},\"inLanguage\":\"ca\",\"potentialAction\":[{\"@type\":\"ReadAction\",\"target\":[\"https:\\\/\\\/www.lafargalhospitalet.com\\\/ca\\\/retromotor-arriba-amb-la-novetat-de-cotxes\\\/\"]}]},{\"@type\":\"ImageObject\",\"inLanguage\":\"ca\",\"@id\":\"https:\\\/\\\/www.lafargalhospitalet.com\\\/ca\\\/retromotor-arriba-amb-la-novetat-de-cotxes\\\/#primaryimage\",\"url\":\"https:\\\/\\\/www.lafargalhospitalet.com\\\/wp-content\\\/uploads\\\/2019\\\/03\\\/RetroMotor-Farga-19.jpg\",\"contentUrl\":\"https:\\\/\\\/www.lafargalhospitalet.com\\\/wp-content\\\/uploads\\\/2019\\\/03\\\/RetroMotor-Farga-19.jpg\",\"width\":850,\"height\":477,\"caption\":\"Retromotor Farga\"},{\"@type\":\"BreadcrumbList\",\"@id\":\"https:\\\/\\\/www.lafargalhospitalet.com\\\/ca\\\/retromotor-arriba-amb-la-novetat-de-cotxes\\\/#breadcrumb\",\"itemListElement\":[{\"@type\":\"ListItem\",\"position\":1,\"name\":\"Portada\",\"item\":\"https:\\\/\\\/www.lafargalhospitalet.com\\\/\"},{\"@type\":\"ListItem\",\"position\":2,\"name\":\"RetroMotor arriba amb la novetat de cotxes cl\u00e0ssics\"}]},{\"@type\":\"WebSite\",\"@id\":\"https:\\\/\\\/www.lafargalhospitalet.com\\\/#website\",\"url\":\"https:\\\/\\\/www.lafargalhospitalet.com\\\/\",\"name\":\"La Farga L'Hospitalet Centre d'Activitats. La Farga GEM, S.A.\",\"description\":\"La Farga L&#039;Hospitalet Centre d&#039;Activitats. Gestionat per La Farga GEM, S.A. Fires i Congressos. Concerts, exposicions, reunions, filmacions, sopars de gala.\",\"publisher\":{\"@id\":\"https:\\\/\\\/www.lafargalhospitalet.com\\\/#organization\"},\"potentialAction\":[{\"@type\":\"SearchAction\",\"target\":{\"@type\":\"EntryPoint\",\"urlTemplate\":\"https:\\\/\\\/www.lafargalhospitalet.com\\\/?s={search_term_string}\"},\"query-input\":{\"@type\":\"PropertyValueSpecification\",\"valueRequired\":true,\"valueName\":\"search_term_string\"}}],\"inLanguage\":\"ca\"},{\"@type\":\"Organization\",\"@id\":\"https:\\\/\\\/www.lafargalhospitalet.com\\\/#organization\",\"name\":\"La Farga L'Hospitalet Centre d'Activitats. La Farga GEM, S.A.\",\"url\":\"https:\\\/\\\/www.lafargalhospitalet.com\\\/\",\"logo\":{\"@type\":\"ImageObject\",\"inLanguage\":\"ca\",\"@id\":\"https:\\\/\\\/www.lafargalhospitalet.com\\\/#\\\/schema\\\/logo\\\/image\\\/\",\"url\":\"https:\\\/\\\/www.lafargalhospitalet.com\\\/wp-content\\\/uploads\\\/2025\\\/10\\\/logotipo_lafarga_centre_activitats.png\",\"contentUrl\":\"https:\\\/\\\/www.lafargalhospitalet.com\\\/wp-content\\\/uploads\\\/2025\\\/10\\\/logotipo_lafarga_centre_activitats.png\",\"width\":266,\"height\":101,\"caption\":\"La Farga L'Hospitalet Centre d'Activitats. La Farga GEM, S.A.\"},\"image\":{\"@id\":\"https:\\\/\\\/www.lafargalhospitalet.com\\\/#\\\/schema\\\/logo\\\/image\\\/\"},\"sameAs\":[\"https:\\\/\\\/www.facebook.com\\\/fargahospitalet\\\/\",\"https:\\\/\\\/x.com\\\/fargahospitalet\",\"https:\\\/\\\/www.instagram.com\\\/lafargahospitalet\\\/\",\"https:\\\/\\\/www.youtube.com\\\/channel\\\/UCoLt6hen3PqGXgbLMGI3Qdw\",\"https:\\\/\\\/www.flickr.com\\\/photos\\\/lafargagemsa\\\/albums\"]},{\"@type\":\"Person\",\"@id\":\"https:\\\/\\\/www.lafargalhospitalet.com\\\/#\\\/schema\\\/person\\\/6cbac0ef7748506b167ff859e1c7f378\",\"name\":\"La Farga Centre d'Activitats\",\"sameAs\":[\"https:\\\/\\\/www.lafargalhospitalet.com\"],\"url\":\"https:\\\/\\\/www.lafargalhospitalet.com\\\/ca\\\/author\\\/far25gmin\\\/\"}]}<\/script>\n<!-- \/ Yoast SEO plugin. -->","yoast_head_json":{"title":"RetroMotor arriba amb la novetat de cotxes cl\u00e0ssics - La Farga L&#039;Hospitalet Centre d&#039;Activitats. La Farga GEM, S.A.","description":"RetroMotor aplega fins a 80 expositors i ocupa 9.000 m2 d'exposici\u00f3 de cotxes i motos, zona d\u2019exposici\u00f3 de vehicles particulars i zona automobilia.","robots":{"index":"index","follow":"follow","max-snippet":"max-snippet:-1","max-image-preview":"max-image-preview:large","max-video-preview":"max-video-preview:-1"},"canonical":"https:\/\/www.lafargalhospitalet.com\/ca\/retromotor-arriba-amb-la-novetat-de-cotxes\/","og_locale":"ca_ES","og_type":"article","og_title":"RetroMotor arriba amb la novetat de cotxes cl\u00e0ssics - La Farga L&#039;Hospitalet Centre d&#039;Activitats. La Farga GEM, S.A.","og_description":"RetroMotor aplega fins a 80 expositors i ocupa 9.000 m2 d'exposici\u00f3 de cotxes i motos, zona d\u2019exposici\u00f3 de vehicles particulars i zona automobilia.","og_url":"https:\/\/www.lafargalhospitalet.com\/ca\/retromotor-arriba-amb-la-novetat-de-cotxes\/","og_site_name":"La Farga L&#039;Hospitalet Centre d&#039;Activitats. La Farga GEM, S.A.","article_publisher":"https:\/\/www.facebook.com\/fargahospitalet\/","article_published_time":"2019-03-26T15:25:04+00:00","article_modified_time":"2025-11-03T17:28:04+00:00","og_image":[{"width":850,"height":477,"url":"https:\/\/www.lafargalhospitalet.com\/wp-content\/uploads\/2019\/03\/RetroMotor-Farga-19.jpg","type":"image\/jpeg"}],"author":"La Farga Centre d'Activitats","twitter_card":"summary_large_image","twitter_creator":"@fargahospitalet","twitter_site":"@fargahospitalet","twitter_misc":{"Escrit per":"La Farga Centre d'Activitats","Temps estimat de lectura":"6 minuts"},"schema":{"@context":"https:\/\/schema.org","@graph":[{"@type":"Article","@id":"https:\/\/www.lafargalhospitalet.com\/ca\/retromotor-arriba-amb-la-novetat-de-cotxes\/#article","isPartOf":{"@id":"https:\/\/www.lafargalhospitalet.com\/ca\/retromotor-arriba-amb-la-novetat-de-cotxes\/"},"author":{"name":"La Farga Centre d'Activitats","@id":"https:\/\/www.lafargalhospitalet.com\/#\/schema\/person\/6cbac0ef7748506b167ff859e1c7f378"},"headline":"RetroMotor arriba amb la novetat de cotxes cl\u00e0ssics","datePublished":"2019-03-26T15:25:04+00:00","dateModified":"2025-11-03T17:28:04+00:00","mainEntityOfPage":{"@id":"https:\/\/www.lafargalhospitalet.com\/ca\/retromotor-arriba-amb-la-novetat-de-cotxes\/"},"wordCount":1285,"publisher":{"@id":"https:\/\/www.lafargalhospitalet.com\/#organization"},"image":{"@id":"https:\/\/www.lafargalhospitalet.com\/ca\/retromotor-arriba-amb-la-novetat-de-cotxes\/#primaryimage"},"thumbnailUrl":"https:\/\/www.lafargalhospitalet.com\/wp-content\/uploads\/2019\/03\/RetroMotor-Farga-19.jpg","articleSection":["Noticies"],"inLanguage":"ca"},{"@type":"WebPage","@id":"https:\/\/www.lafargalhospitalet.com\/ca\/retromotor-arriba-amb-la-novetat-de-cotxes\/","url":"https:\/\/www.lafargalhospitalet.com\/ca\/retromotor-arriba-amb-la-novetat-de-cotxes\/","name":"RetroMotor arriba amb la novetat de cotxes cl\u00e0ssics - La Farga L&#039;Hospitalet Centre d&#039;Activitats. La Farga GEM, S.A.","isPartOf":{"@id":"https:\/\/www.lafargalhospitalet.com\/#website"},"primaryImageOfPage":{"@id":"https:\/\/www.lafargalhospitalet.com\/ca\/retromotor-arriba-amb-la-novetat-de-cotxes\/#primaryimage"},"image":{"@id":"https:\/\/www.lafargalhospitalet.com\/ca\/retromotor-arriba-amb-la-novetat-de-cotxes\/#primaryimage"},"thumbnailUrl":"https:\/\/www.lafargalhospitalet.com\/wp-content\/uploads\/2019\/03\/RetroMotor-Farga-19.jpg","datePublished":"2019-03-26T15:25:04+00:00","dateModified":"2025-11-03T17:28:04+00:00","description":"RetroMotor aplega fins a 80 expositors i ocupa 9.000 m2 d'exposici\u00f3 de cotxes i motos, zona d\u2019exposici\u00f3 de vehicles particulars i zona automobilia.","breadcrumb":{"@id":"https:\/\/www.lafargalhospitalet.com\/ca\/retromotor-arriba-amb-la-novetat-de-cotxes\/#breadcrumb"},"inLanguage":"ca","potentialAction":[{"@type":"ReadAction","target":["https:\/\/www.lafargalhospitalet.com\/ca\/retromotor-arriba-amb-la-novetat-de-cotxes\/"]}]},{"@type":"ImageObject","inLanguage":"ca","@id":"https:\/\/www.lafargalhospitalet.com\/ca\/retromotor-arriba-amb-la-novetat-de-cotxes\/#primaryimage","url":"https:\/\/www.lafargalhospitalet.com\/wp-content\/uploads\/2019\/03\/RetroMotor-Farga-19.jpg","contentUrl":"https:\/\/www.lafargalhospitalet.com\/wp-content\/uploads\/2019\/03\/RetroMotor-Farga-19.jpg","width":850,"height":477,"caption":"Retromotor Farga"},{"@type":"BreadcrumbList","@id":"https:\/\/www.lafargalhospitalet.com\/ca\/retromotor-arriba-amb-la-novetat-de-cotxes\/#breadcrumb","itemListElement":[{"@type":"ListItem","position":1,"name":"Portada","item":"https:\/\/www.lafargalhospitalet.com\/"},{"@type":"ListItem","position":2,"name":"RetroMotor arriba amb la novetat de cotxes cl\u00e0ssics"}]},{"@type":"WebSite","@id":"https:\/\/www.lafargalhospitalet.com\/#website","url":"https:\/\/www.lafargalhospitalet.com\/","name":"La Farga L'Hospitalet Centre d'Activitats. La Farga GEM, S.A.","description":"La Farga L&#039;Hospitalet Centre d&#039;Activitats. Gestionat per La Farga GEM, S.A. Fires i Congressos. Concerts, exposicions, reunions, filmacions, sopars de gala.","publisher":{"@id":"https:\/\/www.lafargalhospitalet.com\/#organization"},"potentialAction":[{"@type":"SearchAction","target":{"@type":"EntryPoint","urlTemplate":"https:\/\/www.lafargalhospitalet.com\/?s={search_term_string}"},"query-input":{"@type":"PropertyValueSpecification","valueRequired":true,"valueName":"search_term_string"}}],"inLanguage":"ca"},{"@type":"Organization","@id":"https:\/\/www.lafargalhospitalet.com\/#organization","name":"La Farga L'Hospitalet Centre d'Activitats. La Farga GEM, S.A.","url":"https:\/\/www.lafargalhospitalet.com\/","logo":{"@type":"ImageObject","inLanguage":"ca","@id":"https:\/\/www.lafargalhospitalet.com\/#\/schema\/logo\/image\/","url":"https:\/\/www.lafargalhospitalet.com\/wp-content\/uploads\/2025\/10\/logotipo_lafarga_centre_activitats.png","contentUrl":"https:\/\/www.lafargalhospitalet.com\/wp-content\/uploads\/2025\/10\/logotipo_lafarga_centre_activitats.png","width":266,"height":101,"caption":"La Farga L'Hospitalet Centre d'Activitats. La Farga GEM, S.A."},"image":{"@id":"https:\/\/www.lafargalhospitalet.com\/#\/schema\/logo\/image\/"},"sameAs":["https:\/\/www.facebook.com\/fargahospitalet\/","https:\/\/x.com\/fargahospitalet","https:\/\/www.instagram.com\/lafargahospitalet\/","https:\/\/www.youtube.com\/channel\/UCoLt6hen3PqGXgbLMGI3Qdw","https:\/\/www.flickr.com\/photos\/lafargagemsa\/albums"]},{"@type":"Person","@id":"https:\/\/www.lafargalhospitalet.com\/#\/schema\/person\/6cbac0ef7748506b167ff859e1c7f378","name":"La Farga Centre d'Activitats","sameAs":["https:\/\/www.lafargalhospitalet.com"],"url":"https:\/\/www.lafargalhospitalet.com\/ca\/author\/far25gmin\/"}]}},"_links":{"self":[{"href":"https:\/\/www.lafargalhospitalet.com\/ca\/wp-json\/wp\/v2\/posts\/6645","targetHints":{"allow":["GET"]}}],"collection":[{"href":"https:\/\/www.lafargalhospitalet.com\/ca\/wp-json\/wp\/v2\/posts"}],"about":[{"href":"https:\/\/www.lafargalhospitalet.com\/ca\/wp-json\/wp\/v2\/types\/post"}],"author":[{"embeddable":true,"href":"https:\/\/www.lafargalhospitalet.com\/ca\/wp-json\/wp\/v2\/users\/1"}],"replies":[{"embeddable":true,"href":"https:\/\/www.lafargalhospitalet.com\/ca\/wp-json\/wp\/v2\/comments?post=6645"}],"version-history":[{"count":0,"href":"https:\/\/www.lafargalhospitalet.com\/ca\/wp-json\/wp\/v2\/posts\/6645\/revisions"}],"wp:featuredmedia":[{"embeddable":true,"href":"https:\/\/www.lafargalhospitalet.com\/ca\/wp-json\/wp\/v2\/media\/6647"}],"wp:attachment":[{"href":"https:\/\/www.lafargalhospitalet.com\/ca\/wp-json\/wp\/v2\/media?parent=6645"}],"wp:term":[{"taxonomy":"category","embeddable":true,"href":"https:\/\/www.lafargalhospitalet.com\/ca\/wp-json\/wp\/v2\/categories?post=6645"},{"taxonomy":"post_tag","embeddable":true,"href":"https:\/\/www.lafargalhospitalet.com\/ca\/wp-json\/wp\/v2\/tags?post=6645"}],"curies":[{"name":"wp","href":"https:\/\/api.w.org\/{rel}","templated":true}]}}