{"id":6736,"date":"2019-04-25T13:45:50","date_gmt":"2019-04-25T12:45:50","guid":{"rendered":"http:\/\/www.lafargalhospitalet.com\/?p=6736"},"modified":"2025-11-03T18:27:54","modified_gmt":"2025-11-03T17:27:54","slug":"rozalen-beret-per-omplir-la-farga-musica","status":"publish","type":"post","link":"https:\/\/www.lafargalhospitalet.com\/ca\/rozalen-beret-per-omplir-la-farga-musica\/","title":{"rendered":"Rozal\u00e9n i Beret, a punt per omplir La Farga de m\u00fasica"},"content":{"rendered":"<h5>Festes de Primavera 2019<\/h5>\n<p><a href=\"https:\/\/www.lafargalhospitalet.com\/rozalen-i-beret-per-festes-de-primavera-2019\/\" target=\"_blank\" rel=\"noopener noreferrer\"><strong>La Farga Centre d\u2019Activitats<\/strong><\/a> torna a estar a punt per acollir els concerts multitudinaris de les Festes de Primavera que comencen aquest dijous a la ciutat.<\/p>\n<p>L\u2019espai principal de La Farga ja est\u00e0 presidit per un immens escenari que vibrar\u00e0 de ben segur amb els dos concerts programats per a les festes d\u2019aquest 2019.<\/p>\n<p>Divendres al vespre, a les 21:30 h, tindrem l\u2019estel\u00b7lar actuaci\u00f3 de Rozal\u00e9n, un dels nous referents de la can\u00e7\u00f3 d\u2019autor espanyola. La seva proposta combina amb gran imaginaci\u00f3 ritmes i g\u00e8neres diversos. Rozal\u00e9n ens presentar\u00e0 el seu treball <em>Girasoles<\/em>, que s\u2019ha convertit en una de les peces m\u00e9s emblem\u00e0tiques de l\u2019artista que demostra que el vessant social de les can\u00e7ons no va en detriment del ball i la diversi\u00f3. Rozal\u00e9n canta sobre hist\u00f2ries personals transmeses per la seva \u00e0via i causes que inclouen el feminisme i la mem\u00f2ria hist\u00f2rica, per\u00f2 tamb\u00e9 l\u2019amor i el desamor.<\/p>\n<p>Dissabte, a les 21 h, tindrem el segon gran concert de les Festes de Primavera amb l\u2019actuaci\u00f3 de Beret. El sevill\u00e0 ha protagonitzat una de les irrupcions virals m\u00e9s espectaculars de la hist\u00f2ria de la m\u00fasica, els hits <em>Lo siento y Vuelve<\/em> acumulen cadascun m\u00e9s de 150 milions de visualitzacions a Youtube, versionades ja per Aitana i Karol G, i amb 3.000 seguidors a Spotify. Amb <em>\u00c1pices<\/em>, el tercer disc, ha triomfat a l\u2019Am\u00e8rica Llatina i l\u2019ha convertit en \u00eddol de milions de joves. Obrir\u00e0 el foc com a teloner Both Face.<\/p>\n<p>Les entrades es poden comprar on line als webs d\u2019El Peri\u00f3dico i <a href=\"http:\/\/www.theproject.es\/es\/a-1020\/ROZALEN-Y-BERET-PROTAGONISTAS-DE-LAS-FESTES-DE-PRIMAVERA-DE-HOSPITALET-2019\" target=\"_blank\" rel=\"noopener noreferrer\"><strong>The Project<\/strong><\/a>, tamb\u00e9 a Atr\u00e1palo, Ticketea i Ticketmaster i a les taquilles de La Farga el mateix dia del concert.<\/p>\n","protected":false},"excerpt":{"rendered":"<p>La Farga Centre d\u2019Activitats torna a estar a punt per acollir els concerts multitudinaris de les Festes de Primavera que comencen aquest dijous a la ciutat.<\/p>\n","protected":false},"author":1,"featured_media":4670,"comment_status":"closed","ping_status":"closed","sticky":false,"template":"","format":"standard","meta":{"_monsterinsights_skip_tracking":false,"_monsterinsights_sitenote_active":false,"_monsterinsights_sitenote_note":"","_monsterinsights_sitenote_category":0,"footnotes":""},"categories":[83],"tags":[],"class_list":["post-6736","post","type-post","status-publish","format-standard","has-post-thumbnail","hentry","category-noticies"],"yoast_head":"<!-- This site is optimized with the Yoast SEO plugin v27.5 - https:\/\/yoast.com\/product\/yoast-seo-wordpress\/ -->\n<title>Rozal\u00e9n i Beret, a punt per omplir La Farga de m\u00fasica - La Farga L&#039;Hospitalet Centre d&#039;Activitats. La Farga GEM, S.A.<\/title>\n<meta name=\"description\" content=\"La Farga Centre d\u2019Activitats torna a estar a punt per acollir els concerts multitudinaris de les Festes de Primavera que comencen aquest dijous a la ciutat.\" \/>\n<meta name=\"robots\" content=\"index, follow, max-snippet:-1, max-image-preview:large, max-video-preview:-1\" \/>\n<link rel=\"canonical\" href=\"https:\/\/www.lafargalhospitalet.com\/ca\/rozalen-beret-per-omplir-la-farga-musica\/\" \/>\n<meta property=\"og:locale\" content=\"ca_ES\" \/>\n<meta property=\"og:type\" content=\"article\" \/>\n<meta property=\"og:title\" content=\"Rozal\u00e9n i Beret, a punt per omplir La Farga de m\u00fasica - La Farga L&#039;Hospitalet Centre d&#039;Activitats. La Farga GEM, S.A.\" \/>\n<meta property=\"og:description\" content=\"La Farga Centre d\u2019Activitats torna a estar a punt per acollir els concerts multitudinaris de les Festes de Primavera que comencen aquest dijous a la ciutat.\" \/>\n<meta property=\"og:url\" content=\"https:\/\/www.lafargalhospitalet.com\/ca\/rozalen-beret-per-omplir-la-farga-musica\/\" \/>\n<meta property=\"og:site_name\" content=\"La Farga L&#039;Hospitalet Centre d&#039;Activitats. La Farga GEM, S.A.\" \/>\n<meta property=\"article:publisher\" content=\"https:\/\/www.facebook.com\/fargahospitalet\/\" \/>\n<meta property=\"article:published_time\" content=\"2019-04-25T12:45:50+00:00\" \/>\n<meta property=\"article:modified_time\" content=\"2025-11-03T17:27:54+00:00\" \/>\n<meta property=\"og:image\" content=\"https:\/\/www.lafargalhospitalet.com\/wp-content\/uploads\/2017\/01\/concerts-festes-farga.jpg\" \/>\n\t<meta property=\"og:image:width\" content=\"730\" \/>\n\t<meta property=\"og:image:height\" content=\"410\" \/>\n\t<meta property=\"og:image:type\" content=\"image\/jpeg\" \/>\n<meta name=\"author\" content=\"La Farga Centre d&#039;Activitats\" \/>\n<meta name=\"twitter:card\" content=\"summary_large_image\" \/>\n<meta name=\"twitter:creator\" content=\"@fargahospitalet\" \/>\n<meta name=\"twitter:site\" content=\"@fargahospitalet\" \/>\n<meta name=\"twitter:label1\" content=\"Escrit per\" \/>\n\t<meta name=\"twitter:data1\" content=\"La Farga Centre d&#039;Activitats\" \/>\n\t<meta name=\"twitter:label2\" content=\"Temps estimat de lectura\" \/>\n\t<meta name=\"twitter:data2\" content=\"2 minuts\" \/>\n<script type=\"application\/ld+json\" class=\"yoast-schema-graph\">{\"@context\":\"https:\\\/\\\/schema.org\",\"@graph\":[{\"@type\":\"Article\",\"@id\":\"https:\\\/\\\/www.lafargalhospitalet.com\\\/ca\\\/rozalen-beret-per-omplir-la-farga-musica\\\/#article\",\"isPartOf\":{\"@id\":\"https:\\\/\\\/www.lafargalhospitalet.com\\\/ca\\\/rozalen-beret-per-omplir-la-farga-musica\\\/\"},\"author\":{\"name\":\"La Farga Centre d'Activitats\",\"@id\":\"https:\\\/\\\/www.lafargalhospitalet.com\\\/#\\\/schema\\\/person\\\/6cbac0ef7748506b167ff859e1c7f378\"},\"headline\":\"Rozal\u00e9n i Beret, a punt per omplir La Farga de m\u00fasica\",\"datePublished\":\"2019-04-25T12:45:50+00:00\",\"dateModified\":\"2025-11-03T17:27:54+00:00\",\"mainEntityOfPage\":{\"@id\":\"https:\\\/\\\/www.lafargalhospitalet.com\\\/ca\\\/rozalen-beret-per-omplir-la-farga-musica\\\/\"},\"wordCount\":314,\"publisher\":{\"@id\":\"https:\\\/\\\/www.lafargalhospitalet.com\\\/#organization\"},\"image\":{\"@id\":\"https:\\\/\\\/www.lafargalhospitalet.com\\\/ca\\\/rozalen-beret-per-omplir-la-farga-musica\\\/#primaryimage\"},\"thumbnailUrl\":\"https:\\\/\\\/www.lafargalhospitalet.com\\\/wp-content\\\/uploads\\\/2017\\\/01\\\/concerts-festes-farga.jpg\",\"articleSection\":[\"Noticies\"],\"inLanguage\":\"ca\"},{\"@type\":\"WebPage\",\"@id\":\"https:\\\/\\\/www.lafargalhospitalet.com\\\/ca\\\/rozalen-beret-per-omplir-la-farga-musica\\\/\",\"url\":\"https:\\\/\\\/www.lafargalhospitalet.com\\\/ca\\\/rozalen-beret-per-omplir-la-farga-musica\\\/\",\"name\":\"Rozal\u00e9n i Beret, a punt per omplir La Farga de m\u00fasica - La Farga L&#039;Hospitalet Centre d&#039;Activitats. La Farga GEM, S.A.\",\"isPartOf\":{\"@id\":\"https:\\\/\\\/www.lafargalhospitalet.com\\\/#website\"},\"primaryImageOfPage\":{\"@id\":\"https:\\\/\\\/www.lafargalhospitalet.com\\\/ca\\\/rozalen-beret-per-omplir-la-farga-musica\\\/#primaryimage\"},\"image\":{\"@id\":\"https:\\\/\\\/www.lafargalhospitalet.com\\\/ca\\\/rozalen-beret-per-omplir-la-farga-musica\\\/#primaryimage\"},\"thumbnailUrl\":\"https:\\\/\\\/www.lafargalhospitalet.com\\\/wp-content\\\/uploads\\\/2017\\\/01\\\/concerts-festes-farga.jpg\",\"datePublished\":\"2019-04-25T12:45:50+00:00\",\"dateModified\":\"2025-11-03T17:27:54+00:00\",\"description\":\"La Farga Centre d\u2019Activitats torna a estar a punt per acollir els concerts multitudinaris de les Festes de Primavera que comencen aquest dijous a la ciutat.\",\"breadcrumb\":{\"@id\":\"https:\\\/\\\/www.lafargalhospitalet.com\\\/ca\\\/rozalen-beret-per-omplir-la-farga-musica\\\/#breadcrumb\"},\"inLanguage\":\"ca\",\"potentialAction\":[{\"@type\":\"ReadAction\",\"target\":[\"https:\\\/\\\/www.lafargalhospitalet.com\\\/ca\\\/rozalen-beret-per-omplir-la-farga-musica\\\/\"]}]},{\"@type\":\"ImageObject\",\"inLanguage\":\"ca\",\"@id\":\"https:\\\/\\\/www.lafargalhospitalet.com\\\/ca\\\/rozalen-beret-per-omplir-la-farga-musica\\\/#primaryimage\",\"url\":\"https:\\\/\\\/www.lafargalhospitalet.com\\\/wp-content\\\/uploads\\\/2017\\\/01\\\/concerts-festes-farga.jpg\",\"contentUrl\":\"https:\\\/\\\/www.lafargalhospitalet.com\\\/wp-content\\\/uploads\\\/2017\\\/01\\\/concerts-festes-farga.jpg\",\"width\":730,\"height\":410,\"caption\":\"Concerts Festes Primavera\"},{\"@type\":\"BreadcrumbList\",\"@id\":\"https:\\\/\\\/www.lafargalhospitalet.com\\\/ca\\\/rozalen-beret-per-omplir-la-farga-musica\\\/#breadcrumb\",\"itemListElement\":[{\"@type\":\"ListItem\",\"position\":1,\"name\":\"Portada\",\"item\":\"https:\\\/\\\/www.lafargalhospitalet.com\\\/\"},{\"@type\":\"ListItem\",\"position\":2,\"name\":\"Rozal\u00e9n i Beret, a punt per omplir La Farga de m\u00fasica\"}]},{\"@type\":\"WebSite\",\"@id\":\"https:\\\/\\\/www.lafargalhospitalet.com\\\/#website\",\"url\":\"https:\\\/\\\/www.lafargalhospitalet.com\\\/\",\"name\":\"La Farga L'Hospitalet Centre d'Activitats. La Farga GEM, S.A.\",\"description\":\"La Farga L&#039;Hospitalet Centre d&#039;Activitats. Gestionat per La Farga GEM, S.A. Fires i Congressos. Concerts, exposicions, reunions, filmacions, sopars de gala.\",\"publisher\":{\"@id\":\"https:\\\/\\\/www.lafargalhospitalet.com\\\/#organization\"},\"potentialAction\":[{\"@type\":\"SearchAction\",\"target\":{\"@type\":\"EntryPoint\",\"urlTemplate\":\"https:\\\/\\\/www.lafargalhospitalet.com\\\/?s={search_term_string}\"},\"query-input\":{\"@type\":\"PropertyValueSpecification\",\"valueRequired\":true,\"valueName\":\"search_term_string\"}}],\"inLanguage\":\"ca\"},{\"@type\":\"Organization\",\"@id\":\"https:\\\/\\\/www.lafargalhospitalet.com\\\/#organization\",\"name\":\"La Farga L'Hospitalet Centre d'Activitats. La Farga GEM, S.A.\",\"url\":\"https:\\\/\\\/www.lafargalhospitalet.com\\\/\",\"logo\":{\"@type\":\"ImageObject\",\"inLanguage\":\"ca\",\"@id\":\"https:\\\/\\\/www.lafargalhospitalet.com\\\/#\\\/schema\\\/logo\\\/image\\\/\",\"url\":\"https:\\\/\\\/www.lafargalhospitalet.com\\\/wp-content\\\/uploads\\\/2025\\\/10\\\/logotipo_lafarga_centre_activitats.png\",\"contentUrl\":\"https:\\\/\\\/www.lafargalhospitalet.com\\\/wp-content\\\/uploads\\\/2025\\\/10\\\/logotipo_lafarga_centre_activitats.png\",\"width\":266,\"height\":101,\"caption\":\"La Farga L'Hospitalet Centre d'Activitats. La Farga GEM, S.A.\"},\"image\":{\"@id\":\"https:\\\/\\\/www.lafargalhospitalet.com\\\/#\\\/schema\\\/logo\\\/image\\\/\"},\"sameAs\":[\"https:\\\/\\\/www.facebook.com\\\/fargahospitalet\\\/\",\"https:\\\/\\\/x.com\\\/fargahospitalet\",\"https:\\\/\\\/www.instagram.com\\\/lafargahospitalet\\\/\",\"https:\\\/\\\/www.youtube.com\\\/channel\\\/UCoLt6hen3PqGXgbLMGI3Qdw\",\"https:\\\/\\\/www.flickr.com\\\/photos\\\/lafargagemsa\\\/albums\"]},{\"@type\":\"Person\",\"@id\":\"https:\\\/\\\/www.lafargalhospitalet.com\\\/#\\\/schema\\\/person\\\/6cbac0ef7748506b167ff859e1c7f378\",\"name\":\"La Farga Centre d'Activitats\",\"sameAs\":[\"https:\\\/\\\/www.lafargalhospitalet.com\"],\"url\":\"https:\\\/\\\/www.lafargalhospitalet.com\\\/ca\\\/author\\\/far25gmin\\\/\"}]}<\/script>\n<!-- \/ Yoast SEO plugin. -->","yoast_head_json":{"title":"Rozal\u00e9n i Beret, a punt per omplir La Farga de m\u00fasica - La Farga L&#039;Hospitalet Centre d&#039;Activitats. La Farga GEM, S.A.","description":"La Farga Centre d\u2019Activitats torna a estar a punt per acollir els concerts multitudinaris de les Festes de Primavera que comencen aquest dijous a la ciutat.","robots":{"index":"index","follow":"follow","max-snippet":"max-snippet:-1","max-image-preview":"max-image-preview:large","max-video-preview":"max-video-preview:-1"},"canonical":"https:\/\/www.lafargalhospitalet.com\/ca\/rozalen-beret-per-omplir-la-farga-musica\/","og_locale":"ca_ES","og_type":"article","og_title":"Rozal\u00e9n i Beret, a punt per omplir La Farga de m\u00fasica - La Farga L&#039;Hospitalet Centre d&#039;Activitats. La Farga GEM, S.A.","og_description":"La Farga Centre d\u2019Activitats torna a estar a punt per acollir els concerts multitudinaris de les Festes de Primavera que comencen aquest dijous a la ciutat.","og_url":"https:\/\/www.lafargalhospitalet.com\/ca\/rozalen-beret-per-omplir-la-farga-musica\/","og_site_name":"La Farga L&#039;Hospitalet Centre d&#039;Activitats. La Farga GEM, S.A.","article_publisher":"https:\/\/www.facebook.com\/fargahospitalet\/","article_published_time":"2019-04-25T12:45:50+00:00","article_modified_time":"2025-11-03T17:27:54+00:00","og_image":[{"width":730,"height":410,"url":"https:\/\/www.lafargalhospitalet.com\/wp-content\/uploads\/2017\/01\/concerts-festes-farga.jpg","type":"image\/jpeg"}],"author":"La Farga Centre d'Activitats","twitter_card":"summary_large_image","twitter_creator":"@fargahospitalet","twitter_site":"@fargahospitalet","twitter_misc":{"Escrit per":"La Farga Centre d'Activitats","Temps estimat de lectura":"2 minuts"},"schema":{"@context":"https:\/\/schema.org","@graph":[{"@type":"Article","@id":"https:\/\/www.lafargalhospitalet.com\/ca\/rozalen-beret-per-omplir-la-farga-musica\/#article","isPartOf":{"@id":"https:\/\/www.lafargalhospitalet.com\/ca\/rozalen-beret-per-omplir-la-farga-musica\/"},"author":{"name":"La Farga Centre d'Activitats","@id":"https:\/\/www.lafargalhospitalet.com\/#\/schema\/person\/6cbac0ef7748506b167ff859e1c7f378"},"headline":"Rozal\u00e9n i Beret, a punt per omplir La Farga de m\u00fasica","datePublished":"2019-04-25T12:45:50+00:00","dateModified":"2025-11-03T17:27:54+00:00","mainEntityOfPage":{"@id":"https:\/\/www.lafargalhospitalet.com\/ca\/rozalen-beret-per-omplir-la-farga-musica\/"},"wordCount":314,"publisher":{"@id":"https:\/\/www.lafargalhospitalet.com\/#organization"},"image":{"@id":"https:\/\/www.lafargalhospitalet.com\/ca\/rozalen-beret-per-omplir-la-farga-musica\/#primaryimage"},"thumbnailUrl":"https:\/\/www.lafargalhospitalet.com\/wp-content\/uploads\/2017\/01\/concerts-festes-farga.jpg","articleSection":["Noticies"],"inLanguage":"ca"},{"@type":"WebPage","@id":"https:\/\/www.lafargalhospitalet.com\/ca\/rozalen-beret-per-omplir-la-farga-musica\/","url":"https:\/\/www.lafargalhospitalet.com\/ca\/rozalen-beret-per-omplir-la-farga-musica\/","name":"Rozal\u00e9n i Beret, a punt per omplir La Farga de m\u00fasica - La Farga L&#039;Hospitalet Centre d&#039;Activitats. La Farga GEM, S.A.","isPartOf":{"@id":"https:\/\/www.lafargalhospitalet.com\/#website"},"primaryImageOfPage":{"@id":"https:\/\/www.lafargalhospitalet.com\/ca\/rozalen-beret-per-omplir-la-farga-musica\/#primaryimage"},"image":{"@id":"https:\/\/www.lafargalhospitalet.com\/ca\/rozalen-beret-per-omplir-la-farga-musica\/#primaryimage"},"thumbnailUrl":"https:\/\/www.lafargalhospitalet.com\/wp-content\/uploads\/2017\/01\/concerts-festes-farga.jpg","datePublished":"2019-04-25T12:45:50+00:00","dateModified":"2025-11-03T17:27:54+00:00","description":"La Farga Centre d\u2019Activitats torna a estar a punt per acollir els concerts multitudinaris de les Festes de Primavera que comencen aquest dijous a la ciutat.","breadcrumb":{"@id":"https:\/\/www.lafargalhospitalet.com\/ca\/rozalen-beret-per-omplir-la-farga-musica\/#breadcrumb"},"inLanguage":"ca","potentialAction":[{"@type":"ReadAction","target":["https:\/\/www.lafargalhospitalet.com\/ca\/rozalen-beret-per-omplir-la-farga-musica\/"]}]},{"@type":"ImageObject","inLanguage":"ca","@id":"https:\/\/www.lafargalhospitalet.com\/ca\/rozalen-beret-per-omplir-la-farga-musica\/#primaryimage","url":"https:\/\/www.lafargalhospitalet.com\/wp-content\/uploads\/2017\/01\/concerts-festes-farga.jpg","contentUrl":"https:\/\/www.lafargalhospitalet.com\/wp-content\/uploads\/2017\/01\/concerts-festes-farga.jpg","width":730,"height":410,"caption":"Concerts Festes Primavera"},{"@type":"BreadcrumbList","@id":"https:\/\/www.lafargalhospitalet.com\/ca\/rozalen-beret-per-omplir-la-farga-musica\/#breadcrumb","itemListElement":[{"@type":"ListItem","position":1,"name":"Portada","item":"https:\/\/www.lafargalhospitalet.com\/"},{"@type":"ListItem","position":2,"name":"Rozal\u00e9n i Beret, a punt per omplir La Farga de m\u00fasica"}]},{"@type":"WebSite","@id":"https:\/\/www.lafargalhospitalet.com\/#website","url":"https:\/\/www.lafargalhospitalet.com\/","name":"La Farga L'Hospitalet Centre d'Activitats. La Farga GEM, S.A.","description":"La Farga L&#039;Hospitalet Centre d&#039;Activitats. Gestionat per La Farga GEM, S.A. Fires i Congressos. Concerts, exposicions, reunions, filmacions, sopars de gala.","publisher":{"@id":"https:\/\/www.lafargalhospitalet.com\/#organization"},"potentialAction":[{"@type":"SearchAction","target":{"@type":"EntryPoint","urlTemplate":"https:\/\/www.lafargalhospitalet.com\/?s={search_term_string}"},"query-input":{"@type":"PropertyValueSpecification","valueRequired":true,"valueName":"search_term_string"}}],"inLanguage":"ca"},{"@type":"Organization","@id":"https:\/\/www.lafargalhospitalet.com\/#organization","name":"La Farga L'Hospitalet Centre d'Activitats. La Farga GEM, S.A.","url":"https:\/\/www.lafargalhospitalet.com\/","logo":{"@type":"ImageObject","inLanguage":"ca","@id":"https:\/\/www.lafargalhospitalet.com\/#\/schema\/logo\/image\/","url":"https:\/\/www.lafargalhospitalet.com\/wp-content\/uploads\/2025\/10\/logotipo_lafarga_centre_activitats.png","contentUrl":"https:\/\/www.lafargalhospitalet.com\/wp-content\/uploads\/2025\/10\/logotipo_lafarga_centre_activitats.png","width":266,"height":101,"caption":"La Farga L'Hospitalet Centre d'Activitats. La Farga GEM, S.A."},"image":{"@id":"https:\/\/www.lafargalhospitalet.com\/#\/schema\/logo\/image\/"},"sameAs":["https:\/\/www.facebook.com\/fargahospitalet\/","https:\/\/x.com\/fargahospitalet","https:\/\/www.instagram.com\/lafargahospitalet\/","https:\/\/www.youtube.com\/channel\/UCoLt6hen3PqGXgbLMGI3Qdw","https:\/\/www.flickr.com\/photos\/lafargagemsa\/albums"]},{"@type":"Person","@id":"https:\/\/www.lafargalhospitalet.com\/#\/schema\/person\/6cbac0ef7748506b167ff859e1c7f378","name":"La Farga Centre d'Activitats","sameAs":["https:\/\/www.lafargalhospitalet.com"],"url":"https:\/\/www.lafargalhospitalet.com\/ca\/author\/far25gmin\/"}]}},"_links":{"self":[{"href":"https:\/\/www.lafargalhospitalet.com\/ca\/wp-json\/wp\/v2\/posts\/6736","targetHints":{"allow":["GET"]}}],"collection":[{"href":"https:\/\/www.lafargalhospitalet.com\/ca\/wp-json\/wp\/v2\/posts"}],"about":[{"href":"https:\/\/www.lafargalhospitalet.com\/ca\/wp-json\/wp\/v2\/types\/post"}],"author":[{"embeddable":true,"href":"https:\/\/www.lafargalhospitalet.com\/ca\/wp-json\/wp\/v2\/users\/1"}],"replies":[{"embeddable":true,"href":"https:\/\/www.lafargalhospitalet.com\/ca\/wp-json\/wp\/v2\/comments?post=6736"}],"version-history":[{"count":0,"href":"https:\/\/www.lafargalhospitalet.com\/ca\/wp-json\/wp\/v2\/posts\/6736\/revisions"}],"wp:featuredmedia":[{"embeddable":true,"href":"https:\/\/www.lafargalhospitalet.com\/ca\/wp-json\/wp\/v2\/media\/4670"}],"wp:attachment":[{"href":"https:\/\/www.lafargalhospitalet.com\/ca\/wp-json\/wp\/v2\/media?parent=6736"}],"wp:term":[{"taxonomy":"category","embeddable":true,"href":"https:\/\/www.lafargalhospitalet.com\/ca\/wp-json\/wp\/v2\/categories?post=6736"},{"taxonomy":"post_tag","embeddable":true,"href":"https:\/\/www.lafargalhospitalet.com\/ca\/wp-json\/wp\/v2\/tags?post=6736"}],"curies":[{"name":"wp","href":"https:\/\/api.w.org\/{rel}","templated":true}]}}