{"id":6787,"date":"2019-05-14T15:42:26","date_gmt":"2019-05-14T14:42:26","guid":{"rendered":"http:\/\/www.lafargalhospitalet.com\/?p=6787"},"modified":"2025-11-03T18:27:53","modified_gmt":"2025-11-03T17:27:53","slug":"quarta-edicio-salo-cinema-series","status":"publish","type":"post","link":"https:\/\/www.lafargalhospitalet.com\/ca\/quarta-edicio-salo-cinema-series\/","title":{"rendered":"Quarta edici\u00f3 del Sal\u00f3 del Cinema i les S\u00e8ries"},"content":{"rendered":"<h5>17, 18 i 19 de maig<\/h5>\n<p>El \u200b<a href=\"http:\/\/salondelcine.com\/\" target=\"_blank\" rel=\"noopener noreferrer\"><strong>Sal\u00f3 del Cinema i les S\u00e8ries<\/strong><\/a> es consolida amb la seva quarta edici\u00f3, que se celebrar\u00e0 els dies 17, 18 i 19 de maig de 2019 a La Farga de L\u2019Hospitalet. El nombre d\u2019assistents de les darreres edicions ha anat creixent i ja s\u00f3n m\u00e9s de <strong><a href=\"https:\/\/www.lafargalhospitalet.com\/el-salo-del-cinema-i-les-series-es-consolida\/\" target=\"_blank\" rel=\"noopener noreferrer\">60.000 persones<\/a><\/strong> les que han gaudit del Sal\u00f3.<\/p>\n<p>Miki Esparb\u00e9, Soy una pringada, Carlo Padial, Toni de la Torre i Joc de Trons seran alguns dels protagonistes d&#8217;aquesta nova edici\u00f3 del Sal\u00f3 del Cinema i les S\u00e8ries.<\/p>\n<p>CinemaWorld, empresa organitzadora aposta un any m\u00e9s per aquest esdeveniment que, durant tres dies, unir\u00e0 els mons del cinema i les s\u00e8ries en un sol espai mitjan\u00e7ant un munt d\u2019activitats, expositors, exposicions, concursos, projectes de crowdfunding en viu i les esperades xerrades amb rellevants actors, directors, guionistes, youtubers, cr\u00edtics i altres professionals.<\/p>\n<p>Entre les 35 xerrades destaquen la pres\u00e8ncia de \u200bMiki Esparb\u00e9 i \u200bPaco Caballero\u200b, que parlaran sobre el proc\u00e9s de creaci\u00f3 de la com\u00e8dia. \u200bOslo\u200b, un dels personatges de \u200bLa casa de papel, \u200bens explicar\u00e0 els secrets de la s\u00e8rie de Netflix. En l\u2019\u00e0mbit de l\u2019animaci\u00f3 i els efectes especials tindrem a \u200bSergio Lara (animador de la \u00faltima pel\u00b7l\u00edcula de Wes Anderson, \u200bIsla de perros) i a \u200bLlu\u00eds Rivera\u200b, guanyador del Goya a millors VFX per \u200bS\u00faper L\u00f3pez, que ens parlar\u00e0 de la seva experi\u00e8ncia en el camp dels efectes especials. Per la seva banda, \u200bMarc Orts\u200b, guanyador de cinc premis Goya, impartir\u00e0 una Masterclass sobre l\u2019evoluci\u00f3 de la tecnologia de so en l\u2019\u00e0mbit cinematogr\u00e0fic.<\/p>\n<p>Els nous llenguatges audiovisuals tamb\u00e9 tindran un paper central i comptarem amb la pres\u00e8ncia de nombrosos \u200byoutubers\u200b. Entre d\u2019altres, \u200bKajal Napalm reflexionar\u00e0 amb \u200bCarlo Padial sobre com el llenguatge cinematogr\u00e0fic ha influenciat els nous canals de creaci\u00f3 de contingut, i \u200bHache i \u200bScarlew Harzac ens introduiran dins del m\u00f3n del doblatge i del cinema d\u2019Edgar Wright, respectivament. D\u2019altra banda, \u200bSoy una pringada (Esty Quesada)\u200b, la coneguda influencer, ser\u00e0 una de les destacades protagonistes i participar\u00e0 al Sal\u00f3 en una sessi\u00f3 interactiva amb el p\u00fablic per parlar dels referents cinematogr\u00e0fics que m\u00e9s l\u2019han marcat.<\/p>\n<p>Ens acompanyaran les \u200bexposicions m\u00e9s singulars; comen\u00e7ant pels \u200bvestits originals de pel\u00b7l\u00edcules de ci\u00e8ncia ficci\u00f3 com\u200b Les cr\u00f2niques de Riddick o\u200b Stargate, i continuant amb una gran mostra de <em>\u200bprops<\/em> de pel\u00b7l\u00edcules com \u200bSuper 8, Peter Pan, The Ring, 28 d\u00edas despu\u00e9s\u200b o \u200bHellboyII, entre d\u2019altres. L\u2019exposici\u00f3 \u200bMaking Movies ens portar\u00e0 objectes originals de pel\u00b7l\u00edcules com \u200bStar Wars, \u200bIndiana Jones \u200bi \u200bAlien.<\/p>\n<p>El cinema cl\u00e0ssic tindr\u00e0 una exposici\u00f3 de fotografies, algunes d\u2019elles signades per les grans estrelles de l\u2019edat daurada de \u200bHollywood\u200b. La ficci\u00f3 m\u00e9s actual ser\u00e0 protagonista amb \u200bJoc de Trons i un dels figurants de la s\u00e8rie, que ens explicar\u00e0 els secrets del rodatge; \u200bThe Big Bang Theory gaudir\u00e0 de Toni de la Torre i \u200bRamon Cererols com a ponents d\u2019una xerrada sobre la ci\u00e8ncia dins de la coneguda sitcom. La ficci\u00f3 m\u00e9s cl\u00e0ssica tamb\u00e9 tindr\u00e0 el seu espai amb xerrades sobre \u200bStar Trek \u200bi \u200bStar Wars\u200b.\u200b UniversoAlienens portar\u00e0 una connexi\u00f3 en directe amb \u200bJenette Goldstein (Vasquez) i \u200bMark Rolston (Drake), actors d\u2019\u200bAliens, en una xerrada que promet moltes sorpreses.<\/p>\n<p>Entre les principals activitats interactives trobarem tallers de caracteritzaci\u00f3 i maquillatge professional i de construcci\u00f3 de \u200bcosplay\u200b; un espectacle d\u2019\u200bImpro Show dedicat al m\u00f3n del cinema; tallers d\u2019\u200bespecialistes a c\u00e0rrec d\u2019\u200bInExtremis\u200b; espais de stop motion \u200b-on el p\u00fablic podr\u00e0 fer animacions amb ninots-, d\u2019\u200befectes visuals -on gr\u00e0cies a una maqueta les assistents podran gravar-se pujant al m\u00edtic \u201cFalc\u00f3 Mil\u00b7lenari\u201d-, de \u200bfoleys i \u200befectes de so\u200b, i a m\u00e9s, un concurs de creaci\u00f3 de gui\u00f3. Un dels plats forts ser\u00e1 una \u200b\u201cInfecci\u00f3 Zombi en viu\u201d, un espai dedicat al joc interactiu en qu\u00e8 s\u2019haur\u00e0 de sobreviure a una apocalipsi zombi.<\/p>\n<p>El comprom\u00eds amb el nou cinema \u00e9s present mitjan\u00e7ant les activitats de crowdfunding en viu de Verkami\u200b, amb 8 innovadors projectes de llargmetratge, curtmetratge i documental; els visitants podran ajudar al finan\u00e7ament del projecte que m\u00e9s els hi agradi gr\u00e0cies a la donaci\u00f3 d\u2019una part de l\u2019import de l\u2019entrada.<\/p>\n<p>A nivell formatiu s\u2019oferiran diferents tallers i xerrades impartits per professionals de centres com \u200bFX Animation, Casa Asia, Instituto del Cine de Madrid \u200bo \u200bPlat\u00f3 de cinema\u200b.<\/p>\n<p>Com a final de festa, el p\u00fablic podr\u00e0 assistir a un concurs de\u200b Cosplay organitzat per BCN Cosplay\u200b i a una sessi\u00f3 del video DJ \u200bEclectic Method\u200b.<\/p>\n","protected":false},"excerpt":{"rendered":"<p>El \u200bSal\u00f3 del Cinema i les S\u00e8ries es consolida amb la seva quarta edici\u00f3, que se celebrar\u00e0 els dies 17, 18 i 19 de maig de 2019 a La Farga de L\u2019Hospitalet.<\/p>\n","protected":false},"author":1,"featured_media":6788,"comment_status":"closed","ping_status":"closed","sticky":false,"template":"","format":"standard","meta":{"_monsterinsights_skip_tracking":false,"_monsterinsights_sitenote_active":false,"_monsterinsights_sitenote_note":"","_monsterinsights_sitenote_category":0,"footnotes":""},"categories":[83],"tags":[],"class_list":["post-6787","post","type-post","status-publish","format-standard","has-post-thumbnail","hentry","category-noticies"],"yoast_head":"<!-- This site is optimized with the Yoast SEO plugin v27.5 - https:\/\/yoast.com\/product\/yoast-seo-wordpress\/ -->\n<title>Quarta edici\u00f3 del Sal\u00f3 del Cinema i les S\u00e8ries - La Farga L&#039;Hospitalet Centre d&#039;Activitats. La Farga GEM, S.A.<\/title>\n<meta name=\"description\" content=\"El \u200bSal\u00f3 del Cinema i les S\u00e8ries es consolida amb la seva quarta edici\u00f3, que se celebrar\u00e0 els dies 17, 18 i 19 de maig de 2019 a La Farga de L\u2019Hospitalet.\" \/>\n<meta name=\"robots\" content=\"index, follow, max-snippet:-1, max-image-preview:large, max-video-preview:-1\" \/>\n<link rel=\"canonical\" href=\"https:\/\/www.lafargalhospitalet.com\/ca\/quarta-edicio-salo-cinema-series\/\" \/>\n<meta property=\"og:locale\" content=\"ca_ES\" \/>\n<meta property=\"og:type\" content=\"article\" \/>\n<meta property=\"og:title\" content=\"Quarta edici\u00f3 del Sal\u00f3 del Cinema i les S\u00e8ries - La Farga L&#039;Hospitalet Centre d&#039;Activitats. La Farga GEM, S.A.\" \/>\n<meta property=\"og:description\" content=\"El \u200bSal\u00f3 del Cinema i les S\u00e8ries es consolida amb la seva quarta edici\u00f3, que se celebrar\u00e0 els dies 17, 18 i 19 de maig de 2019 a La Farga de L\u2019Hospitalet.\" \/>\n<meta property=\"og:url\" content=\"https:\/\/www.lafargalhospitalet.com\/ca\/quarta-edicio-salo-cinema-series\/\" \/>\n<meta property=\"og:site_name\" content=\"La Farga L&#039;Hospitalet Centre d&#039;Activitats. La Farga GEM, S.A.\" \/>\n<meta property=\"article:publisher\" content=\"https:\/\/www.facebook.com\/fargahospitalet\/\" \/>\n<meta property=\"article:published_time\" content=\"2019-05-14T14:42:26+00:00\" \/>\n<meta property=\"article:modified_time\" content=\"2025-11-03T17:27:53+00:00\" \/>\n<meta property=\"og:image\" content=\"https:\/\/www.lafargalhospitalet.com\/wp-content\/uploads\/2019\/05\/SCIS-Farga-18.jpg\" \/>\n\t<meta property=\"og:image:width\" content=\"730\" \/>\n\t<meta property=\"og:image:height\" content=\"410\" \/>\n\t<meta property=\"og:image:type\" content=\"image\/jpeg\" \/>\n<meta name=\"author\" content=\"La Farga Centre d&#039;Activitats\" \/>\n<meta name=\"twitter:card\" content=\"summary_large_image\" \/>\n<meta name=\"twitter:creator\" content=\"@fargahospitalet\" \/>\n<meta name=\"twitter:site\" content=\"@fargahospitalet\" \/>\n<meta name=\"twitter:label1\" content=\"Escrit per\" \/>\n\t<meta name=\"twitter:data1\" content=\"La Farga Centre d&#039;Activitats\" \/>\n\t<meta name=\"twitter:label2\" content=\"Temps estimat de lectura\" \/>\n\t<meta name=\"twitter:data2\" content=\"4 minuts\" \/>\n<script type=\"application\/ld+json\" class=\"yoast-schema-graph\">{\"@context\":\"https:\\\/\\\/schema.org\",\"@graph\":[{\"@type\":\"Article\",\"@id\":\"https:\\\/\\\/www.lafargalhospitalet.com\\\/ca\\\/quarta-edicio-salo-cinema-series\\\/#article\",\"isPartOf\":{\"@id\":\"https:\\\/\\\/www.lafargalhospitalet.com\\\/ca\\\/quarta-edicio-salo-cinema-series\\\/\"},\"author\":{\"name\":\"La Farga Centre d'Activitats\",\"@id\":\"https:\\\/\\\/www.lafargalhospitalet.com\\\/#\\\/schema\\\/person\\\/6cbac0ef7748506b167ff859e1c7f378\"},\"headline\":\"Quarta edici\u00f3 del Sal\u00f3 del Cinema i les S\u00e8ries\",\"datePublished\":\"2019-05-14T14:42:26+00:00\",\"dateModified\":\"2025-11-03T17:27:53+00:00\",\"mainEntityOfPage\":{\"@id\":\"https:\\\/\\\/www.lafargalhospitalet.com\\\/ca\\\/quarta-edicio-salo-cinema-series\\\/\"},\"wordCount\":805,\"publisher\":{\"@id\":\"https:\\\/\\\/www.lafargalhospitalet.com\\\/#organization\"},\"image\":{\"@id\":\"https:\\\/\\\/www.lafargalhospitalet.com\\\/ca\\\/quarta-edicio-salo-cinema-series\\\/#primaryimage\"},\"thumbnailUrl\":\"https:\\\/\\\/www.lafargalhospitalet.com\\\/wp-content\\\/uploads\\\/2019\\\/05\\\/SCIS-Farga-18.jpg\",\"articleSection\":[\"Noticies\"],\"inLanguage\":\"ca\"},{\"@type\":\"WebPage\",\"@id\":\"https:\\\/\\\/www.lafargalhospitalet.com\\\/ca\\\/quarta-edicio-salo-cinema-series\\\/\",\"url\":\"https:\\\/\\\/www.lafargalhospitalet.com\\\/ca\\\/quarta-edicio-salo-cinema-series\\\/\",\"name\":\"Quarta edici\u00f3 del Sal\u00f3 del Cinema i les S\u00e8ries - La Farga L&#039;Hospitalet Centre d&#039;Activitats. La Farga GEM, S.A.\",\"isPartOf\":{\"@id\":\"https:\\\/\\\/www.lafargalhospitalet.com\\\/#website\"},\"primaryImageOfPage\":{\"@id\":\"https:\\\/\\\/www.lafargalhospitalet.com\\\/ca\\\/quarta-edicio-salo-cinema-series\\\/#primaryimage\"},\"image\":{\"@id\":\"https:\\\/\\\/www.lafargalhospitalet.com\\\/ca\\\/quarta-edicio-salo-cinema-series\\\/#primaryimage\"},\"thumbnailUrl\":\"https:\\\/\\\/www.lafargalhospitalet.com\\\/wp-content\\\/uploads\\\/2019\\\/05\\\/SCIS-Farga-18.jpg\",\"datePublished\":\"2019-05-14T14:42:26+00:00\",\"dateModified\":\"2025-11-03T17:27:53+00:00\",\"description\":\"El \u200bSal\u00f3 del Cinema i les S\u00e8ries es consolida amb la seva quarta edici\u00f3, que se celebrar\u00e0 els dies 17, 18 i 19 de maig de 2019 a La Farga de L\u2019Hospitalet.\",\"breadcrumb\":{\"@id\":\"https:\\\/\\\/www.lafargalhospitalet.com\\\/ca\\\/quarta-edicio-salo-cinema-series\\\/#breadcrumb\"},\"inLanguage\":\"ca\",\"potentialAction\":[{\"@type\":\"ReadAction\",\"target\":[\"https:\\\/\\\/www.lafargalhospitalet.com\\\/ca\\\/quarta-edicio-salo-cinema-series\\\/\"]}]},{\"@type\":\"ImageObject\",\"inLanguage\":\"ca\",\"@id\":\"https:\\\/\\\/www.lafargalhospitalet.com\\\/ca\\\/quarta-edicio-salo-cinema-series\\\/#primaryimage\",\"url\":\"https:\\\/\\\/www.lafargalhospitalet.com\\\/wp-content\\\/uploads\\\/2019\\\/05\\\/SCIS-Farga-18.jpg\",\"contentUrl\":\"https:\\\/\\\/www.lafargalhospitalet.com\\\/wp-content\\\/uploads\\\/2019\\\/05\\\/SCIS-Farga-18.jpg\",\"width\":730,\"height\":410,\"caption\":\"Sal\u00f3 Cinema S\u00e8ries\"},{\"@type\":\"BreadcrumbList\",\"@id\":\"https:\\\/\\\/www.lafargalhospitalet.com\\\/ca\\\/quarta-edicio-salo-cinema-series\\\/#breadcrumb\",\"itemListElement\":[{\"@type\":\"ListItem\",\"position\":1,\"name\":\"Portada\",\"item\":\"https:\\\/\\\/www.lafargalhospitalet.com\\\/\"},{\"@type\":\"ListItem\",\"position\":2,\"name\":\"Quarta edici\u00f3 del Sal\u00f3 del Cinema i les S\u00e8ries\"}]},{\"@type\":\"WebSite\",\"@id\":\"https:\\\/\\\/www.lafargalhospitalet.com\\\/#website\",\"url\":\"https:\\\/\\\/www.lafargalhospitalet.com\\\/\",\"name\":\"La Farga L'Hospitalet Centre d'Activitats. La Farga GEM, S.A.\",\"description\":\"La Farga L&#039;Hospitalet Centre d&#039;Activitats. Gestionat per La Farga GEM, S.A. Fires i Congressos. Concerts, exposicions, reunions, filmacions, sopars de gala.\",\"publisher\":{\"@id\":\"https:\\\/\\\/www.lafargalhospitalet.com\\\/#organization\"},\"potentialAction\":[{\"@type\":\"SearchAction\",\"target\":{\"@type\":\"EntryPoint\",\"urlTemplate\":\"https:\\\/\\\/www.lafargalhospitalet.com\\\/?s={search_term_string}\"},\"query-input\":{\"@type\":\"PropertyValueSpecification\",\"valueRequired\":true,\"valueName\":\"search_term_string\"}}],\"inLanguage\":\"ca\"},{\"@type\":\"Organization\",\"@id\":\"https:\\\/\\\/www.lafargalhospitalet.com\\\/#organization\",\"name\":\"La Farga L'Hospitalet Centre d'Activitats. La Farga GEM, S.A.\",\"url\":\"https:\\\/\\\/www.lafargalhospitalet.com\\\/\",\"logo\":{\"@type\":\"ImageObject\",\"inLanguage\":\"ca\",\"@id\":\"https:\\\/\\\/www.lafargalhospitalet.com\\\/#\\\/schema\\\/logo\\\/image\\\/\",\"url\":\"https:\\\/\\\/www.lafargalhospitalet.com\\\/wp-content\\\/uploads\\\/2025\\\/10\\\/logotipo_lafarga_centre_activitats.png\",\"contentUrl\":\"https:\\\/\\\/www.lafargalhospitalet.com\\\/wp-content\\\/uploads\\\/2025\\\/10\\\/logotipo_lafarga_centre_activitats.png\",\"width\":266,\"height\":101,\"caption\":\"La Farga L'Hospitalet Centre d'Activitats. La Farga GEM, S.A.\"},\"image\":{\"@id\":\"https:\\\/\\\/www.lafargalhospitalet.com\\\/#\\\/schema\\\/logo\\\/image\\\/\"},\"sameAs\":[\"https:\\\/\\\/www.facebook.com\\\/fargahospitalet\\\/\",\"https:\\\/\\\/x.com\\\/fargahospitalet\",\"https:\\\/\\\/www.instagram.com\\\/lafargahospitalet\\\/\",\"https:\\\/\\\/www.youtube.com\\\/channel\\\/UCoLt6hen3PqGXgbLMGI3Qdw\",\"https:\\\/\\\/www.flickr.com\\\/photos\\\/lafargagemsa\\\/albums\"]},{\"@type\":\"Person\",\"@id\":\"https:\\\/\\\/www.lafargalhospitalet.com\\\/#\\\/schema\\\/person\\\/6cbac0ef7748506b167ff859e1c7f378\",\"name\":\"La Farga Centre d'Activitats\",\"sameAs\":[\"https:\\\/\\\/www.lafargalhospitalet.com\"],\"url\":\"https:\\\/\\\/www.lafargalhospitalet.com\\\/ca\\\/author\\\/far25gmin\\\/\"}]}<\/script>\n<!-- \/ Yoast SEO plugin. -->","yoast_head_json":{"title":"Quarta edici\u00f3 del Sal\u00f3 del Cinema i les S\u00e8ries - La Farga L&#039;Hospitalet Centre d&#039;Activitats. La Farga GEM, S.A.","description":"El \u200bSal\u00f3 del Cinema i les S\u00e8ries es consolida amb la seva quarta edici\u00f3, que se celebrar\u00e0 els dies 17, 18 i 19 de maig de 2019 a La Farga de L\u2019Hospitalet.","robots":{"index":"index","follow":"follow","max-snippet":"max-snippet:-1","max-image-preview":"max-image-preview:large","max-video-preview":"max-video-preview:-1"},"canonical":"https:\/\/www.lafargalhospitalet.com\/ca\/quarta-edicio-salo-cinema-series\/","og_locale":"ca_ES","og_type":"article","og_title":"Quarta edici\u00f3 del Sal\u00f3 del Cinema i les S\u00e8ries - La Farga L&#039;Hospitalet Centre d&#039;Activitats. La Farga GEM, S.A.","og_description":"El \u200bSal\u00f3 del Cinema i les S\u00e8ries es consolida amb la seva quarta edici\u00f3, que se celebrar\u00e0 els dies 17, 18 i 19 de maig de 2019 a La Farga de L\u2019Hospitalet.","og_url":"https:\/\/www.lafargalhospitalet.com\/ca\/quarta-edicio-salo-cinema-series\/","og_site_name":"La Farga L&#039;Hospitalet Centre d&#039;Activitats. La Farga GEM, S.A.","article_publisher":"https:\/\/www.facebook.com\/fargahospitalet\/","article_published_time":"2019-05-14T14:42:26+00:00","article_modified_time":"2025-11-03T17:27:53+00:00","og_image":[{"width":730,"height":410,"url":"https:\/\/www.lafargalhospitalet.com\/wp-content\/uploads\/2019\/05\/SCIS-Farga-18.jpg","type":"image\/jpeg"}],"author":"La Farga Centre d'Activitats","twitter_card":"summary_large_image","twitter_creator":"@fargahospitalet","twitter_site":"@fargahospitalet","twitter_misc":{"Escrit per":"La Farga Centre d'Activitats","Temps estimat de lectura":"4 minuts"},"schema":{"@context":"https:\/\/schema.org","@graph":[{"@type":"Article","@id":"https:\/\/www.lafargalhospitalet.com\/ca\/quarta-edicio-salo-cinema-series\/#article","isPartOf":{"@id":"https:\/\/www.lafargalhospitalet.com\/ca\/quarta-edicio-salo-cinema-series\/"},"author":{"name":"La Farga Centre d'Activitats","@id":"https:\/\/www.lafargalhospitalet.com\/#\/schema\/person\/6cbac0ef7748506b167ff859e1c7f378"},"headline":"Quarta edici\u00f3 del Sal\u00f3 del Cinema i les S\u00e8ries","datePublished":"2019-05-14T14:42:26+00:00","dateModified":"2025-11-03T17:27:53+00:00","mainEntityOfPage":{"@id":"https:\/\/www.lafargalhospitalet.com\/ca\/quarta-edicio-salo-cinema-series\/"},"wordCount":805,"publisher":{"@id":"https:\/\/www.lafargalhospitalet.com\/#organization"},"image":{"@id":"https:\/\/www.lafargalhospitalet.com\/ca\/quarta-edicio-salo-cinema-series\/#primaryimage"},"thumbnailUrl":"https:\/\/www.lafargalhospitalet.com\/wp-content\/uploads\/2019\/05\/SCIS-Farga-18.jpg","articleSection":["Noticies"],"inLanguage":"ca"},{"@type":"WebPage","@id":"https:\/\/www.lafargalhospitalet.com\/ca\/quarta-edicio-salo-cinema-series\/","url":"https:\/\/www.lafargalhospitalet.com\/ca\/quarta-edicio-salo-cinema-series\/","name":"Quarta edici\u00f3 del Sal\u00f3 del Cinema i les S\u00e8ries - La Farga L&#039;Hospitalet Centre d&#039;Activitats. La Farga GEM, S.A.","isPartOf":{"@id":"https:\/\/www.lafargalhospitalet.com\/#website"},"primaryImageOfPage":{"@id":"https:\/\/www.lafargalhospitalet.com\/ca\/quarta-edicio-salo-cinema-series\/#primaryimage"},"image":{"@id":"https:\/\/www.lafargalhospitalet.com\/ca\/quarta-edicio-salo-cinema-series\/#primaryimage"},"thumbnailUrl":"https:\/\/www.lafargalhospitalet.com\/wp-content\/uploads\/2019\/05\/SCIS-Farga-18.jpg","datePublished":"2019-05-14T14:42:26+00:00","dateModified":"2025-11-03T17:27:53+00:00","description":"El \u200bSal\u00f3 del Cinema i les S\u00e8ries es consolida amb la seva quarta edici\u00f3, que se celebrar\u00e0 els dies 17, 18 i 19 de maig de 2019 a La Farga de L\u2019Hospitalet.","breadcrumb":{"@id":"https:\/\/www.lafargalhospitalet.com\/ca\/quarta-edicio-salo-cinema-series\/#breadcrumb"},"inLanguage":"ca","potentialAction":[{"@type":"ReadAction","target":["https:\/\/www.lafargalhospitalet.com\/ca\/quarta-edicio-salo-cinema-series\/"]}]},{"@type":"ImageObject","inLanguage":"ca","@id":"https:\/\/www.lafargalhospitalet.com\/ca\/quarta-edicio-salo-cinema-series\/#primaryimage","url":"https:\/\/www.lafargalhospitalet.com\/wp-content\/uploads\/2019\/05\/SCIS-Farga-18.jpg","contentUrl":"https:\/\/www.lafargalhospitalet.com\/wp-content\/uploads\/2019\/05\/SCIS-Farga-18.jpg","width":730,"height":410,"caption":"Sal\u00f3 Cinema S\u00e8ries"},{"@type":"BreadcrumbList","@id":"https:\/\/www.lafargalhospitalet.com\/ca\/quarta-edicio-salo-cinema-series\/#breadcrumb","itemListElement":[{"@type":"ListItem","position":1,"name":"Portada","item":"https:\/\/www.lafargalhospitalet.com\/"},{"@type":"ListItem","position":2,"name":"Quarta edici\u00f3 del Sal\u00f3 del Cinema i les S\u00e8ries"}]},{"@type":"WebSite","@id":"https:\/\/www.lafargalhospitalet.com\/#website","url":"https:\/\/www.lafargalhospitalet.com\/","name":"La Farga L'Hospitalet Centre d'Activitats. La Farga GEM, S.A.","description":"La Farga L&#039;Hospitalet Centre d&#039;Activitats. Gestionat per La Farga GEM, S.A. Fires i Congressos. Concerts, exposicions, reunions, filmacions, sopars de gala.","publisher":{"@id":"https:\/\/www.lafargalhospitalet.com\/#organization"},"potentialAction":[{"@type":"SearchAction","target":{"@type":"EntryPoint","urlTemplate":"https:\/\/www.lafargalhospitalet.com\/?s={search_term_string}"},"query-input":{"@type":"PropertyValueSpecification","valueRequired":true,"valueName":"search_term_string"}}],"inLanguage":"ca"},{"@type":"Organization","@id":"https:\/\/www.lafargalhospitalet.com\/#organization","name":"La Farga L'Hospitalet Centre d'Activitats. La Farga GEM, S.A.","url":"https:\/\/www.lafargalhospitalet.com\/","logo":{"@type":"ImageObject","inLanguage":"ca","@id":"https:\/\/www.lafargalhospitalet.com\/#\/schema\/logo\/image\/","url":"https:\/\/www.lafargalhospitalet.com\/wp-content\/uploads\/2025\/10\/logotipo_lafarga_centre_activitats.png","contentUrl":"https:\/\/www.lafargalhospitalet.com\/wp-content\/uploads\/2025\/10\/logotipo_lafarga_centre_activitats.png","width":266,"height":101,"caption":"La Farga L'Hospitalet Centre d'Activitats. La Farga GEM, S.A."},"image":{"@id":"https:\/\/www.lafargalhospitalet.com\/#\/schema\/logo\/image\/"},"sameAs":["https:\/\/www.facebook.com\/fargahospitalet\/","https:\/\/x.com\/fargahospitalet","https:\/\/www.instagram.com\/lafargahospitalet\/","https:\/\/www.youtube.com\/channel\/UCoLt6hen3PqGXgbLMGI3Qdw","https:\/\/www.flickr.com\/photos\/lafargagemsa\/albums"]},{"@type":"Person","@id":"https:\/\/www.lafargalhospitalet.com\/#\/schema\/person\/6cbac0ef7748506b167ff859e1c7f378","name":"La Farga Centre d'Activitats","sameAs":["https:\/\/www.lafargalhospitalet.com"],"url":"https:\/\/www.lafargalhospitalet.com\/ca\/author\/far25gmin\/"}]}},"_links":{"self":[{"href":"https:\/\/www.lafargalhospitalet.com\/ca\/wp-json\/wp\/v2\/posts\/6787","targetHints":{"allow":["GET"]}}],"collection":[{"href":"https:\/\/www.lafargalhospitalet.com\/ca\/wp-json\/wp\/v2\/posts"}],"about":[{"href":"https:\/\/www.lafargalhospitalet.com\/ca\/wp-json\/wp\/v2\/types\/post"}],"author":[{"embeddable":true,"href":"https:\/\/www.lafargalhospitalet.com\/ca\/wp-json\/wp\/v2\/users\/1"}],"replies":[{"embeddable":true,"href":"https:\/\/www.lafargalhospitalet.com\/ca\/wp-json\/wp\/v2\/comments?post=6787"}],"version-history":[{"count":0,"href":"https:\/\/www.lafargalhospitalet.com\/ca\/wp-json\/wp\/v2\/posts\/6787\/revisions"}],"wp:featuredmedia":[{"embeddable":true,"href":"https:\/\/www.lafargalhospitalet.com\/ca\/wp-json\/wp\/v2\/media\/6788"}],"wp:attachment":[{"href":"https:\/\/www.lafargalhospitalet.com\/ca\/wp-json\/wp\/v2\/media?parent=6787"}],"wp:term":[{"taxonomy":"category","embeddable":true,"href":"https:\/\/www.lafargalhospitalet.com\/ca\/wp-json\/wp\/v2\/categories?post=6787"},{"taxonomy":"post_tag","embeddable":true,"href":"https:\/\/www.lafargalhospitalet.com\/ca\/wp-json\/wp\/v2\/tags?post=6787"}],"curies":[{"name":"wp","href":"https:\/\/api.w.org\/{rel}","templated":true}]}}