{"id":6871,"date":"2019-06-17T15:05:48","date_gmt":"2019-06-17T14:05:48","guid":{"rendered":"http:\/\/www.lafargalhospitalet.com\/?p=6871"},"modified":"2025-11-03T18:27:53","modified_gmt":"2025-11-03T17:27:53","slug":"encamion-transcalit-organitzen-forum-ecotransporte","status":"publish","type":"post","link":"https:\/\/www.lafargalhospitalet.com\/ca\/encamion-transcalit-organitzen-forum-ecotransporte\/","title":{"rendered":"Encamion.com i Transcalit organitzen el F\u00f2rum Ecotransporte"},"content":{"rendered":"<h5>Diferents espais de La Farga Congress i La Farga Centre d\u2019Activitats acullen aquest dijous el III F\u00f2rum Ecotransporte<\/h5>\n<p>Transcalit (Federaci\u00f3 Catalana de Transports de Barcelona) i <a href=\"https:\/\/www.encamion.com\/noticia\/forum\/ecotransporte\/transcalit\/tercera\/edicion\/movilidad\/sostenible\/camion\/encamion\" target=\"_blank\" rel=\"noopener noreferrer\"><strong>Encamion.com<\/strong><\/a> organitzen la tercera edici\u00f3 del F\u00f2rum Ecotransporte, amb l\u2019objectiu que tant carregadors i transportistes com representants de l\u2019administraci\u00f3 p\u00fablica exposin les seves idees sobre els reptes i desafiaments als quals s\u2019hauran d\u2019enfrontar pr\u00f2ximament.<\/p>\n<p>A m\u00e9s, el F\u00f2rum tamb\u00e9 tracta temes econ\u00f2mics i ecol\u00f2gics, posant en relleu que la millora mediambiental en l\u2019impacte del transport ha d\u2019anar lligada a la reducci\u00f3 tant dels consums de combustible com dels costos de l\u2019activitat.<\/p>\n<p>Un dels moments clau del F\u00f2rum, de la mateixa manera que en les edicions anteriors, ser\u00e0 el lliurament de premis als millors vehicles d\u2019aquest \u00faltim any. En aquesta ocasi\u00f3, el Volvo FH Globetrotter 460 GNL \u00e9s reconegut com el cami\u00f3 m\u00e9s eficient en el recorregut de proves de Encamion; mentre que la gamma Mercedes-Benz Actros Cabina Digital es fa amb el premi a la Innovaci\u00f3 en el Transport 2019 i l\u2019Iveco Daily Bluepower GNC, amb el guard\u00f3 a la Distribuci\u00f3 i el Vehicle Comercial 2019. Aix\u00ed, Encamion destacar\u00e0 els millors vehicles d\u2019entre tots els que ha provat al llarg de tot l\u2019any.<\/p>\n<p>La jornada comen\u00e7ar\u00e0 a les 16:00 de la tarda, amb la presentaci\u00f3 de l&#8217;esdeveniment per part dels organitzadors Transcalit i Encamion. Mitja hora m\u00e9s tard, es dur\u00e0 a terme la primera taula de debat, en la qual es tractaran solucions mediambientals per al repartiment de mercaderies interurbanes i en ciutat, amb la pres\u00e8ncia de M\u00aa Jos\u00e9 Sarrias, directora del Servei de Qualitat Ambiental de la Generalitat de Catalunya; Joan Mediavilla i Lizano, director del Servei de Mobilitat i Via P\u00fablica de l&#8217;Ajuntament de l&#8217;Hospitalet; Adri\u00e0 Gomila, director de Mobilitat de l&#8217;Ajuntamente de Barcelona; Joan Maria Bigas, director de l&#8217;\u00c0rea de Mobilitat i Transports d&#8217;AMB; Eugeni Ma\u00f1es, secretari general de Transcalit; i Marc Nicolau, responsable de Transport AECOC.<\/p>\n<p>A partir de les 18:00, es realitzar\u00e0 el lliurament de premis Encamion, que premiar\u00e0 els fabricants Volvo Trucks, Mercedes-Benz Trucks i Iveco. En acabar, els assistents podran gaudir d&#8217;una petita pausa per compartir opinions entre ells mentre prenen un caf\u00e8. A continuaci\u00f3, es dur\u00e0 a terme la segona taula de debat, en la qual es tractar\u00e0 el futur del di\u00e8sel, del gas i dels el\u00e8ctrics, amb la pres\u00e8ncia de marques com Volvo Trucks, Scania, Mercedes-Benz Trucks Espanya, MAN Trucks &amp; Bus, Iveco i Wtransnet.<\/p>\n<p>A les 20:00, es realitzar\u00e0 una pon\u00e8ncia sobre el transport de mercaderies per carretera, tractant alguns aspectes legals i pr\u00e0ctics, amb la pres\u00e8ncia de Jos\u00e9 Salido Ban\u00fas i Miguel Pereira Garc\u00eda, director de Relacions Laborals de CETM, deixant un espai per a un torn de preguntes als ponents per part dels assistents a la jornada. M\u00e9s tard, es procedir\u00e0 a clausurar l&#8217;esdeveniment, amb Pere Padrosa Pierre, director general de Transports de la Generalitat de Catalunya. Finalment, sobre les 21:15, se celebrar\u00e0 el sopar, on els assistents podran acabar d&#8217;intercanviar les seves opinions sobre els temes tractats al F\u00f2rum, mentre gaudeixen d&#8217;un ambient dist\u00e8s.<\/p>\n","protected":false},"excerpt":{"rendered":"<p>Transcalit (Federaci\u00f3 Catalana de Transports de Barcelona) i Encamion.com organitzen la tercera edici\u00f3 del F\u00f2rum Ecotransporte.<\/p>\n","protected":false},"author":1,"featured_media":6873,"comment_status":"closed","ping_status":"closed","sticky":false,"template":"","format":"standard","meta":{"_monsterinsights_skip_tracking":false,"_monsterinsights_sitenote_active":false,"_monsterinsights_sitenote_note":"","_monsterinsights_sitenote_category":0,"footnotes":""},"categories":[83],"tags":[],"class_list":["post-6871","post","type-post","status-publish","format-standard","has-post-thumbnail","hentry","category-noticies"],"yoast_head":"<!-- This site is optimized with the Yoast SEO plugin v27.5 - https:\/\/yoast.com\/product\/yoast-seo-wordpress\/ -->\n<title>Encamion.com i Transcalit organitzen el F\u00f2rum Ecotransporte - La Farga L&#039;Hospitalet Centre d&#039;Activitats. La Farga GEM, S.A.<\/title>\n<meta name=\"description\" content=\"Transcalit (Federaci\u00f3 Catalana de Transports de Barcelona) i Encamion.com organitzen la tercera edici\u00f3 del F\u00f2rum Ecotransporte.\" \/>\n<meta name=\"robots\" content=\"index, follow, max-snippet:-1, max-image-preview:large, max-video-preview:-1\" \/>\n<link rel=\"canonical\" href=\"https:\/\/www.lafargalhospitalet.com\/ca\/encamion-transcalit-organitzen-forum-ecotransporte\/\" \/>\n<meta property=\"og:locale\" content=\"ca_ES\" \/>\n<meta property=\"og:type\" content=\"article\" \/>\n<meta property=\"og:title\" content=\"Encamion.com i Transcalit organitzen el F\u00f2rum Ecotransporte - La Farga L&#039;Hospitalet Centre d&#039;Activitats. La Farga GEM, S.A.\" \/>\n<meta property=\"og:description\" content=\"Transcalit (Federaci\u00f3 Catalana de Transports de Barcelona) i Encamion.com organitzen la tercera edici\u00f3 del F\u00f2rum Ecotransporte.\" \/>\n<meta property=\"og:url\" content=\"https:\/\/www.lafargalhospitalet.com\/ca\/encamion-transcalit-organitzen-forum-ecotransporte\/\" \/>\n<meta property=\"og:site_name\" content=\"La Farga L&#039;Hospitalet Centre d&#039;Activitats. La Farga GEM, S.A.\" \/>\n<meta property=\"article:publisher\" content=\"https:\/\/www.facebook.com\/fargahospitalet\/\" \/>\n<meta property=\"article:published_time\" content=\"2019-06-17T14:05:48+00:00\" \/>\n<meta property=\"article:modified_time\" content=\"2025-11-03T17:27:53+00:00\" \/>\n<meta property=\"og:image\" content=\"https:\/\/www.lafargalhospitalet.com\/wp-content\/uploads\/2019\/06\/Forum-ecotransporte-Farga.jpg\" \/>\n\t<meta property=\"og:image:width\" content=\"730\" \/>\n\t<meta property=\"og:image:height\" content=\"410\" \/>\n\t<meta property=\"og:image:type\" content=\"image\/jpeg\" \/>\n<meta name=\"author\" content=\"La Farga Centre d&#039;Activitats\" \/>\n<meta name=\"twitter:card\" content=\"summary_large_image\" \/>\n<meta name=\"twitter:creator\" content=\"@fargahospitalet\" \/>\n<meta name=\"twitter:site\" content=\"@fargahospitalet\" \/>\n<meta name=\"twitter:label1\" content=\"Escrit per\" \/>\n\t<meta name=\"twitter:data1\" content=\"La Farga Centre d&#039;Activitats\" \/>\n\t<meta name=\"twitter:label2\" content=\"Temps estimat de lectura\" \/>\n\t<meta name=\"twitter:data2\" content=\"3 minuts\" \/>\n<script type=\"application\/ld+json\" class=\"yoast-schema-graph\">{\"@context\":\"https:\\\/\\\/schema.org\",\"@graph\":[{\"@type\":\"Article\",\"@id\":\"https:\\\/\\\/www.lafargalhospitalet.com\\\/ca\\\/encamion-transcalit-organitzen-forum-ecotransporte\\\/#article\",\"isPartOf\":{\"@id\":\"https:\\\/\\\/www.lafargalhospitalet.com\\\/ca\\\/encamion-transcalit-organitzen-forum-ecotransporte\\\/\"},\"author\":{\"name\":\"La Farga Centre d'Activitats\",\"@id\":\"https:\\\/\\\/www.lafargalhospitalet.com\\\/#\\\/schema\\\/person\\\/6cbac0ef7748506b167ff859e1c7f378\"},\"headline\":\"Encamion.com i Transcalit organitzen el F\u00f2rum Ecotransporte\",\"datePublished\":\"2019-06-17T14:05:48+00:00\",\"dateModified\":\"2025-11-03T17:27:53+00:00\",\"mainEntityOfPage\":{\"@id\":\"https:\\\/\\\/www.lafargalhospitalet.com\\\/ca\\\/encamion-transcalit-organitzen-forum-ecotransporte\\\/\"},\"wordCount\":554,\"publisher\":{\"@id\":\"https:\\\/\\\/www.lafargalhospitalet.com\\\/#organization\"},\"image\":{\"@id\":\"https:\\\/\\\/www.lafargalhospitalet.com\\\/ca\\\/encamion-transcalit-organitzen-forum-ecotransporte\\\/#primaryimage\"},\"thumbnailUrl\":\"https:\\\/\\\/www.lafargalhospitalet.com\\\/wp-content\\\/uploads\\\/2019\\\/06\\\/Forum-ecotransporte-Farga.jpg\",\"articleSection\":[\"Noticies\"],\"inLanguage\":\"ca\"},{\"@type\":\"WebPage\",\"@id\":\"https:\\\/\\\/www.lafargalhospitalet.com\\\/ca\\\/encamion-transcalit-organitzen-forum-ecotransporte\\\/\",\"url\":\"https:\\\/\\\/www.lafargalhospitalet.com\\\/ca\\\/encamion-transcalit-organitzen-forum-ecotransporte\\\/\",\"name\":\"Encamion.com i Transcalit organitzen el F\u00f2rum Ecotransporte - La Farga L&#039;Hospitalet Centre d&#039;Activitats. La Farga GEM, S.A.\",\"isPartOf\":{\"@id\":\"https:\\\/\\\/www.lafargalhospitalet.com\\\/#website\"},\"primaryImageOfPage\":{\"@id\":\"https:\\\/\\\/www.lafargalhospitalet.com\\\/ca\\\/encamion-transcalit-organitzen-forum-ecotransporte\\\/#primaryimage\"},\"image\":{\"@id\":\"https:\\\/\\\/www.lafargalhospitalet.com\\\/ca\\\/encamion-transcalit-organitzen-forum-ecotransporte\\\/#primaryimage\"},\"thumbnailUrl\":\"https:\\\/\\\/www.lafargalhospitalet.com\\\/wp-content\\\/uploads\\\/2019\\\/06\\\/Forum-ecotransporte-Farga.jpg\",\"datePublished\":\"2019-06-17T14:05:48+00:00\",\"dateModified\":\"2025-11-03T17:27:53+00:00\",\"description\":\"Transcalit (Federaci\u00f3 Catalana de Transports de Barcelona) i Encamion.com organitzen la tercera edici\u00f3 del F\u00f2rum Ecotransporte.\",\"breadcrumb\":{\"@id\":\"https:\\\/\\\/www.lafargalhospitalet.com\\\/ca\\\/encamion-transcalit-organitzen-forum-ecotransporte\\\/#breadcrumb\"},\"inLanguage\":\"ca\",\"potentialAction\":[{\"@type\":\"ReadAction\",\"target\":[\"https:\\\/\\\/www.lafargalhospitalet.com\\\/ca\\\/encamion-transcalit-organitzen-forum-ecotransporte\\\/\"]}]},{\"@type\":\"ImageObject\",\"inLanguage\":\"ca\",\"@id\":\"https:\\\/\\\/www.lafargalhospitalet.com\\\/ca\\\/encamion-transcalit-organitzen-forum-ecotransporte\\\/#primaryimage\",\"url\":\"https:\\\/\\\/www.lafargalhospitalet.com\\\/wp-content\\\/uploads\\\/2019\\\/06\\\/Forum-ecotransporte-Farga.jpg\",\"contentUrl\":\"https:\\\/\\\/www.lafargalhospitalet.com\\\/wp-content\\\/uploads\\\/2019\\\/06\\\/Forum-ecotransporte-Farga.jpg\",\"width\":730,\"height\":410,\"caption\":\"F\u00f2rum Ecotransporte\"},{\"@type\":\"BreadcrumbList\",\"@id\":\"https:\\\/\\\/www.lafargalhospitalet.com\\\/ca\\\/encamion-transcalit-organitzen-forum-ecotransporte\\\/#breadcrumb\",\"itemListElement\":[{\"@type\":\"ListItem\",\"position\":1,\"name\":\"Portada\",\"item\":\"https:\\\/\\\/www.lafargalhospitalet.com\\\/\"},{\"@type\":\"ListItem\",\"position\":2,\"name\":\"Encamion.com i Transcalit organitzen el F\u00f2rum Ecotransporte\"}]},{\"@type\":\"WebSite\",\"@id\":\"https:\\\/\\\/www.lafargalhospitalet.com\\\/#website\",\"url\":\"https:\\\/\\\/www.lafargalhospitalet.com\\\/\",\"name\":\"La Farga L'Hospitalet Centre d'Activitats. La Farga GEM, S.A.\",\"description\":\"La Farga L&#039;Hospitalet Centre d&#039;Activitats. Gestionat per La Farga GEM, S.A. Fires i Congressos. Concerts, exposicions, reunions, filmacions, sopars de gala.\",\"publisher\":{\"@id\":\"https:\\\/\\\/www.lafargalhospitalet.com\\\/#organization\"},\"potentialAction\":[{\"@type\":\"SearchAction\",\"target\":{\"@type\":\"EntryPoint\",\"urlTemplate\":\"https:\\\/\\\/www.lafargalhospitalet.com\\\/?s={search_term_string}\"},\"query-input\":{\"@type\":\"PropertyValueSpecification\",\"valueRequired\":true,\"valueName\":\"search_term_string\"}}],\"inLanguage\":\"ca\"},{\"@type\":\"Organization\",\"@id\":\"https:\\\/\\\/www.lafargalhospitalet.com\\\/#organization\",\"name\":\"La Farga L'Hospitalet Centre d'Activitats. La Farga GEM, S.A.\",\"url\":\"https:\\\/\\\/www.lafargalhospitalet.com\\\/\",\"logo\":{\"@type\":\"ImageObject\",\"inLanguage\":\"ca\",\"@id\":\"https:\\\/\\\/www.lafargalhospitalet.com\\\/#\\\/schema\\\/logo\\\/image\\\/\",\"url\":\"https:\\\/\\\/www.lafargalhospitalet.com\\\/wp-content\\\/uploads\\\/2025\\\/10\\\/logotipo_lafarga_centre_activitats.png\",\"contentUrl\":\"https:\\\/\\\/www.lafargalhospitalet.com\\\/wp-content\\\/uploads\\\/2025\\\/10\\\/logotipo_lafarga_centre_activitats.png\",\"width\":266,\"height\":101,\"caption\":\"La Farga L'Hospitalet Centre d'Activitats. La Farga GEM, S.A.\"},\"image\":{\"@id\":\"https:\\\/\\\/www.lafargalhospitalet.com\\\/#\\\/schema\\\/logo\\\/image\\\/\"},\"sameAs\":[\"https:\\\/\\\/www.facebook.com\\\/fargahospitalet\\\/\",\"https:\\\/\\\/x.com\\\/fargahospitalet\",\"https:\\\/\\\/www.instagram.com\\\/lafargahospitalet\\\/\",\"https:\\\/\\\/www.youtube.com\\\/channel\\\/UCoLt6hen3PqGXgbLMGI3Qdw\",\"https:\\\/\\\/www.flickr.com\\\/photos\\\/lafargagemsa\\\/albums\"]},{\"@type\":\"Person\",\"@id\":\"https:\\\/\\\/www.lafargalhospitalet.com\\\/#\\\/schema\\\/person\\\/6cbac0ef7748506b167ff859e1c7f378\",\"name\":\"La Farga Centre d'Activitats\",\"sameAs\":[\"https:\\\/\\\/www.lafargalhospitalet.com\"],\"url\":\"https:\\\/\\\/www.lafargalhospitalet.com\\\/ca\\\/author\\\/far25gmin\\\/\"}]}<\/script>\n<!-- \/ Yoast SEO plugin. -->","yoast_head_json":{"title":"Encamion.com i Transcalit organitzen el F\u00f2rum Ecotransporte - La Farga L&#039;Hospitalet Centre d&#039;Activitats. La Farga GEM, S.A.","description":"Transcalit (Federaci\u00f3 Catalana de Transports de Barcelona) i Encamion.com organitzen la tercera edici\u00f3 del F\u00f2rum Ecotransporte.","robots":{"index":"index","follow":"follow","max-snippet":"max-snippet:-1","max-image-preview":"max-image-preview:large","max-video-preview":"max-video-preview:-1"},"canonical":"https:\/\/www.lafargalhospitalet.com\/ca\/encamion-transcalit-organitzen-forum-ecotransporte\/","og_locale":"ca_ES","og_type":"article","og_title":"Encamion.com i Transcalit organitzen el F\u00f2rum Ecotransporte - La Farga L&#039;Hospitalet Centre d&#039;Activitats. La Farga GEM, S.A.","og_description":"Transcalit (Federaci\u00f3 Catalana de Transports de Barcelona) i Encamion.com organitzen la tercera edici\u00f3 del F\u00f2rum Ecotransporte.","og_url":"https:\/\/www.lafargalhospitalet.com\/ca\/encamion-transcalit-organitzen-forum-ecotransporte\/","og_site_name":"La Farga L&#039;Hospitalet Centre d&#039;Activitats. La Farga GEM, S.A.","article_publisher":"https:\/\/www.facebook.com\/fargahospitalet\/","article_published_time":"2019-06-17T14:05:48+00:00","article_modified_time":"2025-11-03T17:27:53+00:00","og_image":[{"width":730,"height":410,"url":"https:\/\/www.lafargalhospitalet.com\/wp-content\/uploads\/2019\/06\/Forum-ecotransporte-Farga.jpg","type":"image\/jpeg"}],"author":"La Farga Centre d'Activitats","twitter_card":"summary_large_image","twitter_creator":"@fargahospitalet","twitter_site":"@fargahospitalet","twitter_misc":{"Escrit per":"La Farga Centre d'Activitats","Temps estimat de lectura":"3 minuts"},"schema":{"@context":"https:\/\/schema.org","@graph":[{"@type":"Article","@id":"https:\/\/www.lafargalhospitalet.com\/ca\/encamion-transcalit-organitzen-forum-ecotransporte\/#article","isPartOf":{"@id":"https:\/\/www.lafargalhospitalet.com\/ca\/encamion-transcalit-organitzen-forum-ecotransporte\/"},"author":{"name":"La Farga Centre d'Activitats","@id":"https:\/\/www.lafargalhospitalet.com\/#\/schema\/person\/6cbac0ef7748506b167ff859e1c7f378"},"headline":"Encamion.com i Transcalit organitzen el F\u00f2rum Ecotransporte","datePublished":"2019-06-17T14:05:48+00:00","dateModified":"2025-11-03T17:27:53+00:00","mainEntityOfPage":{"@id":"https:\/\/www.lafargalhospitalet.com\/ca\/encamion-transcalit-organitzen-forum-ecotransporte\/"},"wordCount":554,"publisher":{"@id":"https:\/\/www.lafargalhospitalet.com\/#organization"},"image":{"@id":"https:\/\/www.lafargalhospitalet.com\/ca\/encamion-transcalit-organitzen-forum-ecotransporte\/#primaryimage"},"thumbnailUrl":"https:\/\/www.lafargalhospitalet.com\/wp-content\/uploads\/2019\/06\/Forum-ecotransporte-Farga.jpg","articleSection":["Noticies"],"inLanguage":"ca"},{"@type":"WebPage","@id":"https:\/\/www.lafargalhospitalet.com\/ca\/encamion-transcalit-organitzen-forum-ecotransporte\/","url":"https:\/\/www.lafargalhospitalet.com\/ca\/encamion-transcalit-organitzen-forum-ecotransporte\/","name":"Encamion.com i Transcalit organitzen el F\u00f2rum Ecotransporte - La Farga L&#039;Hospitalet Centre d&#039;Activitats. La Farga GEM, S.A.","isPartOf":{"@id":"https:\/\/www.lafargalhospitalet.com\/#website"},"primaryImageOfPage":{"@id":"https:\/\/www.lafargalhospitalet.com\/ca\/encamion-transcalit-organitzen-forum-ecotransporte\/#primaryimage"},"image":{"@id":"https:\/\/www.lafargalhospitalet.com\/ca\/encamion-transcalit-organitzen-forum-ecotransporte\/#primaryimage"},"thumbnailUrl":"https:\/\/www.lafargalhospitalet.com\/wp-content\/uploads\/2019\/06\/Forum-ecotransporte-Farga.jpg","datePublished":"2019-06-17T14:05:48+00:00","dateModified":"2025-11-03T17:27:53+00:00","description":"Transcalit (Federaci\u00f3 Catalana de Transports de Barcelona) i Encamion.com organitzen la tercera edici\u00f3 del F\u00f2rum Ecotransporte.","breadcrumb":{"@id":"https:\/\/www.lafargalhospitalet.com\/ca\/encamion-transcalit-organitzen-forum-ecotransporte\/#breadcrumb"},"inLanguage":"ca","potentialAction":[{"@type":"ReadAction","target":["https:\/\/www.lafargalhospitalet.com\/ca\/encamion-transcalit-organitzen-forum-ecotransporte\/"]}]},{"@type":"ImageObject","inLanguage":"ca","@id":"https:\/\/www.lafargalhospitalet.com\/ca\/encamion-transcalit-organitzen-forum-ecotransporte\/#primaryimage","url":"https:\/\/www.lafargalhospitalet.com\/wp-content\/uploads\/2019\/06\/Forum-ecotransporte-Farga.jpg","contentUrl":"https:\/\/www.lafargalhospitalet.com\/wp-content\/uploads\/2019\/06\/Forum-ecotransporte-Farga.jpg","width":730,"height":410,"caption":"F\u00f2rum Ecotransporte"},{"@type":"BreadcrumbList","@id":"https:\/\/www.lafargalhospitalet.com\/ca\/encamion-transcalit-organitzen-forum-ecotransporte\/#breadcrumb","itemListElement":[{"@type":"ListItem","position":1,"name":"Portada","item":"https:\/\/www.lafargalhospitalet.com\/"},{"@type":"ListItem","position":2,"name":"Encamion.com i Transcalit organitzen el F\u00f2rum Ecotransporte"}]},{"@type":"WebSite","@id":"https:\/\/www.lafargalhospitalet.com\/#website","url":"https:\/\/www.lafargalhospitalet.com\/","name":"La Farga L'Hospitalet Centre d'Activitats. La Farga GEM, S.A.","description":"La Farga L&#039;Hospitalet Centre d&#039;Activitats. Gestionat per La Farga GEM, S.A. Fires i Congressos. Concerts, exposicions, reunions, filmacions, sopars de gala.","publisher":{"@id":"https:\/\/www.lafargalhospitalet.com\/#organization"},"potentialAction":[{"@type":"SearchAction","target":{"@type":"EntryPoint","urlTemplate":"https:\/\/www.lafargalhospitalet.com\/?s={search_term_string}"},"query-input":{"@type":"PropertyValueSpecification","valueRequired":true,"valueName":"search_term_string"}}],"inLanguage":"ca"},{"@type":"Organization","@id":"https:\/\/www.lafargalhospitalet.com\/#organization","name":"La Farga L'Hospitalet Centre d'Activitats. La Farga GEM, S.A.","url":"https:\/\/www.lafargalhospitalet.com\/","logo":{"@type":"ImageObject","inLanguage":"ca","@id":"https:\/\/www.lafargalhospitalet.com\/#\/schema\/logo\/image\/","url":"https:\/\/www.lafargalhospitalet.com\/wp-content\/uploads\/2025\/10\/logotipo_lafarga_centre_activitats.png","contentUrl":"https:\/\/www.lafargalhospitalet.com\/wp-content\/uploads\/2025\/10\/logotipo_lafarga_centre_activitats.png","width":266,"height":101,"caption":"La Farga L'Hospitalet Centre d'Activitats. La Farga GEM, S.A."},"image":{"@id":"https:\/\/www.lafargalhospitalet.com\/#\/schema\/logo\/image\/"},"sameAs":["https:\/\/www.facebook.com\/fargahospitalet\/","https:\/\/x.com\/fargahospitalet","https:\/\/www.instagram.com\/lafargahospitalet\/","https:\/\/www.youtube.com\/channel\/UCoLt6hen3PqGXgbLMGI3Qdw","https:\/\/www.flickr.com\/photos\/lafargagemsa\/albums"]},{"@type":"Person","@id":"https:\/\/www.lafargalhospitalet.com\/#\/schema\/person\/6cbac0ef7748506b167ff859e1c7f378","name":"La Farga Centre d'Activitats","sameAs":["https:\/\/www.lafargalhospitalet.com"],"url":"https:\/\/www.lafargalhospitalet.com\/ca\/author\/far25gmin\/"}]}},"_links":{"self":[{"href":"https:\/\/www.lafargalhospitalet.com\/ca\/wp-json\/wp\/v2\/posts\/6871","targetHints":{"allow":["GET"]}}],"collection":[{"href":"https:\/\/www.lafargalhospitalet.com\/ca\/wp-json\/wp\/v2\/posts"}],"about":[{"href":"https:\/\/www.lafargalhospitalet.com\/ca\/wp-json\/wp\/v2\/types\/post"}],"author":[{"embeddable":true,"href":"https:\/\/www.lafargalhospitalet.com\/ca\/wp-json\/wp\/v2\/users\/1"}],"replies":[{"embeddable":true,"href":"https:\/\/www.lafargalhospitalet.com\/ca\/wp-json\/wp\/v2\/comments?post=6871"}],"version-history":[{"count":0,"href":"https:\/\/www.lafargalhospitalet.com\/ca\/wp-json\/wp\/v2\/posts\/6871\/revisions"}],"wp:featuredmedia":[{"embeddable":true,"href":"https:\/\/www.lafargalhospitalet.com\/ca\/wp-json\/wp\/v2\/media\/6873"}],"wp:attachment":[{"href":"https:\/\/www.lafargalhospitalet.com\/ca\/wp-json\/wp\/v2\/media?parent=6871"}],"wp:term":[{"taxonomy":"category","embeddable":true,"href":"https:\/\/www.lafargalhospitalet.com\/ca\/wp-json\/wp\/v2\/categories?post=6871"},{"taxonomy":"post_tag","embeddable":true,"href":"https:\/\/www.lafargalhospitalet.com\/ca\/wp-json\/wp\/v2\/tags?post=6871"}],"curies":[{"name":"wp","href":"https:\/\/api.w.org\/{rel}","templated":true}]}}