{"id":6894,"date":"2019-06-28T09:09:36","date_gmt":"2019-06-28T08:09:36","guid":{"rendered":"http:\/\/www.lafargalhospitalet.com\/?p=6894"},"modified":"2025-11-03T18:27:53","modified_gmt":"2025-11-03T17:27:53","slug":"obrim-bcn-gluten-free","status":"publish","type":"post","link":"https:\/\/www.lafargalhospitalet.com\/ca\/obrim-bcn-gluten-free\/","title":{"rendered":"Obrim la BCN Gluten FREE"},"content":{"rendered":"<h5>La Farga de L&#8217;Hospitalet acull els dies 28, 29 i 30 de juny la BCN Gluten FREE, fira internacional de productes i dieta<\/h5>\n<p><a href=\"https:\/\/www.bcnglutenfree.es\/\" target=\"_blank\" rel=\"noopener noreferrer\"><strong>BCN Gluten FREE<\/strong><\/a> \u00e9s una mostra, en 3.000m\u00b2, que acull empreses de tots els \u00e0mbits de l&#8217;alimentaci\u00f3 sense gluten (fabricants, distribu\u00efdors, restauraci\u00f3, hostaleria, viatges, etc.), les quals donaran a con\u00e8ixer les principals novetats i tend\u00e8ncies de futur d&#8217;aquest tipus d&#8217;alimentaci\u00f3.<\/p>\n<p>A la fira, tamb\u00e9 tindran cabuda els productes acceptats per altres intoler\u00e0ncies aliment\u00e0ries relacionades amb la celiaquia, com \u00e9s la intoler\u00e0ncia a la lactosa.<\/p>\n<p>Durant tres dies, el p\u00fablic podr\u00e0 gaudir de showcookings i tallers per a adults i nen@s, que impartiran destacats xefs de la cuina sense gluten, aix\u00ed com degustacions, cates, activitats infantils, sorteigs, etc. amb la previsi\u00f3 de que passin per la fira al voltant de les 10.000 persones.<\/p>\n<h5>3er. Simposi de Celiaquia i dieta sense gluten i taules rodones<\/h5>\n<p>Tanmateix, la jornada del divendres est\u00e0 pensada, especialment, pels professionals. Al mat\u00ed, Cel\u00edacs de Catalunya organitzar\u00e0, en col\u00b7laboraci\u00f3 amb l\u2019Ag\u00e8ncia de Salut P\u00fablica de Catalunya, el 3er. Simposi de Celiaquia i dieta sense gluten en el que els professionals de les diferents especialitats de l\u2019\u00e0mbit de la salut implicats en la detecci\u00f3 i seguiment de la celiaquia i altres patologies relacionades amb la ingesta de gluten podran actualitzar els seus coneixements per millorar l\u2019actual tassa d\u2019infradiagn\u00f2stic, situada al voltant del 80% i l\u2019atenci\u00f3 que rep el pacient un cop diagnosticat, l\u2019objectiu de la qual \u00e9s el seu apoderament. A la tarda, BCN Gluten FREE realitzar\u00e0 dues taules rodones, que tindran per t\u00edtol \u201cLa celiaquia, per qu\u00e8 \u00e9s una malaltia cada vegada m\u00e9s com\u00fa?\u2019 i \u2018Present i futur del m\u00f3n Gluten Free, un sector en creixement\u201d.<\/p>\n<p>El director de BCN Gluten FREE, Joan Asensio, explica que <em>\u201chem decidit recuperar aquest projecte perqu\u00e8 la celiaquia \u00e9s un problema de salut cada vegada m\u00e9s habitual, que requereix d\u2019una major conscienciaci\u00f3 per part de tots i pensem que, d\u2019aquesta forma, no nom\u00e9s ajudem als m\u00e9s de 75.000 cel\u00edacs catalans y als m\u00e9s de 460.000 que hi ha a Espanya, sin\u00f3 que tamb\u00e9 contribu\u00efm a que es visualitzi la malaltia\u201d<\/em>.<\/p>\n<p>Per la seva banda, la presidenta de l\u2019Associaci\u00f3 de Cel\u00edacs de Catalunya, Olga Cuesta, assegura que <em>\u201cconsiderem que el millor marc per celebrar el Dia Internacional de la Celiaquia, una jornada en la que intentem exposar els handicaps que encara tenim com a pacients i consumidors, \u00e9s BCN Gluten Free. Ser\u00e0 el major aparador de productes lliures de gluten a nivell europeu, en el que el p\u00fablic podr\u00e0 con\u00e8ixer les principals novetats del sector, gaudint de la tranquil\u00b7litat de que tot el que es trobi complir\u00e0 amb la normativa de la seguretat aliment\u00e0ria que garanteix que \u00e9s apte pel seu consum\u201d<\/em>.<\/p>\n","protected":false},"excerpt":{"rendered":"<p>BCN Gluten FREE \u00e9s una mostra, en 3.000m\u00b2, que acull empreses de tots els \u00e0mbits de l&#8217;alimentaci\u00f3 sense gluten (fabricants,\u00a0 distribu\u00efdors,<br \/>\nrestauraci\u00f3, hostaleria, viatges, etc.).<\/p>\n","protected":false},"author":1,"featured_media":6895,"comment_status":"closed","ping_status":"closed","sticky":false,"template":"","format":"standard","meta":{"_monsterinsights_skip_tracking":false,"_monsterinsights_sitenote_active":false,"_monsterinsights_sitenote_note":"","_monsterinsights_sitenote_category":0,"footnotes":""},"categories":[83],"tags":[],"class_list":["post-6894","post","type-post","status-publish","format-standard","has-post-thumbnail","hentry","category-noticies"],"yoast_head":"<!-- This site is optimized with the Yoast SEO plugin v27.5 - https:\/\/yoast.com\/product\/yoast-seo-wordpress\/ -->\n<title>Obrim la BCN Gluten FREE - La Farga L&#039;Hospitalet Centre d&#039;Activitats. La Farga GEM, S.A.<\/title>\n<meta name=\"description\" content=\"BCN Gluten FREE \u00e9s una mostra, en 3.000m\u00b2 de La Farga, que acull empreses de tots els \u00e0mbits de l&#039;alimentaci\u00f3 sense gluten.\" \/>\n<meta name=\"robots\" content=\"index, follow, max-snippet:-1, max-image-preview:large, max-video-preview:-1\" \/>\n<link rel=\"canonical\" href=\"https:\/\/www.lafargalhospitalet.com\/ca\/obrim-bcn-gluten-free\/\" \/>\n<meta property=\"og:locale\" content=\"ca_ES\" \/>\n<meta property=\"og:type\" content=\"article\" \/>\n<meta property=\"og:title\" content=\"Obrim la BCN Gluten FREE - La Farga L&#039;Hospitalet Centre d&#039;Activitats. La Farga GEM, S.A.\" \/>\n<meta property=\"og:description\" content=\"BCN Gluten FREE \u00e9s una mostra, en 3.000m\u00b2 de La Farga, que acull empreses de tots els \u00e0mbits de l&#039;alimentaci\u00f3 sense gluten.\" \/>\n<meta property=\"og:url\" content=\"https:\/\/www.lafargalhospitalet.com\/ca\/obrim-bcn-gluten-free\/\" \/>\n<meta property=\"og:site_name\" content=\"La Farga L&#039;Hospitalet Centre d&#039;Activitats. La Farga GEM, S.A.\" \/>\n<meta property=\"article:publisher\" content=\"https:\/\/www.facebook.com\/fargahospitalet\/\" \/>\n<meta property=\"article:published_time\" content=\"2019-06-28T08:09:36+00:00\" \/>\n<meta property=\"article:modified_time\" content=\"2025-11-03T17:27:53+00:00\" \/>\n<meta property=\"og:image\" content=\"https:\/\/www.lafargalhospitalet.com\/wp-content\/uploads\/2019\/06\/Gluten-Free-Farga.jpg\" \/>\n\t<meta property=\"og:image:width\" content=\"730\" \/>\n\t<meta property=\"og:image:height\" content=\"410\" \/>\n\t<meta property=\"og:image:type\" content=\"image\/jpeg\" \/>\n<meta name=\"author\" content=\"La Farga Centre d&#039;Activitats\" \/>\n<meta name=\"twitter:card\" content=\"summary_large_image\" \/>\n<meta name=\"twitter:creator\" content=\"@fargahospitalet\" \/>\n<meta name=\"twitter:site\" content=\"@fargahospitalet\" \/>\n<meta name=\"twitter:label1\" content=\"Escrit per\" \/>\n\t<meta name=\"twitter:data1\" content=\"La Farga Centre d&#039;Activitats\" \/>\n\t<meta name=\"twitter:label2\" content=\"Temps estimat de lectura\" \/>\n\t<meta name=\"twitter:data2\" content=\"2 minuts\" \/>\n<script type=\"application\/ld+json\" class=\"yoast-schema-graph\">{\"@context\":\"https:\\\/\\\/schema.org\",\"@graph\":[{\"@type\":\"Article\",\"@id\":\"https:\\\/\\\/www.lafargalhospitalet.com\\\/ca\\\/obrim-bcn-gluten-free\\\/#article\",\"isPartOf\":{\"@id\":\"https:\\\/\\\/www.lafargalhospitalet.com\\\/ca\\\/obrim-bcn-gluten-free\\\/\"},\"author\":{\"name\":\"La Farga Centre d'Activitats\",\"@id\":\"https:\\\/\\\/www.lafargalhospitalet.com\\\/#\\\/schema\\\/person\\\/6cbac0ef7748506b167ff859e1c7f378\"},\"headline\":\"Obrim la BCN Gluten FREE\",\"datePublished\":\"2019-06-28T08:09:36+00:00\",\"dateModified\":\"2025-11-03T17:27:53+00:00\",\"mainEntityOfPage\":{\"@id\":\"https:\\\/\\\/www.lafargalhospitalet.com\\\/ca\\\/obrim-bcn-gluten-free\\\/\"},\"wordCount\":490,\"publisher\":{\"@id\":\"https:\\\/\\\/www.lafargalhospitalet.com\\\/#organization\"},\"image\":{\"@id\":\"https:\\\/\\\/www.lafargalhospitalet.com\\\/ca\\\/obrim-bcn-gluten-free\\\/#primaryimage\"},\"thumbnailUrl\":\"https:\\\/\\\/www.lafargalhospitalet.com\\\/wp-content\\\/uploads\\\/2019\\\/06\\\/Gluten-Free-Farga.jpg\",\"articleSection\":[\"Noticies\"],\"inLanguage\":\"ca\"},{\"@type\":\"WebPage\",\"@id\":\"https:\\\/\\\/www.lafargalhospitalet.com\\\/ca\\\/obrim-bcn-gluten-free\\\/\",\"url\":\"https:\\\/\\\/www.lafargalhospitalet.com\\\/ca\\\/obrim-bcn-gluten-free\\\/\",\"name\":\"Obrim la BCN Gluten FREE - La Farga L&#039;Hospitalet Centre d&#039;Activitats. La Farga GEM, S.A.\",\"isPartOf\":{\"@id\":\"https:\\\/\\\/www.lafargalhospitalet.com\\\/#website\"},\"primaryImageOfPage\":{\"@id\":\"https:\\\/\\\/www.lafargalhospitalet.com\\\/ca\\\/obrim-bcn-gluten-free\\\/#primaryimage\"},\"image\":{\"@id\":\"https:\\\/\\\/www.lafargalhospitalet.com\\\/ca\\\/obrim-bcn-gluten-free\\\/#primaryimage\"},\"thumbnailUrl\":\"https:\\\/\\\/www.lafargalhospitalet.com\\\/wp-content\\\/uploads\\\/2019\\\/06\\\/Gluten-Free-Farga.jpg\",\"datePublished\":\"2019-06-28T08:09:36+00:00\",\"dateModified\":\"2025-11-03T17:27:53+00:00\",\"description\":\"BCN Gluten FREE \u00e9s una mostra, en 3.000m\u00b2 de La Farga, que acull empreses de tots els \u00e0mbits de l'alimentaci\u00f3 sense gluten.\",\"breadcrumb\":{\"@id\":\"https:\\\/\\\/www.lafargalhospitalet.com\\\/ca\\\/obrim-bcn-gluten-free\\\/#breadcrumb\"},\"inLanguage\":\"ca\",\"potentialAction\":[{\"@type\":\"ReadAction\",\"target\":[\"https:\\\/\\\/www.lafargalhospitalet.com\\\/ca\\\/obrim-bcn-gluten-free\\\/\"]}]},{\"@type\":\"ImageObject\",\"inLanguage\":\"ca\",\"@id\":\"https:\\\/\\\/www.lafargalhospitalet.com\\\/ca\\\/obrim-bcn-gluten-free\\\/#primaryimage\",\"url\":\"https:\\\/\\\/www.lafargalhospitalet.com\\\/wp-content\\\/uploads\\\/2019\\\/06\\\/Gluten-Free-Farga.jpg\",\"contentUrl\":\"https:\\\/\\\/www.lafargalhospitalet.com\\\/wp-content\\\/uploads\\\/2019\\\/06\\\/Gluten-Free-Farga.jpg\",\"width\":730,\"height\":410,\"caption\":\"Gluten\"},{\"@type\":\"BreadcrumbList\",\"@id\":\"https:\\\/\\\/www.lafargalhospitalet.com\\\/ca\\\/obrim-bcn-gluten-free\\\/#breadcrumb\",\"itemListElement\":[{\"@type\":\"ListItem\",\"position\":1,\"name\":\"Portada\",\"item\":\"https:\\\/\\\/www.lafargalhospitalet.com\\\/\"},{\"@type\":\"ListItem\",\"position\":2,\"name\":\"Obrim la BCN Gluten FREE\"}]},{\"@type\":\"WebSite\",\"@id\":\"https:\\\/\\\/www.lafargalhospitalet.com\\\/#website\",\"url\":\"https:\\\/\\\/www.lafargalhospitalet.com\\\/\",\"name\":\"La Farga L'Hospitalet Centre d'Activitats. La Farga GEM, S.A.\",\"description\":\"La Farga L&#039;Hospitalet Centre d&#039;Activitats. Gestionat per La Farga GEM, S.A. Fires i Congressos. Concerts, exposicions, reunions, filmacions, sopars de gala.\",\"publisher\":{\"@id\":\"https:\\\/\\\/www.lafargalhospitalet.com\\\/#organization\"},\"potentialAction\":[{\"@type\":\"SearchAction\",\"target\":{\"@type\":\"EntryPoint\",\"urlTemplate\":\"https:\\\/\\\/www.lafargalhospitalet.com\\\/?s={search_term_string}\"},\"query-input\":{\"@type\":\"PropertyValueSpecification\",\"valueRequired\":true,\"valueName\":\"search_term_string\"}}],\"inLanguage\":\"ca\"},{\"@type\":\"Organization\",\"@id\":\"https:\\\/\\\/www.lafargalhospitalet.com\\\/#organization\",\"name\":\"La Farga L'Hospitalet Centre d'Activitats. La Farga GEM, S.A.\",\"url\":\"https:\\\/\\\/www.lafargalhospitalet.com\\\/\",\"logo\":{\"@type\":\"ImageObject\",\"inLanguage\":\"ca\",\"@id\":\"https:\\\/\\\/www.lafargalhospitalet.com\\\/#\\\/schema\\\/logo\\\/image\\\/\",\"url\":\"https:\\\/\\\/www.lafargalhospitalet.com\\\/wp-content\\\/uploads\\\/2025\\\/10\\\/logotipo_lafarga_centre_activitats.png\",\"contentUrl\":\"https:\\\/\\\/www.lafargalhospitalet.com\\\/wp-content\\\/uploads\\\/2025\\\/10\\\/logotipo_lafarga_centre_activitats.png\",\"width\":266,\"height\":101,\"caption\":\"La Farga L'Hospitalet Centre d'Activitats. La Farga GEM, S.A.\"},\"image\":{\"@id\":\"https:\\\/\\\/www.lafargalhospitalet.com\\\/#\\\/schema\\\/logo\\\/image\\\/\"},\"sameAs\":[\"https:\\\/\\\/www.facebook.com\\\/fargahospitalet\\\/\",\"https:\\\/\\\/x.com\\\/fargahospitalet\",\"https:\\\/\\\/www.instagram.com\\\/lafargahospitalet\\\/\",\"https:\\\/\\\/www.youtube.com\\\/channel\\\/UCoLt6hen3PqGXgbLMGI3Qdw\",\"https:\\\/\\\/www.flickr.com\\\/photos\\\/lafargagemsa\\\/albums\"]},{\"@type\":\"Person\",\"@id\":\"https:\\\/\\\/www.lafargalhospitalet.com\\\/#\\\/schema\\\/person\\\/6cbac0ef7748506b167ff859e1c7f378\",\"name\":\"La Farga Centre d'Activitats\",\"sameAs\":[\"https:\\\/\\\/www.lafargalhospitalet.com\"],\"url\":\"https:\\\/\\\/www.lafargalhospitalet.com\\\/ca\\\/author\\\/far25gmin\\\/\"}]}<\/script>\n<!-- \/ Yoast SEO plugin. -->","yoast_head_json":{"title":"Obrim la BCN Gluten FREE - La Farga L&#039;Hospitalet Centre d&#039;Activitats. La Farga GEM, S.A.","description":"BCN Gluten FREE \u00e9s una mostra, en 3.000m\u00b2 de La Farga, que acull empreses de tots els \u00e0mbits de l'alimentaci\u00f3 sense gluten.","robots":{"index":"index","follow":"follow","max-snippet":"max-snippet:-1","max-image-preview":"max-image-preview:large","max-video-preview":"max-video-preview:-1"},"canonical":"https:\/\/www.lafargalhospitalet.com\/ca\/obrim-bcn-gluten-free\/","og_locale":"ca_ES","og_type":"article","og_title":"Obrim la BCN Gluten FREE - La Farga L&#039;Hospitalet Centre d&#039;Activitats. La Farga GEM, S.A.","og_description":"BCN Gluten FREE \u00e9s una mostra, en 3.000m\u00b2 de La Farga, que acull empreses de tots els \u00e0mbits de l'alimentaci\u00f3 sense gluten.","og_url":"https:\/\/www.lafargalhospitalet.com\/ca\/obrim-bcn-gluten-free\/","og_site_name":"La Farga L&#039;Hospitalet Centre d&#039;Activitats. La Farga GEM, S.A.","article_publisher":"https:\/\/www.facebook.com\/fargahospitalet\/","article_published_time":"2019-06-28T08:09:36+00:00","article_modified_time":"2025-11-03T17:27:53+00:00","og_image":[{"width":730,"height":410,"url":"https:\/\/www.lafargalhospitalet.com\/wp-content\/uploads\/2019\/06\/Gluten-Free-Farga.jpg","type":"image\/jpeg"}],"author":"La Farga Centre d'Activitats","twitter_card":"summary_large_image","twitter_creator":"@fargahospitalet","twitter_site":"@fargahospitalet","twitter_misc":{"Escrit per":"La Farga Centre d'Activitats","Temps estimat de lectura":"2 minuts"},"schema":{"@context":"https:\/\/schema.org","@graph":[{"@type":"Article","@id":"https:\/\/www.lafargalhospitalet.com\/ca\/obrim-bcn-gluten-free\/#article","isPartOf":{"@id":"https:\/\/www.lafargalhospitalet.com\/ca\/obrim-bcn-gluten-free\/"},"author":{"name":"La Farga Centre d'Activitats","@id":"https:\/\/www.lafargalhospitalet.com\/#\/schema\/person\/6cbac0ef7748506b167ff859e1c7f378"},"headline":"Obrim la BCN Gluten FREE","datePublished":"2019-06-28T08:09:36+00:00","dateModified":"2025-11-03T17:27:53+00:00","mainEntityOfPage":{"@id":"https:\/\/www.lafargalhospitalet.com\/ca\/obrim-bcn-gluten-free\/"},"wordCount":490,"publisher":{"@id":"https:\/\/www.lafargalhospitalet.com\/#organization"},"image":{"@id":"https:\/\/www.lafargalhospitalet.com\/ca\/obrim-bcn-gluten-free\/#primaryimage"},"thumbnailUrl":"https:\/\/www.lafargalhospitalet.com\/wp-content\/uploads\/2019\/06\/Gluten-Free-Farga.jpg","articleSection":["Noticies"],"inLanguage":"ca"},{"@type":"WebPage","@id":"https:\/\/www.lafargalhospitalet.com\/ca\/obrim-bcn-gluten-free\/","url":"https:\/\/www.lafargalhospitalet.com\/ca\/obrim-bcn-gluten-free\/","name":"Obrim la BCN Gluten FREE - La Farga L&#039;Hospitalet Centre d&#039;Activitats. La Farga GEM, S.A.","isPartOf":{"@id":"https:\/\/www.lafargalhospitalet.com\/#website"},"primaryImageOfPage":{"@id":"https:\/\/www.lafargalhospitalet.com\/ca\/obrim-bcn-gluten-free\/#primaryimage"},"image":{"@id":"https:\/\/www.lafargalhospitalet.com\/ca\/obrim-bcn-gluten-free\/#primaryimage"},"thumbnailUrl":"https:\/\/www.lafargalhospitalet.com\/wp-content\/uploads\/2019\/06\/Gluten-Free-Farga.jpg","datePublished":"2019-06-28T08:09:36+00:00","dateModified":"2025-11-03T17:27:53+00:00","description":"BCN Gluten FREE \u00e9s una mostra, en 3.000m\u00b2 de La Farga, que acull empreses de tots els \u00e0mbits de l'alimentaci\u00f3 sense gluten.","breadcrumb":{"@id":"https:\/\/www.lafargalhospitalet.com\/ca\/obrim-bcn-gluten-free\/#breadcrumb"},"inLanguage":"ca","potentialAction":[{"@type":"ReadAction","target":["https:\/\/www.lafargalhospitalet.com\/ca\/obrim-bcn-gluten-free\/"]}]},{"@type":"ImageObject","inLanguage":"ca","@id":"https:\/\/www.lafargalhospitalet.com\/ca\/obrim-bcn-gluten-free\/#primaryimage","url":"https:\/\/www.lafargalhospitalet.com\/wp-content\/uploads\/2019\/06\/Gluten-Free-Farga.jpg","contentUrl":"https:\/\/www.lafargalhospitalet.com\/wp-content\/uploads\/2019\/06\/Gluten-Free-Farga.jpg","width":730,"height":410,"caption":"Gluten"},{"@type":"BreadcrumbList","@id":"https:\/\/www.lafargalhospitalet.com\/ca\/obrim-bcn-gluten-free\/#breadcrumb","itemListElement":[{"@type":"ListItem","position":1,"name":"Portada","item":"https:\/\/www.lafargalhospitalet.com\/"},{"@type":"ListItem","position":2,"name":"Obrim la BCN Gluten FREE"}]},{"@type":"WebSite","@id":"https:\/\/www.lafargalhospitalet.com\/#website","url":"https:\/\/www.lafargalhospitalet.com\/","name":"La Farga L'Hospitalet Centre d'Activitats. La Farga GEM, S.A.","description":"La Farga L&#039;Hospitalet Centre d&#039;Activitats. Gestionat per La Farga GEM, S.A. Fires i Congressos. Concerts, exposicions, reunions, filmacions, sopars de gala.","publisher":{"@id":"https:\/\/www.lafargalhospitalet.com\/#organization"},"potentialAction":[{"@type":"SearchAction","target":{"@type":"EntryPoint","urlTemplate":"https:\/\/www.lafargalhospitalet.com\/?s={search_term_string}"},"query-input":{"@type":"PropertyValueSpecification","valueRequired":true,"valueName":"search_term_string"}}],"inLanguage":"ca"},{"@type":"Organization","@id":"https:\/\/www.lafargalhospitalet.com\/#organization","name":"La Farga L'Hospitalet Centre d'Activitats. La Farga GEM, S.A.","url":"https:\/\/www.lafargalhospitalet.com\/","logo":{"@type":"ImageObject","inLanguage":"ca","@id":"https:\/\/www.lafargalhospitalet.com\/#\/schema\/logo\/image\/","url":"https:\/\/www.lafargalhospitalet.com\/wp-content\/uploads\/2025\/10\/logotipo_lafarga_centre_activitats.png","contentUrl":"https:\/\/www.lafargalhospitalet.com\/wp-content\/uploads\/2025\/10\/logotipo_lafarga_centre_activitats.png","width":266,"height":101,"caption":"La Farga L'Hospitalet Centre d'Activitats. La Farga GEM, S.A."},"image":{"@id":"https:\/\/www.lafargalhospitalet.com\/#\/schema\/logo\/image\/"},"sameAs":["https:\/\/www.facebook.com\/fargahospitalet\/","https:\/\/x.com\/fargahospitalet","https:\/\/www.instagram.com\/lafargahospitalet\/","https:\/\/www.youtube.com\/channel\/UCoLt6hen3PqGXgbLMGI3Qdw","https:\/\/www.flickr.com\/photos\/lafargagemsa\/albums"]},{"@type":"Person","@id":"https:\/\/www.lafargalhospitalet.com\/#\/schema\/person\/6cbac0ef7748506b167ff859e1c7f378","name":"La Farga Centre d'Activitats","sameAs":["https:\/\/www.lafargalhospitalet.com"],"url":"https:\/\/www.lafargalhospitalet.com\/ca\/author\/far25gmin\/"}]}},"_links":{"self":[{"href":"https:\/\/www.lafargalhospitalet.com\/ca\/wp-json\/wp\/v2\/posts\/6894","targetHints":{"allow":["GET"]}}],"collection":[{"href":"https:\/\/www.lafargalhospitalet.com\/ca\/wp-json\/wp\/v2\/posts"}],"about":[{"href":"https:\/\/www.lafargalhospitalet.com\/ca\/wp-json\/wp\/v2\/types\/post"}],"author":[{"embeddable":true,"href":"https:\/\/www.lafargalhospitalet.com\/ca\/wp-json\/wp\/v2\/users\/1"}],"replies":[{"embeddable":true,"href":"https:\/\/www.lafargalhospitalet.com\/ca\/wp-json\/wp\/v2\/comments?post=6894"}],"version-history":[{"count":0,"href":"https:\/\/www.lafargalhospitalet.com\/ca\/wp-json\/wp\/v2\/posts\/6894\/revisions"}],"wp:featuredmedia":[{"embeddable":true,"href":"https:\/\/www.lafargalhospitalet.com\/ca\/wp-json\/wp\/v2\/media\/6895"}],"wp:attachment":[{"href":"https:\/\/www.lafargalhospitalet.com\/ca\/wp-json\/wp\/v2\/media?parent=6894"}],"wp:term":[{"taxonomy":"category","embeddable":true,"href":"https:\/\/www.lafargalhospitalet.com\/ca\/wp-json\/wp\/v2\/categories?post=6894"},{"taxonomy":"post_tag","embeddable":true,"href":"https:\/\/www.lafargalhospitalet.com\/ca\/wp-json\/wp\/v2\/tags?post=6894"}],"curies":[{"name":"wp","href":"https:\/\/api.w.org\/{rel}","templated":true}]}}