{"id":7047,"date":"2019-09-26T13:11:46","date_gmt":"2019-09-26T12:11:46","guid":{"rendered":"http:\/\/www.lafargalhospitalet.com\/?p=7047"},"modified":"2025-11-03T18:27:53","modified_gmt":"2025-11-03T17:27:53","slug":"varietat-fires-salons-farga-hospitalet","status":"publish","type":"post","link":"https:\/\/www.lafargalhospitalet.com\/ca\/varietat-fires-salons-farga-hospitalet\/","title":{"rendered":"Varietat de fires i salons a La Farga de L\u2019Hospitalet"},"content":{"rendered":"<h5>Tardor 2019-20<\/h5>\n<p>La Farga Centre d\u2019Activitats\u00a0i La Farga Congress ja estan preparades per rebre tots els seus esdeveniments, fires, salons i congressos durant la tardor 2019. El nostre recinte <a href=\"https:\/\/www.lafargalhospitalet.com\/creixement-farga-durant-2018\/\" target=\"_blank\" rel=\"noopener noreferrer\"><strong>consolida salons i fires<\/strong><\/a> relacionades amb l\u2019oci familiar i de benestar personal. Repeteixen salons com VeggieWorld i Magic Internacional i esperem les novetats que ens presenten les activitats cl\u00e0ssiques a La Farga com Creativa i Expoterraria.<\/p>\n<h5>50a edici\u00f3 d\u2019Expoterraria<\/h5>\n<p>Uns dels salons m\u00e9s cl\u00e0ssics de La Farga \u00e9s <a href=\"https:\/\/expoterraria.es\/barcelona\" target=\"_blank\" rel=\"noopener noreferrer\"><strong>Expoterraria<\/strong><\/a>, la m\u00e9s gran fira internacional de R\u00e8ptils, Amfibis, Peixos, Invertebrats i Petits Mam\u00edfers. Aquesta mostra, que ocupa uns 3.000m2 del recinte principal, ofereix als aficionats l\u2019oportunitat de veure animals criats en captivitat i, per tant, d\u2019excel\u00b7lent qualitat.<\/p>\n<p>Expoterraria, arriba a La Farga amb una cinquantena d\u2019expositors, i pret\u00e9n ser un punt de contacte, nacional i internacional entre aficionats i criadors, amb la possibilitat de tenir la millor informaci\u00f3 sobre la cura que han de tenir les diferents esp\u00e8cies d\u2019animals participants a la fira.<\/p>\n<p>A m\u00e9s enguany per l\u2019edici\u00f3 n\u00famero 50 l\u2019organitzaci\u00f3 ens proposa una s\u00e8ries d\u2019activitats, pon\u00e8ncies, tallers infantils i xerrades relacionats amb la conscienciaci\u00f3 sobre aquest m\u00f3n animal i com tenir cura d\u2019aquests tipus d\u2019esp\u00e8cies. Entre els participants i hi ha el CRAM, Centre de Recuperaci\u00f3 d\u2019Amimals Marins i el CRARC, Centre de Recuperaci\u00f3 d\u2019Animals i R\u00e8ptils de Catalunya. Expoterraria se celebra aquest dissabte 28 de setembre, de 10 h a 19 h.<\/p>\n<h5>Octubre amb VeggieWorld, Sal\u00f3 de Vehicles BMW i Escola Nova 21<\/h5>\n<p>El sal\u00f3 per excel\u00b7l\u00e8ncia del m\u00f3n veg\u00e0 \u00e9s VeggieWorld, i repeteix empla\u00e7ament. Torna a La Farga per oferir-nos tot all\u00f2 relacionat amb l\u2019alimentaci\u00f3 vegana, el m\u00f3n animal i tamb\u00e9 el cosm\u00e8tic. A Veggie World trobarem, m\u00e9s enll\u00e0 del gaireb\u00e9 centenar d\u2019expositors, xerrades per con\u00e8ixer molt m\u00e9s aquest m\u00f3n de respecte al planeta, tallers infantils i propostes gastron\u00f2miques per a tots els gustos. VeggieWorld, tot un estil de vida que va l\u2019al\u00e7a, se celebra els dies 5 i 6 d\u2019octubre.<\/p>\n<p>El mes d\u2019octubre el completem amb el Sal\u00f3 per a Vehicles d\u2019Ocasi\u00f3 BMW Premium Selection, del 17 al 20, la cloenda d\u2019Escola Nova 21 (dissabte 26 octubre). Per a Escola Nova 21 \u201cl\u2019objectiu final \u00e9s que tot infant, independentment del seu context i condicions, pugui gaudir en qualsevol centre del Servei Educatiu de Catalunya d\u2019experi\u00e8ncies d\u2019aprenentatge empoderadores i rellevants que li permetin desenvolupar el seu projecte de vida amb dignitat, sentit i benestar\u201d. En aquest mes, tamb\u00e9 tindrem l\u2019obertura del Curs 2019-20 de l\u2019Escola d\u2019Art i Superior de Disseny Serra i Abella de L\u2019Hospitalet (dijous 31 d\u2019octubre).<\/p>\n<h5>Novembre \u00e9s per a Creativa i el retorn de M\u00e0gic Internacional<\/h5>\n<p>La Farga de L\u2019Hospitalet, en la seva totalitat, torna a acollir un dels seus salons m\u00e9s importants de l\u2019any: Creativa Barcelona, el Sal\u00f3 de les manualitats, labors i belles arts. Tot un munt d\u2019experi\u00e8ncies per viure i veure tot all\u00f2 relacionat amb l\u2019oci creatiu. Creativa, organitzat per Conceptum arriba a la seva catorzena edici\u00f3 i espera repetir l\u2019\u00e8xit sostingut que cada any ens aporta.<\/p>\n<p>M\u00e0gic Internacional torna a escollir La Farga Centre d\u2019Activitats, per segona vegada, per mostrar-nos la fira m\u00e9s important a nivell europeu del sector de la nova espiritualitat i el creixement personal. En aquesta 35a edici\u00f3, ocupant la totalitat dels 10.000m2 del recinte, l\u2019organitzaci\u00f3 espera superar l\u2019\u00e8xit de l\u2019any passat. Tornaran a passar per les nostres internacionals els m\u00e8diums i experts en la mat\u00e8ria m\u00e9s importants i influents del m\u00f3n.<\/p>\n<p>La tardor donar\u00e0 pas al Nadal, amb les tradicionals activitats de ciutat i les propostes relacionades amb el Kaliu Gel. (Pista de Gel i Tobogan Gegant).<\/p>\n","protected":false},"excerpt":{"rendered":"<p>La Farga Centre d\u2019Activitats\u00a0i La Farga Congress ja estan preparades per rebre tots els seus esdeveniments, fires, salons i congressos durant la tardor 2019.<\/p>\n","protected":false},"author":1,"featured_media":5252,"comment_status":"closed","ping_status":"closed","sticky":false,"template":"","format":"standard","meta":{"_monsterinsights_skip_tracking":false,"_monsterinsights_sitenote_active":false,"_monsterinsights_sitenote_note":"","_monsterinsights_sitenote_category":0,"footnotes":""},"categories":[83],"tags":[],"class_list":["post-7047","post","type-post","status-publish","format-standard","has-post-thumbnail","hentry","category-noticies"],"yoast_head":"<!-- This site is optimized with the Yoast SEO plugin v27.5 - https:\/\/yoast.com\/product\/yoast-seo-wordpress\/ -->\n<title>Varietat de fires i salons a La Farga de L\u2019Hospitalet - La Farga L&#039;Hospitalet Centre d&#039;Activitats. La Farga GEM, S.A.<\/title>\n<meta name=\"description\" content=\"La Farga Centre d\u2019Activitats\u00a0ja est\u00e0 preparada per a tots els seus esdeveniments, fires, salons i congressos durant la tardor 2019. Varietat per a tothom.\" \/>\n<meta name=\"robots\" content=\"index, follow, max-snippet:-1, max-image-preview:large, max-video-preview:-1\" \/>\n<link rel=\"canonical\" href=\"https:\/\/www.lafargalhospitalet.com\/ca\/varietat-fires-salons-farga-hospitalet\/\" \/>\n<meta property=\"og:locale\" content=\"ca_ES\" \/>\n<meta property=\"og:type\" content=\"article\" \/>\n<meta property=\"og:title\" content=\"Varietat de fires i salons a La Farga de L\u2019Hospitalet - La Farga L&#039;Hospitalet Centre d&#039;Activitats. La Farga GEM, S.A.\" \/>\n<meta property=\"og:description\" content=\"La Farga Centre d\u2019Activitats\u00a0ja est\u00e0 preparada per a tots els seus esdeveniments, fires, salons i congressos durant la tardor 2019. Varietat per a tothom.\" \/>\n<meta property=\"og:url\" content=\"https:\/\/www.lafargalhospitalet.com\/ca\/varietat-fires-salons-farga-hospitalet\/\" \/>\n<meta property=\"og:site_name\" content=\"La Farga L&#039;Hospitalet Centre d&#039;Activitats. La Farga GEM, S.A.\" \/>\n<meta property=\"article:publisher\" content=\"https:\/\/www.facebook.com\/fargahospitalet\/\" \/>\n<meta property=\"article:published_time\" content=\"2019-09-26T12:11:46+00:00\" \/>\n<meta property=\"article:modified_time\" content=\"2025-11-03T17:27:53+00:00\" \/>\n<meta property=\"og:image\" content=\"https:\/\/www.lafargalhospitalet.com\/wp-content\/uploads\/2017\/11\/Creativa-LaFarga-2017.jpg\" \/>\n\t<meta property=\"og:image:width\" content=\"730\" \/>\n\t<meta property=\"og:image:height\" content=\"410\" \/>\n\t<meta property=\"og:image:type\" content=\"image\/jpeg\" \/>\n<meta name=\"author\" content=\"La Farga Centre d&#039;Activitats\" \/>\n<meta name=\"twitter:card\" content=\"summary_large_image\" \/>\n<meta name=\"twitter:creator\" content=\"@fargahospitalet\" \/>\n<meta name=\"twitter:site\" content=\"@fargahospitalet\" \/>\n<meta name=\"twitter:label1\" content=\"Escrit per\" \/>\n\t<meta name=\"twitter:data1\" content=\"La Farga Centre d&#039;Activitats\" \/>\n\t<meta name=\"twitter:label2\" content=\"Temps estimat de lectura\" \/>\n\t<meta name=\"twitter:data2\" content=\"3 minuts\" \/>\n<script type=\"application\/ld+json\" class=\"yoast-schema-graph\">{\"@context\":\"https:\\\/\\\/schema.org\",\"@graph\":[{\"@type\":\"Article\",\"@id\":\"https:\\\/\\\/www.lafargalhospitalet.com\\\/ca\\\/varietat-fires-salons-farga-hospitalet\\\/#article\",\"isPartOf\":{\"@id\":\"https:\\\/\\\/www.lafargalhospitalet.com\\\/ca\\\/varietat-fires-salons-farga-hospitalet\\\/\"},\"author\":{\"name\":\"La Farga Centre d'Activitats\",\"@id\":\"https:\\\/\\\/www.lafargalhospitalet.com\\\/#\\\/schema\\\/person\\\/6cbac0ef7748506b167ff859e1c7f378\"},\"headline\":\"Varietat de fires i salons a La Farga de L\u2019Hospitalet\",\"datePublished\":\"2019-09-26T12:11:46+00:00\",\"dateModified\":\"2025-11-03T17:27:53+00:00\",\"mainEntityOfPage\":{\"@id\":\"https:\\\/\\\/www.lafargalhospitalet.com\\\/ca\\\/varietat-fires-salons-farga-hospitalet\\\/\"},\"wordCount\":663,\"publisher\":{\"@id\":\"https:\\\/\\\/www.lafargalhospitalet.com\\\/#organization\"},\"image\":{\"@id\":\"https:\\\/\\\/www.lafargalhospitalet.com\\\/ca\\\/varietat-fires-salons-farga-hospitalet\\\/#primaryimage\"},\"thumbnailUrl\":\"https:\\\/\\\/www.lafargalhospitalet.com\\\/wp-content\\\/uploads\\\/2017\\\/11\\\/Creativa-LaFarga-2017.jpg\",\"articleSection\":[\"Noticies\"],\"inLanguage\":\"ca\"},{\"@type\":\"WebPage\",\"@id\":\"https:\\\/\\\/www.lafargalhospitalet.com\\\/ca\\\/varietat-fires-salons-farga-hospitalet\\\/\",\"url\":\"https:\\\/\\\/www.lafargalhospitalet.com\\\/ca\\\/varietat-fires-salons-farga-hospitalet\\\/\",\"name\":\"Varietat de fires i salons a La Farga de L\u2019Hospitalet - La Farga L&#039;Hospitalet Centre d&#039;Activitats. La Farga GEM, S.A.\",\"isPartOf\":{\"@id\":\"https:\\\/\\\/www.lafargalhospitalet.com\\\/#website\"},\"primaryImageOfPage\":{\"@id\":\"https:\\\/\\\/www.lafargalhospitalet.com\\\/ca\\\/varietat-fires-salons-farga-hospitalet\\\/#primaryimage\"},\"image\":{\"@id\":\"https:\\\/\\\/www.lafargalhospitalet.com\\\/ca\\\/varietat-fires-salons-farga-hospitalet\\\/#primaryimage\"},\"thumbnailUrl\":\"https:\\\/\\\/www.lafargalhospitalet.com\\\/wp-content\\\/uploads\\\/2017\\\/11\\\/Creativa-LaFarga-2017.jpg\",\"datePublished\":\"2019-09-26T12:11:46+00:00\",\"dateModified\":\"2025-11-03T17:27:53+00:00\",\"description\":\"La Farga Centre d\u2019Activitats\u00a0ja est\u00e0 preparada per a tots els seus esdeveniments, fires, salons i congressos durant la tardor 2019. Varietat per a tothom.\",\"breadcrumb\":{\"@id\":\"https:\\\/\\\/www.lafargalhospitalet.com\\\/ca\\\/varietat-fires-salons-farga-hospitalet\\\/#breadcrumb\"},\"inLanguage\":\"ca\",\"potentialAction\":[{\"@type\":\"ReadAction\",\"target\":[\"https:\\\/\\\/www.lafargalhospitalet.com\\\/ca\\\/varietat-fires-salons-farga-hospitalet\\\/\"]}]},{\"@type\":\"ImageObject\",\"inLanguage\":\"ca\",\"@id\":\"https:\\\/\\\/www.lafargalhospitalet.com\\\/ca\\\/varietat-fires-salons-farga-hospitalet\\\/#primaryimage\",\"url\":\"https:\\\/\\\/www.lafargalhospitalet.com\\\/wp-content\\\/uploads\\\/2017\\\/11\\\/Creativa-LaFarga-2017.jpg\",\"contentUrl\":\"https:\\\/\\\/www.lafargalhospitalet.com\\\/wp-content\\\/uploads\\\/2017\\\/11\\\/Creativa-LaFarga-2017.jpg\",\"width\":730,\"height\":410,\"caption\":\"Creativa Farga 22.100\"},{\"@type\":\"BreadcrumbList\",\"@id\":\"https:\\\/\\\/www.lafargalhospitalet.com\\\/ca\\\/varietat-fires-salons-farga-hospitalet\\\/#breadcrumb\",\"itemListElement\":[{\"@type\":\"ListItem\",\"position\":1,\"name\":\"Portada\",\"item\":\"https:\\\/\\\/www.lafargalhospitalet.com\\\/\"},{\"@type\":\"ListItem\",\"position\":2,\"name\":\"Varietat de fires i salons a La Farga de L\u2019Hospitalet\"}]},{\"@type\":\"WebSite\",\"@id\":\"https:\\\/\\\/www.lafargalhospitalet.com\\\/#website\",\"url\":\"https:\\\/\\\/www.lafargalhospitalet.com\\\/\",\"name\":\"La Farga L'Hospitalet Centre d'Activitats. La Farga GEM, S.A.\",\"description\":\"La Farga L&#039;Hospitalet Centre d&#039;Activitats. Gestionat per La Farga GEM, S.A. Fires i Congressos. Concerts, exposicions, reunions, filmacions, sopars de gala.\",\"publisher\":{\"@id\":\"https:\\\/\\\/www.lafargalhospitalet.com\\\/#organization\"},\"potentialAction\":[{\"@type\":\"SearchAction\",\"target\":{\"@type\":\"EntryPoint\",\"urlTemplate\":\"https:\\\/\\\/www.lafargalhospitalet.com\\\/?s={search_term_string}\"},\"query-input\":{\"@type\":\"PropertyValueSpecification\",\"valueRequired\":true,\"valueName\":\"search_term_string\"}}],\"inLanguage\":\"ca\"},{\"@type\":\"Organization\",\"@id\":\"https:\\\/\\\/www.lafargalhospitalet.com\\\/#organization\",\"name\":\"La Farga L'Hospitalet Centre d'Activitats. La Farga GEM, S.A.\",\"url\":\"https:\\\/\\\/www.lafargalhospitalet.com\\\/\",\"logo\":{\"@type\":\"ImageObject\",\"inLanguage\":\"ca\",\"@id\":\"https:\\\/\\\/www.lafargalhospitalet.com\\\/#\\\/schema\\\/logo\\\/image\\\/\",\"url\":\"https:\\\/\\\/www.lafargalhospitalet.com\\\/wp-content\\\/uploads\\\/2025\\\/10\\\/logotipo_lafarga_centre_activitats.png\",\"contentUrl\":\"https:\\\/\\\/www.lafargalhospitalet.com\\\/wp-content\\\/uploads\\\/2025\\\/10\\\/logotipo_lafarga_centre_activitats.png\",\"width\":266,\"height\":101,\"caption\":\"La Farga L'Hospitalet Centre d'Activitats. La Farga GEM, S.A.\"},\"image\":{\"@id\":\"https:\\\/\\\/www.lafargalhospitalet.com\\\/#\\\/schema\\\/logo\\\/image\\\/\"},\"sameAs\":[\"https:\\\/\\\/www.facebook.com\\\/fargahospitalet\\\/\",\"https:\\\/\\\/x.com\\\/fargahospitalet\",\"https:\\\/\\\/www.instagram.com\\\/lafargahospitalet\\\/\",\"https:\\\/\\\/www.youtube.com\\\/channel\\\/UCoLt6hen3PqGXgbLMGI3Qdw\",\"https:\\\/\\\/www.flickr.com\\\/photos\\\/lafargagemsa\\\/albums\"]},{\"@type\":\"Person\",\"@id\":\"https:\\\/\\\/www.lafargalhospitalet.com\\\/#\\\/schema\\\/person\\\/6cbac0ef7748506b167ff859e1c7f378\",\"name\":\"La Farga Centre d'Activitats\",\"sameAs\":[\"https:\\\/\\\/www.lafargalhospitalet.com\"],\"url\":\"https:\\\/\\\/www.lafargalhospitalet.com\\\/ca\\\/author\\\/far25gmin\\\/\"}]}<\/script>\n<!-- \/ Yoast SEO plugin. -->","yoast_head_json":{"title":"Varietat de fires i salons a La Farga de L\u2019Hospitalet - La Farga L&#039;Hospitalet Centre d&#039;Activitats. La Farga GEM, S.A.","description":"La Farga Centre d\u2019Activitats\u00a0ja est\u00e0 preparada per a tots els seus esdeveniments, fires, salons i congressos durant la tardor 2019. Varietat per a tothom.","robots":{"index":"index","follow":"follow","max-snippet":"max-snippet:-1","max-image-preview":"max-image-preview:large","max-video-preview":"max-video-preview:-1"},"canonical":"https:\/\/www.lafargalhospitalet.com\/ca\/varietat-fires-salons-farga-hospitalet\/","og_locale":"ca_ES","og_type":"article","og_title":"Varietat de fires i salons a La Farga de L\u2019Hospitalet - La Farga L&#039;Hospitalet Centre d&#039;Activitats. La Farga GEM, S.A.","og_description":"La Farga Centre d\u2019Activitats\u00a0ja est\u00e0 preparada per a tots els seus esdeveniments, fires, salons i congressos durant la tardor 2019. Varietat per a tothom.","og_url":"https:\/\/www.lafargalhospitalet.com\/ca\/varietat-fires-salons-farga-hospitalet\/","og_site_name":"La Farga L&#039;Hospitalet Centre d&#039;Activitats. La Farga GEM, S.A.","article_publisher":"https:\/\/www.facebook.com\/fargahospitalet\/","article_published_time":"2019-09-26T12:11:46+00:00","article_modified_time":"2025-11-03T17:27:53+00:00","og_image":[{"width":730,"height":410,"url":"https:\/\/www.lafargalhospitalet.com\/wp-content\/uploads\/2017\/11\/Creativa-LaFarga-2017.jpg","type":"image\/jpeg"}],"author":"La Farga Centre d'Activitats","twitter_card":"summary_large_image","twitter_creator":"@fargahospitalet","twitter_site":"@fargahospitalet","twitter_misc":{"Escrit per":"La Farga Centre d'Activitats","Temps estimat de lectura":"3 minuts"},"schema":{"@context":"https:\/\/schema.org","@graph":[{"@type":"Article","@id":"https:\/\/www.lafargalhospitalet.com\/ca\/varietat-fires-salons-farga-hospitalet\/#article","isPartOf":{"@id":"https:\/\/www.lafargalhospitalet.com\/ca\/varietat-fires-salons-farga-hospitalet\/"},"author":{"name":"La Farga Centre d'Activitats","@id":"https:\/\/www.lafargalhospitalet.com\/#\/schema\/person\/6cbac0ef7748506b167ff859e1c7f378"},"headline":"Varietat de fires i salons a La Farga de L\u2019Hospitalet","datePublished":"2019-09-26T12:11:46+00:00","dateModified":"2025-11-03T17:27:53+00:00","mainEntityOfPage":{"@id":"https:\/\/www.lafargalhospitalet.com\/ca\/varietat-fires-salons-farga-hospitalet\/"},"wordCount":663,"publisher":{"@id":"https:\/\/www.lafargalhospitalet.com\/#organization"},"image":{"@id":"https:\/\/www.lafargalhospitalet.com\/ca\/varietat-fires-salons-farga-hospitalet\/#primaryimage"},"thumbnailUrl":"https:\/\/www.lafargalhospitalet.com\/wp-content\/uploads\/2017\/11\/Creativa-LaFarga-2017.jpg","articleSection":["Noticies"],"inLanguage":"ca"},{"@type":"WebPage","@id":"https:\/\/www.lafargalhospitalet.com\/ca\/varietat-fires-salons-farga-hospitalet\/","url":"https:\/\/www.lafargalhospitalet.com\/ca\/varietat-fires-salons-farga-hospitalet\/","name":"Varietat de fires i salons a La Farga de L\u2019Hospitalet - La Farga L&#039;Hospitalet Centre d&#039;Activitats. La Farga GEM, S.A.","isPartOf":{"@id":"https:\/\/www.lafargalhospitalet.com\/#website"},"primaryImageOfPage":{"@id":"https:\/\/www.lafargalhospitalet.com\/ca\/varietat-fires-salons-farga-hospitalet\/#primaryimage"},"image":{"@id":"https:\/\/www.lafargalhospitalet.com\/ca\/varietat-fires-salons-farga-hospitalet\/#primaryimage"},"thumbnailUrl":"https:\/\/www.lafargalhospitalet.com\/wp-content\/uploads\/2017\/11\/Creativa-LaFarga-2017.jpg","datePublished":"2019-09-26T12:11:46+00:00","dateModified":"2025-11-03T17:27:53+00:00","description":"La Farga Centre d\u2019Activitats\u00a0ja est\u00e0 preparada per a tots els seus esdeveniments, fires, salons i congressos durant la tardor 2019. Varietat per a tothom.","breadcrumb":{"@id":"https:\/\/www.lafargalhospitalet.com\/ca\/varietat-fires-salons-farga-hospitalet\/#breadcrumb"},"inLanguage":"ca","potentialAction":[{"@type":"ReadAction","target":["https:\/\/www.lafargalhospitalet.com\/ca\/varietat-fires-salons-farga-hospitalet\/"]}]},{"@type":"ImageObject","inLanguage":"ca","@id":"https:\/\/www.lafargalhospitalet.com\/ca\/varietat-fires-salons-farga-hospitalet\/#primaryimage","url":"https:\/\/www.lafargalhospitalet.com\/wp-content\/uploads\/2017\/11\/Creativa-LaFarga-2017.jpg","contentUrl":"https:\/\/www.lafargalhospitalet.com\/wp-content\/uploads\/2017\/11\/Creativa-LaFarga-2017.jpg","width":730,"height":410,"caption":"Creativa Farga 22.100"},{"@type":"BreadcrumbList","@id":"https:\/\/www.lafargalhospitalet.com\/ca\/varietat-fires-salons-farga-hospitalet\/#breadcrumb","itemListElement":[{"@type":"ListItem","position":1,"name":"Portada","item":"https:\/\/www.lafargalhospitalet.com\/"},{"@type":"ListItem","position":2,"name":"Varietat de fires i salons a La Farga de L\u2019Hospitalet"}]},{"@type":"WebSite","@id":"https:\/\/www.lafargalhospitalet.com\/#website","url":"https:\/\/www.lafargalhospitalet.com\/","name":"La Farga L'Hospitalet Centre d'Activitats. La Farga GEM, S.A.","description":"La Farga L&#039;Hospitalet Centre d&#039;Activitats. Gestionat per La Farga GEM, S.A. Fires i Congressos. Concerts, exposicions, reunions, filmacions, sopars de gala.","publisher":{"@id":"https:\/\/www.lafargalhospitalet.com\/#organization"},"potentialAction":[{"@type":"SearchAction","target":{"@type":"EntryPoint","urlTemplate":"https:\/\/www.lafargalhospitalet.com\/?s={search_term_string}"},"query-input":{"@type":"PropertyValueSpecification","valueRequired":true,"valueName":"search_term_string"}}],"inLanguage":"ca"},{"@type":"Organization","@id":"https:\/\/www.lafargalhospitalet.com\/#organization","name":"La Farga L'Hospitalet Centre d'Activitats. La Farga GEM, S.A.","url":"https:\/\/www.lafargalhospitalet.com\/","logo":{"@type":"ImageObject","inLanguage":"ca","@id":"https:\/\/www.lafargalhospitalet.com\/#\/schema\/logo\/image\/","url":"https:\/\/www.lafargalhospitalet.com\/wp-content\/uploads\/2025\/10\/logotipo_lafarga_centre_activitats.png","contentUrl":"https:\/\/www.lafargalhospitalet.com\/wp-content\/uploads\/2025\/10\/logotipo_lafarga_centre_activitats.png","width":266,"height":101,"caption":"La Farga L'Hospitalet Centre d'Activitats. La Farga GEM, S.A."},"image":{"@id":"https:\/\/www.lafargalhospitalet.com\/#\/schema\/logo\/image\/"},"sameAs":["https:\/\/www.facebook.com\/fargahospitalet\/","https:\/\/x.com\/fargahospitalet","https:\/\/www.instagram.com\/lafargahospitalet\/","https:\/\/www.youtube.com\/channel\/UCoLt6hen3PqGXgbLMGI3Qdw","https:\/\/www.flickr.com\/photos\/lafargagemsa\/albums"]},{"@type":"Person","@id":"https:\/\/www.lafargalhospitalet.com\/#\/schema\/person\/6cbac0ef7748506b167ff859e1c7f378","name":"La Farga Centre d'Activitats","sameAs":["https:\/\/www.lafargalhospitalet.com"],"url":"https:\/\/www.lafargalhospitalet.com\/ca\/author\/far25gmin\/"}]}},"_links":{"self":[{"href":"https:\/\/www.lafargalhospitalet.com\/ca\/wp-json\/wp\/v2\/posts\/7047","targetHints":{"allow":["GET"]}}],"collection":[{"href":"https:\/\/www.lafargalhospitalet.com\/ca\/wp-json\/wp\/v2\/posts"}],"about":[{"href":"https:\/\/www.lafargalhospitalet.com\/ca\/wp-json\/wp\/v2\/types\/post"}],"author":[{"embeddable":true,"href":"https:\/\/www.lafargalhospitalet.com\/ca\/wp-json\/wp\/v2\/users\/1"}],"replies":[{"embeddable":true,"href":"https:\/\/www.lafargalhospitalet.com\/ca\/wp-json\/wp\/v2\/comments?post=7047"}],"version-history":[{"count":0,"href":"https:\/\/www.lafargalhospitalet.com\/ca\/wp-json\/wp\/v2\/posts\/7047\/revisions"}],"wp:featuredmedia":[{"embeddable":true,"href":"https:\/\/www.lafargalhospitalet.com\/ca\/wp-json\/wp\/v2\/media\/5252"}],"wp:attachment":[{"href":"https:\/\/www.lafargalhospitalet.com\/ca\/wp-json\/wp\/v2\/media?parent=7047"}],"wp:term":[{"taxonomy":"category","embeddable":true,"href":"https:\/\/www.lafargalhospitalet.com\/ca\/wp-json\/wp\/v2\/categories?post=7047"},{"taxonomy":"post_tag","embeddable":true,"href":"https:\/\/www.lafargalhospitalet.com\/ca\/wp-json\/wp\/v2\/tags?post=7047"}],"curies":[{"name":"wp","href":"https:\/\/api.w.org\/{rel}","templated":true}]}}