{"id":7072,"date":"2019-10-03T11:48:54","date_gmt":"2019-10-03T10:48:54","guid":{"rendered":"http:\/\/www.lafargalhospitalet.com\/?p=7072"},"modified":"2025-11-03T18:27:53","modified_gmt":"2025-11-03T17:27:53","slug":"veggie-world-farga","status":"publish","type":"post","link":"https:\/\/www.lafargalhospitalet.com\/ca\/veggie-world-farga\/","title":{"rendered":"De nou la Veggie World, a La Farga Centre d&#8217;Activitats"},"content":{"rendered":"<h5>La fira vegana m\u00e9s antiga d&#8217;Europa torna a La Farga de L\u2019Hospitalet per segona edici\u00f3<\/h5>\n<p>La Veggie World, promoguda per <a href=\"https:\/\/veggieworld.de\/es\/event\/barcelona-es\/\" target=\"_blank\" rel=\"noopener noreferrer\"><strong>ProVeg Espa\u00f1a<\/strong><\/a>, se celebra els dies 5 i 6 d&#8217;octubre de 2019, amb la participaci\u00f3 de m\u00e9s de 80 expositors que presentaran el m\u00e9s destacat en cosm\u00e8tica, moda i, especialment, alimentaci\u00f3 vegetal.<\/p>\n<p>Confer\u00e8ncies i les millors del\u00edcies veggie de restaurants per degustar, foodtrucks i showcookings completen un intens programa d&#8217;activitats amb el qual intentar superar l&#8217;\u00e8xit de l&#8217;edici\u00f3 de l&#8217;any passat a L\u2019Hospitalet, a la qual <a href=\"https:\/\/www.lafargalhospitalet.com\/veggieworld-visiten-7000-persones\/\" target=\"_blank\" rel=\"noopener noreferrer\"><strong>van assistir<\/strong><\/a> m\u00e9s de 5.000 persones.<\/p>\n<p>Entre les novetats, el programa compta amb ponents com Aitor S\u00e1nchez, nutricionista autor de <em>&#8220;Mi dieta cojea&#8221;<\/em>; Luc\u00eda Mart\u00ednez, autora del blog <em>\u201cDime qu\u00e9 comes\u201d<\/em>; Maria Murnau, il\u00b7lustradora de @WonderVeggie (tamb\u00e9 creadora de @FeministaIlustrada) o l\u2019influencer \u00c1lex Pu\u00e9rtolas.<\/p>\n<p>En aquesta ocasi\u00f3 tamb\u00e9 tornen Marta Mart\u00ednez, instagramer i autora del blog <em>\u201cMi Dieta Vegana\u201d<\/em>; les creadores del canal de YouTube <em>Reinas y Repollos<\/em>; o Nikotxen, autor de l&#8217;exitosa webserie C\u00e1lico Electr\u00f3nico i avui animalista conven\u00e7ut. Un dels showcookings anir\u00e0 a c\u00e0rrec de Consuelo Morcillo, blocaire de Earthly Taste.<\/p>\n<p>Entre els expositors hi haur\u00e0 representants d&#8217;alimentaci\u00f3, ONG, editorials, cosm\u00e8tica, moda o restaurants, amb interessants propostes com el xori\u00e7o de carbassa o bosses de cuir veg\u00e0.<\/p>\n<h5>10% de la poblaci\u00f3<\/h5>\n<p>A Espanya hi ha 3,6 milions de persones (9,9%) que basen la seva dieta, exclusivament o majorit\u00e0riament, en productes vegetals, segons un estudi de la consultora Lantern. Hi ha un 7,9% de flexitarians, un 1,5% de vegetarians i un 0,5% de vegans. En comer\u00e7os i restaurants cada vegada hi ha m\u00e9s opcions per a una alimentaci\u00f3 vegetal.<\/p>\n<p><em>&#8220;Amb aquesta fira, el nostre objectiu \u00e9s crear un esdeveniment inspirador en el qual la gent prengui consci\u00e8ncia i es normalitzi l&#8217;estil de vida 100% vegetal, per desterrar tots els falsos mites que existeixen sobre aix\u00f2&#8221;<\/em>, diu Cristina Rodrigo, directora de ProVeg Espanya.<\/p>\n<p>VeggieWorld, una fira amb traject\u00f2ria, la primera Veggie World del m\u00f3n va tenir lloc el 2011 a Alemanya. Des de llavors s&#8217;ha celebrat a nou pa\u00efsos del m\u00f3n, inclosos la Xina i Hong Kong. A Espanya, hi ha edicions a Madrid i Barcelona.<\/p>\n<p><strong>Dades b\u00e0siques<\/strong><br \/>\nVeggie World Barcelona 2019<br \/>\n<strong>On:<\/strong> La Farga de L&#8217;Hospitalet<br \/>\n<strong>Dies:<\/strong> 5 i 6 d&#8217;octubre de 2019<br \/>\n<strong>Horari:<\/strong> Dissabte 5 d&#8217;octubre, de 10 a 20 hores. Diumenge 6 d&#8217;octubre, de 10 a 19 hores.<br \/>\n<strong>Preu entrades:<\/strong> Prevenda en l\u00ednia: 7 \u20ac (un dia) i 11 \u20ac (dos dies). A taquilla: 9 \u20ac (un dia) i 13 \u20ac (dos dies). Entrada redu\u00efda (nom\u00e9s a taquilla) a 7 \u20ac per a estudiants, persones en situaci\u00f3 d&#8217;atur, persones amb discapacitat i majors de 65. Els nens de fins a 14 anys poden entrar gratis si van acompanyats per un adult.<br \/>\n<strong>Transport<\/strong>: Metro parada Rambla Just Oliveras (l\u00ednia 1) i tren R1, R3 i R4, parada l&#8217;Hospitalet.<\/p>\n<p>ProVeg Espanya, promotora de la fira, \u00e9s una organitzaci\u00f3 per la consci\u00e8ncia aliment\u00e0ria que promou l&#8217;alimentaci\u00f3 100% vegetal. Tamb\u00e9 est\u00e0 present a Alemanya, Holanda, Regne Unit, Pol\u00f2nia, Sud-\u00e0frica, EUA i la Xina.<\/p>\n","protected":false},"excerpt":{"rendered":"<p>La Veggie World, promoguda per ProVeg Espa\u00f1a, se celebra els dies 5 i 6 d&#8217;octubre de 2019, amb la participaci\u00f3 de m\u00e9s de 80 expositors.<\/p>\n","protected":false},"author":1,"featured_media":6031,"comment_status":"closed","ping_status":"closed","sticky":false,"template":"","format":"standard","meta":{"_monsterinsights_skip_tracking":false,"_monsterinsights_sitenote_active":false,"_monsterinsights_sitenote_note":"","_monsterinsights_sitenote_category":0,"footnotes":""},"categories":[83],"tags":[],"class_list":["post-7072","post","type-post","status-publish","format-standard","has-post-thumbnail","hentry","category-noticies"],"yoast_head":"<!-- This site is optimized with the Yoast SEO plugin v27.5 - https:\/\/yoast.com\/product\/yoast-seo-wordpress\/ -->\n<title>De nou la Veggie World, a La Farga Centre d&#039;Activitats - La Farga L&#039;Hospitalet Centre d&#039;Activitats. La Farga GEM, S.A.<\/title>\n<meta name=\"description\" content=\"La Veggie World, promoguda per ProVeg Espa\u00f1a, se celebra els dies 5 i 6 d&#039;octubre de 2019, amb la participaci\u00f3 de m\u00e9s de 80 expositors.\" \/>\n<meta name=\"robots\" content=\"index, follow, max-snippet:-1, max-image-preview:large, max-video-preview:-1\" \/>\n<link rel=\"canonical\" href=\"https:\/\/www.lafargalhospitalet.com\/ca\/veggie-world-farga\/\" \/>\n<meta property=\"og:locale\" content=\"ca_ES\" \/>\n<meta property=\"og:type\" content=\"article\" \/>\n<meta property=\"og:title\" content=\"De nou la Veggie World, a La Farga Centre d&#039;Activitats - La Farga L&#039;Hospitalet Centre d&#039;Activitats. La Farga GEM, S.A.\" \/>\n<meta property=\"og:description\" content=\"La Veggie World, promoguda per ProVeg Espa\u00f1a, se celebra els dies 5 i 6 d&#039;octubre de 2019, amb la participaci\u00f3 de m\u00e9s de 80 expositors.\" \/>\n<meta property=\"og:url\" content=\"https:\/\/www.lafargalhospitalet.com\/ca\/veggie-world-farga\/\" \/>\n<meta property=\"og:site_name\" content=\"La Farga L&#039;Hospitalet Centre d&#039;Activitats. La Farga GEM, S.A.\" \/>\n<meta property=\"article:publisher\" content=\"https:\/\/www.facebook.com\/fargahospitalet\/\" \/>\n<meta property=\"article:published_time\" content=\"2019-10-03T10:48:54+00:00\" \/>\n<meta property=\"article:modified_time\" content=\"2025-11-03T17:27:53+00:00\" \/>\n<meta property=\"og:image\" content=\"https:\/\/www.lafargalhospitalet.com\/wp-content\/uploads\/2018\/10\/VeggieWorld-Farga.jpg\" \/>\n\t<meta property=\"og:image:width\" content=\"730\" \/>\n\t<meta property=\"og:image:height\" content=\"410\" \/>\n\t<meta property=\"og:image:type\" content=\"image\/jpeg\" \/>\n<meta name=\"author\" content=\"La Farga Centre d&#039;Activitats\" \/>\n<meta name=\"twitter:card\" content=\"summary_large_image\" \/>\n<meta name=\"twitter:creator\" content=\"@fargahospitalet\" \/>\n<meta name=\"twitter:site\" content=\"@fargahospitalet\" \/>\n<meta name=\"twitter:label1\" content=\"Escrit per\" \/>\n\t<meta name=\"twitter:data1\" content=\"La Farga Centre d&#039;Activitats\" \/>\n\t<meta name=\"twitter:label2\" content=\"Temps estimat de lectura\" \/>\n\t<meta name=\"twitter:data2\" content=\"3 minuts\" \/>\n<script type=\"application\/ld+json\" class=\"yoast-schema-graph\">{\"@context\":\"https:\\\/\\\/schema.org\",\"@graph\":[{\"@type\":\"Article\",\"@id\":\"https:\\\/\\\/www.lafargalhospitalet.com\\\/ca\\\/veggie-world-farga\\\/#article\",\"isPartOf\":{\"@id\":\"https:\\\/\\\/www.lafargalhospitalet.com\\\/ca\\\/veggie-world-farga\\\/\"},\"author\":{\"name\":\"La Farga Centre d'Activitats\",\"@id\":\"https:\\\/\\\/www.lafargalhospitalet.com\\\/#\\\/schema\\\/person\\\/6cbac0ef7748506b167ff859e1c7f378\"},\"headline\":\"De nou la Veggie World, a La Farga Centre d&#8217;Activitats\",\"datePublished\":\"2019-10-03T10:48:54+00:00\",\"dateModified\":\"2025-11-03T17:27:53+00:00\",\"mainEntityOfPage\":{\"@id\":\"https:\\\/\\\/www.lafargalhospitalet.com\\\/ca\\\/veggie-world-farga\\\/\"},\"wordCount\":529,\"publisher\":{\"@id\":\"https:\\\/\\\/www.lafargalhospitalet.com\\\/#organization\"},\"image\":{\"@id\":\"https:\\\/\\\/www.lafargalhospitalet.com\\\/ca\\\/veggie-world-farga\\\/#primaryimage\"},\"thumbnailUrl\":\"https:\\\/\\\/www.lafargalhospitalet.com\\\/wp-content\\\/uploads\\\/2018\\\/10\\\/VeggieWorld-Farga.jpg\",\"articleSection\":[\"Noticies\"],\"inLanguage\":\"ca\"},{\"@type\":\"WebPage\",\"@id\":\"https:\\\/\\\/www.lafargalhospitalet.com\\\/ca\\\/veggie-world-farga\\\/\",\"url\":\"https:\\\/\\\/www.lafargalhospitalet.com\\\/ca\\\/veggie-world-farga\\\/\",\"name\":\"De nou la Veggie World, a La Farga Centre d'Activitats - La Farga L&#039;Hospitalet Centre d&#039;Activitats. La Farga GEM, S.A.\",\"isPartOf\":{\"@id\":\"https:\\\/\\\/www.lafargalhospitalet.com\\\/#website\"},\"primaryImageOfPage\":{\"@id\":\"https:\\\/\\\/www.lafargalhospitalet.com\\\/ca\\\/veggie-world-farga\\\/#primaryimage\"},\"image\":{\"@id\":\"https:\\\/\\\/www.lafargalhospitalet.com\\\/ca\\\/veggie-world-farga\\\/#primaryimage\"},\"thumbnailUrl\":\"https:\\\/\\\/www.lafargalhospitalet.com\\\/wp-content\\\/uploads\\\/2018\\\/10\\\/VeggieWorld-Farga.jpg\",\"datePublished\":\"2019-10-03T10:48:54+00:00\",\"dateModified\":\"2025-11-03T17:27:53+00:00\",\"description\":\"La Veggie World, promoguda per ProVeg Espa\u00f1a, se celebra els dies 5 i 6 d'octubre de 2019, amb la participaci\u00f3 de m\u00e9s de 80 expositors.\",\"breadcrumb\":{\"@id\":\"https:\\\/\\\/www.lafargalhospitalet.com\\\/ca\\\/veggie-world-farga\\\/#breadcrumb\"},\"inLanguage\":\"ca\",\"potentialAction\":[{\"@type\":\"ReadAction\",\"target\":[\"https:\\\/\\\/www.lafargalhospitalet.com\\\/ca\\\/veggie-world-farga\\\/\"]}]},{\"@type\":\"ImageObject\",\"inLanguage\":\"ca\",\"@id\":\"https:\\\/\\\/www.lafargalhospitalet.com\\\/ca\\\/veggie-world-farga\\\/#primaryimage\",\"url\":\"https:\\\/\\\/www.lafargalhospitalet.com\\\/wp-content\\\/uploads\\\/2018\\\/10\\\/VeggieWorld-Farga.jpg\",\"contentUrl\":\"https:\\\/\\\/www.lafargalhospitalet.com\\\/wp-content\\\/uploads\\\/2018\\\/10\\\/VeggieWorld-Farga.jpg\",\"width\":730,\"height\":410,\"caption\":\"VeggieWorld Farga\"},{\"@type\":\"BreadcrumbList\",\"@id\":\"https:\\\/\\\/www.lafargalhospitalet.com\\\/ca\\\/veggie-world-farga\\\/#breadcrumb\",\"itemListElement\":[{\"@type\":\"ListItem\",\"position\":1,\"name\":\"Portada\",\"item\":\"https:\\\/\\\/www.lafargalhospitalet.com\\\/\"},{\"@type\":\"ListItem\",\"position\":2,\"name\":\"De nou la Veggie World, a La Farga Centre d&#8217;Activitats\"}]},{\"@type\":\"WebSite\",\"@id\":\"https:\\\/\\\/www.lafargalhospitalet.com\\\/#website\",\"url\":\"https:\\\/\\\/www.lafargalhospitalet.com\\\/\",\"name\":\"La Farga L'Hospitalet Centre d'Activitats. La Farga GEM, S.A.\",\"description\":\"La Farga L&#039;Hospitalet Centre d&#039;Activitats. Gestionat per La Farga GEM, S.A. Fires i Congressos. Concerts, exposicions, reunions, filmacions, sopars de gala.\",\"publisher\":{\"@id\":\"https:\\\/\\\/www.lafargalhospitalet.com\\\/#organization\"},\"potentialAction\":[{\"@type\":\"SearchAction\",\"target\":{\"@type\":\"EntryPoint\",\"urlTemplate\":\"https:\\\/\\\/www.lafargalhospitalet.com\\\/?s={search_term_string}\"},\"query-input\":{\"@type\":\"PropertyValueSpecification\",\"valueRequired\":true,\"valueName\":\"search_term_string\"}}],\"inLanguage\":\"ca\"},{\"@type\":\"Organization\",\"@id\":\"https:\\\/\\\/www.lafargalhospitalet.com\\\/#organization\",\"name\":\"La Farga L'Hospitalet Centre d'Activitats. La Farga GEM, S.A.\",\"url\":\"https:\\\/\\\/www.lafargalhospitalet.com\\\/\",\"logo\":{\"@type\":\"ImageObject\",\"inLanguage\":\"ca\",\"@id\":\"https:\\\/\\\/www.lafargalhospitalet.com\\\/#\\\/schema\\\/logo\\\/image\\\/\",\"url\":\"https:\\\/\\\/www.lafargalhospitalet.com\\\/wp-content\\\/uploads\\\/2025\\\/10\\\/logotipo_lafarga_centre_activitats.png\",\"contentUrl\":\"https:\\\/\\\/www.lafargalhospitalet.com\\\/wp-content\\\/uploads\\\/2025\\\/10\\\/logotipo_lafarga_centre_activitats.png\",\"width\":266,\"height\":101,\"caption\":\"La Farga L'Hospitalet Centre d'Activitats. La Farga GEM, S.A.\"},\"image\":{\"@id\":\"https:\\\/\\\/www.lafargalhospitalet.com\\\/#\\\/schema\\\/logo\\\/image\\\/\"},\"sameAs\":[\"https:\\\/\\\/www.facebook.com\\\/fargahospitalet\\\/\",\"https:\\\/\\\/x.com\\\/fargahospitalet\",\"https:\\\/\\\/www.instagram.com\\\/lafargahospitalet\\\/\",\"https:\\\/\\\/www.youtube.com\\\/channel\\\/UCoLt6hen3PqGXgbLMGI3Qdw\",\"https:\\\/\\\/www.flickr.com\\\/photos\\\/lafargagemsa\\\/albums\"]},{\"@type\":\"Person\",\"@id\":\"https:\\\/\\\/www.lafargalhospitalet.com\\\/#\\\/schema\\\/person\\\/6cbac0ef7748506b167ff859e1c7f378\",\"name\":\"La Farga Centre d'Activitats\",\"sameAs\":[\"https:\\\/\\\/www.lafargalhospitalet.com\"],\"url\":\"https:\\\/\\\/www.lafargalhospitalet.com\\\/ca\\\/author\\\/far25gmin\\\/\"}]}<\/script>\n<!-- \/ Yoast SEO plugin. -->","yoast_head_json":{"title":"De nou la Veggie World, a La Farga Centre d'Activitats - La Farga L&#039;Hospitalet Centre d&#039;Activitats. La Farga GEM, S.A.","description":"La Veggie World, promoguda per ProVeg Espa\u00f1a, se celebra els dies 5 i 6 d'octubre de 2019, amb la participaci\u00f3 de m\u00e9s de 80 expositors.","robots":{"index":"index","follow":"follow","max-snippet":"max-snippet:-1","max-image-preview":"max-image-preview:large","max-video-preview":"max-video-preview:-1"},"canonical":"https:\/\/www.lafargalhospitalet.com\/ca\/veggie-world-farga\/","og_locale":"ca_ES","og_type":"article","og_title":"De nou la Veggie World, a La Farga Centre d'Activitats - La Farga L&#039;Hospitalet Centre d&#039;Activitats. La Farga GEM, S.A.","og_description":"La Veggie World, promoguda per ProVeg Espa\u00f1a, se celebra els dies 5 i 6 d'octubre de 2019, amb la participaci\u00f3 de m\u00e9s de 80 expositors.","og_url":"https:\/\/www.lafargalhospitalet.com\/ca\/veggie-world-farga\/","og_site_name":"La Farga L&#039;Hospitalet Centre d&#039;Activitats. La Farga GEM, S.A.","article_publisher":"https:\/\/www.facebook.com\/fargahospitalet\/","article_published_time":"2019-10-03T10:48:54+00:00","article_modified_time":"2025-11-03T17:27:53+00:00","og_image":[{"width":730,"height":410,"url":"https:\/\/www.lafargalhospitalet.com\/wp-content\/uploads\/2018\/10\/VeggieWorld-Farga.jpg","type":"image\/jpeg"}],"author":"La Farga Centre d'Activitats","twitter_card":"summary_large_image","twitter_creator":"@fargahospitalet","twitter_site":"@fargahospitalet","twitter_misc":{"Escrit per":"La Farga Centre d'Activitats","Temps estimat de lectura":"3 minuts"},"schema":{"@context":"https:\/\/schema.org","@graph":[{"@type":"Article","@id":"https:\/\/www.lafargalhospitalet.com\/ca\/veggie-world-farga\/#article","isPartOf":{"@id":"https:\/\/www.lafargalhospitalet.com\/ca\/veggie-world-farga\/"},"author":{"name":"La Farga Centre d'Activitats","@id":"https:\/\/www.lafargalhospitalet.com\/#\/schema\/person\/6cbac0ef7748506b167ff859e1c7f378"},"headline":"De nou la Veggie World, a La Farga Centre d&#8217;Activitats","datePublished":"2019-10-03T10:48:54+00:00","dateModified":"2025-11-03T17:27:53+00:00","mainEntityOfPage":{"@id":"https:\/\/www.lafargalhospitalet.com\/ca\/veggie-world-farga\/"},"wordCount":529,"publisher":{"@id":"https:\/\/www.lafargalhospitalet.com\/#organization"},"image":{"@id":"https:\/\/www.lafargalhospitalet.com\/ca\/veggie-world-farga\/#primaryimage"},"thumbnailUrl":"https:\/\/www.lafargalhospitalet.com\/wp-content\/uploads\/2018\/10\/VeggieWorld-Farga.jpg","articleSection":["Noticies"],"inLanguage":"ca"},{"@type":"WebPage","@id":"https:\/\/www.lafargalhospitalet.com\/ca\/veggie-world-farga\/","url":"https:\/\/www.lafargalhospitalet.com\/ca\/veggie-world-farga\/","name":"De nou la Veggie World, a La Farga Centre d'Activitats - La Farga L&#039;Hospitalet Centre d&#039;Activitats. La Farga GEM, S.A.","isPartOf":{"@id":"https:\/\/www.lafargalhospitalet.com\/#website"},"primaryImageOfPage":{"@id":"https:\/\/www.lafargalhospitalet.com\/ca\/veggie-world-farga\/#primaryimage"},"image":{"@id":"https:\/\/www.lafargalhospitalet.com\/ca\/veggie-world-farga\/#primaryimage"},"thumbnailUrl":"https:\/\/www.lafargalhospitalet.com\/wp-content\/uploads\/2018\/10\/VeggieWorld-Farga.jpg","datePublished":"2019-10-03T10:48:54+00:00","dateModified":"2025-11-03T17:27:53+00:00","description":"La Veggie World, promoguda per ProVeg Espa\u00f1a, se celebra els dies 5 i 6 d'octubre de 2019, amb la participaci\u00f3 de m\u00e9s de 80 expositors.","breadcrumb":{"@id":"https:\/\/www.lafargalhospitalet.com\/ca\/veggie-world-farga\/#breadcrumb"},"inLanguage":"ca","potentialAction":[{"@type":"ReadAction","target":["https:\/\/www.lafargalhospitalet.com\/ca\/veggie-world-farga\/"]}]},{"@type":"ImageObject","inLanguage":"ca","@id":"https:\/\/www.lafargalhospitalet.com\/ca\/veggie-world-farga\/#primaryimage","url":"https:\/\/www.lafargalhospitalet.com\/wp-content\/uploads\/2018\/10\/VeggieWorld-Farga.jpg","contentUrl":"https:\/\/www.lafargalhospitalet.com\/wp-content\/uploads\/2018\/10\/VeggieWorld-Farga.jpg","width":730,"height":410,"caption":"VeggieWorld Farga"},{"@type":"BreadcrumbList","@id":"https:\/\/www.lafargalhospitalet.com\/ca\/veggie-world-farga\/#breadcrumb","itemListElement":[{"@type":"ListItem","position":1,"name":"Portada","item":"https:\/\/www.lafargalhospitalet.com\/"},{"@type":"ListItem","position":2,"name":"De nou la Veggie World, a La Farga Centre d&#8217;Activitats"}]},{"@type":"WebSite","@id":"https:\/\/www.lafargalhospitalet.com\/#website","url":"https:\/\/www.lafargalhospitalet.com\/","name":"La Farga L'Hospitalet Centre d'Activitats. La Farga GEM, S.A.","description":"La Farga L&#039;Hospitalet Centre d&#039;Activitats. Gestionat per La Farga GEM, S.A. Fires i Congressos. Concerts, exposicions, reunions, filmacions, sopars de gala.","publisher":{"@id":"https:\/\/www.lafargalhospitalet.com\/#organization"},"potentialAction":[{"@type":"SearchAction","target":{"@type":"EntryPoint","urlTemplate":"https:\/\/www.lafargalhospitalet.com\/?s={search_term_string}"},"query-input":{"@type":"PropertyValueSpecification","valueRequired":true,"valueName":"search_term_string"}}],"inLanguage":"ca"},{"@type":"Organization","@id":"https:\/\/www.lafargalhospitalet.com\/#organization","name":"La Farga L'Hospitalet Centre d'Activitats. La Farga GEM, S.A.","url":"https:\/\/www.lafargalhospitalet.com\/","logo":{"@type":"ImageObject","inLanguage":"ca","@id":"https:\/\/www.lafargalhospitalet.com\/#\/schema\/logo\/image\/","url":"https:\/\/www.lafargalhospitalet.com\/wp-content\/uploads\/2025\/10\/logotipo_lafarga_centre_activitats.png","contentUrl":"https:\/\/www.lafargalhospitalet.com\/wp-content\/uploads\/2025\/10\/logotipo_lafarga_centre_activitats.png","width":266,"height":101,"caption":"La Farga L'Hospitalet Centre d'Activitats. La Farga GEM, S.A."},"image":{"@id":"https:\/\/www.lafargalhospitalet.com\/#\/schema\/logo\/image\/"},"sameAs":["https:\/\/www.facebook.com\/fargahospitalet\/","https:\/\/x.com\/fargahospitalet","https:\/\/www.instagram.com\/lafargahospitalet\/","https:\/\/www.youtube.com\/channel\/UCoLt6hen3PqGXgbLMGI3Qdw","https:\/\/www.flickr.com\/photos\/lafargagemsa\/albums"]},{"@type":"Person","@id":"https:\/\/www.lafargalhospitalet.com\/#\/schema\/person\/6cbac0ef7748506b167ff859e1c7f378","name":"La Farga Centre d'Activitats","sameAs":["https:\/\/www.lafargalhospitalet.com"],"url":"https:\/\/www.lafargalhospitalet.com\/ca\/author\/far25gmin\/"}]}},"_links":{"self":[{"href":"https:\/\/www.lafargalhospitalet.com\/ca\/wp-json\/wp\/v2\/posts\/7072","targetHints":{"allow":["GET"]}}],"collection":[{"href":"https:\/\/www.lafargalhospitalet.com\/ca\/wp-json\/wp\/v2\/posts"}],"about":[{"href":"https:\/\/www.lafargalhospitalet.com\/ca\/wp-json\/wp\/v2\/types\/post"}],"author":[{"embeddable":true,"href":"https:\/\/www.lafargalhospitalet.com\/ca\/wp-json\/wp\/v2\/users\/1"}],"replies":[{"embeddable":true,"href":"https:\/\/www.lafargalhospitalet.com\/ca\/wp-json\/wp\/v2\/comments?post=7072"}],"version-history":[{"count":0,"href":"https:\/\/www.lafargalhospitalet.com\/ca\/wp-json\/wp\/v2\/posts\/7072\/revisions"}],"wp:featuredmedia":[{"embeddable":true,"href":"https:\/\/www.lafargalhospitalet.com\/ca\/wp-json\/wp\/v2\/media\/6031"}],"wp:attachment":[{"href":"https:\/\/www.lafargalhospitalet.com\/ca\/wp-json\/wp\/v2\/media?parent=7072"}],"wp:term":[{"taxonomy":"category","embeddable":true,"href":"https:\/\/www.lafargalhospitalet.com\/ca\/wp-json\/wp\/v2\/categories?post=7072"},{"taxonomy":"post_tag","embeddable":true,"href":"https:\/\/www.lafargalhospitalet.com\/ca\/wp-json\/wp\/v2\/tags?post=7072"}],"curies":[{"name":"wp","href":"https:\/\/api.w.org\/{rel}","templated":true}]}}