{"id":7166,"date":"2019-11-06T10:20:47","date_gmt":"2019-11-06T09:20:47","guid":{"rendered":"http:\/\/www.lafargalhospitalet.com\/?p=7166"},"modified":"2025-11-03T18:27:53","modified_gmt":"2025-11-03T17:27:53","slug":"obre-14a-edicio-creativa","status":"publish","type":"post","link":"https:\/\/www.lafargalhospitalet.com\/ca\/obre-14a-edicio-creativa\/","title":{"rendered":"Obre la 14a edici\u00f3 de Creativa"},"content":{"rendered":"<h5>Del 7 al 10 de novembre<\/h5>\n<p>La Farga de L&#8217;Hospitalet ja t\u00e9 a punt un any m\u00e9s el sal\u00f3 Creativa, el sal\u00f3 de refer\u00e8ncia de les manualitats i les labors. Amb m\u00e9s de 200 tallers, 114 firmes representades, aix\u00ed com m\u00faltiples exposicions i demostracions, la 14a edici\u00f3 de la fira aspira a superar els gaireb\u00e9 <a href=\"https:\/\/www.lafargalhospitalet.com\/creativa-segueix-consolidat\/\" target=\"_blank\" rel=\"noopener noreferrer\"><strong>24.000 visitants<\/strong><\/a> de l\u2019any passat.<\/p>\n<p>Als 9.000m2 del sal\u00f3 hi haur\u00e0 cabuda per a tots els apassionats del DIY (Do It Yourself) i s\u2019impartiran m\u00e9s de 200 tallers, 30 activitats gratu\u00eftes i exposaran fins a 114 firmes nacionals i internacionals, enguany amb representaci\u00f3 de marques portugueses, italianes, angleses i brasilenyes. Creativa abra\u00e7ar\u00e0 totes les disciplines imaginables de l\u2019univers de les manualitats com ara patchwork, scrapbooking, ganxet, macram\u00e9, lettering, aquarel\u00b7la, decoupage, estampaci\u00f3, punt de creu.<\/p>\n<p>Enguany tamb\u00e9 s\u2019incorporaran t\u00e8cniques fins ara in\u00e8dites a la fira com ara el quilling (consisteix a enrotllar i donar forma a tires de paper creant dissenys) i exposicions de mosaics (per Josep Zorrilla), aix\u00ed com decoraci\u00f3 creada 100% amb cartr\u00f3 amb resultats sorprenents (Feliz Lozal).<\/p>\n<p>A l\u2019anterior edici\u00f3 de Creativa Barcelona hi van assistir 24.000 persones que van poder gaudir dels tallers impartits tant per CreativAcademy com pels influencers del m\u00f3n DIY presents. <em>\u201cEn aquesta edici\u00f3 apostem per una pres\u00e8ncia \u00e0mplia d\u2019influencers per apropar als m\u00e9s joves un m\u00f3n que fins fa poc havia sigut bastant tradicional\u201d<\/em>, defensa In\u00e9s Moreno, Directora de Creativa.<\/p>\n<p>Paral\u00b7lelament, i apostant per la inclusi\u00f3, diverses persones associades a la ONCE prendran part d\u2019un taller de teixir i d\u2019altres manualitats, unes activitats que afavoreixen la estimulaci\u00f3 t\u00e0ctil, que tindr\u00e0 lloc el diumenge 10 de novembre entre les 11:00 i les 13:00.<\/p>\n<h5>Primer Certamen de Bloggers Creativa<\/h5>\n<p>La 14a edici\u00f3 de Creativa Barcelona ha convocat el primer Certamen d\u2019Influencers Creativa, que premiar\u00e0 a les joves promeses que comencen a despuntar als blogs i les xarxes socials. Aquest esdeveniment s\u2019agrupa en cinc categories: Patchwork, Scrapbooking, Fil (crochet, macram\u00e9, knitting\u2026), Deco i Costura.<\/p>\n<p>Un jurat compost per diverses personalitats destacades del DIY seleccionaran als cinc guanyadors que rebran un premi en met\u00e0l\u00b7lic i el dret a tenir un espai de tallers gratis a la pr\u00f2xima edici\u00f3 de Creativa.<\/p>\n<h5>Eleccions a Creativa Barcelona<\/h5>\n<p>Creativa Barcelona tamb\u00e9 est\u00e0 de campanya electoral. Aprofitant la festa de la democr\u00e0cia, cinc de les disciplines presents al sal\u00f3: el patchwork, l\u2019scrap, el ganxet, la costura i el bricolatge, es postulen com a candidates a gaudir de m\u00e9s espai i notorietat de cara al Creativa Barcelona de 2020. Els assistents podran informar-se del \u201cprograma electoral\u201d que oferir\u00e0 cada candidatura i fer la seva votaci\u00f3 en una urna habilitada durant les jornades de dijous i de divendres, que ser\u00e0 quan es far\u00e0 el recompte oficial i es nombrar\u00e0 la candidatura guanyadora.<\/p>\n<p>Per a m\u00e9s informaci\u00f3: <strong><a href=\"https:\/\/www.saloncreativa.net\/creativa-barcelona\/\" target=\"_blank\" rel=\"noopener noreferrer\">saloncreativa<\/a><\/strong><\/p>\n","protected":false},"excerpt":{"rendered":"<p>La Farga de L&#8217;Hospitalet ja t\u00e9 a punt un any m\u00e9s el sal\u00f3 Creativa, el sal\u00f3 de refer\u00e8ncia de les manualitats i les labors.<\/p>\n","protected":false},"author":1,"featured_media":7167,"comment_status":"closed","ping_status":"closed","sticky":false,"template":"","format":"standard","meta":{"_monsterinsights_skip_tracking":false,"_monsterinsights_sitenote_active":false,"_monsterinsights_sitenote_note":"","_monsterinsights_sitenote_category":0,"footnotes":""},"categories":[83],"tags":[],"class_list":["post-7166","post","type-post","status-publish","format-standard","has-post-thumbnail","hentry","category-noticies"],"yoast_head":"<!-- This site is optimized with the Yoast SEO plugin v27.5 - https:\/\/yoast.com\/product\/yoast-seo-wordpress\/ -->\n<title>Obre la 14a edici\u00f3 de Creativa - La Farga L&#039;Hospitalet Centre d&#039;Activitats. La Farga GEM, S.A.<\/title>\n<meta name=\"description\" content=\"La Farga de L&#039;Hospitalet ja t\u00e9 a punt un any m\u00e9s la 14a edici\u00f3 del sal\u00f3 Creativa, refer\u00e8ncia de les manualitats i les labors.\" \/>\n<meta name=\"robots\" content=\"index, follow, max-snippet:-1, max-image-preview:large, max-video-preview:-1\" \/>\n<link rel=\"canonical\" href=\"https:\/\/www.lafargalhospitalet.com\/ca\/obre-14a-edicio-creativa\/\" \/>\n<meta property=\"og:locale\" content=\"ca_ES\" \/>\n<meta property=\"og:type\" content=\"article\" \/>\n<meta property=\"og:title\" content=\"Obre la 14a edici\u00f3 de Creativa - La Farga L&#039;Hospitalet Centre d&#039;Activitats. La Farga GEM, S.A.\" \/>\n<meta property=\"og:description\" content=\"La Farga de L&#039;Hospitalet ja t\u00e9 a punt un any m\u00e9s la 14a edici\u00f3 del sal\u00f3 Creativa, refer\u00e8ncia de les manualitats i les labors.\" \/>\n<meta property=\"og:url\" content=\"https:\/\/www.lafargalhospitalet.com\/ca\/obre-14a-edicio-creativa\/\" \/>\n<meta property=\"og:site_name\" content=\"La Farga L&#039;Hospitalet Centre d&#039;Activitats. La Farga GEM, S.A.\" \/>\n<meta property=\"article:publisher\" content=\"https:\/\/www.facebook.com\/fargahospitalet\/\" \/>\n<meta property=\"article:published_time\" content=\"2019-11-06T09:20:47+00:00\" \/>\n<meta property=\"article:modified_time\" content=\"2025-11-03T17:27:53+00:00\" \/>\n<meta property=\"og:image\" content=\"https:\/\/www.lafargalhospitalet.com\/wp-content\/uploads\/2019\/11\/Creativa-2018-Farga.jpg\" \/>\n\t<meta property=\"og:image:width\" content=\"730\" \/>\n\t<meta property=\"og:image:height\" content=\"410\" \/>\n\t<meta property=\"og:image:type\" content=\"image\/jpeg\" \/>\n<meta name=\"author\" content=\"La Farga Centre d&#039;Activitats\" \/>\n<meta name=\"twitter:card\" content=\"summary_large_image\" \/>\n<meta name=\"twitter:creator\" content=\"@fargahospitalet\" \/>\n<meta name=\"twitter:site\" content=\"@fargahospitalet\" \/>\n<meta name=\"twitter:label1\" content=\"Escrit per\" \/>\n\t<meta name=\"twitter:data1\" content=\"La Farga Centre d&#039;Activitats\" \/>\n\t<meta name=\"twitter:label2\" content=\"Temps estimat de lectura\" \/>\n\t<meta name=\"twitter:data2\" content=\"2 minuts\" \/>\n<script type=\"application\/ld+json\" class=\"yoast-schema-graph\">{\"@context\":\"https:\\\/\\\/schema.org\",\"@graph\":[{\"@type\":\"Article\",\"@id\":\"https:\\\/\\\/www.lafargalhospitalet.com\\\/ca\\\/obre-14a-edicio-creativa\\\/#article\",\"isPartOf\":{\"@id\":\"https:\\\/\\\/www.lafargalhospitalet.com\\\/ca\\\/obre-14a-edicio-creativa\\\/\"},\"author\":{\"name\":\"La Farga Centre d'Activitats\",\"@id\":\"https:\\\/\\\/www.lafargalhospitalet.com\\\/#\\\/schema\\\/person\\\/6cbac0ef7748506b167ff859e1c7f378\"},\"headline\":\"Obre la 14a edici\u00f3 de Creativa\",\"datePublished\":\"2019-11-06T09:20:47+00:00\",\"dateModified\":\"2025-11-03T17:27:53+00:00\",\"mainEntityOfPage\":{\"@id\":\"https:\\\/\\\/www.lafargalhospitalet.com\\\/ca\\\/obre-14a-edicio-creativa\\\/\"},\"wordCount\":485,\"publisher\":{\"@id\":\"https:\\\/\\\/www.lafargalhospitalet.com\\\/#organization\"},\"image\":{\"@id\":\"https:\\\/\\\/www.lafargalhospitalet.com\\\/ca\\\/obre-14a-edicio-creativa\\\/#primaryimage\"},\"thumbnailUrl\":\"https:\\\/\\\/www.lafargalhospitalet.com\\\/wp-content\\\/uploads\\\/2019\\\/11\\\/Creativa-2018-Farga.jpg\",\"articleSection\":[\"Noticies\"],\"inLanguage\":\"ca\"},{\"@type\":\"WebPage\",\"@id\":\"https:\\\/\\\/www.lafargalhospitalet.com\\\/ca\\\/obre-14a-edicio-creativa\\\/\",\"url\":\"https:\\\/\\\/www.lafargalhospitalet.com\\\/ca\\\/obre-14a-edicio-creativa\\\/\",\"name\":\"Obre la 14a edici\u00f3 de Creativa - La Farga L&#039;Hospitalet Centre d&#039;Activitats. La Farga GEM, S.A.\",\"isPartOf\":{\"@id\":\"https:\\\/\\\/www.lafargalhospitalet.com\\\/#website\"},\"primaryImageOfPage\":{\"@id\":\"https:\\\/\\\/www.lafargalhospitalet.com\\\/ca\\\/obre-14a-edicio-creativa\\\/#primaryimage\"},\"image\":{\"@id\":\"https:\\\/\\\/www.lafargalhospitalet.com\\\/ca\\\/obre-14a-edicio-creativa\\\/#primaryimage\"},\"thumbnailUrl\":\"https:\\\/\\\/www.lafargalhospitalet.com\\\/wp-content\\\/uploads\\\/2019\\\/11\\\/Creativa-2018-Farga.jpg\",\"datePublished\":\"2019-11-06T09:20:47+00:00\",\"dateModified\":\"2025-11-03T17:27:53+00:00\",\"description\":\"La Farga de L'Hospitalet ja t\u00e9 a punt un any m\u00e9s la 14a edici\u00f3 del sal\u00f3 Creativa, refer\u00e8ncia de les manualitats i les labors.\",\"breadcrumb\":{\"@id\":\"https:\\\/\\\/www.lafargalhospitalet.com\\\/ca\\\/obre-14a-edicio-creativa\\\/#breadcrumb\"},\"inLanguage\":\"ca\",\"potentialAction\":[{\"@type\":\"ReadAction\",\"target\":[\"https:\\\/\\\/www.lafargalhospitalet.com\\\/ca\\\/obre-14a-edicio-creativa\\\/\"]}]},{\"@type\":\"ImageObject\",\"inLanguage\":\"ca\",\"@id\":\"https:\\\/\\\/www.lafargalhospitalet.com\\\/ca\\\/obre-14a-edicio-creativa\\\/#primaryimage\",\"url\":\"https:\\\/\\\/www.lafargalhospitalet.com\\\/wp-content\\\/uploads\\\/2019\\\/11\\\/Creativa-2018-Farga.jpg\",\"contentUrl\":\"https:\\\/\\\/www.lafargalhospitalet.com\\\/wp-content\\\/uploads\\\/2019\\\/11\\\/Creativa-2018-Farga.jpg\",\"width\":730,\"height\":410,\"caption\":\"14a edici\u00f3 Creativa Farga\"},{\"@type\":\"BreadcrumbList\",\"@id\":\"https:\\\/\\\/www.lafargalhospitalet.com\\\/ca\\\/obre-14a-edicio-creativa\\\/#breadcrumb\",\"itemListElement\":[{\"@type\":\"ListItem\",\"position\":1,\"name\":\"Portada\",\"item\":\"https:\\\/\\\/www.lafargalhospitalet.com\\\/\"},{\"@type\":\"ListItem\",\"position\":2,\"name\":\"Obre la 14a edici\u00f3 de Creativa\"}]},{\"@type\":\"WebSite\",\"@id\":\"https:\\\/\\\/www.lafargalhospitalet.com\\\/#website\",\"url\":\"https:\\\/\\\/www.lafargalhospitalet.com\\\/\",\"name\":\"La Farga L'Hospitalet Centre d'Activitats. La Farga GEM, S.A.\",\"description\":\"La Farga L&#039;Hospitalet Centre d&#039;Activitats. Gestionat per La Farga GEM, S.A. Fires i Congressos. Concerts, exposicions, reunions, filmacions, sopars de gala.\",\"publisher\":{\"@id\":\"https:\\\/\\\/www.lafargalhospitalet.com\\\/#organization\"},\"potentialAction\":[{\"@type\":\"SearchAction\",\"target\":{\"@type\":\"EntryPoint\",\"urlTemplate\":\"https:\\\/\\\/www.lafargalhospitalet.com\\\/?s={search_term_string}\"},\"query-input\":{\"@type\":\"PropertyValueSpecification\",\"valueRequired\":true,\"valueName\":\"search_term_string\"}}],\"inLanguage\":\"ca\"},{\"@type\":\"Organization\",\"@id\":\"https:\\\/\\\/www.lafargalhospitalet.com\\\/#organization\",\"name\":\"La Farga L'Hospitalet Centre d'Activitats. La Farga GEM, S.A.\",\"url\":\"https:\\\/\\\/www.lafargalhospitalet.com\\\/\",\"logo\":{\"@type\":\"ImageObject\",\"inLanguage\":\"ca\",\"@id\":\"https:\\\/\\\/www.lafargalhospitalet.com\\\/#\\\/schema\\\/logo\\\/image\\\/\",\"url\":\"https:\\\/\\\/www.lafargalhospitalet.com\\\/wp-content\\\/uploads\\\/2025\\\/10\\\/logotipo_lafarga_centre_activitats.png\",\"contentUrl\":\"https:\\\/\\\/www.lafargalhospitalet.com\\\/wp-content\\\/uploads\\\/2025\\\/10\\\/logotipo_lafarga_centre_activitats.png\",\"width\":266,\"height\":101,\"caption\":\"La Farga L'Hospitalet Centre d'Activitats. La Farga GEM, S.A.\"},\"image\":{\"@id\":\"https:\\\/\\\/www.lafargalhospitalet.com\\\/#\\\/schema\\\/logo\\\/image\\\/\"},\"sameAs\":[\"https:\\\/\\\/www.facebook.com\\\/fargahospitalet\\\/\",\"https:\\\/\\\/x.com\\\/fargahospitalet\",\"https:\\\/\\\/www.instagram.com\\\/lafargahospitalet\\\/\",\"https:\\\/\\\/www.youtube.com\\\/channel\\\/UCoLt6hen3PqGXgbLMGI3Qdw\",\"https:\\\/\\\/www.flickr.com\\\/photos\\\/lafargagemsa\\\/albums\"]},{\"@type\":\"Person\",\"@id\":\"https:\\\/\\\/www.lafargalhospitalet.com\\\/#\\\/schema\\\/person\\\/6cbac0ef7748506b167ff859e1c7f378\",\"name\":\"La Farga Centre d'Activitats\",\"sameAs\":[\"https:\\\/\\\/www.lafargalhospitalet.com\"],\"url\":\"https:\\\/\\\/www.lafargalhospitalet.com\\\/ca\\\/author\\\/far25gmin\\\/\"}]}<\/script>\n<!-- \/ Yoast SEO plugin. -->","yoast_head_json":{"title":"Obre la 14a edici\u00f3 de Creativa - La Farga L&#039;Hospitalet Centre d&#039;Activitats. La Farga GEM, S.A.","description":"La Farga de L'Hospitalet ja t\u00e9 a punt un any m\u00e9s la 14a edici\u00f3 del sal\u00f3 Creativa, refer\u00e8ncia de les manualitats i les labors.","robots":{"index":"index","follow":"follow","max-snippet":"max-snippet:-1","max-image-preview":"max-image-preview:large","max-video-preview":"max-video-preview:-1"},"canonical":"https:\/\/www.lafargalhospitalet.com\/ca\/obre-14a-edicio-creativa\/","og_locale":"ca_ES","og_type":"article","og_title":"Obre la 14a edici\u00f3 de Creativa - La Farga L&#039;Hospitalet Centre d&#039;Activitats. La Farga GEM, S.A.","og_description":"La Farga de L'Hospitalet ja t\u00e9 a punt un any m\u00e9s la 14a edici\u00f3 del sal\u00f3 Creativa, refer\u00e8ncia de les manualitats i les labors.","og_url":"https:\/\/www.lafargalhospitalet.com\/ca\/obre-14a-edicio-creativa\/","og_site_name":"La Farga L&#039;Hospitalet Centre d&#039;Activitats. La Farga GEM, S.A.","article_publisher":"https:\/\/www.facebook.com\/fargahospitalet\/","article_published_time":"2019-11-06T09:20:47+00:00","article_modified_time":"2025-11-03T17:27:53+00:00","og_image":[{"width":730,"height":410,"url":"https:\/\/www.lafargalhospitalet.com\/wp-content\/uploads\/2019\/11\/Creativa-2018-Farga.jpg","type":"image\/jpeg"}],"author":"La Farga Centre d'Activitats","twitter_card":"summary_large_image","twitter_creator":"@fargahospitalet","twitter_site":"@fargahospitalet","twitter_misc":{"Escrit per":"La Farga Centre d'Activitats","Temps estimat de lectura":"2 minuts"},"schema":{"@context":"https:\/\/schema.org","@graph":[{"@type":"Article","@id":"https:\/\/www.lafargalhospitalet.com\/ca\/obre-14a-edicio-creativa\/#article","isPartOf":{"@id":"https:\/\/www.lafargalhospitalet.com\/ca\/obre-14a-edicio-creativa\/"},"author":{"name":"La Farga Centre d'Activitats","@id":"https:\/\/www.lafargalhospitalet.com\/#\/schema\/person\/6cbac0ef7748506b167ff859e1c7f378"},"headline":"Obre la 14a edici\u00f3 de Creativa","datePublished":"2019-11-06T09:20:47+00:00","dateModified":"2025-11-03T17:27:53+00:00","mainEntityOfPage":{"@id":"https:\/\/www.lafargalhospitalet.com\/ca\/obre-14a-edicio-creativa\/"},"wordCount":485,"publisher":{"@id":"https:\/\/www.lafargalhospitalet.com\/#organization"},"image":{"@id":"https:\/\/www.lafargalhospitalet.com\/ca\/obre-14a-edicio-creativa\/#primaryimage"},"thumbnailUrl":"https:\/\/www.lafargalhospitalet.com\/wp-content\/uploads\/2019\/11\/Creativa-2018-Farga.jpg","articleSection":["Noticies"],"inLanguage":"ca"},{"@type":"WebPage","@id":"https:\/\/www.lafargalhospitalet.com\/ca\/obre-14a-edicio-creativa\/","url":"https:\/\/www.lafargalhospitalet.com\/ca\/obre-14a-edicio-creativa\/","name":"Obre la 14a edici\u00f3 de Creativa - La Farga L&#039;Hospitalet Centre d&#039;Activitats. La Farga GEM, S.A.","isPartOf":{"@id":"https:\/\/www.lafargalhospitalet.com\/#website"},"primaryImageOfPage":{"@id":"https:\/\/www.lafargalhospitalet.com\/ca\/obre-14a-edicio-creativa\/#primaryimage"},"image":{"@id":"https:\/\/www.lafargalhospitalet.com\/ca\/obre-14a-edicio-creativa\/#primaryimage"},"thumbnailUrl":"https:\/\/www.lafargalhospitalet.com\/wp-content\/uploads\/2019\/11\/Creativa-2018-Farga.jpg","datePublished":"2019-11-06T09:20:47+00:00","dateModified":"2025-11-03T17:27:53+00:00","description":"La Farga de L'Hospitalet ja t\u00e9 a punt un any m\u00e9s la 14a edici\u00f3 del sal\u00f3 Creativa, refer\u00e8ncia de les manualitats i les labors.","breadcrumb":{"@id":"https:\/\/www.lafargalhospitalet.com\/ca\/obre-14a-edicio-creativa\/#breadcrumb"},"inLanguage":"ca","potentialAction":[{"@type":"ReadAction","target":["https:\/\/www.lafargalhospitalet.com\/ca\/obre-14a-edicio-creativa\/"]}]},{"@type":"ImageObject","inLanguage":"ca","@id":"https:\/\/www.lafargalhospitalet.com\/ca\/obre-14a-edicio-creativa\/#primaryimage","url":"https:\/\/www.lafargalhospitalet.com\/wp-content\/uploads\/2019\/11\/Creativa-2018-Farga.jpg","contentUrl":"https:\/\/www.lafargalhospitalet.com\/wp-content\/uploads\/2019\/11\/Creativa-2018-Farga.jpg","width":730,"height":410,"caption":"14a edici\u00f3 Creativa Farga"},{"@type":"BreadcrumbList","@id":"https:\/\/www.lafargalhospitalet.com\/ca\/obre-14a-edicio-creativa\/#breadcrumb","itemListElement":[{"@type":"ListItem","position":1,"name":"Portada","item":"https:\/\/www.lafargalhospitalet.com\/"},{"@type":"ListItem","position":2,"name":"Obre la 14a edici\u00f3 de Creativa"}]},{"@type":"WebSite","@id":"https:\/\/www.lafargalhospitalet.com\/#website","url":"https:\/\/www.lafargalhospitalet.com\/","name":"La Farga L'Hospitalet Centre d'Activitats. La Farga GEM, S.A.","description":"La Farga L&#039;Hospitalet Centre d&#039;Activitats. Gestionat per La Farga GEM, S.A. Fires i Congressos. Concerts, exposicions, reunions, filmacions, sopars de gala.","publisher":{"@id":"https:\/\/www.lafargalhospitalet.com\/#organization"},"potentialAction":[{"@type":"SearchAction","target":{"@type":"EntryPoint","urlTemplate":"https:\/\/www.lafargalhospitalet.com\/?s={search_term_string}"},"query-input":{"@type":"PropertyValueSpecification","valueRequired":true,"valueName":"search_term_string"}}],"inLanguage":"ca"},{"@type":"Organization","@id":"https:\/\/www.lafargalhospitalet.com\/#organization","name":"La Farga L'Hospitalet Centre d'Activitats. La Farga GEM, S.A.","url":"https:\/\/www.lafargalhospitalet.com\/","logo":{"@type":"ImageObject","inLanguage":"ca","@id":"https:\/\/www.lafargalhospitalet.com\/#\/schema\/logo\/image\/","url":"https:\/\/www.lafargalhospitalet.com\/wp-content\/uploads\/2025\/10\/logotipo_lafarga_centre_activitats.png","contentUrl":"https:\/\/www.lafargalhospitalet.com\/wp-content\/uploads\/2025\/10\/logotipo_lafarga_centre_activitats.png","width":266,"height":101,"caption":"La Farga L'Hospitalet Centre d'Activitats. La Farga GEM, S.A."},"image":{"@id":"https:\/\/www.lafargalhospitalet.com\/#\/schema\/logo\/image\/"},"sameAs":["https:\/\/www.facebook.com\/fargahospitalet\/","https:\/\/x.com\/fargahospitalet","https:\/\/www.instagram.com\/lafargahospitalet\/","https:\/\/www.youtube.com\/channel\/UCoLt6hen3PqGXgbLMGI3Qdw","https:\/\/www.flickr.com\/photos\/lafargagemsa\/albums"]},{"@type":"Person","@id":"https:\/\/www.lafargalhospitalet.com\/#\/schema\/person\/6cbac0ef7748506b167ff859e1c7f378","name":"La Farga Centre d'Activitats","sameAs":["https:\/\/www.lafargalhospitalet.com"],"url":"https:\/\/www.lafargalhospitalet.com\/ca\/author\/far25gmin\/"}]}},"_links":{"self":[{"href":"https:\/\/www.lafargalhospitalet.com\/ca\/wp-json\/wp\/v2\/posts\/7166","targetHints":{"allow":["GET"]}}],"collection":[{"href":"https:\/\/www.lafargalhospitalet.com\/ca\/wp-json\/wp\/v2\/posts"}],"about":[{"href":"https:\/\/www.lafargalhospitalet.com\/ca\/wp-json\/wp\/v2\/types\/post"}],"author":[{"embeddable":true,"href":"https:\/\/www.lafargalhospitalet.com\/ca\/wp-json\/wp\/v2\/users\/1"}],"replies":[{"embeddable":true,"href":"https:\/\/www.lafargalhospitalet.com\/ca\/wp-json\/wp\/v2\/comments?post=7166"}],"version-history":[{"count":0,"href":"https:\/\/www.lafargalhospitalet.com\/ca\/wp-json\/wp\/v2\/posts\/7166\/revisions"}],"wp:featuredmedia":[{"embeddable":true,"href":"https:\/\/www.lafargalhospitalet.com\/ca\/wp-json\/wp\/v2\/media\/7167"}],"wp:attachment":[{"href":"https:\/\/www.lafargalhospitalet.com\/ca\/wp-json\/wp\/v2\/media?parent=7166"}],"wp:term":[{"taxonomy":"category","embeddable":true,"href":"https:\/\/www.lafargalhospitalet.com\/ca\/wp-json\/wp\/v2\/categories?post=7166"},{"taxonomy":"post_tag","embeddable":true,"href":"https:\/\/www.lafargalhospitalet.com\/ca\/wp-json\/wp\/v2\/tags?post=7166"}],"curies":[{"name":"wp","href":"https:\/\/api.w.org\/{rel}","templated":true}]}}