{"id":7289,"date":"2019-12-18T12:38:40","date_gmt":"2019-12-18T11:38:40","guid":{"rendered":"http:\/\/www.lafargalhospitalet.com\/?p=7289"},"modified":"2025-11-03T18:27:43","modified_gmt":"2025-11-03T17:27:43","slug":"kaliu-park-torna-farga-omplir-nadal-ciutat","status":"publish","type":"post","link":"https:\/\/www.lafargalhospitalet.com\/ca\/kaliu-park-torna-farga-omplir-nadal-ciutat\/","title":{"rendered":"Kaliu Park torna a La Farga per omplir de Nadal la ciutat"},"content":{"rendered":"<h5>Kaliu Park, Espai L\u00fadic de Nadal de L\u2019H, obre divendres a La Farga Centre d&#8217;Activitats<\/h5>\n<p>El Kaliu Park, Espai L\u00fadic de Nadal de L\u2019Hospitalet, <a href=\"https:\/\/www.lafargalhospitalet.com\/kaliu-park-tanca-amb-125-000-visitants-i-mes-patinadors\/\" target=\"_blank\" rel=\"noopener noreferrer\"><strong>tornar\u00e0 a obrir portes<\/strong><\/a> el proper divendres, 20 de desembre, a La Farga Centre d&#8217;Activitats, amb la gran pista de gel, el tobogan gegant, el Circ d\u2019Hivern i diferents activitats l\u00fadiques, espai de jocs, tradicions i espectacles per a infants i joves. La instal\u00b7laci\u00f3 funcionar\u00e0 durant totes les vacances escolars.<\/p>\n<p>Al Kaliu Gel hi trobarem una gran pista de gel de 1.400 m2, una pista infantil de 200 m2 per a patinadors i patinadores novells i el tobogan gegant, de 40 metres de llarg per 14 metres d\u2019ampla. Per a aquestes atraccions, caldr\u00e0 comprar entrada.<\/p>\n<p>Pel que fa a la resta d\u2019activitats, com a novetat enguany hi haur\u00e0 un circuit d\u2019iniciaci\u00f3 al m\u00f3n de l\u2019aventura, on els nens i les nenes hauran de provar les seves habilitats per superar diferents reptes (pont tibet\u00e0, equilibris, pont de mico, etc.); un espai d\u2019escalada i r\u00e0pel, amb un roc\u00f2drom, i un espai de futbol 3&#215;3 inflable amb moqueta, en el marc de la campanya \u201c<a href=\"https:\/\/celh.es\/\" target=\"_blank\" rel=\"noopener noreferrer\"><strong>CE L\u2019Hospitalet<\/strong><\/a>, m\u00e9s que esport\u201d.<\/p>\n<h5>Torna el Kaliu m\u00e9s l\u00fadic<\/h5>\n<p>Al recinte tamb\u00e9 hi haur\u00e0 tallers de circ i percussi\u00f3, m\u00fasica en directe i un taller de ball urb\u00e0. Enguany tampoc hi faltaran el M\u00f3n del Joc, amb jocs tradicionals, jocs gegants, cordes, salts de llan\u00e7aments i zona de malabars; una ludoteca infantil amb elements de psicomotricitat, activitats de preesport, jocs simb\u00f2lics, construccions i equilibris, i un espai d\u2019inflables. Tamb\u00e9 acollir\u00e0 un taller de maquillatge.<\/p>\n<p>A m\u00e9s, el Kaliu Park reservar\u00e0 un espai per a la visita del Pare Noel i d\u2019un patge reial perqu\u00e8 els nens i les nenes puguin lliurar-los la seva carta. El Pare Noel hi ser\u00e0 els dies 20, 21, 22, 23 i 24 de desembre, de 17 a 21 hores, i hi haur\u00e0 un patge dels Reis Mags de l\u2019Orient que recollir\u00e0 cartes i desitjos del 26 de desembre al 4 de gener, de 12 a 14 hores i de 17 a 21 hores, i el 5 de gener, de 12 a 19 hores.<\/p>\n<p>El Kaliu Park obrir\u00e0 cada dia, del 20 de desembre al 7 de gener. El 20 de desembre, de 17 a 21 hores, i la resta de dies, d\u201911 a 21 hores. Hi haur\u00e0 horaris especials el dia 25 i 26 de desembre, d\u201911 a 14 hores i de 17 a 21 hores, i el 31 desembre, d\u201911 a 19 hores, i el 5 de gener, d\u201911 a 17 hores.<\/p>\n<p>L\u2019entrada al Kaliu Park \u00e9s lliure, per\u00f2 cal adquirir una entrada per participar a les activitats de Kaliu Gel.<\/p>\n<p>Per a m\u00e9s informaci\u00f3, podeu consultar <strong><a href=\"http:\/\/www.kaliupark.cat\" target=\"_blank\" rel=\"noopener noreferrer\">www.kaliupark.cat.<\/a><\/strong><\/p>\n","protected":false},"excerpt":{"rendered":"<p>Un circuit d\u2019iniciaci\u00f3 al m\u00f3n de l\u2019aventura, un espai d\u2019escalada i r\u00e0pel i un camp de futbol 3&#215;3 inflable amb moqueta, novetats d\u2019enguany.<\/p>\n","protected":false},"author":1,"featured_media":6266,"comment_status":"closed","ping_status":"closed","sticky":false,"template":"","format":"standard","meta":{"_monsterinsights_skip_tracking":false,"_monsterinsights_sitenote_active":false,"_monsterinsights_sitenote_note":"","_monsterinsights_sitenote_category":0,"footnotes":""},"categories":[83],"tags":[],"class_list":["post-7289","post","type-post","status-publish","format-standard","has-post-thumbnail","hentry","category-noticies"],"yoast_head":"<!-- This site is optimized with the Yoast SEO plugin v27.5 - https:\/\/yoast.com\/product\/yoast-seo-wordpress\/ -->\n<title>Kaliu Park torna a La Farga per omplir de Nadal la ciutat - La Farga L&#039;Hospitalet Centre d&#039;Activitats. La Farga GEM, S.A.<\/title>\n<meta name=\"description\" content=\"Un circuit d\u2019iniciaci\u00f3 al m\u00f3n de l\u2019aventura, un espai d\u2019escalada i r\u00e0pel i un camp de futbol 3x3 inflable amb moqueta, novetats d\u2019enguany a Kaliu Park.\" \/>\n<meta name=\"robots\" content=\"index, follow, max-snippet:-1, max-image-preview:large, max-video-preview:-1\" \/>\n<link rel=\"canonical\" href=\"https:\/\/www.lafargalhospitalet.com\/ca\/kaliu-park-torna-farga-omplir-nadal-ciutat\/\" \/>\n<meta property=\"og:locale\" content=\"ca_ES\" \/>\n<meta property=\"og:type\" content=\"article\" \/>\n<meta property=\"og:title\" content=\"Kaliu Park torna a La Farga per omplir de Nadal la ciutat - La Farga L&#039;Hospitalet Centre d&#039;Activitats. La Farga GEM, S.A.\" \/>\n<meta property=\"og:description\" content=\"Un circuit d\u2019iniciaci\u00f3 al m\u00f3n de l\u2019aventura, un espai d\u2019escalada i r\u00e0pel i un camp de futbol 3x3 inflable amb moqueta, novetats d\u2019enguany a Kaliu Park.\" \/>\n<meta property=\"og:url\" content=\"https:\/\/www.lafargalhospitalet.com\/ca\/kaliu-park-torna-farga-omplir-nadal-ciutat\/\" \/>\n<meta property=\"og:site_name\" content=\"La Farga L&#039;Hospitalet Centre d&#039;Activitats. La Farga GEM, S.A.\" \/>\n<meta property=\"article:publisher\" content=\"https:\/\/www.facebook.com\/fargahospitalet\/\" \/>\n<meta property=\"article:published_time\" content=\"2019-12-18T11:38:40+00:00\" \/>\n<meta property=\"article:modified_time\" content=\"2025-11-03T17:27:43+00:00\" \/>\n<meta property=\"og:image\" content=\"https:\/\/www.lafargalhospitalet.com\/wp-content\/uploads\/2019\/01\/Kaliu-Farga-18-Resum.jpg\" \/>\n\t<meta property=\"og:image:width\" content=\"730\" \/>\n\t<meta property=\"og:image:height\" content=\"410\" \/>\n\t<meta property=\"og:image:type\" content=\"image\/jpeg\" \/>\n<meta name=\"author\" content=\"La Farga Centre d&#039;Activitats\" \/>\n<meta name=\"twitter:card\" content=\"summary_large_image\" \/>\n<meta name=\"twitter:creator\" content=\"@fargahospitalet\" \/>\n<meta name=\"twitter:site\" content=\"@fargahospitalet\" \/>\n<meta name=\"twitter:label1\" content=\"Escrit per\" \/>\n\t<meta name=\"twitter:data1\" content=\"La Farga Centre d&#039;Activitats\" \/>\n\t<meta name=\"twitter:label2\" content=\"Temps estimat de lectura\" \/>\n\t<meta name=\"twitter:data2\" content=\"2 minuts\" \/>\n<script type=\"application\/ld+json\" class=\"yoast-schema-graph\">{\"@context\":\"https:\\\/\\\/schema.org\",\"@graph\":[{\"@type\":\"Article\",\"@id\":\"https:\\\/\\\/www.lafargalhospitalet.com\\\/ca\\\/kaliu-park-torna-farga-omplir-nadal-ciutat\\\/#article\",\"isPartOf\":{\"@id\":\"https:\\\/\\\/www.lafargalhospitalet.com\\\/ca\\\/kaliu-park-torna-farga-omplir-nadal-ciutat\\\/\"},\"author\":{\"name\":\"La Farga Centre d'Activitats\",\"@id\":\"https:\\\/\\\/www.lafargalhospitalet.com\\\/#\\\/schema\\\/person\\\/6cbac0ef7748506b167ff859e1c7f378\"},\"headline\":\"Kaliu Park torna a La Farga per omplir de Nadal la ciutat\",\"datePublished\":\"2019-12-18T11:38:40+00:00\",\"dateModified\":\"2025-11-03T17:27:43+00:00\",\"mainEntityOfPage\":{\"@id\":\"https:\\\/\\\/www.lafargalhospitalet.com\\\/ca\\\/kaliu-park-torna-farga-omplir-nadal-ciutat\\\/\"},\"wordCount\":459,\"publisher\":{\"@id\":\"https:\\\/\\\/www.lafargalhospitalet.com\\\/#organization\"},\"image\":{\"@id\":\"https:\\\/\\\/www.lafargalhospitalet.com\\\/ca\\\/kaliu-park-torna-farga-omplir-nadal-ciutat\\\/#primaryimage\"},\"thumbnailUrl\":\"https:\\\/\\\/www.lafargalhospitalet.com\\\/wp-content\\\/uploads\\\/2019\\\/01\\\/Kaliu-Farga-18-Resum.jpg\",\"articleSection\":[\"Noticies\"],\"inLanguage\":\"ca\"},{\"@type\":\"WebPage\",\"@id\":\"https:\\\/\\\/www.lafargalhospitalet.com\\\/ca\\\/kaliu-park-torna-farga-omplir-nadal-ciutat\\\/\",\"url\":\"https:\\\/\\\/www.lafargalhospitalet.com\\\/ca\\\/kaliu-park-torna-farga-omplir-nadal-ciutat\\\/\",\"name\":\"Kaliu Park torna a La Farga per omplir de Nadal la ciutat - La Farga L&#039;Hospitalet Centre d&#039;Activitats. La Farga GEM, S.A.\",\"isPartOf\":{\"@id\":\"https:\\\/\\\/www.lafargalhospitalet.com\\\/#website\"},\"primaryImageOfPage\":{\"@id\":\"https:\\\/\\\/www.lafargalhospitalet.com\\\/ca\\\/kaliu-park-torna-farga-omplir-nadal-ciutat\\\/#primaryimage\"},\"image\":{\"@id\":\"https:\\\/\\\/www.lafargalhospitalet.com\\\/ca\\\/kaliu-park-torna-farga-omplir-nadal-ciutat\\\/#primaryimage\"},\"thumbnailUrl\":\"https:\\\/\\\/www.lafargalhospitalet.com\\\/wp-content\\\/uploads\\\/2019\\\/01\\\/Kaliu-Farga-18-Resum.jpg\",\"datePublished\":\"2019-12-18T11:38:40+00:00\",\"dateModified\":\"2025-11-03T17:27:43+00:00\",\"description\":\"Un circuit d\u2019iniciaci\u00f3 al m\u00f3n de l\u2019aventura, un espai d\u2019escalada i r\u00e0pel i un camp de futbol 3x3 inflable amb moqueta, novetats d\u2019enguany a Kaliu Park.\",\"breadcrumb\":{\"@id\":\"https:\\\/\\\/www.lafargalhospitalet.com\\\/ca\\\/kaliu-park-torna-farga-omplir-nadal-ciutat\\\/#breadcrumb\"},\"inLanguage\":\"ca\",\"potentialAction\":[{\"@type\":\"ReadAction\",\"target\":[\"https:\\\/\\\/www.lafargalhospitalet.com\\\/ca\\\/kaliu-park-torna-farga-omplir-nadal-ciutat\\\/\"]}]},{\"@type\":\"ImageObject\",\"inLanguage\":\"ca\",\"@id\":\"https:\\\/\\\/www.lafargalhospitalet.com\\\/ca\\\/kaliu-park-torna-farga-omplir-nadal-ciutat\\\/#primaryimage\",\"url\":\"https:\\\/\\\/www.lafargalhospitalet.com\\\/wp-content\\\/uploads\\\/2019\\\/01\\\/Kaliu-Farga-18-Resum.jpg\",\"contentUrl\":\"https:\\\/\\\/www.lafargalhospitalet.com\\\/wp-content\\\/uploads\\\/2019\\\/01\\\/Kaliu-Farga-18-Resum.jpg\",\"width\":730,\"height\":410,\"caption\":\"Kaliu Park Patinadors\"},{\"@type\":\"BreadcrumbList\",\"@id\":\"https:\\\/\\\/www.lafargalhospitalet.com\\\/ca\\\/kaliu-park-torna-farga-omplir-nadal-ciutat\\\/#breadcrumb\",\"itemListElement\":[{\"@type\":\"ListItem\",\"position\":1,\"name\":\"Portada\",\"item\":\"https:\\\/\\\/www.lafargalhospitalet.com\\\/\"},{\"@type\":\"ListItem\",\"position\":2,\"name\":\"Kaliu Park torna a La Farga per omplir de Nadal la ciutat\"}]},{\"@type\":\"WebSite\",\"@id\":\"https:\\\/\\\/www.lafargalhospitalet.com\\\/#website\",\"url\":\"https:\\\/\\\/www.lafargalhospitalet.com\\\/\",\"name\":\"La Farga L'Hospitalet Centre d'Activitats. La Farga GEM, S.A.\",\"description\":\"La Farga L&#039;Hospitalet Centre d&#039;Activitats. Gestionat per La Farga GEM, S.A. Fires i Congressos. Concerts, exposicions, reunions, filmacions, sopars de gala.\",\"publisher\":{\"@id\":\"https:\\\/\\\/www.lafargalhospitalet.com\\\/#organization\"},\"potentialAction\":[{\"@type\":\"SearchAction\",\"target\":{\"@type\":\"EntryPoint\",\"urlTemplate\":\"https:\\\/\\\/www.lafargalhospitalet.com\\\/?s={search_term_string}\"},\"query-input\":{\"@type\":\"PropertyValueSpecification\",\"valueRequired\":true,\"valueName\":\"search_term_string\"}}],\"inLanguage\":\"ca\"},{\"@type\":\"Organization\",\"@id\":\"https:\\\/\\\/www.lafargalhospitalet.com\\\/#organization\",\"name\":\"La Farga L'Hospitalet Centre d'Activitats. La Farga GEM, S.A.\",\"url\":\"https:\\\/\\\/www.lafargalhospitalet.com\\\/\",\"logo\":{\"@type\":\"ImageObject\",\"inLanguage\":\"ca\",\"@id\":\"https:\\\/\\\/www.lafargalhospitalet.com\\\/#\\\/schema\\\/logo\\\/image\\\/\",\"url\":\"https:\\\/\\\/www.lafargalhospitalet.com\\\/wp-content\\\/uploads\\\/2025\\\/10\\\/logotipo_lafarga_centre_activitats.png\",\"contentUrl\":\"https:\\\/\\\/www.lafargalhospitalet.com\\\/wp-content\\\/uploads\\\/2025\\\/10\\\/logotipo_lafarga_centre_activitats.png\",\"width\":266,\"height\":101,\"caption\":\"La Farga L'Hospitalet Centre d'Activitats. La Farga GEM, S.A.\"},\"image\":{\"@id\":\"https:\\\/\\\/www.lafargalhospitalet.com\\\/#\\\/schema\\\/logo\\\/image\\\/\"},\"sameAs\":[\"https:\\\/\\\/www.facebook.com\\\/fargahospitalet\\\/\",\"https:\\\/\\\/x.com\\\/fargahospitalet\",\"https:\\\/\\\/www.instagram.com\\\/lafargahospitalet\\\/\",\"https:\\\/\\\/www.youtube.com\\\/channel\\\/UCoLt6hen3PqGXgbLMGI3Qdw\",\"https:\\\/\\\/www.flickr.com\\\/photos\\\/lafargagemsa\\\/albums\"]},{\"@type\":\"Person\",\"@id\":\"https:\\\/\\\/www.lafargalhospitalet.com\\\/#\\\/schema\\\/person\\\/6cbac0ef7748506b167ff859e1c7f378\",\"name\":\"La Farga Centre d'Activitats\",\"sameAs\":[\"https:\\\/\\\/www.lafargalhospitalet.com\"],\"url\":\"https:\\\/\\\/www.lafargalhospitalet.com\\\/ca\\\/author\\\/far25gmin\\\/\"}]}<\/script>\n<!-- \/ Yoast SEO plugin. -->","yoast_head_json":{"title":"Kaliu Park torna a La Farga per omplir de Nadal la ciutat - La Farga L&#039;Hospitalet Centre d&#039;Activitats. La Farga GEM, S.A.","description":"Un circuit d\u2019iniciaci\u00f3 al m\u00f3n de l\u2019aventura, un espai d\u2019escalada i r\u00e0pel i un camp de futbol 3x3 inflable amb moqueta, novetats d\u2019enguany a Kaliu Park.","robots":{"index":"index","follow":"follow","max-snippet":"max-snippet:-1","max-image-preview":"max-image-preview:large","max-video-preview":"max-video-preview:-1"},"canonical":"https:\/\/www.lafargalhospitalet.com\/ca\/kaliu-park-torna-farga-omplir-nadal-ciutat\/","og_locale":"ca_ES","og_type":"article","og_title":"Kaliu Park torna a La Farga per omplir de Nadal la ciutat - La Farga L&#039;Hospitalet Centre d&#039;Activitats. La Farga GEM, S.A.","og_description":"Un circuit d\u2019iniciaci\u00f3 al m\u00f3n de l\u2019aventura, un espai d\u2019escalada i r\u00e0pel i un camp de futbol 3x3 inflable amb moqueta, novetats d\u2019enguany a Kaliu Park.","og_url":"https:\/\/www.lafargalhospitalet.com\/ca\/kaliu-park-torna-farga-omplir-nadal-ciutat\/","og_site_name":"La Farga L&#039;Hospitalet Centre d&#039;Activitats. La Farga GEM, S.A.","article_publisher":"https:\/\/www.facebook.com\/fargahospitalet\/","article_published_time":"2019-12-18T11:38:40+00:00","article_modified_time":"2025-11-03T17:27:43+00:00","og_image":[{"width":730,"height":410,"url":"https:\/\/www.lafargalhospitalet.com\/wp-content\/uploads\/2019\/01\/Kaliu-Farga-18-Resum.jpg","type":"image\/jpeg"}],"author":"La Farga Centre d'Activitats","twitter_card":"summary_large_image","twitter_creator":"@fargahospitalet","twitter_site":"@fargahospitalet","twitter_misc":{"Escrit per":"La Farga Centre d'Activitats","Temps estimat de lectura":"2 minuts"},"schema":{"@context":"https:\/\/schema.org","@graph":[{"@type":"Article","@id":"https:\/\/www.lafargalhospitalet.com\/ca\/kaliu-park-torna-farga-omplir-nadal-ciutat\/#article","isPartOf":{"@id":"https:\/\/www.lafargalhospitalet.com\/ca\/kaliu-park-torna-farga-omplir-nadal-ciutat\/"},"author":{"name":"La Farga Centre d'Activitats","@id":"https:\/\/www.lafargalhospitalet.com\/#\/schema\/person\/6cbac0ef7748506b167ff859e1c7f378"},"headline":"Kaliu Park torna a La Farga per omplir de Nadal la ciutat","datePublished":"2019-12-18T11:38:40+00:00","dateModified":"2025-11-03T17:27:43+00:00","mainEntityOfPage":{"@id":"https:\/\/www.lafargalhospitalet.com\/ca\/kaliu-park-torna-farga-omplir-nadal-ciutat\/"},"wordCount":459,"publisher":{"@id":"https:\/\/www.lafargalhospitalet.com\/#organization"},"image":{"@id":"https:\/\/www.lafargalhospitalet.com\/ca\/kaliu-park-torna-farga-omplir-nadal-ciutat\/#primaryimage"},"thumbnailUrl":"https:\/\/www.lafargalhospitalet.com\/wp-content\/uploads\/2019\/01\/Kaliu-Farga-18-Resum.jpg","articleSection":["Noticies"],"inLanguage":"ca"},{"@type":"WebPage","@id":"https:\/\/www.lafargalhospitalet.com\/ca\/kaliu-park-torna-farga-omplir-nadal-ciutat\/","url":"https:\/\/www.lafargalhospitalet.com\/ca\/kaliu-park-torna-farga-omplir-nadal-ciutat\/","name":"Kaliu Park torna a La Farga per omplir de Nadal la ciutat - La Farga L&#039;Hospitalet Centre d&#039;Activitats. La Farga GEM, S.A.","isPartOf":{"@id":"https:\/\/www.lafargalhospitalet.com\/#website"},"primaryImageOfPage":{"@id":"https:\/\/www.lafargalhospitalet.com\/ca\/kaliu-park-torna-farga-omplir-nadal-ciutat\/#primaryimage"},"image":{"@id":"https:\/\/www.lafargalhospitalet.com\/ca\/kaliu-park-torna-farga-omplir-nadal-ciutat\/#primaryimage"},"thumbnailUrl":"https:\/\/www.lafargalhospitalet.com\/wp-content\/uploads\/2019\/01\/Kaliu-Farga-18-Resum.jpg","datePublished":"2019-12-18T11:38:40+00:00","dateModified":"2025-11-03T17:27:43+00:00","description":"Un circuit d\u2019iniciaci\u00f3 al m\u00f3n de l\u2019aventura, un espai d\u2019escalada i r\u00e0pel i un camp de futbol 3x3 inflable amb moqueta, novetats d\u2019enguany a Kaliu Park.","breadcrumb":{"@id":"https:\/\/www.lafargalhospitalet.com\/ca\/kaliu-park-torna-farga-omplir-nadal-ciutat\/#breadcrumb"},"inLanguage":"ca","potentialAction":[{"@type":"ReadAction","target":["https:\/\/www.lafargalhospitalet.com\/ca\/kaliu-park-torna-farga-omplir-nadal-ciutat\/"]}]},{"@type":"ImageObject","inLanguage":"ca","@id":"https:\/\/www.lafargalhospitalet.com\/ca\/kaliu-park-torna-farga-omplir-nadal-ciutat\/#primaryimage","url":"https:\/\/www.lafargalhospitalet.com\/wp-content\/uploads\/2019\/01\/Kaliu-Farga-18-Resum.jpg","contentUrl":"https:\/\/www.lafargalhospitalet.com\/wp-content\/uploads\/2019\/01\/Kaliu-Farga-18-Resum.jpg","width":730,"height":410,"caption":"Kaliu Park Patinadors"},{"@type":"BreadcrumbList","@id":"https:\/\/www.lafargalhospitalet.com\/ca\/kaliu-park-torna-farga-omplir-nadal-ciutat\/#breadcrumb","itemListElement":[{"@type":"ListItem","position":1,"name":"Portada","item":"https:\/\/www.lafargalhospitalet.com\/"},{"@type":"ListItem","position":2,"name":"Kaliu Park torna a La Farga per omplir de Nadal la ciutat"}]},{"@type":"WebSite","@id":"https:\/\/www.lafargalhospitalet.com\/#website","url":"https:\/\/www.lafargalhospitalet.com\/","name":"La Farga L'Hospitalet Centre d'Activitats. La Farga GEM, S.A.","description":"La Farga L&#039;Hospitalet Centre d&#039;Activitats. Gestionat per La Farga GEM, S.A. Fires i Congressos. Concerts, exposicions, reunions, filmacions, sopars de gala.","publisher":{"@id":"https:\/\/www.lafargalhospitalet.com\/#organization"},"potentialAction":[{"@type":"SearchAction","target":{"@type":"EntryPoint","urlTemplate":"https:\/\/www.lafargalhospitalet.com\/?s={search_term_string}"},"query-input":{"@type":"PropertyValueSpecification","valueRequired":true,"valueName":"search_term_string"}}],"inLanguage":"ca"},{"@type":"Organization","@id":"https:\/\/www.lafargalhospitalet.com\/#organization","name":"La Farga L'Hospitalet Centre d'Activitats. La Farga GEM, S.A.","url":"https:\/\/www.lafargalhospitalet.com\/","logo":{"@type":"ImageObject","inLanguage":"ca","@id":"https:\/\/www.lafargalhospitalet.com\/#\/schema\/logo\/image\/","url":"https:\/\/www.lafargalhospitalet.com\/wp-content\/uploads\/2025\/10\/logotipo_lafarga_centre_activitats.png","contentUrl":"https:\/\/www.lafargalhospitalet.com\/wp-content\/uploads\/2025\/10\/logotipo_lafarga_centre_activitats.png","width":266,"height":101,"caption":"La Farga L'Hospitalet Centre d'Activitats. La Farga GEM, S.A."},"image":{"@id":"https:\/\/www.lafargalhospitalet.com\/#\/schema\/logo\/image\/"},"sameAs":["https:\/\/www.facebook.com\/fargahospitalet\/","https:\/\/x.com\/fargahospitalet","https:\/\/www.instagram.com\/lafargahospitalet\/","https:\/\/www.youtube.com\/channel\/UCoLt6hen3PqGXgbLMGI3Qdw","https:\/\/www.flickr.com\/photos\/lafargagemsa\/albums"]},{"@type":"Person","@id":"https:\/\/www.lafargalhospitalet.com\/#\/schema\/person\/6cbac0ef7748506b167ff859e1c7f378","name":"La Farga Centre d'Activitats","sameAs":["https:\/\/www.lafargalhospitalet.com"],"url":"https:\/\/www.lafargalhospitalet.com\/ca\/author\/far25gmin\/"}]}},"_links":{"self":[{"href":"https:\/\/www.lafargalhospitalet.com\/ca\/wp-json\/wp\/v2\/posts\/7289","targetHints":{"allow":["GET"]}}],"collection":[{"href":"https:\/\/www.lafargalhospitalet.com\/ca\/wp-json\/wp\/v2\/posts"}],"about":[{"href":"https:\/\/www.lafargalhospitalet.com\/ca\/wp-json\/wp\/v2\/types\/post"}],"author":[{"embeddable":true,"href":"https:\/\/www.lafargalhospitalet.com\/ca\/wp-json\/wp\/v2\/users\/1"}],"replies":[{"embeddable":true,"href":"https:\/\/www.lafargalhospitalet.com\/ca\/wp-json\/wp\/v2\/comments?post=7289"}],"version-history":[{"count":0,"href":"https:\/\/www.lafargalhospitalet.com\/ca\/wp-json\/wp\/v2\/posts\/7289\/revisions"}],"wp:featuredmedia":[{"embeddable":true,"href":"https:\/\/www.lafargalhospitalet.com\/ca\/wp-json\/wp\/v2\/media\/6266"}],"wp:attachment":[{"href":"https:\/\/www.lafargalhospitalet.com\/ca\/wp-json\/wp\/v2\/media?parent=7289"}],"wp:term":[{"taxonomy":"category","embeddable":true,"href":"https:\/\/www.lafargalhospitalet.com\/ca\/wp-json\/wp\/v2\/categories?post=7289"},{"taxonomy":"post_tag","embeddable":true,"href":"https:\/\/www.lafargalhospitalet.com\/ca\/wp-json\/wp\/v2\/tags?post=7289"}],"curies":[{"name":"wp","href":"https:\/\/api.w.org\/{rel}","templated":true}]}}