{"id":7664,"date":"2020-07-03T09:02:23","date_gmt":"2020-07-03T08:02:23","guid":{"rendered":"http:\/\/www.lafargalhospitalet.com\/?p=7664"},"modified":"2025-11-03T18:27:42","modified_gmt":"2025-11-03T17:27:42","slug":"consell-ciutat-farga-congress","status":"publish","type":"post","link":"https:\/\/www.lafargalhospitalet.com\/ca\/consell-ciutat-farga-congress\/","title":{"rendered":"Consell de Ciutat, a La Farga Congress"},"content":{"rendered":"<h5>Primera activitat post-confinament<\/h5>\n<p>La sessi\u00f3 extraordin\u00e0ria del Ple del <strong><a href=\"http:\/\/www.l-h.cat\/detallNoticia.aspx?1IqazCNnHBOGtATBbcpYN0OFKiCQGbZzADgIZdv5pbv4ez1gF6JE3w1RfYnJCsqmvSOa\" target=\"_blank\" rel=\"noopener noreferrer\">Consell de Ciutat<\/a><\/strong> de L\u2019Hospitalet, el m\u00e0xim \u00f2rgan consultiu de participaci\u00f3 ciutadana, s&#8217;ha celebrat a la Sala Polivalent de La Farga Congress, i ha servit per presentar als seus membres el Pacte de ciutat, un front com\u00fa per reactivar social i econ\u00f2micament la ciutat despr\u00e9s de l\u2019emerg\u00e8ncia sanit\u00e0ria. Aquesta ha estat la <a href=\"https:\/\/www.lafargalhospitalet.com\/reprenem-activitats\/\" target=\"_blank\" rel=\"noopener noreferrer\"><strong>primera activitat<\/strong><\/a>, oberta al p\u00fablic, que s&#8217;ha desenvolupat a La Farga de L&#8217;Hospitalet despr\u00e9s de l&#8217;Estat d&#8217;alarma.<\/p>\n<p>Durant el Ple municipal del mes d\u2019abril es va anunciar un gran pacte de ciutat, on segons ha afirmat l\u2019alcaldessa de L\u2019Hospitalet, N\u00faria Mar\u00edn, <em>\u201ctots els grups pol\u00edtics municipals i els agents socials i econ\u00f2mics concertessin les accions necess\u00e0ries per impulsar la reactivaci\u00f3 econ\u00f2mica i social i perqu\u00e8 els sectors i la ciutadania m\u00e9s fr\u00e0gils no es quedin enrere\u201d<\/em>.<\/p>\n<h5>El Pla de reactivaci\u00f3 s\u2019estructura al voltant de tres idees:<\/h5>\n<ul>\n<li>Ning\u00fa no quedi enrere en la recuperaci\u00f3 del municipi<\/li>\n<li>Consens c\u00edvic per repensar el model de ciutat dirigit a l\u2019increment del benestar i a l\u2019erradicaci\u00f3 de desigualtats<\/li>\n<li>L\u2019Hospitalet ser\u00e0 capdavantera en innovaci\u00f3 social aplicada a la reactivaci\u00f3 local.<\/li>\n<\/ul>\n<p>El primer tinent d\u2019alcaldia, i president de La Farga Gesti\u00f3 d&#8217;Equipaments Municipals, Francesc Josep Belver, ha estat l\u2019encarregat de presentar el Pacte de ciutat als membres del Consell. <em>\u201cLa reacci\u00f3 conjunta institucional i ciutadana durant l\u2019estat d\u2019alarma ha servit per garantir els serveis essencials i donar resposta a les noves necessitats sorgides de la pand\u00e8mia. Aquest esperit d\u2019uni\u00f3 i col\u00b7laboraci\u00f3 \u00e9s el que es vol recollir en aquest gran acord de ciutat que estem treballant\u201d<\/em>, ha afegit Belver.<\/p>\n<p>El pacte ha de ser l\u2019instrument que <em>\u201cpermeti, des del consens, continuar treballant units i sumant esfor\u00e7os col\u00b7lectius i individuals de manera coordinada i planificada per encarar el nou escenari postcoronavirus\u201d<\/em>.<\/p>\n<p>D\u2019aquest acord sorgir\u00e0 un pla de reactivaci\u00f3 que vol, entre d\u2019altres, recuperar la seguretat i la confian\u00e7a de la ciutadania i la garantia de la salut mentre no hi hagi una soluci\u00f3 definitiva a la malaltia o risc de contagi.<\/p>\n<p>El pacte ha recollit les propostes dels grups pol\u00edtics municipals, i ara s\u2019est\u00e0 fent el mateix amb les entitats i agents socials representats al Consell de Ciutat, amb el teixit associatiu, els agents dels sectors econ\u00f2mic, cultural, educatiu i el moviment ve\u00efnal representat per la Federaci\u00f3 d\u2019Associacions de Ve\u00efnes i Ve\u00efns de L\u2019Hospitalet. La voluntat \u00e9s tenir un primer document a finals de juliol.<\/p>\n<p>A partir d\u2019aqu\u00ed, les diferents propostes d\u2019actuaci\u00f3 s\u2019agruparan en quatre eixos estrat\u00e8gics que s\u2019alineen amb els objectius de desenvolupament sostenible i l\u2019objectiu de \u201cBarreres 0 al 2030\u201d:<\/p>\n<p><strong>Entorn urb\u00e0<\/strong>: adaptar l\u2019espai p\u00fablic, la mobilitat i les infraestructures a la nova realitat.<\/p>\n<p><strong>Entorn social<\/strong>: reconstrucci\u00f3 de les infraestructures comunit\u00e0ries: educaci\u00f3, cultura i esports. Posar les persones al centre de les pol\u00edtiques i garantir drets i llibertats.<\/p>\n<p><strong>Entorn econ\u00f2mic<\/strong>: canvi de paradigma, refor\u00e7 de l\u2019estat de benestar.Explorar l\u2019intercanvi, la complementarietat, l\u2019economia circular. Impulsar l\u2019ocupabilitat en sectors estrat\u00e8gics.<\/p>\n<p><strong>Entorn institucional:<\/strong>\u00a0Reorganitzaci\u00f3 de l\u2019estructura municipal per adaptar-la de forma segura i eficient a les noves condicions de treball.<\/p>\n<h5>Agents econ\u00f2miques i socials<\/h5>\n<p>Pel que fa a alguns agents socials assistents a la presentaci\u00f3, des de la Federaci\u00f3 d\u2019Associacions de Ve\u00efns, el seu president Manuel Pi\u00f1ar, afirma que <em>\u201cera imprescindible arribar a un acord aix\u00ed. La nostra valoraci\u00f3 \u00e9s positiva per\u00f2 esperem que les propostes es facin realitat en benefici de tots els ciutadans. Cal refor\u00e7ar l\u2019atenci\u00f3 prim\u00e0ria, atendre la necessitat d\u2019habitatge assequible i donar resposta al nou perfil d\u2019usuaris de serveis socials que ha deixat el coronavirus\u201d.<\/em><\/p>\n<p>De la seva banda, el president de l\u2019Associaci\u00f3 d\u2019Empresaris Pedrosa, Baltasar Pozuelo, en fa una valoraci\u00f3 positiva tot i que <em>\u201cara que arriba l\u2019emerg\u00e8ncia econ\u00f2mica cal actuar el m\u00e9s r\u00e0pid possible\u201d<\/em>. Ha afegit que <em>\u201cles empreses som la primera barrera social contra la precarietat, quan perdem una empresa \u00e9s per un valor que no \u00e9s recuperable\u201d.<\/em><\/p>\n<p>Finalment, Jos\u00e9 Carlos Gonz\u00e1lez, president de l\u2019Associaci\u00f3 Educativa Nou Quitxalles, creu que <em>\u201cel pacte \u00e9s necessari per les dificultats que vindr\u00e0 a partir d\u2019ara. Hem de ser capa\u00e7os d\u2019articular un m\u00e8tode \u00e0gil per donar les respostes necess\u00e0ries als ciutadans, sobretot en crear llocs de treball i en pol\u00edtiques socials\u201d.<\/em><\/p>\n","protected":false},"excerpt":{"rendered":"<p>La sessi\u00f3 extraordin\u00e0ria del Ple del Consell de Ciutat de L\u2019Hospitalet, el m\u00e0xim \u00f2rgan consultiu de participaci\u00f3 ciutadana, s&#8217;ha celebrat a la Sala Polivalent de La Farga Congress, i ha servit per presentar als seus membres el Pacte de ciutat.<\/p>\n","protected":false},"author":1,"featured_media":7665,"comment_status":"closed","ping_status":"closed","sticky":false,"template":"","format":"standard","meta":{"_monsterinsights_skip_tracking":false,"_monsterinsights_sitenote_active":false,"_monsterinsights_sitenote_note":"","_monsterinsights_sitenote_category":0,"footnotes":""},"categories":[83],"tags":[],"class_list":["post-7664","post","type-post","status-publish","format-standard","has-post-thumbnail","hentry","category-noticies"],"yoast_head":"<!-- This site is optimized with the Yoast SEO plugin v27.5 - https:\/\/yoast.com\/product\/yoast-seo-wordpress\/ -->\n<title>Consell de Ciutat, a La Farga Congress - La Farga L&#039;Hospitalet Centre d&#039;Activitats. La Farga GEM, S.A.<\/title>\n<meta name=\"description\" content=\"La sessi\u00f3 extraordin\u00e0ria del Ple del Consell de Ciutat de L\u2019Hospitalet s&#039;ha celebrat a la Sala Polivalent de La Farga Congress.\" \/>\n<meta name=\"robots\" content=\"index, follow, max-snippet:-1, max-image-preview:large, max-video-preview:-1\" \/>\n<link rel=\"canonical\" href=\"https:\/\/www.lafargalhospitalet.com\/ca\/consell-ciutat-farga-congress\/\" \/>\n<meta property=\"og:locale\" content=\"ca_ES\" \/>\n<meta property=\"og:type\" content=\"article\" \/>\n<meta property=\"og:title\" content=\"Consell de Ciutat, a La Farga Congress - La Farga L&#039;Hospitalet Centre d&#039;Activitats. La Farga GEM, S.A.\" \/>\n<meta property=\"og:description\" content=\"La sessi\u00f3 extraordin\u00e0ria del Ple del Consell de Ciutat de L\u2019Hospitalet s&#039;ha celebrat a la Sala Polivalent de La Farga Congress.\" \/>\n<meta property=\"og:url\" content=\"https:\/\/www.lafargalhospitalet.com\/ca\/consell-ciutat-farga-congress\/\" \/>\n<meta property=\"og:site_name\" content=\"La Farga L&#039;Hospitalet Centre d&#039;Activitats. La Farga GEM, S.A.\" \/>\n<meta property=\"article:publisher\" content=\"https:\/\/www.facebook.com\/fargahospitalet\/\" \/>\n<meta property=\"article:published_time\" content=\"2020-07-03T08:02:23+00:00\" \/>\n<meta property=\"article:modified_time\" content=\"2025-11-03T17:27:42+00:00\" \/>\n<meta property=\"og:image\" content=\"https:\/\/www.lafargalhospitalet.com\/wp-content\/uploads\/2020\/07\/Consell-Ciutat-Farga.jpg\" \/>\n\t<meta property=\"og:image:width\" content=\"730\" \/>\n\t<meta property=\"og:image:height\" content=\"410\" \/>\n\t<meta property=\"og:image:type\" content=\"image\/jpeg\" \/>\n<meta name=\"author\" content=\"La Farga Centre d&#039;Activitats\" \/>\n<meta name=\"twitter:card\" content=\"summary_large_image\" \/>\n<meta name=\"twitter:creator\" content=\"@fargahospitalet\" \/>\n<meta name=\"twitter:site\" content=\"@fargahospitalet\" \/>\n<meta name=\"twitter:label1\" content=\"Escrit per\" \/>\n\t<meta name=\"twitter:data1\" content=\"La Farga Centre d&#039;Activitats\" \/>\n\t<meta name=\"twitter:label2\" content=\"Temps estimat de lectura\" \/>\n\t<meta name=\"twitter:data2\" content=\"4 minuts\" \/>\n<script type=\"application\/ld+json\" class=\"yoast-schema-graph\">{\"@context\":\"https:\\\/\\\/schema.org\",\"@graph\":[{\"@type\":\"Article\",\"@id\":\"https:\\\/\\\/www.lafargalhospitalet.com\\\/ca\\\/consell-ciutat-farga-congress\\\/#article\",\"isPartOf\":{\"@id\":\"https:\\\/\\\/www.lafargalhospitalet.com\\\/ca\\\/consell-ciutat-farga-congress\\\/\"},\"author\":{\"name\":\"La Farga Centre d'Activitats\",\"@id\":\"https:\\\/\\\/www.lafargalhospitalet.com\\\/#\\\/schema\\\/person\\\/6cbac0ef7748506b167ff859e1c7f378\"},\"headline\":\"Consell de Ciutat, a La Farga Congress\",\"datePublished\":\"2020-07-03T08:02:23+00:00\",\"dateModified\":\"2025-11-03T17:27:42+00:00\",\"mainEntityOfPage\":{\"@id\":\"https:\\\/\\\/www.lafargalhospitalet.com\\\/ca\\\/consell-ciutat-farga-congress\\\/\"},\"wordCount\":786,\"publisher\":{\"@id\":\"https:\\\/\\\/www.lafargalhospitalet.com\\\/#organization\"},\"image\":{\"@id\":\"https:\\\/\\\/www.lafargalhospitalet.com\\\/ca\\\/consell-ciutat-farga-congress\\\/#primaryimage\"},\"thumbnailUrl\":\"https:\\\/\\\/www.lafargalhospitalet.com\\\/wp-content\\\/uploads\\\/2020\\\/07\\\/Consell-Ciutat-Farga.jpg\",\"articleSection\":[\"Noticies\"],\"inLanguage\":\"ca\"},{\"@type\":\"WebPage\",\"@id\":\"https:\\\/\\\/www.lafargalhospitalet.com\\\/ca\\\/consell-ciutat-farga-congress\\\/\",\"url\":\"https:\\\/\\\/www.lafargalhospitalet.com\\\/ca\\\/consell-ciutat-farga-congress\\\/\",\"name\":\"Consell de Ciutat, a La Farga Congress - La Farga L&#039;Hospitalet Centre d&#039;Activitats. La Farga GEM, S.A.\",\"isPartOf\":{\"@id\":\"https:\\\/\\\/www.lafargalhospitalet.com\\\/#website\"},\"primaryImageOfPage\":{\"@id\":\"https:\\\/\\\/www.lafargalhospitalet.com\\\/ca\\\/consell-ciutat-farga-congress\\\/#primaryimage\"},\"image\":{\"@id\":\"https:\\\/\\\/www.lafargalhospitalet.com\\\/ca\\\/consell-ciutat-farga-congress\\\/#primaryimage\"},\"thumbnailUrl\":\"https:\\\/\\\/www.lafargalhospitalet.com\\\/wp-content\\\/uploads\\\/2020\\\/07\\\/Consell-Ciutat-Farga.jpg\",\"datePublished\":\"2020-07-03T08:02:23+00:00\",\"dateModified\":\"2025-11-03T17:27:42+00:00\",\"description\":\"La sessi\u00f3 extraordin\u00e0ria del Ple del Consell de Ciutat de L\u2019Hospitalet s'ha celebrat a la Sala Polivalent de La Farga Congress.\",\"breadcrumb\":{\"@id\":\"https:\\\/\\\/www.lafargalhospitalet.com\\\/ca\\\/consell-ciutat-farga-congress\\\/#breadcrumb\"},\"inLanguage\":\"ca\",\"potentialAction\":[{\"@type\":\"ReadAction\",\"target\":[\"https:\\\/\\\/www.lafargalhospitalet.com\\\/ca\\\/consell-ciutat-farga-congress\\\/\"]}]},{\"@type\":\"ImageObject\",\"inLanguage\":\"ca\",\"@id\":\"https:\\\/\\\/www.lafargalhospitalet.com\\\/ca\\\/consell-ciutat-farga-congress\\\/#primaryimage\",\"url\":\"https:\\\/\\\/www.lafargalhospitalet.com\\\/wp-content\\\/uploads\\\/2020\\\/07\\\/Consell-Ciutat-Farga.jpg\",\"contentUrl\":\"https:\\\/\\\/www.lafargalhospitalet.com\\\/wp-content\\\/uploads\\\/2020\\\/07\\\/Consell-Ciutat-Farga.jpg\",\"width\":730,\"height\":410,\"caption\":\"Consell Ciutat Farga\"},{\"@type\":\"BreadcrumbList\",\"@id\":\"https:\\\/\\\/www.lafargalhospitalet.com\\\/ca\\\/consell-ciutat-farga-congress\\\/#breadcrumb\",\"itemListElement\":[{\"@type\":\"ListItem\",\"position\":1,\"name\":\"Portada\",\"item\":\"https:\\\/\\\/www.lafargalhospitalet.com\\\/\"},{\"@type\":\"ListItem\",\"position\":2,\"name\":\"Consell de Ciutat, a La Farga Congress\"}]},{\"@type\":\"WebSite\",\"@id\":\"https:\\\/\\\/www.lafargalhospitalet.com\\\/#website\",\"url\":\"https:\\\/\\\/www.lafargalhospitalet.com\\\/\",\"name\":\"La Farga L'Hospitalet Centre d'Activitats. La Farga GEM, S.A.\",\"description\":\"La Farga L&#039;Hospitalet Centre d&#039;Activitats. Gestionat per La Farga GEM, S.A. Fires i Congressos. Concerts, exposicions, reunions, filmacions, sopars de gala.\",\"publisher\":{\"@id\":\"https:\\\/\\\/www.lafargalhospitalet.com\\\/#organization\"},\"potentialAction\":[{\"@type\":\"SearchAction\",\"target\":{\"@type\":\"EntryPoint\",\"urlTemplate\":\"https:\\\/\\\/www.lafargalhospitalet.com\\\/?s={search_term_string}\"},\"query-input\":{\"@type\":\"PropertyValueSpecification\",\"valueRequired\":true,\"valueName\":\"search_term_string\"}}],\"inLanguage\":\"ca\"},{\"@type\":\"Organization\",\"@id\":\"https:\\\/\\\/www.lafargalhospitalet.com\\\/#organization\",\"name\":\"La Farga L'Hospitalet Centre d'Activitats. La Farga GEM, S.A.\",\"url\":\"https:\\\/\\\/www.lafargalhospitalet.com\\\/\",\"logo\":{\"@type\":\"ImageObject\",\"inLanguage\":\"ca\",\"@id\":\"https:\\\/\\\/www.lafargalhospitalet.com\\\/#\\\/schema\\\/logo\\\/image\\\/\",\"url\":\"https:\\\/\\\/www.lafargalhospitalet.com\\\/wp-content\\\/uploads\\\/2025\\\/10\\\/logotipo_lafarga_centre_activitats.png\",\"contentUrl\":\"https:\\\/\\\/www.lafargalhospitalet.com\\\/wp-content\\\/uploads\\\/2025\\\/10\\\/logotipo_lafarga_centre_activitats.png\",\"width\":266,\"height\":101,\"caption\":\"La Farga L'Hospitalet Centre d'Activitats. La Farga GEM, S.A.\"},\"image\":{\"@id\":\"https:\\\/\\\/www.lafargalhospitalet.com\\\/#\\\/schema\\\/logo\\\/image\\\/\"},\"sameAs\":[\"https:\\\/\\\/www.facebook.com\\\/fargahospitalet\\\/\",\"https:\\\/\\\/x.com\\\/fargahospitalet\",\"https:\\\/\\\/www.instagram.com\\\/lafargahospitalet\\\/\",\"https:\\\/\\\/www.youtube.com\\\/channel\\\/UCoLt6hen3PqGXgbLMGI3Qdw\",\"https:\\\/\\\/www.flickr.com\\\/photos\\\/lafargagemsa\\\/albums\"]},{\"@type\":\"Person\",\"@id\":\"https:\\\/\\\/www.lafargalhospitalet.com\\\/#\\\/schema\\\/person\\\/6cbac0ef7748506b167ff859e1c7f378\",\"name\":\"La Farga Centre d'Activitats\",\"sameAs\":[\"https:\\\/\\\/www.lafargalhospitalet.com\"],\"url\":\"https:\\\/\\\/www.lafargalhospitalet.com\\\/ca\\\/author\\\/far25gmin\\\/\"}]}<\/script>\n<!-- \/ Yoast SEO plugin. -->","yoast_head_json":{"title":"Consell de Ciutat, a La Farga Congress - La Farga L&#039;Hospitalet Centre d&#039;Activitats. La Farga GEM, S.A.","description":"La sessi\u00f3 extraordin\u00e0ria del Ple del Consell de Ciutat de L\u2019Hospitalet s'ha celebrat a la Sala Polivalent de La Farga Congress.","robots":{"index":"index","follow":"follow","max-snippet":"max-snippet:-1","max-image-preview":"max-image-preview:large","max-video-preview":"max-video-preview:-1"},"canonical":"https:\/\/www.lafargalhospitalet.com\/ca\/consell-ciutat-farga-congress\/","og_locale":"ca_ES","og_type":"article","og_title":"Consell de Ciutat, a La Farga Congress - La Farga L&#039;Hospitalet Centre d&#039;Activitats. La Farga GEM, S.A.","og_description":"La sessi\u00f3 extraordin\u00e0ria del Ple del Consell de Ciutat de L\u2019Hospitalet s'ha celebrat a la Sala Polivalent de La Farga Congress.","og_url":"https:\/\/www.lafargalhospitalet.com\/ca\/consell-ciutat-farga-congress\/","og_site_name":"La Farga L&#039;Hospitalet Centre d&#039;Activitats. La Farga GEM, S.A.","article_publisher":"https:\/\/www.facebook.com\/fargahospitalet\/","article_published_time":"2020-07-03T08:02:23+00:00","article_modified_time":"2025-11-03T17:27:42+00:00","og_image":[{"width":730,"height":410,"url":"https:\/\/www.lafargalhospitalet.com\/wp-content\/uploads\/2020\/07\/Consell-Ciutat-Farga.jpg","type":"image\/jpeg"}],"author":"La Farga Centre d'Activitats","twitter_card":"summary_large_image","twitter_creator":"@fargahospitalet","twitter_site":"@fargahospitalet","twitter_misc":{"Escrit per":"La Farga Centre d'Activitats","Temps estimat de lectura":"4 minuts"},"schema":{"@context":"https:\/\/schema.org","@graph":[{"@type":"Article","@id":"https:\/\/www.lafargalhospitalet.com\/ca\/consell-ciutat-farga-congress\/#article","isPartOf":{"@id":"https:\/\/www.lafargalhospitalet.com\/ca\/consell-ciutat-farga-congress\/"},"author":{"name":"La Farga Centre d'Activitats","@id":"https:\/\/www.lafargalhospitalet.com\/#\/schema\/person\/6cbac0ef7748506b167ff859e1c7f378"},"headline":"Consell de Ciutat, a La Farga Congress","datePublished":"2020-07-03T08:02:23+00:00","dateModified":"2025-11-03T17:27:42+00:00","mainEntityOfPage":{"@id":"https:\/\/www.lafargalhospitalet.com\/ca\/consell-ciutat-farga-congress\/"},"wordCount":786,"publisher":{"@id":"https:\/\/www.lafargalhospitalet.com\/#organization"},"image":{"@id":"https:\/\/www.lafargalhospitalet.com\/ca\/consell-ciutat-farga-congress\/#primaryimage"},"thumbnailUrl":"https:\/\/www.lafargalhospitalet.com\/wp-content\/uploads\/2020\/07\/Consell-Ciutat-Farga.jpg","articleSection":["Noticies"],"inLanguage":"ca"},{"@type":"WebPage","@id":"https:\/\/www.lafargalhospitalet.com\/ca\/consell-ciutat-farga-congress\/","url":"https:\/\/www.lafargalhospitalet.com\/ca\/consell-ciutat-farga-congress\/","name":"Consell de Ciutat, a La Farga Congress - La Farga L&#039;Hospitalet Centre d&#039;Activitats. La Farga GEM, S.A.","isPartOf":{"@id":"https:\/\/www.lafargalhospitalet.com\/#website"},"primaryImageOfPage":{"@id":"https:\/\/www.lafargalhospitalet.com\/ca\/consell-ciutat-farga-congress\/#primaryimage"},"image":{"@id":"https:\/\/www.lafargalhospitalet.com\/ca\/consell-ciutat-farga-congress\/#primaryimage"},"thumbnailUrl":"https:\/\/www.lafargalhospitalet.com\/wp-content\/uploads\/2020\/07\/Consell-Ciutat-Farga.jpg","datePublished":"2020-07-03T08:02:23+00:00","dateModified":"2025-11-03T17:27:42+00:00","description":"La sessi\u00f3 extraordin\u00e0ria del Ple del Consell de Ciutat de L\u2019Hospitalet s'ha celebrat a la Sala Polivalent de La Farga Congress.","breadcrumb":{"@id":"https:\/\/www.lafargalhospitalet.com\/ca\/consell-ciutat-farga-congress\/#breadcrumb"},"inLanguage":"ca","potentialAction":[{"@type":"ReadAction","target":["https:\/\/www.lafargalhospitalet.com\/ca\/consell-ciutat-farga-congress\/"]}]},{"@type":"ImageObject","inLanguage":"ca","@id":"https:\/\/www.lafargalhospitalet.com\/ca\/consell-ciutat-farga-congress\/#primaryimage","url":"https:\/\/www.lafargalhospitalet.com\/wp-content\/uploads\/2020\/07\/Consell-Ciutat-Farga.jpg","contentUrl":"https:\/\/www.lafargalhospitalet.com\/wp-content\/uploads\/2020\/07\/Consell-Ciutat-Farga.jpg","width":730,"height":410,"caption":"Consell Ciutat Farga"},{"@type":"BreadcrumbList","@id":"https:\/\/www.lafargalhospitalet.com\/ca\/consell-ciutat-farga-congress\/#breadcrumb","itemListElement":[{"@type":"ListItem","position":1,"name":"Portada","item":"https:\/\/www.lafargalhospitalet.com\/"},{"@type":"ListItem","position":2,"name":"Consell de Ciutat, a La Farga Congress"}]},{"@type":"WebSite","@id":"https:\/\/www.lafargalhospitalet.com\/#website","url":"https:\/\/www.lafargalhospitalet.com\/","name":"La Farga L'Hospitalet Centre d'Activitats. La Farga GEM, S.A.","description":"La Farga L&#039;Hospitalet Centre d&#039;Activitats. Gestionat per La Farga GEM, S.A. Fires i Congressos. Concerts, exposicions, reunions, filmacions, sopars de gala.","publisher":{"@id":"https:\/\/www.lafargalhospitalet.com\/#organization"},"potentialAction":[{"@type":"SearchAction","target":{"@type":"EntryPoint","urlTemplate":"https:\/\/www.lafargalhospitalet.com\/?s={search_term_string}"},"query-input":{"@type":"PropertyValueSpecification","valueRequired":true,"valueName":"search_term_string"}}],"inLanguage":"ca"},{"@type":"Organization","@id":"https:\/\/www.lafargalhospitalet.com\/#organization","name":"La Farga L'Hospitalet Centre d'Activitats. La Farga GEM, S.A.","url":"https:\/\/www.lafargalhospitalet.com\/","logo":{"@type":"ImageObject","inLanguage":"ca","@id":"https:\/\/www.lafargalhospitalet.com\/#\/schema\/logo\/image\/","url":"https:\/\/www.lafargalhospitalet.com\/wp-content\/uploads\/2025\/10\/logotipo_lafarga_centre_activitats.png","contentUrl":"https:\/\/www.lafargalhospitalet.com\/wp-content\/uploads\/2025\/10\/logotipo_lafarga_centre_activitats.png","width":266,"height":101,"caption":"La Farga L'Hospitalet Centre d'Activitats. La Farga GEM, S.A."},"image":{"@id":"https:\/\/www.lafargalhospitalet.com\/#\/schema\/logo\/image\/"},"sameAs":["https:\/\/www.facebook.com\/fargahospitalet\/","https:\/\/x.com\/fargahospitalet","https:\/\/www.instagram.com\/lafargahospitalet\/","https:\/\/www.youtube.com\/channel\/UCoLt6hen3PqGXgbLMGI3Qdw","https:\/\/www.flickr.com\/photos\/lafargagemsa\/albums"]},{"@type":"Person","@id":"https:\/\/www.lafargalhospitalet.com\/#\/schema\/person\/6cbac0ef7748506b167ff859e1c7f378","name":"La Farga Centre d'Activitats","sameAs":["https:\/\/www.lafargalhospitalet.com"],"url":"https:\/\/www.lafargalhospitalet.com\/ca\/author\/far25gmin\/"}]}},"_links":{"self":[{"href":"https:\/\/www.lafargalhospitalet.com\/ca\/wp-json\/wp\/v2\/posts\/7664","targetHints":{"allow":["GET"]}}],"collection":[{"href":"https:\/\/www.lafargalhospitalet.com\/ca\/wp-json\/wp\/v2\/posts"}],"about":[{"href":"https:\/\/www.lafargalhospitalet.com\/ca\/wp-json\/wp\/v2\/types\/post"}],"author":[{"embeddable":true,"href":"https:\/\/www.lafargalhospitalet.com\/ca\/wp-json\/wp\/v2\/users\/1"}],"replies":[{"embeddable":true,"href":"https:\/\/www.lafargalhospitalet.com\/ca\/wp-json\/wp\/v2\/comments?post=7664"}],"version-history":[{"count":0,"href":"https:\/\/www.lafargalhospitalet.com\/ca\/wp-json\/wp\/v2\/posts\/7664\/revisions"}],"wp:featuredmedia":[{"embeddable":true,"href":"https:\/\/www.lafargalhospitalet.com\/ca\/wp-json\/wp\/v2\/media\/7665"}],"wp:attachment":[{"href":"https:\/\/www.lafargalhospitalet.com\/ca\/wp-json\/wp\/v2\/media?parent=7664"}],"wp:term":[{"taxonomy":"category","embeddable":true,"href":"https:\/\/www.lafargalhospitalet.com\/ca\/wp-json\/wp\/v2\/categories?post=7664"},{"taxonomy":"post_tag","embeddable":true,"href":"https:\/\/www.lafargalhospitalet.com\/ca\/wp-json\/wp\/v2\/tags?post=7664"}],"curies":[{"name":"wp","href":"https:\/\/api.w.org\/{rel}","templated":true}]}}