{"id":7774,"date":"2020-09-18T08:52:36","date_gmt":"2020-09-18T07:52:36","guid":{"rendered":"http:\/\/www.lafargalhospitalet.com\/?p=7774"},"modified":"2025-11-03T18:27:32","modified_gmt":"2025-11-03T17:27:32","slug":"represa-proves-departament-territori-sostenibilitat","status":"publish","type":"post","link":"https:\/\/www.lafargalhospitalet.com\/ca\/represa-proves-departament-territori-sostenibilitat\/","title":{"rendered":"Represa amb les proves del Departament de Territori i Sostenibilitat"},"content":{"rendered":"<h5>18, 25 i 26 de setembre<\/h5>\n<p>A partir d&#8217;aquest divendres el recinte de La Farga Centre d&#8217;Activitats acull diferents proves que convoca el Departament de Territori i Sostenibilitat de la Generalitat de Catalunya, i que en aquest cas van ser ajornades per la situaci\u00f3 d&#8217;estat d&#8217;alarma.<\/p>\n<p>Els ex\u00e0mens se celebren amb totes les mesures de seguretat que marquen els protocols de les autoritats sanit\u00e0ries, complint amb la dist\u00e0ncia de seguretat, i la neteja de mans. Aix\u00ed doncs el personal del Departament entrar\u00e0 de forma ordenada, mantenint la dist\u00e0ncia de seguretat. A tots els inscrits en les proves, des de l\u2019organitzaci\u00f3, se\u2019ls hi proporcionar\u00e0 una mascareta quir\u00fargica que hauran de dur posada en tot moment. Un cop dins del recinte hauran de fer \u00fas del gel hidroalcoh\u00f2lic.\u00a0L\u2019entrada dels aspirants al recinte es far\u00e0 de manera ordenada i esglaonada fent servir el m\u00e0xim de portes d\u2019acc\u00e9s practicables, amb la finalitat d\u2019evitar aglomeracions.<\/p>\n<p>Avui divendres, 18 de setembre, i el seg\u00fcent, 25 de setembre, les proves seran per a la obtenci\u00f3 del Certificat d\u2019Aptitud Professional (CAP) per a l\u2019exercici de l\u2019activitat de conductor\/a professional de determinats vehicles destinats al transport de mercaderies.<\/p>\n<h5>Dissabte 26, consellers de seguretat<\/h5>\n<p>Dissabte 26 els ex\u00e0mens seran per a aquelles persones que volen obtenir o renovar el certificat de capacitaci\u00f3 professional de consellers de seguretat de transport de mercaderies perilloses per carretera. Les empreses que transporten mercaderies perilloses per carretera o ferrocarril o que siguin responsables de la c\u00e0rrega o desc\u00e0rrega vinculades a aquest transport, hauran de tenir designaci\u00f3, des d\u2019abans de gener del 2000, almenys d\u2019un conseller de seguretat per prevenir els riscos a les persones, als b\u00e9ns o al medi ambient inherents a aquestes activitats. Per ser conseller de seguretat s\u2019han de superar unes proves que es duen a terme en una o dues convocat\u00f2ries l\u2019any.<\/p>\n<p>L\u2019espai principal de <a href=\"https:\/\/www.lafargalhospitalet.com\/agenda-cat\/\" target=\"_blank\" rel=\"noopener noreferrer\"><strong>La Farga Centre d\u2019Activitats<\/strong><\/a> ja est\u00e0 preparat per rebre les prop de 1.800 persones inscrites per aquestes convocat\u00f2ries, complint amb el protocol esmentat.<\/p>\n<p>Per a m\u00e9s informaci\u00f3: <a href=\"http:\/\/web.gencat.cat\/ca\/tramits\/tramits-temes\/?tema=75d3aa00-a82c-11e3-a972-000c29052e2c\" target=\"_blank\" rel=\"noopener noreferrer\"><strong>Departament de Territori i Sostenibilitat. Generalitat de Catalunya.<\/strong><\/a><\/p>\n","protected":false},"excerpt":{"rendered":"<p>A partir d&#8217;aquest divendres el recinte de La Farga Centre d&#8217;Activitats acull diferents proves que convoca el Departament de Territori i Sostenibilitat de la Generalitat de Catalunya.<\/p>\n","protected":false},"author":1,"featured_media":7776,"comment_status":"closed","ping_status":"closed","sticky":false,"template":"","format":"standard","meta":{"_monsterinsights_skip_tracking":false,"_monsterinsights_sitenote_active":false,"_monsterinsights_sitenote_note":"","_monsterinsights_sitenote_category":0,"footnotes":""},"categories":[83],"tags":[],"class_list":["post-7774","post","type-post","status-publish","format-standard","has-post-thumbnail","hentry","category-noticies"],"yoast_head":"<!-- This site is optimized with the Yoast SEO plugin v27.5 - https:\/\/yoast.com\/product\/yoast-seo-wordpress\/ -->\n<title>Represa amb les proves del Departament de Territori i Sostenibilitat - La Farga L&#039;Hospitalet Centre d&#039;Activitats. La Farga GEM, S.A.<\/title>\n<meta name=\"description\" content=\"Aquest divendres el recinte de La Farga Centre d&#039;Activitats acull diferents proves que convoca el Departament de Territori i Sostenibilitat.\" \/>\n<meta name=\"robots\" content=\"index, follow, max-snippet:-1, max-image-preview:large, max-video-preview:-1\" \/>\n<link rel=\"canonical\" href=\"https:\/\/www.lafargalhospitalet.com\/ca\/represa-proves-departament-territori-sostenibilitat\/\" \/>\n<meta property=\"og:locale\" content=\"ca_ES\" \/>\n<meta property=\"og:type\" content=\"article\" \/>\n<meta property=\"og:title\" content=\"Represa amb les proves del Departament de Territori i Sostenibilitat - La Farga L&#039;Hospitalet Centre d&#039;Activitats. La Farga GEM, S.A.\" \/>\n<meta property=\"og:description\" content=\"Aquest divendres el recinte de La Farga Centre d&#039;Activitats acull diferents proves que convoca el Departament de Territori i Sostenibilitat.\" \/>\n<meta property=\"og:url\" content=\"https:\/\/www.lafargalhospitalet.com\/ca\/represa-proves-departament-territori-sostenibilitat\/\" \/>\n<meta property=\"og:site_name\" content=\"La Farga L&#039;Hospitalet Centre d&#039;Activitats. La Farga GEM, S.A.\" \/>\n<meta property=\"article:publisher\" content=\"https:\/\/www.facebook.com\/fargahospitalet\/\" \/>\n<meta property=\"article:published_time\" content=\"2020-09-18T07:52:36+00:00\" \/>\n<meta property=\"article:modified_time\" content=\"2025-11-03T17:27:32+00:00\" \/>\n<meta property=\"og:image\" content=\"https:\/\/www.lafargalhospitalet.com\/wp-content\/uploads\/2020\/09\/Territori-Farga-Examens.jpg\" \/>\n\t<meta property=\"og:image:width\" content=\"730\" \/>\n\t<meta property=\"og:image:height\" content=\"410\" \/>\n\t<meta property=\"og:image:type\" content=\"image\/jpeg\" \/>\n<meta name=\"author\" content=\"La Farga Centre d&#039;Activitats\" \/>\n<meta name=\"twitter:card\" content=\"summary_large_image\" \/>\n<meta name=\"twitter:creator\" content=\"@fargahospitalet\" \/>\n<meta name=\"twitter:site\" content=\"@fargahospitalet\" \/>\n<meta name=\"twitter:label1\" content=\"Escrit per\" \/>\n\t<meta name=\"twitter:data1\" content=\"La Farga Centre d&#039;Activitats\" \/>\n\t<meta name=\"twitter:label2\" content=\"Temps estimat de lectura\" \/>\n\t<meta name=\"twitter:data2\" content=\"2 minuts\" \/>\n<script type=\"application\/ld+json\" class=\"yoast-schema-graph\">{\"@context\":\"https:\\\/\\\/schema.org\",\"@graph\":[{\"@type\":\"Article\",\"@id\":\"https:\\\/\\\/www.lafargalhospitalet.com\\\/ca\\\/represa-proves-departament-territori-sostenibilitat\\\/#article\",\"isPartOf\":{\"@id\":\"https:\\\/\\\/www.lafargalhospitalet.com\\\/ca\\\/represa-proves-departament-territori-sostenibilitat\\\/\"},\"author\":{\"name\":\"La Farga Centre d'Activitats\",\"@id\":\"https:\\\/\\\/www.lafargalhospitalet.com\\\/#\\\/schema\\\/person\\\/6cbac0ef7748506b167ff859e1c7f378\"},\"headline\":\"Represa amb les proves del Departament de Territori i Sostenibilitat\",\"datePublished\":\"2020-09-18T07:52:36+00:00\",\"dateModified\":\"2025-11-03T17:27:32+00:00\",\"mainEntityOfPage\":{\"@id\":\"https:\\\/\\\/www.lafargalhospitalet.com\\\/ca\\\/represa-proves-departament-territori-sostenibilitat\\\/\"},\"wordCount\":375,\"publisher\":{\"@id\":\"https:\\\/\\\/www.lafargalhospitalet.com\\\/#organization\"},\"image\":{\"@id\":\"https:\\\/\\\/www.lafargalhospitalet.com\\\/ca\\\/represa-proves-departament-territori-sostenibilitat\\\/#primaryimage\"},\"thumbnailUrl\":\"https:\\\/\\\/www.lafargalhospitalet.com\\\/wp-content\\\/uploads\\\/2020\\\/09\\\/Territori-Farga-Examens.jpg\",\"articleSection\":[\"Noticies\"],\"inLanguage\":\"ca\"},{\"@type\":\"WebPage\",\"@id\":\"https:\\\/\\\/www.lafargalhospitalet.com\\\/ca\\\/represa-proves-departament-territori-sostenibilitat\\\/\",\"url\":\"https:\\\/\\\/www.lafargalhospitalet.com\\\/ca\\\/represa-proves-departament-territori-sostenibilitat\\\/\",\"name\":\"Represa amb les proves del Departament de Territori i Sostenibilitat - La Farga L&#039;Hospitalet Centre d&#039;Activitats. La Farga GEM, S.A.\",\"isPartOf\":{\"@id\":\"https:\\\/\\\/www.lafargalhospitalet.com\\\/#website\"},\"primaryImageOfPage\":{\"@id\":\"https:\\\/\\\/www.lafargalhospitalet.com\\\/ca\\\/represa-proves-departament-territori-sostenibilitat\\\/#primaryimage\"},\"image\":{\"@id\":\"https:\\\/\\\/www.lafargalhospitalet.com\\\/ca\\\/represa-proves-departament-territori-sostenibilitat\\\/#primaryimage\"},\"thumbnailUrl\":\"https:\\\/\\\/www.lafargalhospitalet.com\\\/wp-content\\\/uploads\\\/2020\\\/09\\\/Territori-Farga-Examens.jpg\",\"datePublished\":\"2020-09-18T07:52:36+00:00\",\"dateModified\":\"2025-11-03T17:27:32+00:00\",\"description\":\"Aquest divendres el recinte de La Farga Centre d'Activitats acull diferents proves que convoca el Departament de Territori i Sostenibilitat.\",\"breadcrumb\":{\"@id\":\"https:\\\/\\\/www.lafargalhospitalet.com\\\/ca\\\/represa-proves-departament-territori-sostenibilitat\\\/#breadcrumb\"},\"inLanguage\":\"ca\",\"potentialAction\":[{\"@type\":\"ReadAction\",\"target\":[\"https:\\\/\\\/www.lafargalhospitalet.com\\\/ca\\\/represa-proves-departament-territori-sostenibilitat\\\/\"]}]},{\"@type\":\"ImageObject\",\"inLanguage\":\"ca\",\"@id\":\"https:\\\/\\\/www.lafargalhospitalet.com\\\/ca\\\/represa-proves-departament-territori-sostenibilitat\\\/#primaryimage\",\"url\":\"https:\\\/\\\/www.lafargalhospitalet.com\\\/wp-content\\\/uploads\\\/2020\\\/09\\\/Territori-Farga-Examens.jpg\",\"contentUrl\":\"https:\\\/\\\/www.lafargalhospitalet.com\\\/wp-content\\\/uploads\\\/2020\\\/09\\\/Territori-Farga-Examens.jpg\",\"width\":730,\"height\":410},{\"@type\":\"BreadcrumbList\",\"@id\":\"https:\\\/\\\/www.lafargalhospitalet.com\\\/ca\\\/represa-proves-departament-territori-sostenibilitat\\\/#breadcrumb\",\"itemListElement\":[{\"@type\":\"ListItem\",\"position\":1,\"name\":\"Portada\",\"item\":\"https:\\\/\\\/www.lafargalhospitalet.com\\\/\"},{\"@type\":\"ListItem\",\"position\":2,\"name\":\"Represa amb les proves del Departament de Territori i Sostenibilitat\"}]},{\"@type\":\"WebSite\",\"@id\":\"https:\\\/\\\/www.lafargalhospitalet.com\\\/#website\",\"url\":\"https:\\\/\\\/www.lafargalhospitalet.com\\\/\",\"name\":\"La Farga L'Hospitalet Centre d'Activitats. La Farga GEM, S.A.\",\"description\":\"La Farga L&#039;Hospitalet Centre d&#039;Activitats. Gestionat per La Farga GEM, S.A. Fires i Congressos. Concerts, exposicions, reunions, filmacions, sopars de gala.\",\"publisher\":{\"@id\":\"https:\\\/\\\/www.lafargalhospitalet.com\\\/#organization\"},\"potentialAction\":[{\"@type\":\"SearchAction\",\"target\":{\"@type\":\"EntryPoint\",\"urlTemplate\":\"https:\\\/\\\/www.lafargalhospitalet.com\\\/?s={search_term_string}\"},\"query-input\":{\"@type\":\"PropertyValueSpecification\",\"valueRequired\":true,\"valueName\":\"search_term_string\"}}],\"inLanguage\":\"ca\"},{\"@type\":\"Organization\",\"@id\":\"https:\\\/\\\/www.lafargalhospitalet.com\\\/#organization\",\"name\":\"La Farga L'Hospitalet Centre d'Activitats. La Farga GEM, S.A.\",\"url\":\"https:\\\/\\\/www.lafargalhospitalet.com\\\/\",\"logo\":{\"@type\":\"ImageObject\",\"inLanguage\":\"ca\",\"@id\":\"https:\\\/\\\/www.lafargalhospitalet.com\\\/#\\\/schema\\\/logo\\\/image\\\/\",\"url\":\"https:\\\/\\\/www.lafargalhospitalet.com\\\/wp-content\\\/uploads\\\/2025\\\/10\\\/logotipo_lafarga_centre_activitats.png\",\"contentUrl\":\"https:\\\/\\\/www.lafargalhospitalet.com\\\/wp-content\\\/uploads\\\/2025\\\/10\\\/logotipo_lafarga_centre_activitats.png\",\"width\":266,\"height\":101,\"caption\":\"La Farga L'Hospitalet Centre d'Activitats. La Farga GEM, S.A.\"},\"image\":{\"@id\":\"https:\\\/\\\/www.lafargalhospitalet.com\\\/#\\\/schema\\\/logo\\\/image\\\/\"},\"sameAs\":[\"https:\\\/\\\/www.facebook.com\\\/fargahospitalet\\\/\",\"https:\\\/\\\/x.com\\\/fargahospitalet\",\"https:\\\/\\\/www.instagram.com\\\/lafargahospitalet\\\/\",\"https:\\\/\\\/www.youtube.com\\\/channel\\\/UCoLt6hen3PqGXgbLMGI3Qdw\",\"https:\\\/\\\/www.flickr.com\\\/photos\\\/lafargagemsa\\\/albums\"]},{\"@type\":\"Person\",\"@id\":\"https:\\\/\\\/www.lafargalhospitalet.com\\\/#\\\/schema\\\/person\\\/6cbac0ef7748506b167ff859e1c7f378\",\"name\":\"La Farga Centre d'Activitats\",\"sameAs\":[\"https:\\\/\\\/www.lafargalhospitalet.com\"],\"url\":\"https:\\\/\\\/www.lafargalhospitalet.com\\\/ca\\\/author\\\/far25gmin\\\/\"}]}<\/script>\n<!-- \/ Yoast SEO plugin. -->","yoast_head_json":{"title":"Represa amb les proves del Departament de Territori i Sostenibilitat - La Farga L&#039;Hospitalet Centre d&#039;Activitats. La Farga GEM, S.A.","description":"Aquest divendres el recinte de La Farga Centre d'Activitats acull diferents proves que convoca el Departament de Territori i Sostenibilitat.","robots":{"index":"index","follow":"follow","max-snippet":"max-snippet:-1","max-image-preview":"max-image-preview:large","max-video-preview":"max-video-preview:-1"},"canonical":"https:\/\/www.lafargalhospitalet.com\/ca\/represa-proves-departament-territori-sostenibilitat\/","og_locale":"ca_ES","og_type":"article","og_title":"Represa amb les proves del Departament de Territori i Sostenibilitat - La Farga L&#039;Hospitalet Centre d&#039;Activitats. La Farga GEM, S.A.","og_description":"Aquest divendres el recinte de La Farga Centre d'Activitats acull diferents proves que convoca el Departament de Territori i Sostenibilitat.","og_url":"https:\/\/www.lafargalhospitalet.com\/ca\/represa-proves-departament-territori-sostenibilitat\/","og_site_name":"La Farga L&#039;Hospitalet Centre d&#039;Activitats. La Farga GEM, S.A.","article_publisher":"https:\/\/www.facebook.com\/fargahospitalet\/","article_published_time":"2020-09-18T07:52:36+00:00","article_modified_time":"2025-11-03T17:27:32+00:00","og_image":[{"width":730,"height":410,"url":"https:\/\/www.lafargalhospitalet.com\/wp-content\/uploads\/2020\/09\/Territori-Farga-Examens.jpg","type":"image\/jpeg"}],"author":"La Farga Centre d'Activitats","twitter_card":"summary_large_image","twitter_creator":"@fargahospitalet","twitter_site":"@fargahospitalet","twitter_misc":{"Escrit per":"La Farga Centre d'Activitats","Temps estimat de lectura":"2 minuts"},"schema":{"@context":"https:\/\/schema.org","@graph":[{"@type":"Article","@id":"https:\/\/www.lafargalhospitalet.com\/ca\/represa-proves-departament-territori-sostenibilitat\/#article","isPartOf":{"@id":"https:\/\/www.lafargalhospitalet.com\/ca\/represa-proves-departament-territori-sostenibilitat\/"},"author":{"name":"La Farga Centre d'Activitats","@id":"https:\/\/www.lafargalhospitalet.com\/#\/schema\/person\/6cbac0ef7748506b167ff859e1c7f378"},"headline":"Represa amb les proves del Departament de Territori i Sostenibilitat","datePublished":"2020-09-18T07:52:36+00:00","dateModified":"2025-11-03T17:27:32+00:00","mainEntityOfPage":{"@id":"https:\/\/www.lafargalhospitalet.com\/ca\/represa-proves-departament-territori-sostenibilitat\/"},"wordCount":375,"publisher":{"@id":"https:\/\/www.lafargalhospitalet.com\/#organization"},"image":{"@id":"https:\/\/www.lafargalhospitalet.com\/ca\/represa-proves-departament-territori-sostenibilitat\/#primaryimage"},"thumbnailUrl":"https:\/\/www.lafargalhospitalet.com\/wp-content\/uploads\/2020\/09\/Territori-Farga-Examens.jpg","articleSection":["Noticies"],"inLanguage":"ca"},{"@type":"WebPage","@id":"https:\/\/www.lafargalhospitalet.com\/ca\/represa-proves-departament-territori-sostenibilitat\/","url":"https:\/\/www.lafargalhospitalet.com\/ca\/represa-proves-departament-territori-sostenibilitat\/","name":"Represa amb les proves del Departament de Territori i Sostenibilitat - La Farga L&#039;Hospitalet Centre d&#039;Activitats. La Farga GEM, S.A.","isPartOf":{"@id":"https:\/\/www.lafargalhospitalet.com\/#website"},"primaryImageOfPage":{"@id":"https:\/\/www.lafargalhospitalet.com\/ca\/represa-proves-departament-territori-sostenibilitat\/#primaryimage"},"image":{"@id":"https:\/\/www.lafargalhospitalet.com\/ca\/represa-proves-departament-territori-sostenibilitat\/#primaryimage"},"thumbnailUrl":"https:\/\/www.lafargalhospitalet.com\/wp-content\/uploads\/2020\/09\/Territori-Farga-Examens.jpg","datePublished":"2020-09-18T07:52:36+00:00","dateModified":"2025-11-03T17:27:32+00:00","description":"Aquest divendres el recinte de La Farga Centre d'Activitats acull diferents proves que convoca el Departament de Territori i Sostenibilitat.","breadcrumb":{"@id":"https:\/\/www.lafargalhospitalet.com\/ca\/represa-proves-departament-territori-sostenibilitat\/#breadcrumb"},"inLanguage":"ca","potentialAction":[{"@type":"ReadAction","target":["https:\/\/www.lafargalhospitalet.com\/ca\/represa-proves-departament-territori-sostenibilitat\/"]}]},{"@type":"ImageObject","inLanguage":"ca","@id":"https:\/\/www.lafargalhospitalet.com\/ca\/represa-proves-departament-territori-sostenibilitat\/#primaryimage","url":"https:\/\/www.lafargalhospitalet.com\/wp-content\/uploads\/2020\/09\/Territori-Farga-Examens.jpg","contentUrl":"https:\/\/www.lafargalhospitalet.com\/wp-content\/uploads\/2020\/09\/Territori-Farga-Examens.jpg","width":730,"height":410},{"@type":"BreadcrumbList","@id":"https:\/\/www.lafargalhospitalet.com\/ca\/represa-proves-departament-territori-sostenibilitat\/#breadcrumb","itemListElement":[{"@type":"ListItem","position":1,"name":"Portada","item":"https:\/\/www.lafargalhospitalet.com\/"},{"@type":"ListItem","position":2,"name":"Represa amb les proves del Departament de Territori i Sostenibilitat"}]},{"@type":"WebSite","@id":"https:\/\/www.lafargalhospitalet.com\/#website","url":"https:\/\/www.lafargalhospitalet.com\/","name":"La Farga L'Hospitalet Centre d'Activitats. La Farga GEM, S.A.","description":"La Farga L&#039;Hospitalet Centre d&#039;Activitats. Gestionat per La Farga GEM, S.A. Fires i Congressos. Concerts, exposicions, reunions, filmacions, sopars de gala.","publisher":{"@id":"https:\/\/www.lafargalhospitalet.com\/#organization"},"potentialAction":[{"@type":"SearchAction","target":{"@type":"EntryPoint","urlTemplate":"https:\/\/www.lafargalhospitalet.com\/?s={search_term_string}"},"query-input":{"@type":"PropertyValueSpecification","valueRequired":true,"valueName":"search_term_string"}}],"inLanguage":"ca"},{"@type":"Organization","@id":"https:\/\/www.lafargalhospitalet.com\/#organization","name":"La Farga L'Hospitalet Centre d'Activitats. La Farga GEM, S.A.","url":"https:\/\/www.lafargalhospitalet.com\/","logo":{"@type":"ImageObject","inLanguage":"ca","@id":"https:\/\/www.lafargalhospitalet.com\/#\/schema\/logo\/image\/","url":"https:\/\/www.lafargalhospitalet.com\/wp-content\/uploads\/2025\/10\/logotipo_lafarga_centre_activitats.png","contentUrl":"https:\/\/www.lafargalhospitalet.com\/wp-content\/uploads\/2025\/10\/logotipo_lafarga_centre_activitats.png","width":266,"height":101,"caption":"La Farga L'Hospitalet Centre d'Activitats. La Farga GEM, S.A."},"image":{"@id":"https:\/\/www.lafargalhospitalet.com\/#\/schema\/logo\/image\/"},"sameAs":["https:\/\/www.facebook.com\/fargahospitalet\/","https:\/\/x.com\/fargahospitalet","https:\/\/www.instagram.com\/lafargahospitalet\/","https:\/\/www.youtube.com\/channel\/UCoLt6hen3PqGXgbLMGI3Qdw","https:\/\/www.flickr.com\/photos\/lafargagemsa\/albums"]},{"@type":"Person","@id":"https:\/\/www.lafargalhospitalet.com\/#\/schema\/person\/6cbac0ef7748506b167ff859e1c7f378","name":"La Farga Centre d'Activitats","sameAs":["https:\/\/www.lafargalhospitalet.com"],"url":"https:\/\/www.lafargalhospitalet.com\/ca\/author\/far25gmin\/"}]}},"_links":{"self":[{"href":"https:\/\/www.lafargalhospitalet.com\/ca\/wp-json\/wp\/v2\/posts\/7774","targetHints":{"allow":["GET"]}}],"collection":[{"href":"https:\/\/www.lafargalhospitalet.com\/ca\/wp-json\/wp\/v2\/posts"}],"about":[{"href":"https:\/\/www.lafargalhospitalet.com\/ca\/wp-json\/wp\/v2\/types\/post"}],"author":[{"embeddable":true,"href":"https:\/\/www.lafargalhospitalet.com\/ca\/wp-json\/wp\/v2\/users\/1"}],"replies":[{"embeddable":true,"href":"https:\/\/www.lafargalhospitalet.com\/ca\/wp-json\/wp\/v2\/comments?post=7774"}],"version-history":[{"count":0,"href":"https:\/\/www.lafargalhospitalet.com\/ca\/wp-json\/wp\/v2\/posts\/7774\/revisions"}],"wp:featuredmedia":[{"embeddable":true,"href":"https:\/\/www.lafargalhospitalet.com\/ca\/wp-json\/wp\/v2\/media\/7776"}],"wp:attachment":[{"href":"https:\/\/www.lafargalhospitalet.com\/ca\/wp-json\/wp\/v2\/media?parent=7774"}],"wp:term":[{"taxonomy":"category","embeddable":true,"href":"https:\/\/www.lafargalhospitalet.com\/ca\/wp-json\/wp\/v2\/categories?post=7774"},{"taxonomy":"post_tag","embeddable":true,"href":"https:\/\/www.lafargalhospitalet.com\/ca\/wp-json\/wp\/v2\/tags?post=7774"}],"curies":[{"name":"wp","href":"https:\/\/api.w.org\/{rel}","templated":true}]}}