{"id":7839,"date":"2020-10-23T12:28:48","date_gmt":"2020-10-23T11:28:48","guid":{"rendered":"http:\/\/www.lafargalhospitalet.com\/?p=7839"},"modified":"2025-11-03T18:27:32","modified_gmt":"2025-11-03T17:27:32","slug":"refem-calendari-treballem-superar-moment","status":"publish","type":"post","link":"https:\/\/www.lafargalhospitalet.com\/ca\/refem-calendari-treballem-superar-moment\/","title":{"rendered":"Refem el calendari, treballem per superar el moment"},"content":{"rendered":"<h5>Conjuntament amb els promotors i organitzadors d\u2019esdeveniments<\/h5>\n<p>A La Farga Centre d\u2019Activitats seguim treballant per refer el nostre <a href=\"https:\/\/www.lafargalhospitalet.com\/agenda-cat\/\" target=\"_blank\" rel=\"noopener noreferrer\"><strong>calendari d\u2019esdeveniments<\/strong><\/a> a causa de la pand\u00e8mia sanit\u00e0ria que travessem. Tenint en compte les mesures higienicosanit\u00e0ries que s\u2019han d\u2019adoptar, segons els diferents decrets de les autoritats competents, La Farga segueix en contacte amb tots els seus clients habituals, i tamb\u00e9 de nous, per poder celebrar i adaptar tots els salons, congressos i esdeveniments previstos, i que es van veure afectats per l\u2019estat d\u2019alarma.<\/p>\n<p>Des de La Farga Centre d\u2019Activitats treballem conjuntament amb els promotors, organitzadors i prove\u00efdors d\u2019esdeveniments per ajustar la seva activitat a la nova situaci\u00f3, i amb el comprom\u00eds, com agents actius dins del sector firal, congressual i d\u2019esdeveniments, per a la superaci\u00f3 d\u2019aquesta etapa d\u2019incertesa.<\/p>\n<h5>Noves dates d\u2019esdeveniments<\/h5>\n<p>Els salons <a href=\"https:\/\/barcelonabeerfestival.com\/\" target=\"_blank\" rel=\"noopener noreferrer\"><strong>Barcelona Beer Festival<\/strong><\/a>, <a href=\"https:\/\/expoterraria.es\/barcelona\" target=\"_blank\" rel=\"noopener noreferrer\"><strong>Expoterraria<\/strong><\/a>, <a href=\"https:\/\/magicinternacional.com\/\" target=\"_blank\" rel=\"noopener noreferrer\"><strong>Magic Internacional<\/strong><\/a>, <strong><a href=\"https:\/\/exposolidos.com\/\" target=\"_blank\" rel=\"noopener noreferrer\">Expos\u00f3lidos<\/a>, <a href=\"https:\/\/polusolidos.com\/\" target=\"_blank\" rel=\"noopener noreferrer\">Polus\u00f3lidos<\/a><\/strong>\u00a0i <strong><a href=\"http:\/\/expofluidos.com\/\" target=\"_blank\" rel=\"noopener noreferrer\">Expofluidos<\/a><\/strong>; el <a href=\"https:\/\/www.cidui.org\/\" target=\"_blank\" rel=\"noopener noreferrer\"><strong>Congr\u00e9s CIDUI (Congr\u00e9s Internacional de Doc\u00e8ncia Universit\u00e0ria i Innovaci\u00f3)<\/strong><\/a>, <a href=\"https:\/\/www.eventosmotor.com\/eventos\/2020\/retromotor-barcelona-2\/\" target=\"_blank\" rel=\"noopener noreferrer\"><strong>RetroMotor<\/strong><\/a> i la prova esportiva <a href=\"https:\/\/www.wod.run\/\" target=\"_blank\" rel=\"noopener noreferrer\"><strong>WodRun<\/strong><\/a> ja tenen noves dates a la nostra agenda, de 2021 i 2022, que es poden consultar al nostre portal web.<\/p>\n<p>A m\u00e9s, tamb\u00e9 estem treballant amb noves propostes de fires, salons i congressos. Els sectors econ\u00f2mics per als que treballem mereixen tota la nostra atenci\u00f3 de forma cont\u00ednua per fer realitat les seves necessitats i seguint creant noves propostes al calendari firal catal\u00e0. En definitiva, dinamitzar activitat per reprendre el pols econ\u00f2mic.<\/p>\n<p>Som conscients dels temps complexos en els qu\u00e8 vivim, per\u00f2 tamb\u00e9 tenim present que La Farga ha de seguir sent un punt de refer\u00e8ncia d\u2019esdeveniments presencials, sense oblidar la possibilitat de poder oferir les nostres instal\u00b7lacions per realitzacions virtuals. En aquest 2020, s\u2019han vist cancel\u00b7lats salons cl\u00e0ssics i referents a La Farga de L&#8217;Hospitalet com Creativa per\u00f2 alhora hem recuperat dates per als ex\u00e0mens que fa el Departament de Territori, destinats al sector del transport, i les proves de selecci\u00f3 de personal de l\u2019Ajuntament de L\u2019Hospitalet.<\/p>\n<p>Durant aquest temps de pand\u00e8mia, tamb\u00e9 hem pogut celebrar, amb totes les mesures de seguretat sanit\u00e0ria corresponents, la jornada de votaci\u00f3 de les Eleccions Generals de Bol\u00edvia, les Presidencials de la Rep\u00fablica Dominicana; i el Consell de Ciutat.<\/p>\n<h5>Atenci\u00f3 permanent<\/h5>\n<p>Existeix la possibilitat, gr\u00e0cies a ser un recinte multidisciplinar, de poder adaptar i acomodar qualsevol esdeveniment pel que fa a l\u2019ocupaci\u00f3 de metres quadrats, aforament i format que pot ser presencial, virtual o un h\u00edbrid.<\/p>\n<p>Tots els prove\u00efdors, clients, organitzadors i promotors d\u2019esdeveniments poden seguir contactant amb l\u2019equip de La Farga Centre d\u2019Activitats via correu electr\u00f2nic: centreactivitats@lafarga.com; o per tel\u00e8fon al 93 261 52 00. Tamb\u00e9 es poden fer consultes a trav\u00e9s del formulari de contacte del nostre portal <a href=\"https:\/\/www.lafargalhospitalet.com\" target=\"_blank\" rel=\"noopener noreferrer\"><strong>www.lafargalhospitalet.com<\/strong><\/a> i xarxes socials. Una vegada iniciada l\u2019acci\u00f3 comercial, es pot programar, en cas necessari, una visita t\u00e8cnica a les nostres instal\u00b7lacions, amb cita pr\u00e8via.<\/p>\n<p>Volem donar el nostre sincer suport a tots els afectats per la pand\u00e8mia i el nostre m\u00e9s sincer agra\u00efment al personal sanitari, professionals p\u00fablics i serveis essencials que estan al capdavant d\u2019aquest escenari complex i incert. Tamb\u00e9 fem una crida a tota la ciutadania a seguir les recomanacions i mesures higienicosanit\u00e0ries.<\/p>\n","protected":false},"excerpt":{"rendered":"<p>A La Farga Centre d\u2019Activitats seguim treballant per refer el nostre calendari d\u2019esdeveniments a causa de la pand\u00e8mia sanit\u00e0ria que travessem.<\/p>\n","protected":false},"author":1,"featured_media":7840,"comment_status":"closed","ping_status":"closed","sticky":false,"template":"","format":"standard","meta":{"_monsterinsights_skip_tracking":false,"_monsterinsights_sitenote_active":false,"_monsterinsights_sitenote_note":"","_monsterinsights_sitenote_category":0,"footnotes":""},"categories":[83],"tags":[],"class_list":["post-7839","post","type-post","status-publish","format-standard","has-post-thumbnail","hentry","category-noticies"],"yoast_head":"<!-- This site is optimized with the Yoast SEO plugin v27.5 - https:\/\/yoast.com\/product\/yoast-seo-wordpress\/ -->\n<title>Refem el calendari, treballem per superar el moment - La Farga L&#039;Hospitalet Centre d&#039;Activitats. La Farga GEM, S.A.<\/title>\n<meta name=\"description\" content=\"A La Farga Centre d\u2019Activitats refem tot el nostre calendari d\u2019esdeveniments a causa de la pand\u00e8mia sanit\u00e0ria que travessem.\" \/>\n<meta name=\"robots\" content=\"index, follow, max-snippet:-1, max-image-preview:large, max-video-preview:-1\" \/>\n<link rel=\"canonical\" href=\"https:\/\/www.lafargalhospitalet.com\/ca\/refem-calendari-treballem-superar-moment\/\" \/>\n<meta property=\"og:locale\" content=\"ca_ES\" \/>\n<meta property=\"og:type\" content=\"article\" \/>\n<meta property=\"og:title\" content=\"Refem el calendari, treballem per superar el moment - La Farga L&#039;Hospitalet Centre d&#039;Activitats. La Farga GEM, S.A.\" \/>\n<meta property=\"og:description\" content=\"A La Farga Centre d\u2019Activitats refem tot el nostre calendari d\u2019esdeveniments a causa de la pand\u00e8mia sanit\u00e0ria que travessem.\" \/>\n<meta property=\"og:url\" content=\"https:\/\/www.lafargalhospitalet.com\/ca\/refem-calendari-treballem-superar-moment\/\" \/>\n<meta property=\"og:site_name\" content=\"La Farga L&#039;Hospitalet Centre d&#039;Activitats. La Farga GEM, S.A.\" \/>\n<meta property=\"article:publisher\" content=\"https:\/\/www.facebook.com\/fargahospitalet\/\" \/>\n<meta property=\"article:published_time\" content=\"2020-10-23T11:28:48+00:00\" \/>\n<meta property=\"article:modified_time\" content=\"2025-11-03T17:27:32+00:00\" \/>\n<meta property=\"og:image\" content=\"https:\/\/www.lafargalhospitalet.com\/wp-content\/uploads\/2020\/10\/Farga-Foyer.jpg\" \/>\n\t<meta property=\"og:image:width\" content=\"730\" \/>\n\t<meta property=\"og:image:height\" content=\"410\" \/>\n\t<meta property=\"og:image:type\" content=\"image\/jpeg\" \/>\n<meta name=\"author\" content=\"La Farga Centre d&#039;Activitats\" \/>\n<meta name=\"twitter:card\" content=\"summary_large_image\" \/>\n<meta name=\"twitter:creator\" content=\"@fargahospitalet\" \/>\n<meta name=\"twitter:site\" content=\"@fargahospitalet\" \/>\n<meta name=\"twitter:label1\" content=\"Escrit per\" \/>\n\t<meta name=\"twitter:data1\" content=\"La Farga Centre d&#039;Activitats\" \/>\n\t<meta name=\"twitter:label2\" content=\"Temps estimat de lectura\" \/>\n\t<meta name=\"twitter:data2\" content=\"3 minuts\" \/>\n<script type=\"application\/ld+json\" class=\"yoast-schema-graph\">{\"@context\":\"https:\\\/\\\/schema.org\",\"@graph\":[{\"@type\":\"Article\",\"@id\":\"https:\\\/\\\/www.lafargalhospitalet.com\\\/ca\\\/refem-calendari-treballem-superar-moment\\\/#article\",\"isPartOf\":{\"@id\":\"https:\\\/\\\/www.lafargalhospitalet.com\\\/ca\\\/refem-calendari-treballem-superar-moment\\\/\"},\"author\":{\"name\":\"La Farga Centre d'Activitats\",\"@id\":\"https:\\\/\\\/www.lafargalhospitalet.com\\\/#\\\/schema\\\/person\\\/6cbac0ef7748506b167ff859e1c7f378\"},\"headline\":\"Refem el calendari, treballem per superar el moment\",\"datePublished\":\"2020-10-23T11:28:48+00:00\",\"dateModified\":\"2025-11-03T17:27:32+00:00\",\"mainEntityOfPage\":{\"@id\":\"https:\\\/\\\/www.lafargalhospitalet.com\\\/ca\\\/refem-calendari-treballem-superar-moment\\\/\"},\"wordCount\":577,\"publisher\":{\"@id\":\"https:\\\/\\\/www.lafargalhospitalet.com\\\/#organization\"},\"image\":{\"@id\":\"https:\\\/\\\/www.lafargalhospitalet.com\\\/ca\\\/refem-calendari-treballem-superar-moment\\\/#primaryimage\"},\"thumbnailUrl\":\"https:\\\/\\\/www.lafargalhospitalet.com\\\/wp-content\\\/uploads\\\/2020\\\/10\\\/Farga-Foyer.jpg\",\"articleSection\":[\"Noticies\"],\"inLanguage\":\"ca\"},{\"@type\":\"WebPage\",\"@id\":\"https:\\\/\\\/www.lafargalhospitalet.com\\\/ca\\\/refem-calendari-treballem-superar-moment\\\/\",\"url\":\"https:\\\/\\\/www.lafargalhospitalet.com\\\/ca\\\/refem-calendari-treballem-superar-moment\\\/\",\"name\":\"Refem el calendari, treballem per superar el moment - La Farga L&#039;Hospitalet Centre d&#039;Activitats. La Farga GEM, S.A.\",\"isPartOf\":{\"@id\":\"https:\\\/\\\/www.lafargalhospitalet.com\\\/#website\"},\"primaryImageOfPage\":{\"@id\":\"https:\\\/\\\/www.lafargalhospitalet.com\\\/ca\\\/refem-calendari-treballem-superar-moment\\\/#primaryimage\"},\"image\":{\"@id\":\"https:\\\/\\\/www.lafargalhospitalet.com\\\/ca\\\/refem-calendari-treballem-superar-moment\\\/#primaryimage\"},\"thumbnailUrl\":\"https:\\\/\\\/www.lafargalhospitalet.com\\\/wp-content\\\/uploads\\\/2020\\\/10\\\/Farga-Foyer.jpg\",\"datePublished\":\"2020-10-23T11:28:48+00:00\",\"dateModified\":\"2025-11-03T17:27:32+00:00\",\"description\":\"A La Farga Centre d\u2019Activitats refem tot el nostre calendari d\u2019esdeveniments a causa de la pand\u00e8mia sanit\u00e0ria que travessem.\",\"breadcrumb\":{\"@id\":\"https:\\\/\\\/www.lafargalhospitalet.com\\\/ca\\\/refem-calendari-treballem-superar-moment\\\/#breadcrumb\"},\"inLanguage\":\"ca\",\"potentialAction\":[{\"@type\":\"ReadAction\",\"target\":[\"https:\\\/\\\/www.lafargalhospitalet.com\\\/ca\\\/refem-calendari-treballem-superar-moment\\\/\"]}]},{\"@type\":\"ImageObject\",\"inLanguage\":\"ca\",\"@id\":\"https:\\\/\\\/www.lafargalhospitalet.com\\\/ca\\\/refem-calendari-treballem-superar-moment\\\/#primaryimage\",\"url\":\"https:\\\/\\\/www.lafargalhospitalet.com\\\/wp-content\\\/uploads\\\/2020\\\/10\\\/Farga-Foyer.jpg\",\"contentUrl\":\"https:\\\/\\\/www.lafargalhospitalet.com\\\/wp-content\\\/uploads\\\/2020\\\/10\\\/Farga-Foyer.jpg\",\"width\":730,\"height\":410,\"caption\":\"Covid-19 Virus Refem calendari calendario Farga\"},{\"@type\":\"BreadcrumbList\",\"@id\":\"https:\\\/\\\/www.lafargalhospitalet.com\\\/ca\\\/refem-calendari-treballem-superar-moment\\\/#breadcrumb\",\"itemListElement\":[{\"@type\":\"ListItem\",\"position\":1,\"name\":\"Portada\",\"item\":\"https:\\\/\\\/www.lafargalhospitalet.com\\\/\"},{\"@type\":\"ListItem\",\"position\":2,\"name\":\"Refem el calendari, treballem per superar el moment\"}]},{\"@type\":\"WebSite\",\"@id\":\"https:\\\/\\\/www.lafargalhospitalet.com\\\/#website\",\"url\":\"https:\\\/\\\/www.lafargalhospitalet.com\\\/\",\"name\":\"La Farga L'Hospitalet Centre d'Activitats. La Farga GEM, S.A.\",\"description\":\"La Farga L&#039;Hospitalet Centre d&#039;Activitats. Gestionat per La Farga GEM, S.A. Fires i Congressos. Concerts, exposicions, reunions, filmacions, sopars de gala.\",\"publisher\":{\"@id\":\"https:\\\/\\\/www.lafargalhospitalet.com\\\/#organization\"},\"potentialAction\":[{\"@type\":\"SearchAction\",\"target\":{\"@type\":\"EntryPoint\",\"urlTemplate\":\"https:\\\/\\\/www.lafargalhospitalet.com\\\/?s={search_term_string}\"},\"query-input\":{\"@type\":\"PropertyValueSpecification\",\"valueRequired\":true,\"valueName\":\"search_term_string\"}}],\"inLanguage\":\"ca\"},{\"@type\":\"Organization\",\"@id\":\"https:\\\/\\\/www.lafargalhospitalet.com\\\/#organization\",\"name\":\"La Farga L'Hospitalet Centre d'Activitats. La Farga GEM, S.A.\",\"url\":\"https:\\\/\\\/www.lafargalhospitalet.com\\\/\",\"logo\":{\"@type\":\"ImageObject\",\"inLanguage\":\"ca\",\"@id\":\"https:\\\/\\\/www.lafargalhospitalet.com\\\/#\\\/schema\\\/logo\\\/image\\\/\",\"url\":\"https:\\\/\\\/www.lafargalhospitalet.com\\\/wp-content\\\/uploads\\\/2025\\\/10\\\/logotipo_lafarga_centre_activitats.png\",\"contentUrl\":\"https:\\\/\\\/www.lafargalhospitalet.com\\\/wp-content\\\/uploads\\\/2025\\\/10\\\/logotipo_lafarga_centre_activitats.png\",\"width\":266,\"height\":101,\"caption\":\"La Farga L'Hospitalet Centre d'Activitats. La Farga GEM, S.A.\"},\"image\":{\"@id\":\"https:\\\/\\\/www.lafargalhospitalet.com\\\/#\\\/schema\\\/logo\\\/image\\\/\"},\"sameAs\":[\"https:\\\/\\\/www.facebook.com\\\/fargahospitalet\\\/\",\"https:\\\/\\\/x.com\\\/fargahospitalet\",\"https:\\\/\\\/www.instagram.com\\\/lafargahospitalet\\\/\",\"https:\\\/\\\/www.youtube.com\\\/channel\\\/UCoLt6hen3PqGXgbLMGI3Qdw\",\"https:\\\/\\\/www.flickr.com\\\/photos\\\/lafargagemsa\\\/albums\"]},{\"@type\":\"Person\",\"@id\":\"https:\\\/\\\/www.lafargalhospitalet.com\\\/#\\\/schema\\\/person\\\/6cbac0ef7748506b167ff859e1c7f378\",\"name\":\"La Farga Centre d'Activitats\",\"sameAs\":[\"https:\\\/\\\/www.lafargalhospitalet.com\"],\"url\":\"https:\\\/\\\/www.lafargalhospitalet.com\\\/ca\\\/author\\\/far25gmin\\\/\"}]}<\/script>\n<!-- \/ Yoast SEO plugin. -->","yoast_head_json":{"title":"Refem el calendari, treballem per superar el moment - La Farga L&#039;Hospitalet Centre d&#039;Activitats. La Farga GEM, S.A.","description":"A La Farga Centre d\u2019Activitats refem tot el nostre calendari d\u2019esdeveniments a causa de la pand\u00e8mia sanit\u00e0ria que travessem.","robots":{"index":"index","follow":"follow","max-snippet":"max-snippet:-1","max-image-preview":"max-image-preview:large","max-video-preview":"max-video-preview:-1"},"canonical":"https:\/\/www.lafargalhospitalet.com\/ca\/refem-calendari-treballem-superar-moment\/","og_locale":"ca_ES","og_type":"article","og_title":"Refem el calendari, treballem per superar el moment - La Farga L&#039;Hospitalet Centre d&#039;Activitats. La Farga GEM, S.A.","og_description":"A La Farga Centre d\u2019Activitats refem tot el nostre calendari d\u2019esdeveniments a causa de la pand\u00e8mia sanit\u00e0ria que travessem.","og_url":"https:\/\/www.lafargalhospitalet.com\/ca\/refem-calendari-treballem-superar-moment\/","og_site_name":"La Farga L&#039;Hospitalet Centre d&#039;Activitats. La Farga GEM, S.A.","article_publisher":"https:\/\/www.facebook.com\/fargahospitalet\/","article_published_time":"2020-10-23T11:28:48+00:00","article_modified_time":"2025-11-03T17:27:32+00:00","og_image":[{"width":730,"height":410,"url":"https:\/\/www.lafargalhospitalet.com\/wp-content\/uploads\/2020\/10\/Farga-Foyer.jpg","type":"image\/jpeg"}],"author":"La Farga Centre d'Activitats","twitter_card":"summary_large_image","twitter_creator":"@fargahospitalet","twitter_site":"@fargahospitalet","twitter_misc":{"Escrit per":"La Farga Centre d'Activitats","Temps estimat de lectura":"3 minuts"},"schema":{"@context":"https:\/\/schema.org","@graph":[{"@type":"Article","@id":"https:\/\/www.lafargalhospitalet.com\/ca\/refem-calendari-treballem-superar-moment\/#article","isPartOf":{"@id":"https:\/\/www.lafargalhospitalet.com\/ca\/refem-calendari-treballem-superar-moment\/"},"author":{"name":"La Farga Centre d'Activitats","@id":"https:\/\/www.lafargalhospitalet.com\/#\/schema\/person\/6cbac0ef7748506b167ff859e1c7f378"},"headline":"Refem el calendari, treballem per superar el moment","datePublished":"2020-10-23T11:28:48+00:00","dateModified":"2025-11-03T17:27:32+00:00","mainEntityOfPage":{"@id":"https:\/\/www.lafargalhospitalet.com\/ca\/refem-calendari-treballem-superar-moment\/"},"wordCount":577,"publisher":{"@id":"https:\/\/www.lafargalhospitalet.com\/#organization"},"image":{"@id":"https:\/\/www.lafargalhospitalet.com\/ca\/refem-calendari-treballem-superar-moment\/#primaryimage"},"thumbnailUrl":"https:\/\/www.lafargalhospitalet.com\/wp-content\/uploads\/2020\/10\/Farga-Foyer.jpg","articleSection":["Noticies"],"inLanguage":"ca"},{"@type":"WebPage","@id":"https:\/\/www.lafargalhospitalet.com\/ca\/refem-calendari-treballem-superar-moment\/","url":"https:\/\/www.lafargalhospitalet.com\/ca\/refem-calendari-treballem-superar-moment\/","name":"Refem el calendari, treballem per superar el moment - La Farga L&#039;Hospitalet Centre d&#039;Activitats. La Farga GEM, S.A.","isPartOf":{"@id":"https:\/\/www.lafargalhospitalet.com\/#website"},"primaryImageOfPage":{"@id":"https:\/\/www.lafargalhospitalet.com\/ca\/refem-calendari-treballem-superar-moment\/#primaryimage"},"image":{"@id":"https:\/\/www.lafargalhospitalet.com\/ca\/refem-calendari-treballem-superar-moment\/#primaryimage"},"thumbnailUrl":"https:\/\/www.lafargalhospitalet.com\/wp-content\/uploads\/2020\/10\/Farga-Foyer.jpg","datePublished":"2020-10-23T11:28:48+00:00","dateModified":"2025-11-03T17:27:32+00:00","description":"A La Farga Centre d\u2019Activitats refem tot el nostre calendari d\u2019esdeveniments a causa de la pand\u00e8mia sanit\u00e0ria que travessem.","breadcrumb":{"@id":"https:\/\/www.lafargalhospitalet.com\/ca\/refem-calendari-treballem-superar-moment\/#breadcrumb"},"inLanguage":"ca","potentialAction":[{"@type":"ReadAction","target":["https:\/\/www.lafargalhospitalet.com\/ca\/refem-calendari-treballem-superar-moment\/"]}]},{"@type":"ImageObject","inLanguage":"ca","@id":"https:\/\/www.lafargalhospitalet.com\/ca\/refem-calendari-treballem-superar-moment\/#primaryimage","url":"https:\/\/www.lafargalhospitalet.com\/wp-content\/uploads\/2020\/10\/Farga-Foyer.jpg","contentUrl":"https:\/\/www.lafargalhospitalet.com\/wp-content\/uploads\/2020\/10\/Farga-Foyer.jpg","width":730,"height":410,"caption":"Covid-19 Virus Refem calendari calendario Farga"},{"@type":"BreadcrumbList","@id":"https:\/\/www.lafargalhospitalet.com\/ca\/refem-calendari-treballem-superar-moment\/#breadcrumb","itemListElement":[{"@type":"ListItem","position":1,"name":"Portada","item":"https:\/\/www.lafargalhospitalet.com\/"},{"@type":"ListItem","position":2,"name":"Refem el calendari, treballem per superar el moment"}]},{"@type":"WebSite","@id":"https:\/\/www.lafargalhospitalet.com\/#website","url":"https:\/\/www.lafargalhospitalet.com\/","name":"La Farga L'Hospitalet Centre d'Activitats. La Farga GEM, S.A.","description":"La Farga L&#039;Hospitalet Centre d&#039;Activitats. Gestionat per La Farga GEM, S.A. Fires i Congressos. Concerts, exposicions, reunions, filmacions, sopars de gala.","publisher":{"@id":"https:\/\/www.lafargalhospitalet.com\/#organization"},"potentialAction":[{"@type":"SearchAction","target":{"@type":"EntryPoint","urlTemplate":"https:\/\/www.lafargalhospitalet.com\/?s={search_term_string}"},"query-input":{"@type":"PropertyValueSpecification","valueRequired":true,"valueName":"search_term_string"}}],"inLanguage":"ca"},{"@type":"Organization","@id":"https:\/\/www.lafargalhospitalet.com\/#organization","name":"La Farga L'Hospitalet Centre d'Activitats. La Farga GEM, S.A.","url":"https:\/\/www.lafargalhospitalet.com\/","logo":{"@type":"ImageObject","inLanguage":"ca","@id":"https:\/\/www.lafargalhospitalet.com\/#\/schema\/logo\/image\/","url":"https:\/\/www.lafargalhospitalet.com\/wp-content\/uploads\/2025\/10\/logotipo_lafarga_centre_activitats.png","contentUrl":"https:\/\/www.lafargalhospitalet.com\/wp-content\/uploads\/2025\/10\/logotipo_lafarga_centre_activitats.png","width":266,"height":101,"caption":"La Farga L'Hospitalet Centre d'Activitats. La Farga GEM, S.A."},"image":{"@id":"https:\/\/www.lafargalhospitalet.com\/#\/schema\/logo\/image\/"},"sameAs":["https:\/\/www.facebook.com\/fargahospitalet\/","https:\/\/x.com\/fargahospitalet","https:\/\/www.instagram.com\/lafargahospitalet\/","https:\/\/www.youtube.com\/channel\/UCoLt6hen3PqGXgbLMGI3Qdw","https:\/\/www.flickr.com\/photos\/lafargagemsa\/albums"]},{"@type":"Person","@id":"https:\/\/www.lafargalhospitalet.com\/#\/schema\/person\/6cbac0ef7748506b167ff859e1c7f378","name":"La Farga Centre d'Activitats","sameAs":["https:\/\/www.lafargalhospitalet.com"],"url":"https:\/\/www.lafargalhospitalet.com\/ca\/author\/far25gmin\/"}]}},"_links":{"self":[{"href":"https:\/\/www.lafargalhospitalet.com\/ca\/wp-json\/wp\/v2\/posts\/7839","targetHints":{"allow":["GET"]}}],"collection":[{"href":"https:\/\/www.lafargalhospitalet.com\/ca\/wp-json\/wp\/v2\/posts"}],"about":[{"href":"https:\/\/www.lafargalhospitalet.com\/ca\/wp-json\/wp\/v2\/types\/post"}],"author":[{"embeddable":true,"href":"https:\/\/www.lafargalhospitalet.com\/ca\/wp-json\/wp\/v2\/users\/1"}],"replies":[{"embeddable":true,"href":"https:\/\/www.lafargalhospitalet.com\/ca\/wp-json\/wp\/v2\/comments?post=7839"}],"version-history":[{"count":0,"href":"https:\/\/www.lafargalhospitalet.com\/ca\/wp-json\/wp\/v2\/posts\/7839\/revisions"}],"wp:featuredmedia":[{"embeddable":true,"href":"https:\/\/www.lafargalhospitalet.com\/ca\/wp-json\/wp\/v2\/media\/7840"}],"wp:attachment":[{"href":"https:\/\/www.lafargalhospitalet.com\/ca\/wp-json\/wp\/v2\/media?parent=7839"}],"wp:term":[{"taxonomy":"category","embeddable":true,"href":"https:\/\/www.lafargalhospitalet.com\/ca\/wp-json\/wp\/v2\/categories?post=7839"},{"taxonomy":"post_tag","embeddable":true,"href":"https:\/\/www.lafargalhospitalet.com\/ca\/wp-json\/wp\/v2\/tags?post=7839"}],"curies":[{"name":"wp","href":"https:\/\/api.w.org\/{rel}","templated":true}]}}