{"id":7948,"date":"2021-02-04T09:50:57","date_gmt":"2021-02-04T08:50:57","guid":{"rendered":"http:\/\/www.lafargalhospitalet.com\/?p=7948"},"modified":"2025-11-03T18:27:32","modified_gmt":"2025-11-03T17:27:32","slug":"la-farga-centre-dactivitats-collegi-electoral-del-14f","status":"publish","type":"post","link":"https:\/\/www.lafargalhospitalet.com\/ca\/la-farga-centre-dactivitats-collegi-electoral-del-14f\/","title":{"rendered":"La Farga Centre d&#8217;Activitats, col\u00b7legi electoral del 14F"},"content":{"rendered":"\n<h5 class=\"wp-block-heading\">Eleccions al Parlament de Catalunya<\/h5>\n\n\n\n<p>La Farga Centre d&#8217;Activitats ser\u00e0 col\u00b7legi electoral per a les eleccions al Parlament de Catalunya del proper diumenge 14 de febrer.<\/p>\n\n\n\n<p>En aquests comicis, el nombre de meses electorals ser\u00e0 de 268, una m\u00e9s que en convocat\u00f2ries anteriors, i el nombre de col\u00b7legis passa de 49 a 59 per l\u2019aplicaci\u00f3 de les mesures sanit\u00e0ries i de prevenci\u00f3 anti-Covid. Aix\u00ed, s\u2019han hagut d\u2019habilitar nous equipaments com a col\u00b7legis electorals: hi ha espais que es mantenen igual, sense canvis; d\u2019altres redueixen el nombre de meses, i un tercer grup ha estat substitu\u00eft per un altre equipament de refer\u00e8ncia del mateix barri.<\/p>\n\n\n\n<p>Els equipaments que s\u2019incorporen com a col\u00b7legis electorals s\u00f3n: el Casal de Gent Gran Ca n\u2019Ar\u00fas i <a href=\"https:\/\/www.lafargalhospitalet.com\/home\/\" target=\"_blank\" rel=\"noreferrer noopener\"><strong>La Farga<\/strong><\/a> \u2014al Districte 1\u2014; el Casal de Gent Gran de la Torrassa, l\u2019Antic Cinema Romero, el Poliesportiu Municipal Fum d\u2019Estampa i Torre Barrina \u2014al Districte 2\u2014; la Biblioteca Pla\u00e7a d\u2019Europa, Can Trinxet, el Casal de Gent Gran de Santa Eul\u00e0lia, el CC Santa Eul\u00e0lia i Gornal Activa \u2014al Districte 3\u2014; l\u2019escola bressol La Casa de les Flors, el CC Ana D\u00edaz Rico, l\u2019Esplai la Florida i el Mercat de la Florida \u2014al Districte 4\u2014; el Casal de Gent Gran Pubilla Cases \u2014al Districte 5\u2014, i l\u2019EMMCA, el Poliesportiu Municipal Gornal i el Poliesportiu Municipal Bellvitge Sergio Manzano \u2014al Districte 6.<\/p>\n\n\n\n<p>Tothom que ho desitgi pot consultar a quin col\u00b7legi electoral li toca votar, utilitzant el web municipal, per mitj\u00e0 de la p\u00e0gina seg\u00fcent:\u00a0<a href=\"https:\/\/seuelectronica.l-h.cat\/194086_1.aspx?cr=388660&amp;id=1\" target=\"_blank\" rel=\"noreferrer noopener\"><strong>https:\/\/seuelectronica.l-h.cat\/194086_1.aspx?cr=388660&amp;id=1<\/strong><\/a><\/p>\n\n\n\n<h5 class=\"wp-block-heading\">173.629 hospitalencs i hospitalenques s\u00f3n convocats a les urnes<\/h5>\n\n\n\n<p>A L\u2019Hospitalet, 173.629 persones estan cridades a les urnes el pr\u00f2xim 14 de febrer a participar en les eleccions al Parlament de Catalunya. D\u2019aquests electors, 2.409 votaran per primer cop i 65.176 (el 40 % de l\u2019electorat) ho faran en un col\u00b7legi diferent a l\u2019habitual, per la desaparici\u00f3 del seu o per un canvi parcial que afecta nom\u00e9s algunes meses.&nbsp;<\/p>\n\n\n\n<p>L\u2019Ajuntament de L\u2019Hospitalet mobilitzar\u00e0 durant la jornada del 14F unes 300 persones, coordinades per la responsable municipal de prevenci\u00f3 de riscos laborals, que vetllar\u00e0 pel compliment de tots els requisits i mesures de seguretat que figuren als protocols del PROCICAT en tots els col\u00b7legis.<\/p>\n\n\n\n<h5 class=\"wp-block-heading\">Mesures especials de seguretat<\/h5>\n\n\n\n<p>L\u2019Ajuntament s\u2019encarregar\u00e0 de marcar els itineraris d\u2019entrada i de sortida als recintes, d\u2019organitzar les cues, de garantir que es mantenen les dist\u00e0ncies de seguretat entre les persones i que hi hagi material i equips de prevenci\u00f3 a disposici\u00f3 de les persones mobilitzades. A m\u00e9s, tots els col\u00b7legis electorals seran desinfectats abans i despr\u00e9s de la jornada, i a cada col\u00b7legi hi haur\u00e0 un servei de neteja per a garantir les condicions higi\u00e8niques adequades.<\/p>\n\n\n\n<p>Cada centre electoral comptar\u00e0 amb un responsable Covid, figura de nova creaci\u00f3 que s\u2019encarregar\u00e0 de coordinar tot el personal que hi participa (conserges, neteja i representants de l\u2019administraci\u00f3), de comunicar possibles incid\u00e8ncies en mat\u00e8ria de seguretat sanit\u00e0ria, custodiar el material de protecci\u00f3, senyalitzar els espais segons el protocol quant a requeriments Covid, gestionar l\u2019acc\u00e9s al centre electoral i vetllar perqu\u00e8 tots els electors compleixin amb les mesures sanit\u00e0ries (\u00fas de mascareta i de gel hidroalcoh\u00f2lic, mantenir les dist\u00e0ncies de seguretat&#8230;), entre altres funcions.<\/p>\n\n\n\n<p>L\u2019horari per a les votacions per escollir els representants del Parlament de Catalunya ser\u00e0, com \u00e9s habitual, de 9 a 20 hores. Aquest cop, per\u00f2, s\u2019han establert unes franges hor\u00e0ries recomanades de votaci\u00f3 per persones de risc i persones amb Covid-19, amb la finalitat de garantir el vot a tothom, tamb\u00e9 a les persones positives o en quarantena:<\/p>\n\n\n\n<p>\u00b7 de 9 a 12 h, per a persones de risc<br>\u00b7 de 12 a 19 h, per a persones no pertanyents a cap col\u00b7lectiu de risc<br>\u00b7 de 19 a 20 h, per a persones positives en coronavirus i contactes estrets<\/p>\n\n\n\n<h5 class=\"wp-block-heading\">Promoci\u00f3 del vot per correu<\/h5>\n\n\n\n<p>Encara que es treballa per poder votar de manera presencial amb garanties, les diferents administracions han impulsat una campanya de promoci\u00f3 del vot per correu. A difer\u00e8ncia d&#8217;altres comicis, aquest cop es podr\u00e0 votar sense la necessitat de sortir de casa, demanant fins al 5 de febrer el vot de manera telem\u00e0tica des de la p\u00e0gina web de Correus.<\/p>\n\n\n\n<h5 class=\"wp-block-heading\">Servei gratu\u00eft de transport per a persones amb mobilitat redu\u00efda<\/h5>\n\n\n\n<p>Com sempre, l\u2019Ajuntament posa a disposici\u00f3 de les persones amb mobilitat redu\u00efda un servei gratu\u00eft de transport adaptat des dels domicilis particulars fins als col\u00b7legis electorals. Les persones interessades a utilitzar aquest servei han de trucar al tel\u00e8fon 93 402 96 83, de dilluns a divendres, de 9 a 14 hores i de 16 a 19 hores, i el mateix 14 de febrer, de 9 a 17 hores.<\/p>\n","protected":false},"excerpt":{"rendered":"<p>La Farga Centre d&#8217;Activitats ser\u00e0 un dels col\u00b7legis electorals de la ciutat de L&#8217;Hospitalet per a les eleccions al Parlament de Catalunya del proper diumenge 14 de febrer.<\/p>\n","protected":false},"author":1,"featured_media":7950,"comment_status":"closed","ping_status":"closed","sticky":false,"template":"","format":"standard","meta":{"_monsterinsights_skip_tracking":false,"_monsterinsights_sitenote_active":false,"_monsterinsights_sitenote_note":"","_monsterinsights_sitenote_category":0,"footnotes":""},"categories":[83],"tags":[],"class_list":["post-7948","post","type-post","status-publish","format-standard","has-post-thumbnail","hentry","category-noticies"],"yoast_head":"<!-- This site is optimized with the Yoast SEO plugin v27.5 - https:\/\/yoast.com\/product\/yoast-seo-wordpress\/ -->\n<title>La Farga Centre d&#039;Activitats, col\u00b7legi electoral del 14F - La Farga L&#039;Hospitalet Centre d&#039;Activitats. La Farga GEM, S.A.<\/title>\n<meta name=\"description\" content=\"La Farga ser\u00e0 col\u00b7legi electoral per a les eleccions al Parlament de Catalunya del proper 14 de febrer. El nombre de meses electorals ser\u00e0 de 268.\" \/>\n<meta name=\"robots\" content=\"index, follow, max-snippet:-1, max-image-preview:large, max-video-preview:-1\" \/>\n<link rel=\"canonical\" href=\"https:\/\/www.lafargalhospitalet.com\/ca\/la-farga-centre-dactivitats-collegi-electoral-del-14f\/\" \/>\n<meta property=\"og:locale\" content=\"ca_ES\" \/>\n<meta property=\"og:type\" content=\"article\" \/>\n<meta property=\"og:title\" content=\"La Farga Centre d&#039;Activitats, col\u00b7legi electoral del 14F - La Farga L&#039;Hospitalet Centre d&#039;Activitats. La Farga GEM, S.A.\" \/>\n<meta property=\"og:description\" content=\"La Farga ser\u00e0 col\u00b7legi electoral per a les eleccions al Parlament de Catalunya del proper 14 de febrer. El nombre de meses electorals ser\u00e0 de 268.\" \/>\n<meta property=\"og:url\" content=\"https:\/\/www.lafargalhospitalet.com\/ca\/la-farga-centre-dactivitats-collegi-electoral-del-14f\/\" \/>\n<meta property=\"og:site_name\" content=\"La Farga L&#039;Hospitalet Centre d&#039;Activitats. La Farga GEM, S.A.\" \/>\n<meta property=\"article:publisher\" content=\"https:\/\/www.facebook.com\/fargahospitalet\/\" \/>\n<meta property=\"article:published_time\" content=\"2021-02-04T08:50:57+00:00\" \/>\n<meta property=\"article:modified_time\" content=\"2025-11-03T17:27:32+00:00\" \/>\n<meta property=\"og:image\" content=\"https:\/\/www.lafargalhospitalet.com\/wp-content\/uploads\/2021\/02\/Eleccions-Parlament-Farga.jpg\" \/>\n\t<meta property=\"og:image:width\" content=\"730\" \/>\n\t<meta property=\"og:image:height\" content=\"410\" \/>\n\t<meta property=\"og:image:type\" content=\"image\/jpeg\" \/>\n<meta name=\"author\" content=\"La Farga Centre d&#039;Activitats\" \/>\n<meta name=\"twitter:card\" content=\"summary_large_image\" \/>\n<meta name=\"twitter:creator\" content=\"@fargahospitalet\" \/>\n<meta name=\"twitter:site\" content=\"@fargahospitalet\" \/>\n<meta name=\"twitter:label1\" content=\"Escrit per\" \/>\n\t<meta name=\"twitter:data1\" content=\"La Farga Centre d&#039;Activitats\" \/>\n\t<meta name=\"twitter:label2\" content=\"Temps estimat de lectura\" \/>\n\t<meta name=\"twitter:data2\" content=\"4 minuts\" \/>\n<script type=\"application\/ld+json\" class=\"yoast-schema-graph\">{\"@context\":\"https:\\\/\\\/schema.org\",\"@graph\":[{\"@type\":\"Article\",\"@id\":\"https:\\\/\\\/www.lafargalhospitalet.com\\\/ca\\\/la-farga-centre-dactivitats-collegi-electoral-del-14f\\\/#article\",\"isPartOf\":{\"@id\":\"https:\\\/\\\/www.lafargalhospitalet.com\\\/ca\\\/la-farga-centre-dactivitats-collegi-electoral-del-14f\\\/\"},\"author\":{\"name\":\"La Farga Centre d'Activitats\",\"@id\":\"https:\\\/\\\/www.lafargalhospitalet.com\\\/#\\\/schema\\\/person\\\/6cbac0ef7748506b167ff859e1c7f378\"},\"headline\":\"La Farga Centre d&#8217;Activitats, col\u00b7legi electoral del 14F\",\"datePublished\":\"2021-02-04T08:50:57+00:00\",\"dateModified\":\"2025-11-03T17:27:32+00:00\",\"mainEntityOfPage\":{\"@id\":\"https:\\\/\\\/www.lafargalhospitalet.com\\\/ca\\\/la-farga-centre-dactivitats-collegi-electoral-del-14f\\\/\"},\"wordCount\":815,\"publisher\":{\"@id\":\"https:\\\/\\\/www.lafargalhospitalet.com\\\/#organization\"},\"image\":{\"@id\":\"https:\\\/\\\/www.lafargalhospitalet.com\\\/ca\\\/la-farga-centre-dactivitats-collegi-electoral-del-14f\\\/#primaryimage\"},\"thumbnailUrl\":\"https:\\\/\\\/www.lafargalhospitalet.com\\\/wp-content\\\/uploads\\\/2021\\\/02\\\/Eleccions-Parlament-Farga.jpg\",\"articleSection\":[\"Noticies\"],\"inLanguage\":\"ca\"},{\"@type\":\"WebPage\",\"@id\":\"https:\\\/\\\/www.lafargalhospitalet.com\\\/ca\\\/la-farga-centre-dactivitats-collegi-electoral-del-14f\\\/\",\"url\":\"https:\\\/\\\/www.lafargalhospitalet.com\\\/ca\\\/la-farga-centre-dactivitats-collegi-electoral-del-14f\\\/\",\"name\":\"La Farga Centre d'Activitats, col\u00b7legi electoral del 14F - La Farga L&#039;Hospitalet Centre d&#039;Activitats. La Farga GEM, S.A.\",\"isPartOf\":{\"@id\":\"https:\\\/\\\/www.lafargalhospitalet.com\\\/#website\"},\"primaryImageOfPage\":{\"@id\":\"https:\\\/\\\/www.lafargalhospitalet.com\\\/ca\\\/la-farga-centre-dactivitats-collegi-electoral-del-14f\\\/#primaryimage\"},\"image\":{\"@id\":\"https:\\\/\\\/www.lafargalhospitalet.com\\\/ca\\\/la-farga-centre-dactivitats-collegi-electoral-del-14f\\\/#primaryimage\"},\"thumbnailUrl\":\"https:\\\/\\\/www.lafargalhospitalet.com\\\/wp-content\\\/uploads\\\/2021\\\/02\\\/Eleccions-Parlament-Farga.jpg\",\"datePublished\":\"2021-02-04T08:50:57+00:00\",\"dateModified\":\"2025-11-03T17:27:32+00:00\",\"description\":\"La Farga ser\u00e0 col\u00b7legi electoral per a les eleccions al Parlament de Catalunya del proper 14 de febrer. El nombre de meses electorals ser\u00e0 de 268.\",\"breadcrumb\":{\"@id\":\"https:\\\/\\\/www.lafargalhospitalet.com\\\/ca\\\/la-farga-centre-dactivitats-collegi-electoral-del-14f\\\/#breadcrumb\"},\"inLanguage\":\"ca\",\"potentialAction\":[{\"@type\":\"ReadAction\",\"target\":[\"https:\\\/\\\/www.lafargalhospitalet.com\\\/ca\\\/la-farga-centre-dactivitats-collegi-electoral-del-14f\\\/\"]}]},{\"@type\":\"ImageObject\",\"inLanguage\":\"ca\",\"@id\":\"https:\\\/\\\/www.lafargalhospitalet.com\\\/ca\\\/la-farga-centre-dactivitats-collegi-electoral-del-14f\\\/#primaryimage\",\"url\":\"https:\\\/\\\/www.lafargalhospitalet.com\\\/wp-content\\\/uploads\\\/2021\\\/02\\\/Eleccions-Parlament-Farga.jpg\",\"contentUrl\":\"https:\\\/\\\/www.lafargalhospitalet.com\\\/wp-content\\\/uploads\\\/2021\\\/02\\\/Eleccions-Parlament-Farga.jpg\",\"width\":730,\"height\":410,\"caption\":\"eleccions Electoral Farga Parlament\"},{\"@type\":\"BreadcrumbList\",\"@id\":\"https:\\\/\\\/www.lafargalhospitalet.com\\\/ca\\\/la-farga-centre-dactivitats-collegi-electoral-del-14f\\\/#breadcrumb\",\"itemListElement\":[{\"@type\":\"ListItem\",\"position\":1,\"name\":\"Portada\",\"item\":\"https:\\\/\\\/www.lafargalhospitalet.com\\\/\"},{\"@type\":\"ListItem\",\"position\":2,\"name\":\"La Farga Centre d&#8217;Activitats, col\u00b7legi electoral del 14F\"}]},{\"@type\":\"WebSite\",\"@id\":\"https:\\\/\\\/www.lafargalhospitalet.com\\\/#website\",\"url\":\"https:\\\/\\\/www.lafargalhospitalet.com\\\/\",\"name\":\"La Farga L'Hospitalet Centre d'Activitats. La Farga GEM, S.A.\",\"description\":\"La Farga L&#039;Hospitalet Centre d&#039;Activitats. Gestionat per La Farga GEM, S.A. Fires i Congressos. Concerts, exposicions, reunions, filmacions, sopars de gala.\",\"publisher\":{\"@id\":\"https:\\\/\\\/www.lafargalhospitalet.com\\\/#organization\"},\"potentialAction\":[{\"@type\":\"SearchAction\",\"target\":{\"@type\":\"EntryPoint\",\"urlTemplate\":\"https:\\\/\\\/www.lafargalhospitalet.com\\\/?s={search_term_string}\"},\"query-input\":{\"@type\":\"PropertyValueSpecification\",\"valueRequired\":true,\"valueName\":\"search_term_string\"}}],\"inLanguage\":\"ca\"},{\"@type\":\"Organization\",\"@id\":\"https:\\\/\\\/www.lafargalhospitalet.com\\\/#organization\",\"name\":\"La Farga L'Hospitalet Centre d'Activitats. La Farga GEM, S.A.\",\"url\":\"https:\\\/\\\/www.lafargalhospitalet.com\\\/\",\"logo\":{\"@type\":\"ImageObject\",\"inLanguage\":\"ca\",\"@id\":\"https:\\\/\\\/www.lafargalhospitalet.com\\\/#\\\/schema\\\/logo\\\/image\\\/\",\"url\":\"https:\\\/\\\/www.lafargalhospitalet.com\\\/wp-content\\\/uploads\\\/2025\\\/10\\\/logotipo_lafarga_centre_activitats.png\",\"contentUrl\":\"https:\\\/\\\/www.lafargalhospitalet.com\\\/wp-content\\\/uploads\\\/2025\\\/10\\\/logotipo_lafarga_centre_activitats.png\",\"width\":266,\"height\":101,\"caption\":\"La Farga L'Hospitalet Centre d'Activitats. La Farga GEM, S.A.\"},\"image\":{\"@id\":\"https:\\\/\\\/www.lafargalhospitalet.com\\\/#\\\/schema\\\/logo\\\/image\\\/\"},\"sameAs\":[\"https:\\\/\\\/www.facebook.com\\\/fargahospitalet\\\/\",\"https:\\\/\\\/x.com\\\/fargahospitalet\",\"https:\\\/\\\/www.instagram.com\\\/lafargahospitalet\\\/\",\"https:\\\/\\\/www.youtube.com\\\/channel\\\/UCoLt6hen3PqGXgbLMGI3Qdw\",\"https:\\\/\\\/www.flickr.com\\\/photos\\\/lafargagemsa\\\/albums\"]},{\"@type\":\"Person\",\"@id\":\"https:\\\/\\\/www.lafargalhospitalet.com\\\/#\\\/schema\\\/person\\\/6cbac0ef7748506b167ff859e1c7f378\",\"name\":\"La Farga Centre d'Activitats\",\"sameAs\":[\"https:\\\/\\\/www.lafargalhospitalet.com\"],\"url\":\"https:\\\/\\\/www.lafargalhospitalet.com\\\/ca\\\/author\\\/far25gmin\\\/\"}]}<\/script>\n<!-- \/ Yoast SEO plugin. -->","yoast_head_json":{"title":"La Farga Centre d'Activitats, col\u00b7legi electoral del 14F - La Farga L&#039;Hospitalet Centre d&#039;Activitats. La Farga GEM, S.A.","description":"La Farga ser\u00e0 col\u00b7legi electoral per a les eleccions al Parlament de Catalunya del proper 14 de febrer. El nombre de meses electorals ser\u00e0 de 268.","robots":{"index":"index","follow":"follow","max-snippet":"max-snippet:-1","max-image-preview":"max-image-preview:large","max-video-preview":"max-video-preview:-1"},"canonical":"https:\/\/www.lafargalhospitalet.com\/ca\/la-farga-centre-dactivitats-collegi-electoral-del-14f\/","og_locale":"ca_ES","og_type":"article","og_title":"La Farga Centre d'Activitats, col\u00b7legi electoral del 14F - La Farga L&#039;Hospitalet Centre d&#039;Activitats. La Farga GEM, S.A.","og_description":"La Farga ser\u00e0 col\u00b7legi electoral per a les eleccions al Parlament de Catalunya del proper 14 de febrer. El nombre de meses electorals ser\u00e0 de 268.","og_url":"https:\/\/www.lafargalhospitalet.com\/ca\/la-farga-centre-dactivitats-collegi-electoral-del-14f\/","og_site_name":"La Farga L&#039;Hospitalet Centre d&#039;Activitats. La Farga GEM, S.A.","article_publisher":"https:\/\/www.facebook.com\/fargahospitalet\/","article_published_time":"2021-02-04T08:50:57+00:00","article_modified_time":"2025-11-03T17:27:32+00:00","og_image":[{"width":730,"height":410,"url":"https:\/\/www.lafargalhospitalet.com\/wp-content\/uploads\/2021\/02\/Eleccions-Parlament-Farga.jpg","type":"image\/jpeg"}],"author":"La Farga Centre d'Activitats","twitter_card":"summary_large_image","twitter_creator":"@fargahospitalet","twitter_site":"@fargahospitalet","twitter_misc":{"Escrit per":"La Farga Centre d'Activitats","Temps estimat de lectura":"4 minuts"},"schema":{"@context":"https:\/\/schema.org","@graph":[{"@type":"Article","@id":"https:\/\/www.lafargalhospitalet.com\/ca\/la-farga-centre-dactivitats-collegi-electoral-del-14f\/#article","isPartOf":{"@id":"https:\/\/www.lafargalhospitalet.com\/ca\/la-farga-centre-dactivitats-collegi-electoral-del-14f\/"},"author":{"name":"La Farga Centre d'Activitats","@id":"https:\/\/www.lafargalhospitalet.com\/#\/schema\/person\/6cbac0ef7748506b167ff859e1c7f378"},"headline":"La Farga Centre d&#8217;Activitats, col\u00b7legi electoral del 14F","datePublished":"2021-02-04T08:50:57+00:00","dateModified":"2025-11-03T17:27:32+00:00","mainEntityOfPage":{"@id":"https:\/\/www.lafargalhospitalet.com\/ca\/la-farga-centre-dactivitats-collegi-electoral-del-14f\/"},"wordCount":815,"publisher":{"@id":"https:\/\/www.lafargalhospitalet.com\/#organization"},"image":{"@id":"https:\/\/www.lafargalhospitalet.com\/ca\/la-farga-centre-dactivitats-collegi-electoral-del-14f\/#primaryimage"},"thumbnailUrl":"https:\/\/www.lafargalhospitalet.com\/wp-content\/uploads\/2021\/02\/Eleccions-Parlament-Farga.jpg","articleSection":["Noticies"],"inLanguage":"ca"},{"@type":"WebPage","@id":"https:\/\/www.lafargalhospitalet.com\/ca\/la-farga-centre-dactivitats-collegi-electoral-del-14f\/","url":"https:\/\/www.lafargalhospitalet.com\/ca\/la-farga-centre-dactivitats-collegi-electoral-del-14f\/","name":"La Farga Centre d'Activitats, col\u00b7legi electoral del 14F - La Farga L&#039;Hospitalet Centre d&#039;Activitats. La Farga GEM, S.A.","isPartOf":{"@id":"https:\/\/www.lafargalhospitalet.com\/#website"},"primaryImageOfPage":{"@id":"https:\/\/www.lafargalhospitalet.com\/ca\/la-farga-centre-dactivitats-collegi-electoral-del-14f\/#primaryimage"},"image":{"@id":"https:\/\/www.lafargalhospitalet.com\/ca\/la-farga-centre-dactivitats-collegi-electoral-del-14f\/#primaryimage"},"thumbnailUrl":"https:\/\/www.lafargalhospitalet.com\/wp-content\/uploads\/2021\/02\/Eleccions-Parlament-Farga.jpg","datePublished":"2021-02-04T08:50:57+00:00","dateModified":"2025-11-03T17:27:32+00:00","description":"La Farga ser\u00e0 col\u00b7legi electoral per a les eleccions al Parlament de Catalunya del proper 14 de febrer. El nombre de meses electorals ser\u00e0 de 268.","breadcrumb":{"@id":"https:\/\/www.lafargalhospitalet.com\/ca\/la-farga-centre-dactivitats-collegi-electoral-del-14f\/#breadcrumb"},"inLanguage":"ca","potentialAction":[{"@type":"ReadAction","target":["https:\/\/www.lafargalhospitalet.com\/ca\/la-farga-centre-dactivitats-collegi-electoral-del-14f\/"]}]},{"@type":"ImageObject","inLanguage":"ca","@id":"https:\/\/www.lafargalhospitalet.com\/ca\/la-farga-centre-dactivitats-collegi-electoral-del-14f\/#primaryimage","url":"https:\/\/www.lafargalhospitalet.com\/wp-content\/uploads\/2021\/02\/Eleccions-Parlament-Farga.jpg","contentUrl":"https:\/\/www.lafargalhospitalet.com\/wp-content\/uploads\/2021\/02\/Eleccions-Parlament-Farga.jpg","width":730,"height":410,"caption":"eleccions Electoral Farga Parlament"},{"@type":"BreadcrumbList","@id":"https:\/\/www.lafargalhospitalet.com\/ca\/la-farga-centre-dactivitats-collegi-electoral-del-14f\/#breadcrumb","itemListElement":[{"@type":"ListItem","position":1,"name":"Portada","item":"https:\/\/www.lafargalhospitalet.com\/"},{"@type":"ListItem","position":2,"name":"La Farga Centre d&#8217;Activitats, col\u00b7legi electoral del 14F"}]},{"@type":"WebSite","@id":"https:\/\/www.lafargalhospitalet.com\/#website","url":"https:\/\/www.lafargalhospitalet.com\/","name":"La Farga L'Hospitalet Centre d'Activitats. La Farga GEM, S.A.","description":"La Farga L&#039;Hospitalet Centre d&#039;Activitats. Gestionat per La Farga GEM, S.A. Fires i Congressos. Concerts, exposicions, reunions, filmacions, sopars de gala.","publisher":{"@id":"https:\/\/www.lafargalhospitalet.com\/#organization"},"potentialAction":[{"@type":"SearchAction","target":{"@type":"EntryPoint","urlTemplate":"https:\/\/www.lafargalhospitalet.com\/?s={search_term_string}"},"query-input":{"@type":"PropertyValueSpecification","valueRequired":true,"valueName":"search_term_string"}}],"inLanguage":"ca"},{"@type":"Organization","@id":"https:\/\/www.lafargalhospitalet.com\/#organization","name":"La Farga L'Hospitalet Centre d'Activitats. La Farga GEM, S.A.","url":"https:\/\/www.lafargalhospitalet.com\/","logo":{"@type":"ImageObject","inLanguage":"ca","@id":"https:\/\/www.lafargalhospitalet.com\/#\/schema\/logo\/image\/","url":"https:\/\/www.lafargalhospitalet.com\/wp-content\/uploads\/2025\/10\/logotipo_lafarga_centre_activitats.png","contentUrl":"https:\/\/www.lafargalhospitalet.com\/wp-content\/uploads\/2025\/10\/logotipo_lafarga_centre_activitats.png","width":266,"height":101,"caption":"La Farga L'Hospitalet Centre d'Activitats. La Farga GEM, S.A."},"image":{"@id":"https:\/\/www.lafargalhospitalet.com\/#\/schema\/logo\/image\/"},"sameAs":["https:\/\/www.facebook.com\/fargahospitalet\/","https:\/\/x.com\/fargahospitalet","https:\/\/www.instagram.com\/lafargahospitalet\/","https:\/\/www.youtube.com\/channel\/UCoLt6hen3PqGXgbLMGI3Qdw","https:\/\/www.flickr.com\/photos\/lafargagemsa\/albums"]},{"@type":"Person","@id":"https:\/\/www.lafargalhospitalet.com\/#\/schema\/person\/6cbac0ef7748506b167ff859e1c7f378","name":"La Farga Centre d'Activitats","sameAs":["https:\/\/www.lafargalhospitalet.com"],"url":"https:\/\/www.lafargalhospitalet.com\/ca\/author\/far25gmin\/"}]}},"_links":{"self":[{"href":"https:\/\/www.lafargalhospitalet.com\/ca\/wp-json\/wp\/v2\/posts\/7948","targetHints":{"allow":["GET"]}}],"collection":[{"href":"https:\/\/www.lafargalhospitalet.com\/ca\/wp-json\/wp\/v2\/posts"}],"about":[{"href":"https:\/\/www.lafargalhospitalet.com\/ca\/wp-json\/wp\/v2\/types\/post"}],"author":[{"embeddable":true,"href":"https:\/\/www.lafargalhospitalet.com\/ca\/wp-json\/wp\/v2\/users\/1"}],"replies":[{"embeddable":true,"href":"https:\/\/www.lafargalhospitalet.com\/ca\/wp-json\/wp\/v2\/comments?post=7948"}],"version-history":[{"count":0,"href":"https:\/\/www.lafargalhospitalet.com\/ca\/wp-json\/wp\/v2\/posts\/7948\/revisions"}],"wp:featuredmedia":[{"embeddable":true,"href":"https:\/\/www.lafargalhospitalet.com\/ca\/wp-json\/wp\/v2\/media\/7950"}],"wp:attachment":[{"href":"https:\/\/www.lafargalhospitalet.com\/ca\/wp-json\/wp\/v2\/media?parent=7948"}],"wp:term":[{"taxonomy":"category","embeddable":true,"href":"https:\/\/www.lafargalhospitalet.com\/ca\/wp-json\/wp\/v2\/categories?post=7948"},{"taxonomy":"post_tag","embeddable":true,"href":"https:\/\/www.lafargalhospitalet.com\/ca\/wp-json\/wp\/v2\/tags?post=7948"}],"curies":[{"name":"wp","href":"https:\/\/api.w.org\/{rel}","templated":true}]}}