{"id":7980,"date":"2021-02-09T09:56:07","date_gmt":"2021-02-09T08:56:07","guid":{"rendered":"http:\/\/www.lafargalhospitalet.com\/?p=7980"},"modified":"2025-11-03T18:27:32","modified_gmt":"2025-11-03T17:27:32","slug":"impulsem-la-primera-fira-virtual","status":"publish","type":"post","link":"https:\/\/www.lafargalhospitalet.com\/ca\/impulsem-la-primera-fira-virtual\/","title":{"rendered":"Impulsem la primera fira virtual"},"content":{"rendered":"\n<p>La primera fira virtual, amb col\u00b7laboraci\u00f3 de La Farga de L\u2019Hospitalet, arriba aquesta setmana amb la celebraci\u00f3 de la Fira Virtual Internacional de Tecnologia per al Proc\u00e9s Industrial impulsada per Profei S.L., organitzadora d&#8217;EXPOSOLIDOS, POLUSOLIDOS i EXPOFLUIDOS, certamen presencial <strong><a href=\"https:\/\/www.lafargalhospitalet.com\/exposolidos-polusolidos-expofluidos-ajornat-2022\/\" target=\"_blank\" rel=\"noreferrer noopener\">ajornat per al 2022<\/a><\/strong>. &nbsp;<\/p>\n\n\n\n<p>En aquest esdeveniment virtual, previst per aquest dimecres 10 i dijous 11 de febrer de 2021, han confirmat la seva pres\u00e8ncia 400 de les principals marques del sector que presentaran m\u00e9s d\u2019un centenar de novetats tecnol\u00f2giques.<\/p>\n\n\n\n<p>La inauguraci\u00f3 de la Fira Virtual Internacional de Tecnologia per al Proc\u00e9s Industrial, a les 9 del mat\u00ed, anir\u00e0 a c\u00e0rrec del Ministre de Ci\u00e8ncia i Innovaci\u00f3, Pedro Duque. Els dos dies de certamen tindran l\u2019horari de 9 a 19 hores i cal estar <a href=\"https:\/\/feriaprocesoindustrial.virtual080.com\/\" target=\"_blank\" rel=\"noreferrer noopener\"><strong>registrat pr\u00e8viament<\/strong><\/a> per poder fer la visita.<\/p>\n\n\n\n<p>El director del sal\u00f3, Juli Sim\u00f3n, ha manifestat que <em>&#8220;La digitalitzaci\u00f3, el teletreball, les relacions telem\u00e0tiques en els negocis s&#8217;han introdu\u00eft en temps r\u00e8cord a les empreses per les limitacions imposades pel Covid-19, per\u00f2 estan per a quedar-se. Aix\u00f2 est\u00e0 motivant una nova forma de comunicar-nos que ha de ser compresa i recollida pels esdeveniments com EXPOSOLIDOS, POLUSOLIDOS i EXPOFLUIDOS, per\u00f2 aquesta manera de comunicar-nos no ha de suprimir, quan no hi hagi riscos per a la salut, la comunicaci\u00f3 directa i personal. Per aix\u00f2 hem proposat organitzar dos esdeveniments coordinats i integrats en un sol projecte per maximitzar les formes de comunicaci\u00f3 en els esdeveniments B2B: un de virtual i un de presencial&#8221;<\/em>.<\/p>\n\n\n\n<p>La Farga de L\u2019Hospitalet forma part del Comit\u00e8 Organitzador d\u2019EXPOSOLIDOS, POLUSOLIDOS i EXPOFLUIDOS, amb la pres\u00e8ncia de la directora de La Farga Centre d\u2019Activitats, Elisabeth Burnett.<\/p>\n","protected":false},"excerpt":{"rendered":"<p>La primera fira virtual, amb col\u00b7laboraci\u00f3 de La Farga, arriba aquesta setmana amb la celebraci\u00f3 de la Fira Virtual Internacional de Tecnologia per al Proc\u00e9s Industrial impulsada per Profei S.L., organitzadora d&#8217;EXPOSOLIDOS, POLUSOLIDOS i EXPOFLUIDOS.<\/p>\n","protected":false},"author":1,"featured_media":7981,"comment_status":"closed","ping_status":"closed","sticky":false,"template":"","format":"standard","meta":{"_monsterinsights_skip_tracking":false,"_monsterinsights_sitenote_active":false,"_monsterinsights_sitenote_note":"","_monsterinsights_sitenote_category":0,"footnotes":""},"categories":[83],"tags":[],"class_list":["post-7980","post","type-post","status-publish","format-standard","has-post-thumbnail","hentry","category-noticies"],"yoast_head":"<!-- This site is optimized with the Yoast SEO plugin v27.5 - https:\/\/yoast.com\/product\/yoast-seo-wordpress\/ -->\n<title>Impulsem la primera fira virtual - La Farga L&#039;Hospitalet Centre d&#039;Activitats. La Farga GEM, S.A.<\/title>\n<meta name=\"description\" content=\"La primera fira virtual, amb col\u00b7laboraci\u00f3 de La Farga, arriba amb la celebraci\u00f3 de la Fira Virtual Internacional de Tecnologia per al Proc\u00e9s Industrial.\" \/>\n<meta name=\"robots\" content=\"index, follow, max-snippet:-1, max-image-preview:large, max-video-preview:-1\" \/>\n<link rel=\"canonical\" href=\"https:\/\/www.lafargalhospitalet.com\/ca\/impulsem-la-primera-fira-virtual\/\" \/>\n<meta property=\"og:locale\" content=\"ca_ES\" \/>\n<meta property=\"og:type\" content=\"article\" \/>\n<meta property=\"og:title\" content=\"Impulsem la primera fira virtual - La Farga L&#039;Hospitalet Centre d&#039;Activitats. La Farga GEM, S.A.\" \/>\n<meta property=\"og:description\" content=\"La primera fira virtual, amb col\u00b7laboraci\u00f3 de La Farga, arriba amb la celebraci\u00f3 de la Fira Virtual Internacional de Tecnologia per al Proc\u00e9s Industrial.\" \/>\n<meta property=\"og:url\" content=\"https:\/\/www.lafargalhospitalet.com\/ca\/impulsem-la-primera-fira-virtual\/\" \/>\n<meta property=\"og:site_name\" content=\"La Farga L&#039;Hospitalet Centre d&#039;Activitats. La Farga GEM, S.A.\" \/>\n<meta property=\"article:publisher\" content=\"https:\/\/www.facebook.com\/fargahospitalet\/\" \/>\n<meta property=\"article:published_time\" content=\"2021-02-09T08:56:07+00:00\" \/>\n<meta property=\"article:modified_time\" content=\"2025-11-03T17:27:32+00:00\" \/>\n<meta property=\"og:image\" content=\"https:\/\/www.lafargalhospitalet.com\/wp-content\/uploads\/2021\/02\/Exposolidos-virtual-Farga.jpg\" \/>\n\t<meta property=\"og:image:width\" content=\"730\" \/>\n\t<meta property=\"og:image:height\" content=\"410\" \/>\n\t<meta property=\"og:image:type\" content=\"image\/jpeg\" \/>\n<meta name=\"author\" content=\"La Farga Centre d&#039;Activitats\" \/>\n<meta name=\"twitter:card\" content=\"summary_large_image\" \/>\n<meta name=\"twitter:creator\" content=\"@fargahospitalet\" \/>\n<meta name=\"twitter:site\" content=\"@fargahospitalet\" \/>\n<meta name=\"twitter:label1\" content=\"Escrit per\" \/>\n\t<meta name=\"twitter:data1\" content=\"La Farga Centre d&#039;Activitats\" \/>\n\t<meta name=\"twitter:label2\" content=\"Temps estimat de lectura\" \/>\n\t<meta name=\"twitter:data2\" content=\"2 minuts\" \/>\n<script type=\"application\/ld+json\" class=\"yoast-schema-graph\">{\"@context\":\"https:\\\/\\\/schema.org\",\"@graph\":[{\"@type\":\"Article\",\"@id\":\"https:\\\/\\\/www.lafargalhospitalet.com\\\/ca\\\/impulsem-la-primera-fira-virtual\\\/#article\",\"isPartOf\":{\"@id\":\"https:\\\/\\\/www.lafargalhospitalet.com\\\/ca\\\/impulsem-la-primera-fira-virtual\\\/\"},\"author\":{\"name\":\"La Farga Centre d'Activitats\",\"@id\":\"https:\\\/\\\/www.lafargalhospitalet.com\\\/#\\\/schema\\\/person\\\/6cbac0ef7748506b167ff859e1c7f378\"},\"headline\":\"Impulsem la primera fira virtual\",\"datePublished\":\"2021-02-09T08:56:07+00:00\",\"dateModified\":\"2025-11-03T17:27:32+00:00\",\"mainEntityOfPage\":{\"@id\":\"https:\\\/\\\/www.lafargalhospitalet.com\\\/ca\\\/impulsem-la-primera-fira-virtual\\\/\"},\"wordCount\":292,\"publisher\":{\"@id\":\"https:\\\/\\\/www.lafargalhospitalet.com\\\/#organization\"},\"image\":{\"@id\":\"https:\\\/\\\/www.lafargalhospitalet.com\\\/ca\\\/impulsem-la-primera-fira-virtual\\\/#primaryimage\"},\"thumbnailUrl\":\"https:\\\/\\\/www.lafargalhospitalet.com\\\/wp-content\\\/uploads\\\/2021\\\/02\\\/Exposolidos-virtual-Farga.jpg\",\"articleSection\":[\"Noticies\"],\"inLanguage\":\"ca\"},{\"@type\":\"WebPage\",\"@id\":\"https:\\\/\\\/www.lafargalhospitalet.com\\\/ca\\\/impulsem-la-primera-fira-virtual\\\/\",\"url\":\"https:\\\/\\\/www.lafargalhospitalet.com\\\/ca\\\/impulsem-la-primera-fira-virtual\\\/\",\"name\":\"Impulsem la primera fira virtual - La Farga L&#039;Hospitalet Centre d&#039;Activitats. La Farga GEM, S.A.\",\"isPartOf\":{\"@id\":\"https:\\\/\\\/www.lafargalhospitalet.com\\\/#website\"},\"primaryImageOfPage\":{\"@id\":\"https:\\\/\\\/www.lafargalhospitalet.com\\\/ca\\\/impulsem-la-primera-fira-virtual\\\/#primaryimage\"},\"image\":{\"@id\":\"https:\\\/\\\/www.lafargalhospitalet.com\\\/ca\\\/impulsem-la-primera-fira-virtual\\\/#primaryimage\"},\"thumbnailUrl\":\"https:\\\/\\\/www.lafargalhospitalet.com\\\/wp-content\\\/uploads\\\/2021\\\/02\\\/Exposolidos-virtual-Farga.jpg\",\"datePublished\":\"2021-02-09T08:56:07+00:00\",\"dateModified\":\"2025-11-03T17:27:32+00:00\",\"description\":\"La primera fira virtual, amb col\u00b7laboraci\u00f3 de La Farga, arriba amb la celebraci\u00f3 de la Fira Virtual Internacional de Tecnologia per al Proc\u00e9s Industrial.\",\"breadcrumb\":{\"@id\":\"https:\\\/\\\/www.lafargalhospitalet.com\\\/ca\\\/impulsem-la-primera-fira-virtual\\\/#breadcrumb\"},\"inLanguage\":\"ca\",\"potentialAction\":[{\"@type\":\"ReadAction\",\"target\":[\"https:\\\/\\\/www.lafargalhospitalet.com\\\/ca\\\/impulsem-la-primera-fira-virtual\\\/\"]}]},{\"@type\":\"ImageObject\",\"inLanguage\":\"ca\",\"@id\":\"https:\\\/\\\/www.lafargalhospitalet.com\\\/ca\\\/impulsem-la-primera-fira-virtual\\\/#primaryimage\",\"url\":\"https:\\\/\\\/www.lafargalhospitalet.com\\\/wp-content\\\/uploads\\\/2021\\\/02\\\/Exposolidos-virtual-Farga.jpg\",\"contentUrl\":\"https:\\\/\\\/www.lafargalhospitalet.com\\\/wp-content\\\/uploads\\\/2021\\\/02\\\/Exposolidos-virtual-Farga.jpg\",\"width\":730,\"height\":410,\"caption\":\"Fira Virtual Farga\"},{\"@type\":\"BreadcrumbList\",\"@id\":\"https:\\\/\\\/www.lafargalhospitalet.com\\\/ca\\\/impulsem-la-primera-fira-virtual\\\/#breadcrumb\",\"itemListElement\":[{\"@type\":\"ListItem\",\"position\":1,\"name\":\"Portada\",\"item\":\"https:\\\/\\\/www.lafargalhospitalet.com\\\/\"},{\"@type\":\"ListItem\",\"position\":2,\"name\":\"Impulsem la primera fira virtual\"}]},{\"@type\":\"WebSite\",\"@id\":\"https:\\\/\\\/www.lafargalhospitalet.com\\\/#website\",\"url\":\"https:\\\/\\\/www.lafargalhospitalet.com\\\/\",\"name\":\"La Farga L'Hospitalet Centre d'Activitats. La Farga GEM, S.A.\",\"description\":\"La Farga L&#039;Hospitalet Centre d&#039;Activitats. Gestionat per La Farga GEM, S.A. Fires i Congressos. Concerts, exposicions, reunions, filmacions, sopars de gala.\",\"publisher\":{\"@id\":\"https:\\\/\\\/www.lafargalhospitalet.com\\\/#organization\"},\"potentialAction\":[{\"@type\":\"SearchAction\",\"target\":{\"@type\":\"EntryPoint\",\"urlTemplate\":\"https:\\\/\\\/www.lafargalhospitalet.com\\\/?s={search_term_string}\"},\"query-input\":{\"@type\":\"PropertyValueSpecification\",\"valueRequired\":true,\"valueName\":\"search_term_string\"}}],\"inLanguage\":\"ca\"},{\"@type\":\"Organization\",\"@id\":\"https:\\\/\\\/www.lafargalhospitalet.com\\\/#organization\",\"name\":\"La Farga L'Hospitalet Centre d'Activitats. La Farga GEM, S.A.\",\"url\":\"https:\\\/\\\/www.lafargalhospitalet.com\\\/\",\"logo\":{\"@type\":\"ImageObject\",\"inLanguage\":\"ca\",\"@id\":\"https:\\\/\\\/www.lafargalhospitalet.com\\\/#\\\/schema\\\/logo\\\/image\\\/\",\"url\":\"https:\\\/\\\/www.lafargalhospitalet.com\\\/wp-content\\\/uploads\\\/2025\\\/10\\\/logotipo_lafarga_centre_activitats.png\",\"contentUrl\":\"https:\\\/\\\/www.lafargalhospitalet.com\\\/wp-content\\\/uploads\\\/2025\\\/10\\\/logotipo_lafarga_centre_activitats.png\",\"width\":266,\"height\":101,\"caption\":\"La Farga L'Hospitalet Centre d'Activitats. La Farga GEM, S.A.\"},\"image\":{\"@id\":\"https:\\\/\\\/www.lafargalhospitalet.com\\\/#\\\/schema\\\/logo\\\/image\\\/\"},\"sameAs\":[\"https:\\\/\\\/www.facebook.com\\\/fargahospitalet\\\/\",\"https:\\\/\\\/x.com\\\/fargahospitalet\",\"https:\\\/\\\/www.instagram.com\\\/lafargahospitalet\\\/\",\"https:\\\/\\\/www.youtube.com\\\/channel\\\/UCoLt6hen3PqGXgbLMGI3Qdw\",\"https:\\\/\\\/www.flickr.com\\\/photos\\\/lafargagemsa\\\/albums\"]},{\"@type\":\"Person\",\"@id\":\"https:\\\/\\\/www.lafargalhospitalet.com\\\/#\\\/schema\\\/person\\\/6cbac0ef7748506b167ff859e1c7f378\",\"name\":\"La Farga Centre d'Activitats\",\"sameAs\":[\"https:\\\/\\\/www.lafargalhospitalet.com\"],\"url\":\"https:\\\/\\\/www.lafargalhospitalet.com\\\/ca\\\/author\\\/far25gmin\\\/\"}]}<\/script>\n<!-- \/ Yoast SEO plugin. -->","yoast_head_json":{"title":"Impulsem la primera fira virtual - La Farga L&#039;Hospitalet Centre d&#039;Activitats. La Farga GEM, S.A.","description":"La primera fira virtual, amb col\u00b7laboraci\u00f3 de La Farga, arriba amb la celebraci\u00f3 de la Fira Virtual Internacional de Tecnologia per al Proc\u00e9s Industrial.","robots":{"index":"index","follow":"follow","max-snippet":"max-snippet:-1","max-image-preview":"max-image-preview:large","max-video-preview":"max-video-preview:-1"},"canonical":"https:\/\/www.lafargalhospitalet.com\/ca\/impulsem-la-primera-fira-virtual\/","og_locale":"ca_ES","og_type":"article","og_title":"Impulsem la primera fira virtual - La Farga L&#039;Hospitalet Centre d&#039;Activitats. La Farga GEM, S.A.","og_description":"La primera fira virtual, amb col\u00b7laboraci\u00f3 de La Farga, arriba amb la celebraci\u00f3 de la Fira Virtual Internacional de Tecnologia per al Proc\u00e9s Industrial.","og_url":"https:\/\/www.lafargalhospitalet.com\/ca\/impulsem-la-primera-fira-virtual\/","og_site_name":"La Farga L&#039;Hospitalet Centre d&#039;Activitats. La Farga GEM, S.A.","article_publisher":"https:\/\/www.facebook.com\/fargahospitalet\/","article_published_time":"2021-02-09T08:56:07+00:00","article_modified_time":"2025-11-03T17:27:32+00:00","og_image":[{"width":730,"height":410,"url":"https:\/\/www.lafargalhospitalet.com\/wp-content\/uploads\/2021\/02\/Exposolidos-virtual-Farga.jpg","type":"image\/jpeg"}],"author":"La Farga Centre d'Activitats","twitter_card":"summary_large_image","twitter_creator":"@fargahospitalet","twitter_site":"@fargahospitalet","twitter_misc":{"Escrit per":"La Farga Centre d'Activitats","Temps estimat de lectura":"2 minuts"},"schema":{"@context":"https:\/\/schema.org","@graph":[{"@type":"Article","@id":"https:\/\/www.lafargalhospitalet.com\/ca\/impulsem-la-primera-fira-virtual\/#article","isPartOf":{"@id":"https:\/\/www.lafargalhospitalet.com\/ca\/impulsem-la-primera-fira-virtual\/"},"author":{"name":"La Farga Centre d'Activitats","@id":"https:\/\/www.lafargalhospitalet.com\/#\/schema\/person\/6cbac0ef7748506b167ff859e1c7f378"},"headline":"Impulsem la primera fira virtual","datePublished":"2021-02-09T08:56:07+00:00","dateModified":"2025-11-03T17:27:32+00:00","mainEntityOfPage":{"@id":"https:\/\/www.lafargalhospitalet.com\/ca\/impulsem-la-primera-fira-virtual\/"},"wordCount":292,"publisher":{"@id":"https:\/\/www.lafargalhospitalet.com\/#organization"},"image":{"@id":"https:\/\/www.lafargalhospitalet.com\/ca\/impulsem-la-primera-fira-virtual\/#primaryimage"},"thumbnailUrl":"https:\/\/www.lafargalhospitalet.com\/wp-content\/uploads\/2021\/02\/Exposolidos-virtual-Farga.jpg","articleSection":["Noticies"],"inLanguage":"ca"},{"@type":"WebPage","@id":"https:\/\/www.lafargalhospitalet.com\/ca\/impulsem-la-primera-fira-virtual\/","url":"https:\/\/www.lafargalhospitalet.com\/ca\/impulsem-la-primera-fira-virtual\/","name":"Impulsem la primera fira virtual - La Farga L&#039;Hospitalet Centre d&#039;Activitats. La Farga GEM, S.A.","isPartOf":{"@id":"https:\/\/www.lafargalhospitalet.com\/#website"},"primaryImageOfPage":{"@id":"https:\/\/www.lafargalhospitalet.com\/ca\/impulsem-la-primera-fira-virtual\/#primaryimage"},"image":{"@id":"https:\/\/www.lafargalhospitalet.com\/ca\/impulsem-la-primera-fira-virtual\/#primaryimage"},"thumbnailUrl":"https:\/\/www.lafargalhospitalet.com\/wp-content\/uploads\/2021\/02\/Exposolidos-virtual-Farga.jpg","datePublished":"2021-02-09T08:56:07+00:00","dateModified":"2025-11-03T17:27:32+00:00","description":"La primera fira virtual, amb col\u00b7laboraci\u00f3 de La Farga, arriba amb la celebraci\u00f3 de la Fira Virtual Internacional de Tecnologia per al Proc\u00e9s Industrial.","breadcrumb":{"@id":"https:\/\/www.lafargalhospitalet.com\/ca\/impulsem-la-primera-fira-virtual\/#breadcrumb"},"inLanguage":"ca","potentialAction":[{"@type":"ReadAction","target":["https:\/\/www.lafargalhospitalet.com\/ca\/impulsem-la-primera-fira-virtual\/"]}]},{"@type":"ImageObject","inLanguage":"ca","@id":"https:\/\/www.lafargalhospitalet.com\/ca\/impulsem-la-primera-fira-virtual\/#primaryimage","url":"https:\/\/www.lafargalhospitalet.com\/wp-content\/uploads\/2021\/02\/Exposolidos-virtual-Farga.jpg","contentUrl":"https:\/\/www.lafargalhospitalet.com\/wp-content\/uploads\/2021\/02\/Exposolidos-virtual-Farga.jpg","width":730,"height":410,"caption":"Fira Virtual Farga"},{"@type":"BreadcrumbList","@id":"https:\/\/www.lafargalhospitalet.com\/ca\/impulsem-la-primera-fira-virtual\/#breadcrumb","itemListElement":[{"@type":"ListItem","position":1,"name":"Portada","item":"https:\/\/www.lafargalhospitalet.com\/"},{"@type":"ListItem","position":2,"name":"Impulsem la primera fira virtual"}]},{"@type":"WebSite","@id":"https:\/\/www.lafargalhospitalet.com\/#website","url":"https:\/\/www.lafargalhospitalet.com\/","name":"La Farga L'Hospitalet Centre d'Activitats. La Farga GEM, S.A.","description":"La Farga L&#039;Hospitalet Centre d&#039;Activitats. Gestionat per La Farga GEM, S.A. Fires i Congressos. Concerts, exposicions, reunions, filmacions, sopars de gala.","publisher":{"@id":"https:\/\/www.lafargalhospitalet.com\/#organization"},"potentialAction":[{"@type":"SearchAction","target":{"@type":"EntryPoint","urlTemplate":"https:\/\/www.lafargalhospitalet.com\/?s={search_term_string}"},"query-input":{"@type":"PropertyValueSpecification","valueRequired":true,"valueName":"search_term_string"}}],"inLanguage":"ca"},{"@type":"Organization","@id":"https:\/\/www.lafargalhospitalet.com\/#organization","name":"La Farga L'Hospitalet Centre d'Activitats. La Farga GEM, S.A.","url":"https:\/\/www.lafargalhospitalet.com\/","logo":{"@type":"ImageObject","inLanguage":"ca","@id":"https:\/\/www.lafargalhospitalet.com\/#\/schema\/logo\/image\/","url":"https:\/\/www.lafargalhospitalet.com\/wp-content\/uploads\/2025\/10\/logotipo_lafarga_centre_activitats.png","contentUrl":"https:\/\/www.lafargalhospitalet.com\/wp-content\/uploads\/2025\/10\/logotipo_lafarga_centre_activitats.png","width":266,"height":101,"caption":"La Farga L'Hospitalet Centre d'Activitats. La Farga GEM, S.A."},"image":{"@id":"https:\/\/www.lafargalhospitalet.com\/#\/schema\/logo\/image\/"},"sameAs":["https:\/\/www.facebook.com\/fargahospitalet\/","https:\/\/x.com\/fargahospitalet","https:\/\/www.instagram.com\/lafargahospitalet\/","https:\/\/www.youtube.com\/channel\/UCoLt6hen3PqGXgbLMGI3Qdw","https:\/\/www.flickr.com\/photos\/lafargagemsa\/albums"]},{"@type":"Person","@id":"https:\/\/www.lafargalhospitalet.com\/#\/schema\/person\/6cbac0ef7748506b167ff859e1c7f378","name":"La Farga Centre d'Activitats","sameAs":["https:\/\/www.lafargalhospitalet.com"],"url":"https:\/\/www.lafargalhospitalet.com\/ca\/author\/far25gmin\/"}]}},"_links":{"self":[{"href":"https:\/\/www.lafargalhospitalet.com\/ca\/wp-json\/wp\/v2\/posts\/7980","targetHints":{"allow":["GET"]}}],"collection":[{"href":"https:\/\/www.lafargalhospitalet.com\/ca\/wp-json\/wp\/v2\/posts"}],"about":[{"href":"https:\/\/www.lafargalhospitalet.com\/ca\/wp-json\/wp\/v2\/types\/post"}],"author":[{"embeddable":true,"href":"https:\/\/www.lafargalhospitalet.com\/ca\/wp-json\/wp\/v2\/users\/1"}],"replies":[{"embeddable":true,"href":"https:\/\/www.lafargalhospitalet.com\/ca\/wp-json\/wp\/v2\/comments?post=7980"}],"version-history":[{"count":0,"href":"https:\/\/www.lafargalhospitalet.com\/ca\/wp-json\/wp\/v2\/posts\/7980\/revisions"}],"wp:featuredmedia":[{"embeddable":true,"href":"https:\/\/www.lafargalhospitalet.com\/ca\/wp-json\/wp\/v2\/media\/7981"}],"wp:attachment":[{"href":"https:\/\/www.lafargalhospitalet.com\/ca\/wp-json\/wp\/v2\/media?parent=7980"}],"wp:term":[{"taxonomy":"category","embeddable":true,"href":"https:\/\/www.lafargalhospitalet.com\/ca\/wp-json\/wp\/v2\/categories?post=7980"},{"taxonomy":"post_tag","embeddable":true,"href":"https:\/\/www.lafargalhospitalet.com\/ca\/wp-json\/wp\/v2\/tags?post=7980"}],"curies":[{"name":"wp","href":"https:\/\/api.w.org\/{rel}","templated":true}]}}