{"id":8117,"date":"2021-03-13T13:05:00","date_gmt":"2021-03-13T12:05:00","guid":{"rendered":"http:\/\/www.lafargalhospitalet.com\/?p=8117"},"modified":"2025-11-03T18:27:32","modified_gmt":"2025-11-03T17:27:32","slug":"escenari-de-la-donacio-de-bruguer-a-escoles-de-lhospitalet","status":"publish","type":"post","link":"https:\/\/www.lafargalhospitalet.com\/ca\/escenari-de-la-donacio-de-bruguer-a-escoles-de-lhospitalet\/","title":{"rendered":"Escenari de la donaci\u00f3 de Bruguer a escoles de L&#8217;Hospitalet"},"content":{"rendered":"\n<h5 class=\"wp-block-heading\">La pintura, donada per l\u2019empresa Bruguer, est\u00e0 valorada en 100.000 euros. M\u00e9s de 80 centres educatius de L\u2019Hospitalet han respost a l\u2019oferiment\u00a0<\/h5>\n\n\n\n<p>L&#8217;espai central de <strong><a href=\"https:\/\/www.lafargalhospitalet.com\/centre-activitats-la-farga-hospitalet-espai-versatil\/\" target=\"_blank\" rel=\"noreferrer noopener\">La Farga Centre d&#8217;Activitats<\/a><\/strong> ha estat escenari de la donaci\u00f3 que ha fet l\u2019empresa Bruguer a les escoles de L\u2019Hospitalet de pintura a l\u2019aigua, valorada en 100.000 euros, apta per a manualitats infantils. <\/p>\n\n\n\n<p>Un cami\u00f3 de grans dimensions ha transportat fins al recinte de La Farga els 24 palets amb 18.000 envasos de pintura, i m\u00e9s de 80 centres han respost a l\u2019oferiment.<\/p>\n\n\n\n<p>Es tracta de pintura a l\u2019aigua (Chalk Paint), de diferents colors, no t\u00f2xica, f\u00e0cil de netejar, apta per a infants i que es pot aplicar en diferents superf\u00edcies per realitzar manualitats. <strong><a href=\"https:\/\/www.l-h.cat\/detallNoticia.aspx?1jdgtBnqHL3UJ2NqqazApv8HXuHJzUqazAqazA6L3azpYqazAFZqgsKsqazB\" target=\"_blank\" rel=\"noreferrer noopener\">L\u2019Ajuntament<\/a><\/strong> ha recepcionat la donaci\u00f3 i ha organitzat l\u2019operatiu per distribuir la pintura. Cada centre o entitat ha recollit entre 50 i 200 envasos (de 175 ml), en funci\u00f3 de les necessitats i del nombre d\u2019alumnes. <\/p>\n\n\n\n<p>La pintura donada per Bruguer est\u00e0 realitzada pel Grup Cooperatiu TEB &#8211; Taller Escola Barcelona-, que treballa per aconseguir una vida inclusiva per a les persones amb discapacitat intel\u00b7lectual, i per donar suport a les seves fam\u00edlies.<\/p>\n\n\n\n<p>L\u2019alcaldessa, N\u00faria Mar\u00edn, i el Marketing Manager de Bruguer, Mateo Palacio, han visitat La Farga aquest divendres durant el lliurament de la pintura a les escoles.<\/p>\n\n\n\n<figure class=\"wp-block-embed is-type-rich is-provider-twitter wp-block-embed-twitter\"><div class=\"wp-block-embed__wrapper\">\n<blockquote class=\"twitter-tweet\" data-width=\"550\" data-dnt=\"true\"><p lang=\"es\" dir=\"ltr\">Hemos donado 18.000 envases de pintura chalk paint a 100 centros educativos de l&#39;Hospitalet de Llobregat  <a href=\"https:\/\/twitter.com\/LHAjuntament?ref_src=twsrc%5Etfw\">@LHAjuntament<\/a>  \ud83d\ude0d El uso del material es gratuito y exclusivo para realizar actividades educativas y culturales\ud83d\udc4f <a href=\"https:\/\/t.co\/BbN2zxGHRm\">pic.twitter.com\/BbN2zxGHRm<\/a><\/p>&mdash; Bruguer (@Bruguer_) <a href=\"https:\/\/twitter.com\/Bruguer_\/status\/1371485589896269826?ref_src=twsrc%5Etfw\">March 15, 2021<\/a><\/blockquote><script async src=\"https:\/\/platform.twitter.com\/widgets.js\" charset=\"utf-8\"><\/script>\n<\/div><\/figure>\n","protected":false},"excerpt":{"rendered":"<p>La pintura, donada per l\u2019empresa Bruguer, est\u00e0 valorada en 100.000 euros. M\u00e9s de 80 centres educatius de L\u2019Hospitalet han respost a l\u2019oferiment.<\/p>\n","protected":false},"author":1,"featured_media":8118,"comment_status":"closed","ping_status":"closed","sticky":false,"template":"","format":"standard","meta":{"_monsterinsights_skip_tracking":false,"_monsterinsights_sitenote_active":false,"_monsterinsights_sitenote_note":"","_monsterinsights_sitenote_category":0,"footnotes":""},"categories":[83],"tags":[],"class_list":["post-8117","post","type-post","status-publish","format-standard","has-post-thumbnail","hentry","category-noticies"],"yoast_head":"<!-- This site is optimized with the Yoast SEO plugin v27.5 - https:\/\/yoast.com\/product\/yoast-seo-wordpress\/ -->\n<title>Escenari de la donaci\u00f3 de Bruguer a escoles de L&#039;Hospitalet - La Farga L&#039;Hospitalet Centre d&#039;Activitats. La Farga GEM, S.A.<\/title>\n<meta name=\"description\" content=\"La pintura, donada per l\u2019empresa Bruguer, est\u00e0 valorada en 100.000 euros. M\u00e9s de 80 centres educatius de L\u2019Hospitalet han respost a l\u2019oferiment.\" \/>\n<meta name=\"robots\" content=\"index, follow, max-snippet:-1, max-image-preview:large, max-video-preview:-1\" \/>\n<link rel=\"canonical\" href=\"https:\/\/www.lafargalhospitalet.com\/ca\/escenari-de-la-donacio-de-bruguer-a-escoles-de-lhospitalet\/\" \/>\n<meta property=\"og:locale\" content=\"ca_ES\" \/>\n<meta property=\"og:type\" content=\"article\" \/>\n<meta property=\"og:title\" content=\"Escenari de la donaci\u00f3 de Bruguer a escoles de L&#039;Hospitalet - La Farga L&#039;Hospitalet Centre d&#039;Activitats. La Farga GEM, S.A.\" \/>\n<meta property=\"og:description\" content=\"La pintura, donada per l\u2019empresa Bruguer, est\u00e0 valorada en 100.000 euros. M\u00e9s de 80 centres educatius de L\u2019Hospitalet han respost a l\u2019oferiment.\" \/>\n<meta property=\"og:url\" content=\"https:\/\/www.lafargalhospitalet.com\/ca\/escenari-de-la-donacio-de-bruguer-a-escoles-de-lhospitalet\/\" \/>\n<meta property=\"og:site_name\" content=\"La Farga L&#039;Hospitalet Centre d&#039;Activitats. La Farga GEM, S.A.\" \/>\n<meta property=\"article:publisher\" content=\"https:\/\/www.facebook.com\/fargahospitalet\/\" \/>\n<meta property=\"article:published_time\" content=\"2021-03-13T12:05:00+00:00\" \/>\n<meta property=\"article:modified_time\" content=\"2025-11-03T17:27:32+00:00\" \/>\n<meta property=\"og:image\" content=\"https:\/\/www.lafargalhospitalet.com\/wp-content\/uploads\/2021\/03\/Bruguer-Farga.jpg\" \/>\n\t<meta property=\"og:image:width\" content=\"730\" \/>\n\t<meta property=\"og:image:height\" content=\"410\" \/>\n\t<meta property=\"og:image:type\" content=\"image\/jpeg\" \/>\n<meta name=\"author\" content=\"La Farga Centre d&#039;Activitats\" \/>\n<meta name=\"twitter:card\" content=\"summary_large_image\" \/>\n<meta name=\"twitter:creator\" content=\"@fargahospitalet\" \/>\n<meta name=\"twitter:site\" content=\"@fargahospitalet\" \/>\n<meta name=\"twitter:label1\" content=\"Escrit per\" \/>\n\t<meta name=\"twitter:data1\" content=\"La Farga Centre d&#039;Activitats\" \/>\n\t<meta name=\"twitter:label2\" content=\"Temps estimat de lectura\" \/>\n\t<meta name=\"twitter:data2\" content=\"1 minut\" \/>\n<script type=\"application\/ld+json\" class=\"yoast-schema-graph\">{\"@context\":\"https:\\\/\\\/schema.org\",\"@graph\":[{\"@type\":\"Article\",\"@id\":\"https:\\\/\\\/www.lafargalhospitalet.com\\\/ca\\\/escenari-de-la-donacio-de-bruguer-a-escoles-de-lhospitalet\\\/#article\",\"isPartOf\":{\"@id\":\"https:\\\/\\\/www.lafargalhospitalet.com\\\/ca\\\/escenari-de-la-donacio-de-bruguer-a-escoles-de-lhospitalet\\\/\"},\"author\":{\"name\":\"La Farga Centre d'Activitats\",\"@id\":\"https:\\\/\\\/www.lafargalhospitalet.com\\\/#\\\/schema\\\/person\\\/6cbac0ef7748506b167ff859e1c7f378\"},\"headline\":\"Escenari de la donaci\u00f3 de Bruguer a escoles de L&#8217;Hospitalet\",\"datePublished\":\"2021-03-13T12:05:00+00:00\",\"dateModified\":\"2025-11-03T17:27:32+00:00\",\"mainEntityOfPage\":{\"@id\":\"https:\\\/\\\/www.lafargalhospitalet.com\\\/ca\\\/escenari-de-la-donacio-de-bruguer-a-escoles-de-lhospitalet\\\/\"},\"wordCount\":249,\"publisher\":{\"@id\":\"https:\\\/\\\/www.lafargalhospitalet.com\\\/#organization\"},\"image\":{\"@id\":\"https:\\\/\\\/www.lafargalhospitalet.com\\\/ca\\\/escenari-de-la-donacio-de-bruguer-a-escoles-de-lhospitalet\\\/#primaryimage\"},\"thumbnailUrl\":\"https:\\\/\\\/www.lafargalhospitalet.com\\\/wp-content\\\/uploads\\\/2021\\\/03\\\/Bruguer-Farga.jpg\",\"articleSection\":[\"Noticies\"],\"inLanguage\":\"ca\"},{\"@type\":\"WebPage\",\"@id\":\"https:\\\/\\\/www.lafargalhospitalet.com\\\/ca\\\/escenari-de-la-donacio-de-bruguer-a-escoles-de-lhospitalet\\\/\",\"url\":\"https:\\\/\\\/www.lafargalhospitalet.com\\\/ca\\\/escenari-de-la-donacio-de-bruguer-a-escoles-de-lhospitalet\\\/\",\"name\":\"Escenari de la donaci\u00f3 de Bruguer a escoles de L'Hospitalet - La Farga L&#039;Hospitalet Centre d&#039;Activitats. La Farga GEM, S.A.\",\"isPartOf\":{\"@id\":\"https:\\\/\\\/www.lafargalhospitalet.com\\\/#website\"},\"primaryImageOfPage\":{\"@id\":\"https:\\\/\\\/www.lafargalhospitalet.com\\\/ca\\\/escenari-de-la-donacio-de-bruguer-a-escoles-de-lhospitalet\\\/#primaryimage\"},\"image\":{\"@id\":\"https:\\\/\\\/www.lafargalhospitalet.com\\\/ca\\\/escenari-de-la-donacio-de-bruguer-a-escoles-de-lhospitalet\\\/#primaryimage\"},\"thumbnailUrl\":\"https:\\\/\\\/www.lafargalhospitalet.com\\\/wp-content\\\/uploads\\\/2021\\\/03\\\/Bruguer-Farga.jpg\",\"datePublished\":\"2021-03-13T12:05:00+00:00\",\"dateModified\":\"2025-11-03T17:27:32+00:00\",\"description\":\"La pintura, donada per l\u2019empresa Bruguer, est\u00e0 valorada en 100.000 euros. M\u00e9s de 80 centres educatius de L\u2019Hospitalet han respost a l\u2019oferiment.\",\"breadcrumb\":{\"@id\":\"https:\\\/\\\/www.lafargalhospitalet.com\\\/ca\\\/escenari-de-la-donacio-de-bruguer-a-escoles-de-lhospitalet\\\/#breadcrumb\"},\"inLanguage\":\"ca\",\"potentialAction\":[{\"@type\":\"ReadAction\",\"target\":[\"https:\\\/\\\/www.lafargalhospitalet.com\\\/ca\\\/escenari-de-la-donacio-de-bruguer-a-escoles-de-lhospitalet\\\/\"]}]},{\"@type\":\"ImageObject\",\"inLanguage\":\"ca\",\"@id\":\"https:\\\/\\\/www.lafargalhospitalet.com\\\/ca\\\/escenari-de-la-donacio-de-bruguer-a-escoles-de-lhospitalet\\\/#primaryimage\",\"url\":\"https:\\\/\\\/www.lafargalhospitalet.com\\\/wp-content\\\/uploads\\\/2021\\\/03\\\/Bruguer-Farga.jpg\",\"contentUrl\":\"https:\\\/\\\/www.lafargalhospitalet.com\\\/wp-content\\\/uploads\\\/2021\\\/03\\\/Bruguer-Farga.jpg\",\"width\":730,\"height\":410,\"caption\":\"Bruguer Farga\"},{\"@type\":\"BreadcrumbList\",\"@id\":\"https:\\\/\\\/www.lafargalhospitalet.com\\\/ca\\\/escenari-de-la-donacio-de-bruguer-a-escoles-de-lhospitalet\\\/#breadcrumb\",\"itemListElement\":[{\"@type\":\"ListItem\",\"position\":1,\"name\":\"Portada\",\"item\":\"https:\\\/\\\/www.lafargalhospitalet.com\\\/\"},{\"@type\":\"ListItem\",\"position\":2,\"name\":\"Escenari de la donaci\u00f3 de Bruguer a escoles de L&#8217;Hospitalet\"}]},{\"@type\":\"WebSite\",\"@id\":\"https:\\\/\\\/www.lafargalhospitalet.com\\\/#website\",\"url\":\"https:\\\/\\\/www.lafargalhospitalet.com\\\/\",\"name\":\"La Farga L'Hospitalet Centre d'Activitats. La Farga GEM, S.A.\",\"description\":\"La Farga L&#039;Hospitalet Centre d&#039;Activitats. Gestionat per La Farga GEM, S.A. Fires i Congressos. Concerts, exposicions, reunions, filmacions, sopars de gala.\",\"publisher\":{\"@id\":\"https:\\\/\\\/www.lafargalhospitalet.com\\\/#organization\"},\"potentialAction\":[{\"@type\":\"SearchAction\",\"target\":{\"@type\":\"EntryPoint\",\"urlTemplate\":\"https:\\\/\\\/www.lafargalhospitalet.com\\\/?s={search_term_string}\"},\"query-input\":{\"@type\":\"PropertyValueSpecification\",\"valueRequired\":true,\"valueName\":\"search_term_string\"}}],\"inLanguage\":\"ca\"},{\"@type\":\"Organization\",\"@id\":\"https:\\\/\\\/www.lafargalhospitalet.com\\\/#organization\",\"name\":\"La Farga L'Hospitalet Centre d'Activitats. La Farga GEM, S.A.\",\"url\":\"https:\\\/\\\/www.lafargalhospitalet.com\\\/\",\"logo\":{\"@type\":\"ImageObject\",\"inLanguage\":\"ca\",\"@id\":\"https:\\\/\\\/www.lafargalhospitalet.com\\\/#\\\/schema\\\/logo\\\/image\\\/\",\"url\":\"https:\\\/\\\/www.lafargalhospitalet.com\\\/wp-content\\\/uploads\\\/2025\\\/10\\\/logotipo_lafarga_centre_activitats.png\",\"contentUrl\":\"https:\\\/\\\/www.lafargalhospitalet.com\\\/wp-content\\\/uploads\\\/2025\\\/10\\\/logotipo_lafarga_centre_activitats.png\",\"width\":266,\"height\":101,\"caption\":\"La Farga L'Hospitalet Centre d'Activitats. La Farga GEM, S.A.\"},\"image\":{\"@id\":\"https:\\\/\\\/www.lafargalhospitalet.com\\\/#\\\/schema\\\/logo\\\/image\\\/\"},\"sameAs\":[\"https:\\\/\\\/www.facebook.com\\\/fargahospitalet\\\/\",\"https:\\\/\\\/x.com\\\/fargahospitalet\",\"https:\\\/\\\/www.instagram.com\\\/lafargahospitalet\\\/\",\"https:\\\/\\\/www.youtube.com\\\/channel\\\/UCoLt6hen3PqGXgbLMGI3Qdw\",\"https:\\\/\\\/www.flickr.com\\\/photos\\\/lafargagemsa\\\/albums\"]},{\"@type\":\"Person\",\"@id\":\"https:\\\/\\\/www.lafargalhospitalet.com\\\/#\\\/schema\\\/person\\\/6cbac0ef7748506b167ff859e1c7f378\",\"name\":\"La Farga Centre d'Activitats\",\"sameAs\":[\"https:\\\/\\\/www.lafargalhospitalet.com\"],\"url\":\"https:\\\/\\\/www.lafargalhospitalet.com\\\/ca\\\/author\\\/far25gmin\\\/\"}]}<\/script>\n<!-- \/ Yoast SEO plugin. -->","yoast_head_json":{"title":"Escenari de la donaci\u00f3 de Bruguer a escoles de L'Hospitalet - La Farga L&#039;Hospitalet Centre d&#039;Activitats. La Farga GEM, S.A.","description":"La pintura, donada per l\u2019empresa Bruguer, est\u00e0 valorada en 100.000 euros. M\u00e9s de 80 centres educatius de L\u2019Hospitalet han respost a l\u2019oferiment.","robots":{"index":"index","follow":"follow","max-snippet":"max-snippet:-1","max-image-preview":"max-image-preview:large","max-video-preview":"max-video-preview:-1"},"canonical":"https:\/\/www.lafargalhospitalet.com\/ca\/escenari-de-la-donacio-de-bruguer-a-escoles-de-lhospitalet\/","og_locale":"ca_ES","og_type":"article","og_title":"Escenari de la donaci\u00f3 de Bruguer a escoles de L'Hospitalet - La Farga L&#039;Hospitalet Centre d&#039;Activitats. La Farga GEM, S.A.","og_description":"La pintura, donada per l\u2019empresa Bruguer, est\u00e0 valorada en 100.000 euros. M\u00e9s de 80 centres educatius de L\u2019Hospitalet han respost a l\u2019oferiment.","og_url":"https:\/\/www.lafargalhospitalet.com\/ca\/escenari-de-la-donacio-de-bruguer-a-escoles-de-lhospitalet\/","og_site_name":"La Farga L&#039;Hospitalet Centre d&#039;Activitats. La Farga GEM, S.A.","article_publisher":"https:\/\/www.facebook.com\/fargahospitalet\/","article_published_time":"2021-03-13T12:05:00+00:00","article_modified_time":"2025-11-03T17:27:32+00:00","og_image":[{"width":730,"height":410,"url":"https:\/\/www.lafargalhospitalet.com\/wp-content\/uploads\/2021\/03\/Bruguer-Farga.jpg","type":"image\/jpeg"}],"author":"La Farga Centre d'Activitats","twitter_card":"summary_large_image","twitter_creator":"@fargahospitalet","twitter_site":"@fargahospitalet","twitter_misc":{"Escrit per":"La Farga Centre d'Activitats","Temps estimat de lectura":"1 minut"},"schema":{"@context":"https:\/\/schema.org","@graph":[{"@type":"Article","@id":"https:\/\/www.lafargalhospitalet.com\/ca\/escenari-de-la-donacio-de-bruguer-a-escoles-de-lhospitalet\/#article","isPartOf":{"@id":"https:\/\/www.lafargalhospitalet.com\/ca\/escenari-de-la-donacio-de-bruguer-a-escoles-de-lhospitalet\/"},"author":{"name":"La Farga Centre d'Activitats","@id":"https:\/\/www.lafargalhospitalet.com\/#\/schema\/person\/6cbac0ef7748506b167ff859e1c7f378"},"headline":"Escenari de la donaci\u00f3 de Bruguer a escoles de L&#8217;Hospitalet","datePublished":"2021-03-13T12:05:00+00:00","dateModified":"2025-11-03T17:27:32+00:00","mainEntityOfPage":{"@id":"https:\/\/www.lafargalhospitalet.com\/ca\/escenari-de-la-donacio-de-bruguer-a-escoles-de-lhospitalet\/"},"wordCount":249,"publisher":{"@id":"https:\/\/www.lafargalhospitalet.com\/#organization"},"image":{"@id":"https:\/\/www.lafargalhospitalet.com\/ca\/escenari-de-la-donacio-de-bruguer-a-escoles-de-lhospitalet\/#primaryimage"},"thumbnailUrl":"https:\/\/www.lafargalhospitalet.com\/wp-content\/uploads\/2021\/03\/Bruguer-Farga.jpg","articleSection":["Noticies"],"inLanguage":"ca"},{"@type":"WebPage","@id":"https:\/\/www.lafargalhospitalet.com\/ca\/escenari-de-la-donacio-de-bruguer-a-escoles-de-lhospitalet\/","url":"https:\/\/www.lafargalhospitalet.com\/ca\/escenari-de-la-donacio-de-bruguer-a-escoles-de-lhospitalet\/","name":"Escenari de la donaci\u00f3 de Bruguer a escoles de L'Hospitalet - La Farga L&#039;Hospitalet Centre d&#039;Activitats. La Farga GEM, S.A.","isPartOf":{"@id":"https:\/\/www.lafargalhospitalet.com\/#website"},"primaryImageOfPage":{"@id":"https:\/\/www.lafargalhospitalet.com\/ca\/escenari-de-la-donacio-de-bruguer-a-escoles-de-lhospitalet\/#primaryimage"},"image":{"@id":"https:\/\/www.lafargalhospitalet.com\/ca\/escenari-de-la-donacio-de-bruguer-a-escoles-de-lhospitalet\/#primaryimage"},"thumbnailUrl":"https:\/\/www.lafargalhospitalet.com\/wp-content\/uploads\/2021\/03\/Bruguer-Farga.jpg","datePublished":"2021-03-13T12:05:00+00:00","dateModified":"2025-11-03T17:27:32+00:00","description":"La pintura, donada per l\u2019empresa Bruguer, est\u00e0 valorada en 100.000 euros. M\u00e9s de 80 centres educatius de L\u2019Hospitalet han respost a l\u2019oferiment.","breadcrumb":{"@id":"https:\/\/www.lafargalhospitalet.com\/ca\/escenari-de-la-donacio-de-bruguer-a-escoles-de-lhospitalet\/#breadcrumb"},"inLanguage":"ca","potentialAction":[{"@type":"ReadAction","target":["https:\/\/www.lafargalhospitalet.com\/ca\/escenari-de-la-donacio-de-bruguer-a-escoles-de-lhospitalet\/"]}]},{"@type":"ImageObject","inLanguage":"ca","@id":"https:\/\/www.lafargalhospitalet.com\/ca\/escenari-de-la-donacio-de-bruguer-a-escoles-de-lhospitalet\/#primaryimage","url":"https:\/\/www.lafargalhospitalet.com\/wp-content\/uploads\/2021\/03\/Bruguer-Farga.jpg","contentUrl":"https:\/\/www.lafargalhospitalet.com\/wp-content\/uploads\/2021\/03\/Bruguer-Farga.jpg","width":730,"height":410,"caption":"Bruguer Farga"},{"@type":"BreadcrumbList","@id":"https:\/\/www.lafargalhospitalet.com\/ca\/escenari-de-la-donacio-de-bruguer-a-escoles-de-lhospitalet\/#breadcrumb","itemListElement":[{"@type":"ListItem","position":1,"name":"Portada","item":"https:\/\/www.lafargalhospitalet.com\/"},{"@type":"ListItem","position":2,"name":"Escenari de la donaci\u00f3 de Bruguer a escoles de L&#8217;Hospitalet"}]},{"@type":"WebSite","@id":"https:\/\/www.lafargalhospitalet.com\/#website","url":"https:\/\/www.lafargalhospitalet.com\/","name":"La Farga L'Hospitalet Centre d'Activitats. La Farga GEM, S.A.","description":"La Farga L&#039;Hospitalet Centre d&#039;Activitats. Gestionat per La Farga GEM, S.A. Fires i Congressos. Concerts, exposicions, reunions, filmacions, sopars de gala.","publisher":{"@id":"https:\/\/www.lafargalhospitalet.com\/#organization"},"potentialAction":[{"@type":"SearchAction","target":{"@type":"EntryPoint","urlTemplate":"https:\/\/www.lafargalhospitalet.com\/?s={search_term_string}"},"query-input":{"@type":"PropertyValueSpecification","valueRequired":true,"valueName":"search_term_string"}}],"inLanguage":"ca"},{"@type":"Organization","@id":"https:\/\/www.lafargalhospitalet.com\/#organization","name":"La Farga L'Hospitalet Centre d'Activitats. La Farga GEM, S.A.","url":"https:\/\/www.lafargalhospitalet.com\/","logo":{"@type":"ImageObject","inLanguage":"ca","@id":"https:\/\/www.lafargalhospitalet.com\/#\/schema\/logo\/image\/","url":"https:\/\/www.lafargalhospitalet.com\/wp-content\/uploads\/2025\/10\/logotipo_lafarga_centre_activitats.png","contentUrl":"https:\/\/www.lafargalhospitalet.com\/wp-content\/uploads\/2025\/10\/logotipo_lafarga_centre_activitats.png","width":266,"height":101,"caption":"La Farga L'Hospitalet Centre d'Activitats. La Farga GEM, S.A."},"image":{"@id":"https:\/\/www.lafargalhospitalet.com\/#\/schema\/logo\/image\/"},"sameAs":["https:\/\/www.facebook.com\/fargahospitalet\/","https:\/\/x.com\/fargahospitalet","https:\/\/www.instagram.com\/lafargahospitalet\/","https:\/\/www.youtube.com\/channel\/UCoLt6hen3PqGXgbLMGI3Qdw","https:\/\/www.flickr.com\/photos\/lafargagemsa\/albums"]},{"@type":"Person","@id":"https:\/\/www.lafargalhospitalet.com\/#\/schema\/person\/6cbac0ef7748506b167ff859e1c7f378","name":"La Farga Centre d'Activitats","sameAs":["https:\/\/www.lafargalhospitalet.com"],"url":"https:\/\/www.lafargalhospitalet.com\/ca\/author\/far25gmin\/"}]}},"_links":{"self":[{"href":"https:\/\/www.lafargalhospitalet.com\/ca\/wp-json\/wp\/v2\/posts\/8117","targetHints":{"allow":["GET"]}}],"collection":[{"href":"https:\/\/www.lafargalhospitalet.com\/ca\/wp-json\/wp\/v2\/posts"}],"about":[{"href":"https:\/\/www.lafargalhospitalet.com\/ca\/wp-json\/wp\/v2\/types\/post"}],"author":[{"embeddable":true,"href":"https:\/\/www.lafargalhospitalet.com\/ca\/wp-json\/wp\/v2\/users\/1"}],"replies":[{"embeddable":true,"href":"https:\/\/www.lafargalhospitalet.com\/ca\/wp-json\/wp\/v2\/comments?post=8117"}],"version-history":[{"count":0,"href":"https:\/\/www.lafargalhospitalet.com\/ca\/wp-json\/wp\/v2\/posts\/8117\/revisions"}],"wp:featuredmedia":[{"embeddable":true,"href":"https:\/\/www.lafargalhospitalet.com\/ca\/wp-json\/wp\/v2\/media\/8118"}],"wp:attachment":[{"href":"https:\/\/www.lafargalhospitalet.com\/ca\/wp-json\/wp\/v2\/media?parent=8117"}],"wp:term":[{"taxonomy":"category","embeddable":true,"href":"https:\/\/www.lafargalhospitalet.com\/ca\/wp-json\/wp\/v2\/categories?post=8117"},{"taxonomy":"post_tag","embeddable":true,"href":"https:\/\/www.lafargalhospitalet.com\/ca\/wp-json\/wp\/v2\/tags?post=8117"}],"curies":[{"name":"wp","href":"https:\/\/api.w.org\/{rel}","templated":true}]}}