{"id":8138,"date":"2021-04-01T12:02:56","date_gmt":"2021-04-01T11:02:56","guid":{"rendered":"http:\/\/www.lafargalhospitalet.com\/?p=8138"},"modified":"2025-11-03T18:27:32","modified_gmt":"2025-11-03T17:27:32","slug":"la-farga-congress-centre-de-vacunacio-contra-el-covid-19","status":"publish","type":"post","link":"https:\/\/www.lafargalhospitalet.com\/ca\/la-farga-congress-centre-de-vacunacio-contra-el-covid-19\/","title":{"rendered":"La Farga Congress, centre de vacunaci\u00f3 contra el Covid-19"},"content":{"rendered":"\n<h5 class=\"wp-block-heading\">CatSalut fa \u00fas de diferents espais com el Hall Bar i la Sala Polivalent com a punt de vacunaci\u00f3 intermedi, on es podria arribar a administrar m\u00e9s de 5.000 vacunes di\u00e0ries&nbsp;<\/h5>\n\n\n\n<p>La Farga Congress substitueix des d&#8217;avui, 1 d&#8217;abril, l&#8217;Hotel Salut com a seu de vacunacions contra el Covid-19. Aix\u00ed, la <strong><a href=\"https:\/\/www.lafargalhospitalet.com\/descripcio-espais\/\" target=\"_blank\" rel=\"noreferrer noopener\">Sala Polivalent<\/a><\/strong> de La Farga \u2014entrada pel carrer de Girona, 10\u2014 acull&nbsp;set punts de vacunaci\u00f3, amb una capacitat m\u00e0xima di\u00e0ria de 2.400 dosis. <\/p>\n\n\n\n<p>L&#8217;Ajuntament est\u00e0 ultimant amb el CatSalut un conveni de col\u00b7laboraci\u00f3 pel qual La Farga \u00e9s un punt de vacunaci\u00f3 intermedi, on es podria arribar a tenir capacitat per posar m\u00e9s de 5.000 dosis di\u00e0ries, en el marc de la campanya de vacunaci\u00f3 que el Departament de Salut dur\u00e0 a terme entre els mesos d&#8217;abril i setembre, sempre que hi hagi prou vacunes.&nbsp;L&#8217;Ajuntament avan\u00e7ar\u00e0 les despeses que generi aquest punt de vacunaci\u00f3 (neteja, seguretat, etc.).&nbsp;<\/p>\n\n\n\n<p>A L&#8217;Hospitalet, el CatSalut ha comen\u00e7at a enviar sms a les persones de 60 a 65 anys perqu\u00e8 demanin cita pr\u00e8via per posar-se la vacuna AstraZeneca, despr\u00e9s que l&#8217;Ag\u00e8ncia Europea del Medicament (EMA) s&#8217;hagi manifestat a favor de posar aquesta vacuna a les persones menors de 65 anys.&nbsp;&nbsp;<\/p>\n\n\n\n<h5 class=\"wp-block-heading\">La Farga, un dels punts de refer\u00e8ncia de Catalunya<\/h5>\n\n\n\n<p>La campanya de vacunaci\u00f3 massiva contra el Covid-19 de la Generalitat preveu vacunar en mig&nbsp;&nbsp;miler d&#8217;espais, com ara els centres c\u00edvics o d&#8217;altres que ja s&#8217;han comen\u00e7at a utilitzar. Quan es disposi de m\u00e9s de 200.000 dosis setmanals, s&#8217;habilitaran sis grans espais a Catalunya: la Fira de Montju\u00efc, la Pista Coberta de Sabadell, el Pavell\u00f3 Onze de Setembre de Lleida, el Palau Firal de Girona, la Fira de Cornell\u00e0 i un espai per decidir a Tarragona. Tamb\u00e9 es vacunar\u00e0, si es disposa de m\u00e9s vacunes, al Camp Nou.&nbsp;&nbsp;<\/p>\n\n\n\n<p>D&#8217;altra banda, durant aquesta setmana s&#8217;han habilitat a L&#8217;Hospitalet nous punts de vacunaci\u00f3 perqu\u00e8 estiguin disponibles la setmana vinent. Aix\u00ed, a m\u00e9s de La Farga i el Casal Can Serra, tamb\u00e9 es vacunar\u00e0 al Casal d&#8217;entitats de Collblanc \u2013 la Torrassa i als casals de la gent gran&nbsp;Ermita, a Bellvitge,&nbsp;de Ca n&#8217;Ar\u00fas, de Pubilla Casas i de Proven\u00e7ana. Aquests tres darrers casals \u2014Ca n&#8217;Ar\u00fas, Pubilla Casas i Proven\u00e7ana\u2014 s\u00f3n tamb\u00e9 punts de proves PCR Covid.&nbsp;<\/p>\n\n\n\n<p>Per a m\u00e9s informaci\u00f3, es pot consultar el web&nbsp;<a href=\"https:\/\/canalsalut.gencat.cat\/ca\/salut-a-z\/v\/vacuna-covid-19\/index.html\" target=\"_blank\" rel=\"noreferrer noopener\"><strong>CanalSalut<\/strong>.<\/a><\/p>\n","protected":false},"excerpt":{"rendered":"<p>CatSalut fa \u00fas de diferents espais com el Hall Bar i la Sala Polivalent com a punt de vacunaci\u00f3 intermedi, on es podria arribar a administrar m\u00e9s de 5.000 vacunes di\u00e0ries<\/p>\n","protected":false},"author":1,"featured_media":7840,"comment_status":"closed","ping_status":"closed","sticky":false,"template":"","format":"standard","meta":{"_monsterinsights_skip_tracking":false,"_monsterinsights_sitenote_active":false,"_monsterinsights_sitenote_note":"","_monsterinsights_sitenote_category":0,"footnotes":""},"categories":[83],"tags":[],"class_list":["post-8138","post","type-post","status-publish","format-standard","has-post-thumbnail","hentry","category-noticies"],"yoast_head":"<!-- This site is optimized with the Yoast SEO plugin v27.5 - https:\/\/yoast.com\/product\/yoast-seo-wordpress\/ -->\n<title>La Farga Congress, centre de vacunaci\u00f3 contra el Covid-19 - La Farga L&#039;Hospitalet Centre d&#039;Activitats. La Farga GEM, S.A.<\/title>\n<meta name=\"description\" content=\"La Sala Polivalent de La Farga Congress substitueix des d&#039;avui, 1 d&#039;abril, l&#039;Hotel Salut com a seu de vacunacions contra el Covid-19.\" \/>\n<meta name=\"robots\" content=\"index, follow, max-snippet:-1, max-image-preview:large, max-video-preview:-1\" \/>\n<link rel=\"canonical\" href=\"https:\/\/www.lafargalhospitalet.com\/ca\/la-farga-congress-centre-de-vacunacio-contra-el-covid-19\/\" \/>\n<meta property=\"og:locale\" content=\"ca_ES\" \/>\n<meta property=\"og:type\" content=\"article\" \/>\n<meta property=\"og:title\" content=\"La Farga Congress, centre de vacunaci\u00f3 contra el Covid-19 - La Farga L&#039;Hospitalet Centre d&#039;Activitats. La Farga GEM, S.A.\" \/>\n<meta property=\"og:description\" content=\"La Sala Polivalent de La Farga Congress substitueix des d&#039;avui, 1 d&#039;abril, l&#039;Hotel Salut com a seu de vacunacions contra el Covid-19.\" \/>\n<meta property=\"og:url\" content=\"https:\/\/www.lafargalhospitalet.com\/ca\/la-farga-congress-centre-de-vacunacio-contra-el-covid-19\/\" \/>\n<meta property=\"og:site_name\" content=\"La Farga L&#039;Hospitalet Centre d&#039;Activitats. La Farga GEM, S.A.\" \/>\n<meta property=\"article:publisher\" content=\"https:\/\/www.facebook.com\/fargahospitalet\/\" \/>\n<meta property=\"article:published_time\" content=\"2021-04-01T11:02:56+00:00\" \/>\n<meta property=\"article:modified_time\" content=\"2025-11-03T17:27:32+00:00\" \/>\n<meta property=\"og:image\" content=\"https:\/\/www.lafargalhospitalet.com\/wp-content\/uploads\/2020\/10\/Farga-Foyer.jpg\" \/>\n\t<meta property=\"og:image:width\" content=\"730\" \/>\n\t<meta property=\"og:image:height\" content=\"410\" \/>\n\t<meta property=\"og:image:type\" content=\"image\/jpeg\" \/>\n<meta name=\"author\" content=\"La Farga Centre d&#039;Activitats\" \/>\n<meta name=\"twitter:card\" content=\"summary_large_image\" \/>\n<meta name=\"twitter:creator\" content=\"@fargahospitalet\" \/>\n<meta name=\"twitter:site\" content=\"@fargahospitalet\" \/>\n<meta name=\"twitter:label1\" content=\"Escrit per\" \/>\n\t<meta name=\"twitter:data1\" content=\"La Farga Centre d&#039;Activitats\" \/>\n\t<meta name=\"twitter:label2\" content=\"Temps estimat de lectura\" \/>\n\t<meta name=\"twitter:data2\" content=\"2 minuts\" \/>\n<script type=\"application\/ld+json\" class=\"yoast-schema-graph\">{\"@context\":\"https:\\\/\\\/schema.org\",\"@graph\":[{\"@type\":\"Article\",\"@id\":\"https:\\\/\\\/www.lafargalhospitalet.com\\\/ca\\\/la-farga-congress-centre-de-vacunacio-contra-el-covid-19\\\/#article\",\"isPartOf\":{\"@id\":\"https:\\\/\\\/www.lafargalhospitalet.com\\\/ca\\\/la-farga-congress-centre-de-vacunacio-contra-el-covid-19\\\/\"},\"author\":{\"name\":\"La Farga Centre d'Activitats\",\"@id\":\"https:\\\/\\\/www.lafargalhospitalet.com\\\/#\\\/schema\\\/person\\\/6cbac0ef7748506b167ff859e1c7f378\"},\"headline\":\"La Farga Congress, centre de vacunaci\u00f3 contra el Covid-19\",\"datePublished\":\"2021-04-01T11:02:56+00:00\",\"dateModified\":\"2025-11-03T17:27:32+00:00\",\"mainEntityOfPage\":{\"@id\":\"https:\\\/\\\/www.lafargalhospitalet.com\\\/ca\\\/la-farga-congress-centre-de-vacunacio-contra-el-covid-19\\\/\"},\"wordCount\":440,\"publisher\":{\"@id\":\"https:\\\/\\\/www.lafargalhospitalet.com\\\/#organization\"},\"image\":{\"@id\":\"https:\\\/\\\/www.lafargalhospitalet.com\\\/ca\\\/la-farga-congress-centre-de-vacunacio-contra-el-covid-19\\\/#primaryimage\"},\"thumbnailUrl\":\"https:\\\/\\\/www.lafargalhospitalet.com\\\/wp-content\\\/uploads\\\/2020\\\/10\\\/Farga-Foyer.jpg\",\"articleSection\":[\"Noticies\"],\"inLanguage\":\"ca\"},{\"@type\":\"WebPage\",\"@id\":\"https:\\\/\\\/www.lafargalhospitalet.com\\\/ca\\\/la-farga-congress-centre-de-vacunacio-contra-el-covid-19\\\/\",\"url\":\"https:\\\/\\\/www.lafargalhospitalet.com\\\/ca\\\/la-farga-congress-centre-de-vacunacio-contra-el-covid-19\\\/\",\"name\":\"La Farga Congress, centre de vacunaci\u00f3 contra el Covid-19 - La Farga L&#039;Hospitalet Centre d&#039;Activitats. La Farga GEM, S.A.\",\"isPartOf\":{\"@id\":\"https:\\\/\\\/www.lafargalhospitalet.com\\\/#website\"},\"primaryImageOfPage\":{\"@id\":\"https:\\\/\\\/www.lafargalhospitalet.com\\\/ca\\\/la-farga-congress-centre-de-vacunacio-contra-el-covid-19\\\/#primaryimage\"},\"image\":{\"@id\":\"https:\\\/\\\/www.lafargalhospitalet.com\\\/ca\\\/la-farga-congress-centre-de-vacunacio-contra-el-covid-19\\\/#primaryimage\"},\"thumbnailUrl\":\"https:\\\/\\\/www.lafargalhospitalet.com\\\/wp-content\\\/uploads\\\/2020\\\/10\\\/Farga-Foyer.jpg\",\"datePublished\":\"2021-04-01T11:02:56+00:00\",\"dateModified\":\"2025-11-03T17:27:32+00:00\",\"description\":\"La Sala Polivalent de La Farga Congress substitueix des d'avui, 1 d'abril, l'Hotel Salut com a seu de vacunacions contra el Covid-19.\",\"breadcrumb\":{\"@id\":\"https:\\\/\\\/www.lafargalhospitalet.com\\\/ca\\\/la-farga-congress-centre-de-vacunacio-contra-el-covid-19\\\/#breadcrumb\"},\"inLanguage\":\"ca\",\"potentialAction\":[{\"@type\":\"ReadAction\",\"target\":[\"https:\\\/\\\/www.lafargalhospitalet.com\\\/ca\\\/la-farga-congress-centre-de-vacunacio-contra-el-covid-19\\\/\"]}]},{\"@type\":\"ImageObject\",\"inLanguage\":\"ca\",\"@id\":\"https:\\\/\\\/www.lafargalhospitalet.com\\\/ca\\\/la-farga-congress-centre-de-vacunacio-contra-el-covid-19\\\/#primaryimage\",\"url\":\"https:\\\/\\\/www.lafargalhospitalet.com\\\/wp-content\\\/uploads\\\/2020\\\/10\\\/Farga-Foyer.jpg\",\"contentUrl\":\"https:\\\/\\\/www.lafargalhospitalet.com\\\/wp-content\\\/uploads\\\/2020\\\/10\\\/Farga-Foyer.jpg\",\"width\":730,\"height\":410,\"caption\":\"Covid-19 Virus Refem calendari calendario Farga\"},{\"@type\":\"BreadcrumbList\",\"@id\":\"https:\\\/\\\/www.lafargalhospitalet.com\\\/ca\\\/la-farga-congress-centre-de-vacunacio-contra-el-covid-19\\\/#breadcrumb\",\"itemListElement\":[{\"@type\":\"ListItem\",\"position\":1,\"name\":\"Portada\",\"item\":\"https:\\\/\\\/www.lafargalhospitalet.com\\\/\"},{\"@type\":\"ListItem\",\"position\":2,\"name\":\"La Farga Congress, centre de vacunaci\u00f3 contra el Covid-19\"}]},{\"@type\":\"WebSite\",\"@id\":\"https:\\\/\\\/www.lafargalhospitalet.com\\\/#website\",\"url\":\"https:\\\/\\\/www.lafargalhospitalet.com\\\/\",\"name\":\"La Farga L'Hospitalet Centre d'Activitats. La Farga GEM, S.A.\",\"description\":\"La Farga L&#039;Hospitalet Centre d&#039;Activitats. Gestionat per La Farga GEM, S.A. Fires i Congressos. Concerts, exposicions, reunions, filmacions, sopars de gala.\",\"publisher\":{\"@id\":\"https:\\\/\\\/www.lafargalhospitalet.com\\\/#organization\"},\"potentialAction\":[{\"@type\":\"SearchAction\",\"target\":{\"@type\":\"EntryPoint\",\"urlTemplate\":\"https:\\\/\\\/www.lafargalhospitalet.com\\\/?s={search_term_string}\"},\"query-input\":{\"@type\":\"PropertyValueSpecification\",\"valueRequired\":true,\"valueName\":\"search_term_string\"}}],\"inLanguage\":\"ca\"},{\"@type\":\"Organization\",\"@id\":\"https:\\\/\\\/www.lafargalhospitalet.com\\\/#organization\",\"name\":\"La Farga L'Hospitalet Centre d'Activitats. La Farga GEM, S.A.\",\"url\":\"https:\\\/\\\/www.lafargalhospitalet.com\\\/\",\"logo\":{\"@type\":\"ImageObject\",\"inLanguage\":\"ca\",\"@id\":\"https:\\\/\\\/www.lafargalhospitalet.com\\\/#\\\/schema\\\/logo\\\/image\\\/\",\"url\":\"https:\\\/\\\/www.lafargalhospitalet.com\\\/wp-content\\\/uploads\\\/2025\\\/10\\\/logotipo_lafarga_centre_activitats.png\",\"contentUrl\":\"https:\\\/\\\/www.lafargalhospitalet.com\\\/wp-content\\\/uploads\\\/2025\\\/10\\\/logotipo_lafarga_centre_activitats.png\",\"width\":266,\"height\":101,\"caption\":\"La Farga L'Hospitalet Centre d'Activitats. La Farga GEM, S.A.\"},\"image\":{\"@id\":\"https:\\\/\\\/www.lafargalhospitalet.com\\\/#\\\/schema\\\/logo\\\/image\\\/\"},\"sameAs\":[\"https:\\\/\\\/www.facebook.com\\\/fargahospitalet\\\/\",\"https:\\\/\\\/x.com\\\/fargahospitalet\",\"https:\\\/\\\/www.instagram.com\\\/lafargahospitalet\\\/\",\"https:\\\/\\\/www.youtube.com\\\/channel\\\/UCoLt6hen3PqGXgbLMGI3Qdw\",\"https:\\\/\\\/www.flickr.com\\\/photos\\\/lafargagemsa\\\/albums\"]},{\"@type\":\"Person\",\"@id\":\"https:\\\/\\\/www.lafargalhospitalet.com\\\/#\\\/schema\\\/person\\\/6cbac0ef7748506b167ff859e1c7f378\",\"name\":\"La Farga Centre d'Activitats\",\"sameAs\":[\"https:\\\/\\\/www.lafargalhospitalet.com\"],\"url\":\"https:\\\/\\\/www.lafargalhospitalet.com\\\/ca\\\/author\\\/far25gmin\\\/\"}]}<\/script>\n<!-- \/ Yoast SEO plugin. -->","yoast_head_json":{"title":"La Farga Congress, centre de vacunaci\u00f3 contra el Covid-19 - La Farga L&#039;Hospitalet Centre d&#039;Activitats. La Farga GEM, S.A.","description":"La Sala Polivalent de La Farga Congress substitueix des d'avui, 1 d'abril, l'Hotel Salut com a seu de vacunacions contra el Covid-19.","robots":{"index":"index","follow":"follow","max-snippet":"max-snippet:-1","max-image-preview":"max-image-preview:large","max-video-preview":"max-video-preview:-1"},"canonical":"https:\/\/www.lafargalhospitalet.com\/ca\/la-farga-congress-centre-de-vacunacio-contra-el-covid-19\/","og_locale":"ca_ES","og_type":"article","og_title":"La Farga Congress, centre de vacunaci\u00f3 contra el Covid-19 - La Farga L&#039;Hospitalet Centre d&#039;Activitats. La Farga GEM, S.A.","og_description":"La Sala Polivalent de La Farga Congress substitueix des d'avui, 1 d'abril, l'Hotel Salut com a seu de vacunacions contra el Covid-19.","og_url":"https:\/\/www.lafargalhospitalet.com\/ca\/la-farga-congress-centre-de-vacunacio-contra-el-covid-19\/","og_site_name":"La Farga L&#039;Hospitalet Centre d&#039;Activitats. La Farga GEM, S.A.","article_publisher":"https:\/\/www.facebook.com\/fargahospitalet\/","article_published_time":"2021-04-01T11:02:56+00:00","article_modified_time":"2025-11-03T17:27:32+00:00","og_image":[{"width":730,"height":410,"url":"https:\/\/www.lafargalhospitalet.com\/wp-content\/uploads\/2020\/10\/Farga-Foyer.jpg","type":"image\/jpeg"}],"author":"La Farga Centre d'Activitats","twitter_card":"summary_large_image","twitter_creator":"@fargahospitalet","twitter_site":"@fargahospitalet","twitter_misc":{"Escrit per":"La Farga Centre d'Activitats","Temps estimat de lectura":"2 minuts"},"schema":{"@context":"https:\/\/schema.org","@graph":[{"@type":"Article","@id":"https:\/\/www.lafargalhospitalet.com\/ca\/la-farga-congress-centre-de-vacunacio-contra-el-covid-19\/#article","isPartOf":{"@id":"https:\/\/www.lafargalhospitalet.com\/ca\/la-farga-congress-centre-de-vacunacio-contra-el-covid-19\/"},"author":{"name":"La Farga Centre d'Activitats","@id":"https:\/\/www.lafargalhospitalet.com\/#\/schema\/person\/6cbac0ef7748506b167ff859e1c7f378"},"headline":"La Farga Congress, centre de vacunaci\u00f3 contra el Covid-19","datePublished":"2021-04-01T11:02:56+00:00","dateModified":"2025-11-03T17:27:32+00:00","mainEntityOfPage":{"@id":"https:\/\/www.lafargalhospitalet.com\/ca\/la-farga-congress-centre-de-vacunacio-contra-el-covid-19\/"},"wordCount":440,"publisher":{"@id":"https:\/\/www.lafargalhospitalet.com\/#organization"},"image":{"@id":"https:\/\/www.lafargalhospitalet.com\/ca\/la-farga-congress-centre-de-vacunacio-contra-el-covid-19\/#primaryimage"},"thumbnailUrl":"https:\/\/www.lafargalhospitalet.com\/wp-content\/uploads\/2020\/10\/Farga-Foyer.jpg","articleSection":["Noticies"],"inLanguage":"ca"},{"@type":"WebPage","@id":"https:\/\/www.lafargalhospitalet.com\/ca\/la-farga-congress-centre-de-vacunacio-contra-el-covid-19\/","url":"https:\/\/www.lafargalhospitalet.com\/ca\/la-farga-congress-centre-de-vacunacio-contra-el-covid-19\/","name":"La Farga Congress, centre de vacunaci\u00f3 contra el Covid-19 - La Farga L&#039;Hospitalet Centre d&#039;Activitats. La Farga GEM, S.A.","isPartOf":{"@id":"https:\/\/www.lafargalhospitalet.com\/#website"},"primaryImageOfPage":{"@id":"https:\/\/www.lafargalhospitalet.com\/ca\/la-farga-congress-centre-de-vacunacio-contra-el-covid-19\/#primaryimage"},"image":{"@id":"https:\/\/www.lafargalhospitalet.com\/ca\/la-farga-congress-centre-de-vacunacio-contra-el-covid-19\/#primaryimage"},"thumbnailUrl":"https:\/\/www.lafargalhospitalet.com\/wp-content\/uploads\/2020\/10\/Farga-Foyer.jpg","datePublished":"2021-04-01T11:02:56+00:00","dateModified":"2025-11-03T17:27:32+00:00","description":"La Sala Polivalent de La Farga Congress substitueix des d'avui, 1 d'abril, l'Hotel Salut com a seu de vacunacions contra el Covid-19.","breadcrumb":{"@id":"https:\/\/www.lafargalhospitalet.com\/ca\/la-farga-congress-centre-de-vacunacio-contra-el-covid-19\/#breadcrumb"},"inLanguage":"ca","potentialAction":[{"@type":"ReadAction","target":["https:\/\/www.lafargalhospitalet.com\/ca\/la-farga-congress-centre-de-vacunacio-contra-el-covid-19\/"]}]},{"@type":"ImageObject","inLanguage":"ca","@id":"https:\/\/www.lafargalhospitalet.com\/ca\/la-farga-congress-centre-de-vacunacio-contra-el-covid-19\/#primaryimage","url":"https:\/\/www.lafargalhospitalet.com\/wp-content\/uploads\/2020\/10\/Farga-Foyer.jpg","contentUrl":"https:\/\/www.lafargalhospitalet.com\/wp-content\/uploads\/2020\/10\/Farga-Foyer.jpg","width":730,"height":410,"caption":"Covid-19 Virus Refem calendari calendario Farga"},{"@type":"BreadcrumbList","@id":"https:\/\/www.lafargalhospitalet.com\/ca\/la-farga-congress-centre-de-vacunacio-contra-el-covid-19\/#breadcrumb","itemListElement":[{"@type":"ListItem","position":1,"name":"Portada","item":"https:\/\/www.lafargalhospitalet.com\/"},{"@type":"ListItem","position":2,"name":"La Farga Congress, centre de vacunaci\u00f3 contra el Covid-19"}]},{"@type":"WebSite","@id":"https:\/\/www.lafargalhospitalet.com\/#website","url":"https:\/\/www.lafargalhospitalet.com\/","name":"La Farga L'Hospitalet Centre d'Activitats. La Farga GEM, S.A.","description":"La Farga L&#039;Hospitalet Centre d&#039;Activitats. Gestionat per La Farga GEM, S.A. Fires i Congressos. Concerts, exposicions, reunions, filmacions, sopars de gala.","publisher":{"@id":"https:\/\/www.lafargalhospitalet.com\/#organization"},"potentialAction":[{"@type":"SearchAction","target":{"@type":"EntryPoint","urlTemplate":"https:\/\/www.lafargalhospitalet.com\/?s={search_term_string}"},"query-input":{"@type":"PropertyValueSpecification","valueRequired":true,"valueName":"search_term_string"}}],"inLanguage":"ca"},{"@type":"Organization","@id":"https:\/\/www.lafargalhospitalet.com\/#organization","name":"La Farga L'Hospitalet Centre d'Activitats. La Farga GEM, S.A.","url":"https:\/\/www.lafargalhospitalet.com\/","logo":{"@type":"ImageObject","inLanguage":"ca","@id":"https:\/\/www.lafargalhospitalet.com\/#\/schema\/logo\/image\/","url":"https:\/\/www.lafargalhospitalet.com\/wp-content\/uploads\/2025\/10\/logotipo_lafarga_centre_activitats.png","contentUrl":"https:\/\/www.lafargalhospitalet.com\/wp-content\/uploads\/2025\/10\/logotipo_lafarga_centre_activitats.png","width":266,"height":101,"caption":"La Farga L'Hospitalet Centre d'Activitats. La Farga GEM, S.A."},"image":{"@id":"https:\/\/www.lafargalhospitalet.com\/#\/schema\/logo\/image\/"},"sameAs":["https:\/\/www.facebook.com\/fargahospitalet\/","https:\/\/x.com\/fargahospitalet","https:\/\/www.instagram.com\/lafargahospitalet\/","https:\/\/www.youtube.com\/channel\/UCoLt6hen3PqGXgbLMGI3Qdw","https:\/\/www.flickr.com\/photos\/lafargagemsa\/albums"]},{"@type":"Person","@id":"https:\/\/www.lafargalhospitalet.com\/#\/schema\/person\/6cbac0ef7748506b167ff859e1c7f378","name":"La Farga Centre d'Activitats","sameAs":["https:\/\/www.lafargalhospitalet.com"],"url":"https:\/\/www.lafargalhospitalet.com\/ca\/author\/far25gmin\/"}]}},"_links":{"self":[{"href":"https:\/\/www.lafargalhospitalet.com\/ca\/wp-json\/wp\/v2\/posts\/8138","targetHints":{"allow":["GET"]}}],"collection":[{"href":"https:\/\/www.lafargalhospitalet.com\/ca\/wp-json\/wp\/v2\/posts"}],"about":[{"href":"https:\/\/www.lafargalhospitalet.com\/ca\/wp-json\/wp\/v2\/types\/post"}],"author":[{"embeddable":true,"href":"https:\/\/www.lafargalhospitalet.com\/ca\/wp-json\/wp\/v2\/users\/1"}],"replies":[{"embeddable":true,"href":"https:\/\/www.lafargalhospitalet.com\/ca\/wp-json\/wp\/v2\/comments?post=8138"}],"version-history":[{"count":0,"href":"https:\/\/www.lafargalhospitalet.com\/ca\/wp-json\/wp\/v2\/posts\/8138\/revisions"}],"wp:featuredmedia":[{"embeddable":true,"href":"https:\/\/www.lafargalhospitalet.com\/ca\/wp-json\/wp\/v2\/media\/7840"}],"wp:attachment":[{"href":"https:\/\/www.lafargalhospitalet.com\/ca\/wp-json\/wp\/v2\/media?parent=8138"}],"wp:term":[{"taxonomy":"category","embeddable":true,"href":"https:\/\/www.lafargalhospitalet.com\/ca\/wp-json\/wp\/v2\/categories?post=8138"},{"taxonomy":"post_tag","embeddable":true,"href":"https:\/\/www.lafargalhospitalet.com\/ca\/wp-json\/wp\/v2\/tags?post=8138"}],"curies":[{"name":"wp","href":"https:\/\/api.w.org\/{rel}","templated":true}]}}