{"id":8160,"date":"2021-04-23T09:15:39","date_gmt":"2021-04-23T08:15:39","guid":{"rendered":"http:\/\/www.lafargalhospitalet.com\/?p=8160"},"modified":"2025-11-03T18:27:32","modified_gmt":"2025-11-03T17:27:32","slug":"torna-la-musica-a-la-farga-amb-els-concerts-de-festes","status":"publish","type":"post","link":"https:\/\/www.lafargalhospitalet.com\/ca\/torna-la-musica-a-la-farga-amb-els-concerts-de-festes\/","title":{"rendered":"Torna la m\u00fasica a La Farga amb els concerts de Festes"},"content":{"rendered":"\n<h5 class=\"wp-block-heading\">Miki N\u00fa\u00f1ez, Miguel Poveda i El Pot Petit s\u00f3n els protagonistes d\u2019enguany<\/h5>\n\n\n\n<p>La Farga Centre d\u2019Activitats torna a ser escenari dels concerts de Festes de Primavera, enguany marcats per la situaci\u00f3 sanit\u00e0ria que permet, amb totes les mesures necess\u00e0ries, que torni la m\u00fasica en directe al recinte.<\/p>\n\n\n\n<p>L\u2019Ajuntament de L\u2019Hospitalet, organitzador de les Festes de Primavera, dona un pas endavant a la irreversible tornada a la normalitat i aposta obertament per la cultura i la m\u00fasica en directe amb totes les mesures necess\u00e0ries.<br><br>Aquesta\u00a0<strong><a href=\"https:\/\/www.lafargalhospitalet.com\/miki-nunez-miguel-poveda-i-el-pot-petit-concerts-de-festes-de-primavera\/\" target=\"_blank\" rel=\"noreferrer noopener\">edici\u00f3<\/a><\/strong>\u00a02021, amb un recinte especialment adaptat per establir tots els protocols sanitaris, d\u2019aforament (amb cadires numerades) i de dist\u00e0ncia social, tindr\u00e0 lloc els dies 23 i 24 d\u2019abril i la programaci\u00f3 inclou 3 noms molt atractius als seus respectius \u00e0mbits.<br><br>Divendres, 23 d\u2019abril, Miki N\u00fa\u00f1ez (20h.) portar\u00e0 tota la seva energia i bones vibracions a La Farga, obrint el cicle amb una proposta plena de colors. Dissabte, 24 d\u2019abril, sessi\u00f3 matinal i familiar amb El Pot Petit (12h.), un dels espectacles favorits dels m\u00e9s joves de la casa. I a la tarda, el gran Miguel Poveda (20h.) acomiadar\u00e0 els Concerts de Primavera amb tota la qualitat del seu cant: indiscutiblement, una de les veus m\u00e9s destacades i reconegudes del flamenc a nivell mundial.<br><br>Les entrades per als concerts de Miki N\u00fa\u00f1ez, Miguel Poveda i El Pot Petit es estan a la venda a\u00a0<strong><a href=\"https:\/\/www.theproject.es\/ca\/a-1109\/ARRIBEN-ELS-CONCERTS-DE-PRIMAVERA-DE-LHOSPITALET-2021\" target=\"_blank\" rel=\"noreferrer noopener\">theproject.es<\/a><\/strong>.<\/p>\n","protected":false},"excerpt":{"rendered":"<p>La Farga Centre d\u2019Activitats torna a ser escenari dels concerts de Festes de Primavera, enguany marcats per la situaci\u00f3 sanit\u00e0ria que permet, amb totes les mesures necess\u00e0ries, que torni la m\u00fasica en directe al recinte.<\/p>\n","protected":false},"author":1,"featured_media":8161,"comment_status":"closed","ping_status":"closed","sticky":false,"template":"","format":"standard","meta":{"_monsterinsights_skip_tracking":false,"_monsterinsights_sitenote_active":false,"_monsterinsights_sitenote_note":"","_monsterinsights_sitenote_category":0,"footnotes":""},"categories":[83],"tags":[],"class_list":["post-8160","post","type-post","status-publish","format-standard","has-post-thumbnail","hentry","category-noticies"],"yoast_head":"<!-- This site is optimized with the Yoast SEO plugin v27.5 - https:\/\/yoast.com\/product\/yoast-seo-wordpress\/ -->\n<title>Torna la m\u00fasica a La Farga amb els concerts de Festes - La Farga L&#039;Hospitalet Centre d&#039;Activitats. La Farga GEM, S.A.<\/title>\n<meta name=\"description\" content=\"Torna la m\u00fasica a La Farga Centre d\u2019Activitats amb els concerts de Festes de Primavera, enguany amb Miki N\u00fa\u00f1ez, Miguel Poveda i El Pot Petit.\" \/>\n<meta name=\"robots\" content=\"index, follow, max-snippet:-1, max-image-preview:large, max-video-preview:-1\" \/>\n<link rel=\"canonical\" href=\"https:\/\/www.lafargalhospitalet.com\/ca\/torna-la-musica-a-la-farga-amb-els-concerts-de-festes\/\" \/>\n<meta property=\"og:locale\" content=\"ca_ES\" \/>\n<meta property=\"og:type\" content=\"article\" \/>\n<meta property=\"og:title\" content=\"Torna la m\u00fasica a La Farga amb els concerts de Festes - La Farga L&#039;Hospitalet Centre d&#039;Activitats. La Farga GEM, S.A.\" \/>\n<meta property=\"og:description\" content=\"Torna la m\u00fasica a La Farga Centre d\u2019Activitats amb els concerts de Festes de Primavera, enguany amb Miki N\u00fa\u00f1ez, Miguel Poveda i El Pot Petit.\" \/>\n<meta property=\"og:url\" content=\"https:\/\/www.lafargalhospitalet.com\/ca\/torna-la-musica-a-la-farga-amb-els-concerts-de-festes\/\" \/>\n<meta property=\"og:site_name\" content=\"La Farga L&#039;Hospitalet Centre d&#039;Activitats. La Farga GEM, S.A.\" \/>\n<meta property=\"article:publisher\" content=\"https:\/\/www.facebook.com\/fargahospitalet\/\" \/>\n<meta property=\"article:published_time\" content=\"2021-04-23T08:15:39+00:00\" \/>\n<meta property=\"article:modified_time\" content=\"2025-11-03T17:27:32+00:00\" \/>\n<meta property=\"og:image\" content=\"https:\/\/www.lafargalhospitalet.com\/wp-content\/uploads\/2021\/04\/Concerts-Festes-Farga-21.jpg\" \/>\n\t<meta property=\"og:image:width\" content=\"730\" \/>\n\t<meta property=\"og:image:height\" content=\"410\" \/>\n\t<meta property=\"og:image:type\" content=\"image\/jpeg\" \/>\n<meta name=\"author\" content=\"La Farga Centre d&#039;Activitats\" \/>\n<meta name=\"twitter:card\" content=\"summary_large_image\" \/>\n<meta name=\"twitter:creator\" content=\"@fargahospitalet\" \/>\n<meta name=\"twitter:site\" content=\"@fargahospitalet\" \/>\n<meta name=\"twitter:label1\" content=\"Escrit per\" \/>\n\t<meta name=\"twitter:data1\" content=\"La Farga Centre d&#039;Activitats\" \/>\n\t<meta name=\"twitter:label2\" content=\"Temps estimat de lectura\" \/>\n\t<meta name=\"twitter:data2\" content=\"2 minuts\" \/>\n<script type=\"application\/ld+json\" class=\"yoast-schema-graph\">{\"@context\":\"https:\\\/\\\/schema.org\",\"@graph\":[{\"@type\":\"Article\",\"@id\":\"https:\\\/\\\/www.lafargalhospitalet.com\\\/ca\\\/torna-la-musica-a-la-farga-amb-els-concerts-de-festes\\\/#article\",\"isPartOf\":{\"@id\":\"https:\\\/\\\/www.lafargalhospitalet.com\\\/ca\\\/torna-la-musica-a-la-farga-amb-els-concerts-de-festes\\\/\"},\"author\":{\"name\":\"La Farga Centre d'Activitats\",\"@id\":\"https:\\\/\\\/www.lafargalhospitalet.com\\\/#\\\/schema\\\/person\\\/6cbac0ef7748506b167ff859e1c7f378\"},\"headline\":\"Torna la m\u00fasica a La Farga amb els concerts de Festes\",\"datePublished\":\"2021-04-23T08:15:39+00:00\",\"dateModified\":\"2025-11-03T17:27:32+00:00\",\"mainEntityOfPage\":{\"@id\":\"https:\\\/\\\/www.lafargalhospitalet.com\\\/ca\\\/torna-la-musica-a-la-farga-amb-els-concerts-de-festes\\\/\"},\"wordCount\":256,\"publisher\":{\"@id\":\"https:\\\/\\\/www.lafargalhospitalet.com\\\/#organization\"},\"image\":{\"@id\":\"https:\\\/\\\/www.lafargalhospitalet.com\\\/ca\\\/torna-la-musica-a-la-farga-amb-els-concerts-de-festes\\\/#primaryimage\"},\"thumbnailUrl\":\"https:\\\/\\\/www.lafargalhospitalet.com\\\/wp-content\\\/uploads\\\/2021\\\/04\\\/Concerts-Festes-Farga-21.jpg\",\"articleSection\":[\"Noticies\"],\"inLanguage\":\"ca\"},{\"@type\":\"WebPage\",\"@id\":\"https:\\\/\\\/www.lafargalhospitalet.com\\\/ca\\\/torna-la-musica-a-la-farga-amb-els-concerts-de-festes\\\/\",\"url\":\"https:\\\/\\\/www.lafargalhospitalet.com\\\/ca\\\/torna-la-musica-a-la-farga-amb-els-concerts-de-festes\\\/\",\"name\":\"Torna la m\u00fasica a La Farga amb els concerts de Festes - La Farga L&#039;Hospitalet Centre d&#039;Activitats. La Farga GEM, S.A.\",\"isPartOf\":{\"@id\":\"https:\\\/\\\/www.lafargalhospitalet.com\\\/#website\"},\"primaryImageOfPage\":{\"@id\":\"https:\\\/\\\/www.lafargalhospitalet.com\\\/ca\\\/torna-la-musica-a-la-farga-amb-els-concerts-de-festes\\\/#primaryimage\"},\"image\":{\"@id\":\"https:\\\/\\\/www.lafargalhospitalet.com\\\/ca\\\/torna-la-musica-a-la-farga-amb-els-concerts-de-festes\\\/#primaryimage\"},\"thumbnailUrl\":\"https:\\\/\\\/www.lafargalhospitalet.com\\\/wp-content\\\/uploads\\\/2021\\\/04\\\/Concerts-Festes-Farga-21.jpg\",\"datePublished\":\"2021-04-23T08:15:39+00:00\",\"dateModified\":\"2025-11-03T17:27:32+00:00\",\"description\":\"Torna la m\u00fasica a La Farga Centre d\u2019Activitats amb els concerts de Festes de Primavera, enguany amb Miki N\u00fa\u00f1ez, Miguel Poveda i El Pot Petit.\",\"breadcrumb\":{\"@id\":\"https:\\\/\\\/www.lafargalhospitalet.com\\\/ca\\\/torna-la-musica-a-la-farga-amb-els-concerts-de-festes\\\/#breadcrumb\"},\"inLanguage\":\"ca\",\"potentialAction\":[{\"@type\":\"ReadAction\",\"target\":[\"https:\\\/\\\/www.lafargalhospitalet.com\\\/ca\\\/torna-la-musica-a-la-farga-amb-els-concerts-de-festes\\\/\"]}]},{\"@type\":\"ImageObject\",\"inLanguage\":\"ca\",\"@id\":\"https:\\\/\\\/www.lafargalhospitalet.com\\\/ca\\\/torna-la-musica-a-la-farga-amb-els-concerts-de-festes\\\/#primaryimage\",\"url\":\"https:\\\/\\\/www.lafargalhospitalet.com\\\/wp-content\\\/uploads\\\/2021\\\/04\\\/Concerts-Festes-Farga-21.jpg\",\"contentUrl\":\"https:\\\/\\\/www.lafargalhospitalet.com\\\/wp-content\\\/uploads\\\/2021\\\/04\\\/Concerts-Festes-Farga-21.jpg\",\"width\":730,\"height\":410,\"caption\":\"M\u00fasica Farga Festes Primavera\"},{\"@type\":\"BreadcrumbList\",\"@id\":\"https:\\\/\\\/www.lafargalhospitalet.com\\\/ca\\\/torna-la-musica-a-la-farga-amb-els-concerts-de-festes\\\/#breadcrumb\",\"itemListElement\":[{\"@type\":\"ListItem\",\"position\":1,\"name\":\"Portada\",\"item\":\"https:\\\/\\\/www.lafargalhospitalet.com\\\/\"},{\"@type\":\"ListItem\",\"position\":2,\"name\":\"Torna la m\u00fasica a La Farga amb els concerts de Festes\"}]},{\"@type\":\"WebSite\",\"@id\":\"https:\\\/\\\/www.lafargalhospitalet.com\\\/#website\",\"url\":\"https:\\\/\\\/www.lafargalhospitalet.com\\\/\",\"name\":\"La Farga L'Hospitalet Centre d'Activitats. La Farga GEM, S.A.\",\"description\":\"La Farga L&#039;Hospitalet Centre d&#039;Activitats. Gestionat per La Farga GEM, S.A. Fires i Congressos. Concerts, exposicions, reunions, filmacions, sopars de gala.\",\"publisher\":{\"@id\":\"https:\\\/\\\/www.lafargalhospitalet.com\\\/#organization\"},\"potentialAction\":[{\"@type\":\"SearchAction\",\"target\":{\"@type\":\"EntryPoint\",\"urlTemplate\":\"https:\\\/\\\/www.lafargalhospitalet.com\\\/?s={search_term_string}\"},\"query-input\":{\"@type\":\"PropertyValueSpecification\",\"valueRequired\":true,\"valueName\":\"search_term_string\"}}],\"inLanguage\":\"ca\"},{\"@type\":\"Organization\",\"@id\":\"https:\\\/\\\/www.lafargalhospitalet.com\\\/#organization\",\"name\":\"La Farga L'Hospitalet Centre d'Activitats. La Farga GEM, S.A.\",\"url\":\"https:\\\/\\\/www.lafargalhospitalet.com\\\/\",\"logo\":{\"@type\":\"ImageObject\",\"inLanguage\":\"ca\",\"@id\":\"https:\\\/\\\/www.lafargalhospitalet.com\\\/#\\\/schema\\\/logo\\\/image\\\/\",\"url\":\"https:\\\/\\\/www.lafargalhospitalet.com\\\/wp-content\\\/uploads\\\/2025\\\/10\\\/logotipo_lafarga_centre_activitats.png\",\"contentUrl\":\"https:\\\/\\\/www.lafargalhospitalet.com\\\/wp-content\\\/uploads\\\/2025\\\/10\\\/logotipo_lafarga_centre_activitats.png\",\"width\":266,\"height\":101,\"caption\":\"La Farga L'Hospitalet Centre d'Activitats. La Farga GEM, S.A.\"},\"image\":{\"@id\":\"https:\\\/\\\/www.lafargalhospitalet.com\\\/#\\\/schema\\\/logo\\\/image\\\/\"},\"sameAs\":[\"https:\\\/\\\/www.facebook.com\\\/fargahospitalet\\\/\",\"https:\\\/\\\/x.com\\\/fargahospitalet\",\"https:\\\/\\\/www.instagram.com\\\/lafargahospitalet\\\/\",\"https:\\\/\\\/www.youtube.com\\\/channel\\\/UCoLt6hen3PqGXgbLMGI3Qdw\",\"https:\\\/\\\/www.flickr.com\\\/photos\\\/lafargagemsa\\\/albums\"]},{\"@type\":\"Person\",\"@id\":\"https:\\\/\\\/www.lafargalhospitalet.com\\\/#\\\/schema\\\/person\\\/6cbac0ef7748506b167ff859e1c7f378\",\"name\":\"La Farga Centre d'Activitats\",\"sameAs\":[\"https:\\\/\\\/www.lafargalhospitalet.com\"],\"url\":\"https:\\\/\\\/www.lafargalhospitalet.com\\\/ca\\\/author\\\/far25gmin\\\/\"}]}<\/script>\n<!-- \/ Yoast SEO plugin. -->","yoast_head_json":{"title":"Torna la m\u00fasica a La Farga amb els concerts de Festes - La Farga L&#039;Hospitalet Centre d&#039;Activitats. La Farga GEM, S.A.","description":"Torna la m\u00fasica a La Farga Centre d\u2019Activitats amb els concerts de Festes de Primavera, enguany amb Miki N\u00fa\u00f1ez, Miguel Poveda i El Pot Petit.","robots":{"index":"index","follow":"follow","max-snippet":"max-snippet:-1","max-image-preview":"max-image-preview:large","max-video-preview":"max-video-preview:-1"},"canonical":"https:\/\/www.lafargalhospitalet.com\/ca\/torna-la-musica-a-la-farga-amb-els-concerts-de-festes\/","og_locale":"ca_ES","og_type":"article","og_title":"Torna la m\u00fasica a La Farga amb els concerts de Festes - La Farga L&#039;Hospitalet Centre d&#039;Activitats. La Farga GEM, S.A.","og_description":"Torna la m\u00fasica a La Farga Centre d\u2019Activitats amb els concerts de Festes de Primavera, enguany amb Miki N\u00fa\u00f1ez, Miguel Poveda i El Pot Petit.","og_url":"https:\/\/www.lafargalhospitalet.com\/ca\/torna-la-musica-a-la-farga-amb-els-concerts-de-festes\/","og_site_name":"La Farga L&#039;Hospitalet Centre d&#039;Activitats. La Farga GEM, S.A.","article_publisher":"https:\/\/www.facebook.com\/fargahospitalet\/","article_published_time":"2021-04-23T08:15:39+00:00","article_modified_time":"2025-11-03T17:27:32+00:00","og_image":[{"width":730,"height":410,"url":"https:\/\/www.lafargalhospitalet.com\/wp-content\/uploads\/2021\/04\/Concerts-Festes-Farga-21.jpg","type":"image\/jpeg"}],"author":"La Farga Centre d'Activitats","twitter_card":"summary_large_image","twitter_creator":"@fargahospitalet","twitter_site":"@fargahospitalet","twitter_misc":{"Escrit per":"La Farga Centre d'Activitats","Temps estimat de lectura":"2 minuts"},"schema":{"@context":"https:\/\/schema.org","@graph":[{"@type":"Article","@id":"https:\/\/www.lafargalhospitalet.com\/ca\/torna-la-musica-a-la-farga-amb-els-concerts-de-festes\/#article","isPartOf":{"@id":"https:\/\/www.lafargalhospitalet.com\/ca\/torna-la-musica-a-la-farga-amb-els-concerts-de-festes\/"},"author":{"name":"La Farga Centre d'Activitats","@id":"https:\/\/www.lafargalhospitalet.com\/#\/schema\/person\/6cbac0ef7748506b167ff859e1c7f378"},"headline":"Torna la m\u00fasica a La Farga amb els concerts de Festes","datePublished":"2021-04-23T08:15:39+00:00","dateModified":"2025-11-03T17:27:32+00:00","mainEntityOfPage":{"@id":"https:\/\/www.lafargalhospitalet.com\/ca\/torna-la-musica-a-la-farga-amb-els-concerts-de-festes\/"},"wordCount":256,"publisher":{"@id":"https:\/\/www.lafargalhospitalet.com\/#organization"},"image":{"@id":"https:\/\/www.lafargalhospitalet.com\/ca\/torna-la-musica-a-la-farga-amb-els-concerts-de-festes\/#primaryimage"},"thumbnailUrl":"https:\/\/www.lafargalhospitalet.com\/wp-content\/uploads\/2021\/04\/Concerts-Festes-Farga-21.jpg","articleSection":["Noticies"],"inLanguage":"ca"},{"@type":"WebPage","@id":"https:\/\/www.lafargalhospitalet.com\/ca\/torna-la-musica-a-la-farga-amb-els-concerts-de-festes\/","url":"https:\/\/www.lafargalhospitalet.com\/ca\/torna-la-musica-a-la-farga-amb-els-concerts-de-festes\/","name":"Torna la m\u00fasica a La Farga amb els concerts de Festes - La Farga L&#039;Hospitalet Centre d&#039;Activitats. La Farga GEM, S.A.","isPartOf":{"@id":"https:\/\/www.lafargalhospitalet.com\/#website"},"primaryImageOfPage":{"@id":"https:\/\/www.lafargalhospitalet.com\/ca\/torna-la-musica-a-la-farga-amb-els-concerts-de-festes\/#primaryimage"},"image":{"@id":"https:\/\/www.lafargalhospitalet.com\/ca\/torna-la-musica-a-la-farga-amb-els-concerts-de-festes\/#primaryimage"},"thumbnailUrl":"https:\/\/www.lafargalhospitalet.com\/wp-content\/uploads\/2021\/04\/Concerts-Festes-Farga-21.jpg","datePublished":"2021-04-23T08:15:39+00:00","dateModified":"2025-11-03T17:27:32+00:00","description":"Torna la m\u00fasica a La Farga Centre d\u2019Activitats amb els concerts de Festes de Primavera, enguany amb Miki N\u00fa\u00f1ez, Miguel Poveda i El Pot Petit.","breadcrumb":{"@id":"https:\/\/www.lafargalhospitalet.com\/ca\/torna-la-musica-a-la-farga-amb-els-concerts-de-festes\/#breadcrumb"},"inLanguage":"ca","potentialAction":[{"@type":"ReadAction","target":["https:\/\/www.lafargalhospitalet.com\/ca\/torna-la-musica-a-la-farga-amb-els-concerts-de-festes\/"]}]},{"@type":"ImageObject","inLanguage":"ca","@id":"https:\/\/www.lafargalhospitalet.com\/ca\/torna-la-musica-a-la-farga-amb-els-concerts-de-festes\/#primaryimage","url":"https:\/\/www.lafargalhospitalet.com\/wp-content\/uploads\/2021\/04\/Concerts-Festes-Farga-21.jpg","contentUrl":"https:\/\/www.lafargalhospitalet.com\/wp-content\/uploads\/2021\/04\/Concerts-Festes-Farga-21.jpg","width":730,"height":410,"caption":"M\u00fasica Farga Festes Primavera"},{"@type":"BreadcrumbList","@id":"https:\/\/www.lafargalhospitalet.com\/ca\/torna-la-musica-a-la-farga-amb-els-concerts-de-festes\/#breadcrumb","itemListElement":[{"@type":"ListItem","position":1,"name":"Portada","item":"https:\/\/www.lafargalhospitalet.com\/"},{"@type":"ListItem","position":2,"name":"Torna la m\u00fasica a La Farga amb els concerts de Festes"}]},{"@type":"WebSite","@id":"https:\/\/www.lafargalhospitalet.com\/#website","url":"https:\/\/www.lafargalhospitalet.com\/","name":"La Farga L'Hospitalet Centre d'Activitats. La Farga GEM, S.A.","description":"La Farga L&#039;Hospitalet Centre d&#039;Activitats. Gestionat per La Farga GEM, S.A. Fires i Congressos. Concerts, exposicions, reunions, filmacions, sopars de gala.","publisher":{"@id":"https:\/\/www.lafargalhospitalet.com\/#organization"},"potentialAction":[{"@type":"SearchAction","target":{"@type":"EntryPoint","urlTemplate":"https:\/\/www.lafargalhospitalet.com\/?s={search_term_string}"},"query-input":{"@type":"PropertyValueSpecification","valueRequired":true,"valueName":"search_term_string"}}],"inLanguage":"ca"},{"@type":"Organization","@id":"https:\/\/www.lafargalhospitalet.com\/#organization","name":"La Farga L'Hospitalet Centre d'Activitats. La Farga GEM, S.A.","url":"https:\/\/www.lafargalhospitalet.com\/","logo":{"@type":"ImageObject","inLanguage":"ca","@id":"https:\/\/www.lafargalhospitalet.com\/#\/schema\/logo\/image\/","url":"https:\/\/www.lafargalhospitalet.com\/wp-content\/uploads\/2025\/10\/logotipo_lafarga_centre_activitats.png","contentUrl":"https:\/\/www.lafargalhospitalet.com\/wp-content\/uploads\/2025\/10\/logotipo_lafarga_centre_activitats.png","width":266,"height":101,"caption":"La Farga L'Hospitalet Centre d'Activitats. La Farga GEM, S.A."},"image":{"@id":"https:\/\/www.lafargalhospitalet.com\/#\/schema\/logo\/image\/"},"sameAs":["https:\/\/www.facebook.com\/fargahospitalet\/","https:\/\/x.com\/fargahospitalet","https:\/\/www.instagram.com\/lafargahospitalet\/","https:\/\/www.youtube.com\/channel\/UCoLt6hen3PqGXgbLMGI3Qdw","https:\/\/www.flickr.com\/photos\/lafargagemsa\/albums"]},{"@type":"Person","@id":"https:\/\/www.lafargalhospitalet.com\/#\/schema\/person\/6cbac0ef7748506b167ff859e1c7f378","name":"La Farga Centre d'Activitats","sameAs":["https:\/\/www.lafargalhospitalet.com"],"url":"https:\/\/www.lafargalhospitalet.com\/ca\/author\/far25gmin\/"}]}},"_links":{"self":[{"href":"https:\/\/www.lafargalhospitalet.com\/ca\/wp-json\/wp\/v2\/posts\/8160","targetHints":{"allow":["GET"]}}],"collection":[{"href":"https:\/\/www.lafargalhospitalet.com\/ca\/wp-json\/wp\/v2\/posts"}],"about":[{"href":"https:\/\/www.lafargalhospitalet.com\/ca\/wp-json\/wp\/v2\/types\/post"}],"author":[{"embeddable":true,"href":"https:\/\/www.lafargalhospitalet.com\/ca\/wp-json\/wp\/v2\/users\/1"}],"replies":[{"embeddable":true,"href":"https:\/\/www.lafargalhospitalet.com\/ca\/wp-json\/wp\/v2\/comments?post=8160"}],"version-history":[{"count":0,"href":"https:\/\/www.lafargalhospitalet.com\/ca\/wp-json\/wp\/v2\/posts\/8160\/revisions"}],"wp:featuredmedia":[{"embeddable":true,"href":"https:\/\/www.lafargalhospitalet.com\/ca\/wp-json\/wp\/v2\/media\/8161"}],"wp:attachment":[{"href":"https:\/\/www.lafargalhospitalet.com\/ca\/wp-json\/wp\/v2\/media?parent=8160"}],"wp:term":[{"taxonomy":"category","embeddable":true,"href":"https:\/\/www.lafargalhospitalet.com\/ca\/wp-json\/wp\/v2\/categories?post=8160"},{"taxonomy":"post_tag","embeddable":true,"href":"https:\/\/www.lafargalhospitalet.com\/ca\/wp-json\/wp\/v2\/tags?post=8160"}],"curies":[{"name":"wp","href":"https:\/\/api.w.org\/{rel}","templated":true}]}}