{"id":8171,"date":"2021-04-26T11:47:50","date_gmt":"2021-04-26T10:47:50","guid":{"rendered":"http:\/\/www.lafargalhospitalet.com\/?p=8171"},"modified":"2025-11-03T18:27:32","modified_gmt":"2025-11-03T17:27:32","slug":"el-public-vibra-en-el-retorn-de-la-musica-a-la-farga","status":"publish","type":"post","link":"https:\/\/www.lafargalhospitalet.com\/ca\/el-public-vibra-en-el-retorn-de-la-musica-a-la-farga\/","title":{"rendered":"El p\u00fablic vibra en el retorn de la m\u00fasica a La Farga"},"content":{"rendered":"\n<p><strong><a href=\"https:\/\/www.lafargalhospitalet.com\/centre-activitats-la-farga-hospitalet-espai-versatil\/\" target=\"_blank\" rel=\"noreferrer noopener\">La Farga Centre d&#8217;Activitats<\/a><\/strong> ha estat escenari dels concerts de Festes de Primavera, que han comptat amb la pres\u00e8ncia de Miki N\u00fa\u00f1ez, El Pot Petit i Miguel Poveda. P\u00fablic diferent per a cada concert que ha gaudit de la m\u00fasica complint amb les mesures adoptades per fer de La Farga un espai segur. <\/p>\n\n\n\n<p>El cantaor badalon\u00ed <strong><a href=\"https:\/\/lhdigital.cat\/web\/digital-h\/noticia\/cultura\/-\/journal_content\/56_INSTANCE_43Th\/11023\/14995556\" target=\"_blank\" rel=\"noreferrer noopener\">Miguel Poveda<\/a><\/strong> ha posat el punt i final al concerts programats a La Farga, repassant el seu darrer treball discogr\u00e0fic &#8216;El tiempo pasa volando&#8217; i altres \u00e8xits davant del miler de persones que havien adquirit entrada. <\/p>\n\n\n\n<figure class=\"wp-block-embed is-type-video is-provider-youtube wp-block-embed-youtube wp-embed-aspect-16-9 wp-has-aspect-ratio\"><div class=\"wp-block-embed__wrapper\">\n<iframe title=\"Miguel Poveda, tot un artista en maj\u00fascules a La Farga de L&#039;Hospitalet\" width=\"800\" height=\"450\" src=\"https:\/\/www.youtube.com\/embed\/Sx27idBVzv8?feature=oembed\" frameborder=\"0\" allow=\"accelerometer; autoplay; clipboard-write; encrypted-media; gyroscope; picture-in-picture; web-share\" referrerpolicy=\"strict-origin-when-cross-origin\" allowfullscreen><\/iframe>\n<\/div><\/figure>\n\n\n\n<p>Dissabte al mat\u00ed ha estat <strong><a href=\"https:\/\/lhdigital.cat\/web\/digital-h\/noticia\/cultura\/-\/journal_content\/56_INSTANCE_43Th\/11023\/14995414\" target=\"_blank\" rel=\"noreferrer noopener\">El Pot Petit<\/a><\/strong> que ha ofert un espectacle per a tota la fam\u00edlia que agrada especialment als m\u00e9s petits per la combinaci\u00f3 de titelles, teatre i humor on els components de la companyia mostren molt de ritme per deixar bocabadats a la canalla.<\/p>\n\n\n\n<figure class=\"wp-block-embed is-type-video is-provider-youtube wp-block-embed-youtube wp-embed-aspect-16-9 wp-has-aspect-ratio\"><div class=\"wp-block-embed__wrapper\">\n<iframe title=\"El Pot Petit omple de m\u00fasica i color La Farga de L&#039;Hospitalet\" width=\"800\" height=\"450\" src=\"https:\/\/www.youtube.com\/embed\/Q1ZE-LiRGA4?feature=oembed\" frameborder=\"0\" allow=\"accelerometer; autoplay; clipboard-write; encrypted-media; gyroscope; picture-in-picture; web-share\" referrerpolicy=\"strict-origin-when-cross-origin\" allowfullscreen><\/iframe>\n<\/div><\/figure>\n\n\n\n<p><strong><a href=\"https:\/\/lhdigital.cat\/web\/digital-h\/noticia\/cultura\/-\/journal_content\/56_INSTANCE_43Th\/11023\/14995223\" target=\"_blank\" rel=\"noreferrer noopener\">Miki N\u00fa\u00f1ez<\/a><\/strong> va obrir divendres els concerts de La Farga amb un p\u00fablic jove amb moltes ganes de tornar a un concert. El cantant egarenc va interpretar molts dels temes del seu darrer disc Iceberg. Tamb\u00e9 va comptar amb una convidada especial, Sara Roy.<\/p>\n\n\n\n<figure class=\"wp-block-embed is-type-video is-provider-youtube wp-block-embed-youtube wp-embed-aspect-16-9 wp-has-aspect-ratio\"><div class=\"wp-block-embed__wrapper\">\n<iframe title=\"Miki N\u00fa\u00f1ez obre els concerts de Festes de Primavera\" width=\"800\" height=\"450\" src=\"https:\/\/www.youtube.com\/embed\/_jI9WbeUOl0?feature=oembed\" frameborder=\"0\" allow=\"accelerometer; autoplay; clipboard-write; encrypted-media; gyroscope; picture-in-picture; web-share\" referrerpolicy=\"strict-origin-when-cross-origin\" allowfullscreen><\/iframe>\n<\/div><\/figure>\n\n\n\n<p>A difer\u00e8ncia dels concerts cl\u00e0ssics el p\u00fablic de La Farga va romandre assegut, en els tres concerts amb 1.000 espectadors cadascun, i seguint el protocol de seguretat sanitari.<\/p>\n","protected":false},"excerpt":{"rendered":"<p>La Farga Centre d&#8217;Activitats ha estat escenari dels concerts de Festes de Primavera, que han comptat amb la pres\u00e8ncia de Miki N\u00fa\u00f1ez, El Pot Petit i Miguel Poveda.<\/p>\n","protected":false},"author":1,"featured_media":8172,"comment_status":"closed","ping_status":"closed","sticky":false,"template":"","format":"standard","meta":{"_monsterinsights_skip_tracking":false,"_monsterinsights_sitenote_active":false,"_monsterinsights_sitenote_note":"","_monsterinsights_sitenote_category":0,"footnotes":""},"categories":[83],"tags":[],"class_list":["post-8171","post","type-post","status-publish","format-standard","has-post-thumbnail","hentry","category-noticies"],"yoast_head":"<!-- This site is optimized with the Yoast SEO plugin v27.5 - https:\/\/yoast.com\/product\/yoast-seo-wordpress\/ -->\n<title>El p\u00fablic vibra en el retorn de la m\u00fasica a La Farga - La Farga L&#039;Hospitalet Centre d&#039;Activitats. La Farga GEM, S.A.<\/title>\n<meta name=\"description\" content=\"La Farga Centre d&#039;Activitats ha estat escenari dels concerts de Festes de Primavera amb p\u00fablic entregat a Miki N\u00fa\u00f1ez, El Pot Petit i Miguel Poveda.\" \/>\n<meta name=\"robots\" content=\"index, follow, max-snippet:-1, max-image-preview:large, max-video-preview:-1\" \/>\n<link rel=\"canonical\" href=\"https:\/\/www.lafargalhospitalet.com\/ca\/el-public-vibra-en-el-retorn-de-la-musica-a-la-farga\/\" \/>\n<meta property=\"og:locale\" content=\"ca_ES\" \/>\n<meta property=\"og:type\" content=\"article\" \/>\n<meta property=\"og:title\" content=\"El p\u00fablic vibra en el retorn de la m\u00fasica a La Farga - La Farga L&#039;Hospitalet Centre d&#039;Activitats. La Farga GEM, S.A.\" \/>\n<meta property=\"og:description\" content=\"La Farga Centre d&#039;Activitats ha estat escenari dels concerts de Festes de Primavera amb p\u00fablic entregat a Miki N\u00fa\u00f1ez, El Pot Petit i Miguel Poveda.\" \/>\n<meta property=\"og:url\" content=\"https:\/\/www.lafargalhospitalet.com\/ca\/el-public-vibra-en-el-retorn-de-la-musica-a-la-farga\/\" \/>\n<meta property=\"og:site_name\" content=\"La Farga L&#039;Hospitalet Centre d&#039;Activitats. La Farga GEM, S.A.\" \/>\n<meta property=\"article:publisher\" content=\"https:\/\/www.facebook.com\/fargahospitalet\/\" \/>\n<meta property=\"article:published_time\" content=\"2021-04-26T10:47:50+00:00\" \/>\n<meta property=\"article:modified_time\" content=\"2025-11-03T17:27:32+00:00\" \/>\n<meta property=\"og:image\" content=\"https:\/\/www.lafargalhospitalet.com\/wp-content\/uploads\/2021\/04\/Miguel-Poveda-Farga.jpg\" \/>\n\t<meta property=\"og:image:width\" content=\"730\" \/>\n\t<meta property=\"og:image:height\" content=\"410\" \/>\n\t<meta property=\"og:image:type\" content=\"image\/jpeg\" \/>\n<meta name=\"author\" content=\"La Farga Centre d&#039;Activitats\" \/>\n<meta name=\"twitter:card\" content=\"summary_large_image\" \/>\n<meta name=\"twitter:creator\" content=\"@fargahospitalet\" \/>\n<meta name=\"twitter:site\" content=\"@fargahospitalet\" \/>\n<meta name=\"twitter:label1\" content=\"Escrit per\" \/>\n\t<meta name=\"twitter:data1\" content=\"La Farga Centre d&#039;Activitats\" \/>\n\t<meta name=\"twitter:label2\" content=\"Temps estimat de lectura\" \/>\n\t<meta name=\"twitter:data2\" content=\"1 minut\" \/>\n<script type=\"application\/ld+json\" class=\"yoast-schema-graph\">{\"@context\":\"https:\\\/\\\/schema.org\",\"@graph\":[{\"@type\":\"Article\",\"@id\":\"https:\\\/\\\/www.lafargalhospitalet.com\\\/ca\\\/el-public-vibra-en-el-retorn-de-la-musica-a-la-farga\\\/#article\",\"isPartOf\":{\"@id\":\"https:\\\/\\\/www.lafargalhospitalet.com\\\/ca\\\/el-public-vibra-en-el-retorn-de-la-musica-a-la-farga\\\/\"},\"author\":{\"name\":\"La Farga Centre d'Activitats\",\"@id\":\"https:\\\/\\\/www.lafargalhospitalet.com\\\/#\\\/schema\\\/person\\\/6cbac0ef7748506b167ff859e1c7f378\"},\"headline\":\"El p\u00fablic vibra en el retorn de la m\u00fasica a La Farga\",\"datePublished\":\"2021-04-26T10:47:50+00:00\",\"dateModified\":\"2025-11-03T17:27:32+00:00\",\"mainEntityOfPage\":{\"@id\":\"https:\\\/\\\/www.lafargalhospitalet.com\\\/ca\\\/el-public-vibra-en-el-retorn-de-la-musica-a-la-farga\\\/\"},\"wordCount\":253,\"publisher\":{\"@id\":\"https:\\\/\\\/www.lafargalhospitalet.com\\\/#organization\"},\"image\":{\"@id\":\"https:\\\/\\\/www.lafargalhospitalet.com\\\/ca\\\/el-public-vibra-en-el-retorn-de-la-musica-a-la-farga\\\/#primaryimage\"},\"thumbnailUrl\":\"https:\\\/\\\/www.lafargalhospitalet.com\\\/wp-content\\\/uploads\\\/2021\\\/04\\\/Miguel-Poveda-Farga.jpg\",\"articleSection\":[\"Noticies\"],\"inLanguage\":\"ca\"},{\"@type\":\"WebPage\",\"@id\":\"https:\\\/\\\/www.lafargalhospitalet.com\\\/ca\\\/el-public-vibra-en-el-retorn-de-la-musica-a-la-farga\\\/\",\"url\":\"https:\\\/\\\/www.lafargalhospitalet.com\\\/ca\\\/el-public-vibra-en-el-retorn-de-la-musica-a-la-farga\\\/\",\"name\":\"El p\u00fablic vibra en el retorn de la m\u00fasica a La Farga - La Farga L&#039;Hospitalet Centre d&#039;Activitats. La Farga GEM, S.A.\",\"isPartOf\":{\"@id\":\"https:\\\/\\\/www.lafargalhospitalet.com\\\/#website\"},\"primaryImageOfPage\":{\"@id\":\"https:\\\/\\\/www.lafargalhospitalet.com\\\/ca\\\/el-public-vibra-en-el-retorn-de-la-musica-a-la-farga\\\/#primaryimage\"},\"image\":{\"@id\":\"https:\\\/\\\/www.lafargalhospitalet.com\\\/ca\\\/el-public-vibra-en-el-retorn-de-la-musica-a-la-farga\\\/#primaryimage\"},\"thumbnailUrl\":\"https:\\\/\\\/www.lafargalhospitalet.com\\\/wp-content\\\/uploads\\\/2021\\\/04\\\/Miguel-Poveda-Farga.jpg\",\"datePublished\":\"2021-04-26T10:47:50+00:00\",\"dateModified\":\"2025-11-03T17:27:32+00:00\",\"description\":\"La Farga Centre d'Activitats ha estat escenari dels concerts de Festes de Primavera amb p\u00fablic entregat a Miki N\u00fa\u00f1ez, El Pot Petit i Miguel Poveda.\",\"breadcrumb\":{\"@id\":\"https:\\\/\\\/www.lafargalhospitalet.com\\\/ca\\\/el-public-vibra-en-el-retorn-de-la-musica-a-la-farga\\\/#breadcrumb\"},\"inLanguage\":\"ca\",\"potentialAction\":[{\"@type\":\"ReadAction\",\"target\":[\"https:\\\/\\\/www.lafargalhospitalet.com\\\/ca\\\/el-public-vibra-en-el-retorn-de-la-musica-a-la-farga\\\/\"]}]},{\"@type\":\"ImageObject\",\"inLanguage\":\"ca\",\"@id\":\"https:\\\/\\\/www.lafargalhospitalet.com\\\/ca\\\/el-public-vibra-en-el-retorn-de-la-musica-a-la-farga\\\/#primaryimage\",\"url\":\"https:\\\/\\\/www.lafargalhospitalet.com\\\/wp-content\\\/uploads\\\/2021\\\/04\\\/Miguel-Poveda-Farga.jpg\",\"contentUrl\":\"https:\\\/\\\/www.lafargalhospitalet.com\\\/wp-content\\\/uploads\\\/2021\\\/04\\\/Miguel-Poveda-Farga.jpg\",\"width\":730,\"height\":410,\"caption\":\"P\u00fablic\"},{\"@type\":\"BreadcrumbList\",\"@id\":\"https:\\\/\\\/www.lafargalhospitalet.com\\\/ca\\\/el-public-vibra-en-el-retorn-de-la-musica-a-la-farga\\\/#breadcrumb\",\"itemListElement\":[{\"@type\":\"ListItem\",\"position\":1,\"name\":\"Portada\",\"item\":\"https:\\\/\\\/www.lafargalhospitalet.com\\\/\"},{\"@type\":\"ListItem\",\"position\":2,\"name\":\"El p\u00fablic vibra en el retorn de la m\u00fasica a La Farga\"}]},{\"@type\":\"WebSite\",\"@id\":\"https:\\\/\\\/www.lafargalhospitalet.com\\\/#website\",\"url\":\"https:\\\/\\\/www.lafargalhospitalet.com\\\/\",\"name\":\"La Farga L'Hospitalet Centre d'Activitats. La Farga GEM, S.A.\",\"description\":\"La Farga L&#039;Hospitalet Centre d&#039;Activitats. Gestionat per La Farga GEM, S.A. Fires i Congressos. Concerts, exposicions, reunions, filmacions, sopars de gala.\",\"publisher\":{\"@id\":\"https:\\\/\\\/www.lafargalhospitalet.com\\\/#organization\"},\"potentialAction\":[{\"@type\":\"SearchAction\",\"target\":{\"@type\":\"EntryPoint\",\"urlTemplate\":\"https:\\\/\\\/www.lafargalhospitalet.com\\\/?s={search_term_string}\"},\"query-input\":{\"@type\":\"PropertyValueSpecification\",\"valueRequired\":true,\"valueName\":\"search_term_string\"}}],\"inLanguage\":\"ca\"},{\"@type\":\"Organization\",\"@id\":\"https:\\\/\\\/www.lafargalhospitalet.com\\\/#organization\",\"name\":\"La Farga L'Hospitalet Centre d'Activitats. La Farga GEM, S.A.\",\"url\":\"https:\\\/\\\/www.lafargalhospitalet.com\\\/\",\"logo\":{\"@type\":\"ImageObject\",\"inLanguage\":\"ca\",\"@id\":\"https:\\\/\\\/www.lafargalhospitalet.com\\\/#\\\/schema\\\/logo\\\/image\\\/\",\"url\":\"https:\\\/\\\/www.lafargalhospitalet.com\\\/wp-content\\\/uploads\\\/2025\\\/10\\\/logotipo_lafarga_centre_activitats.png\",\"contentUrl\":\"https:\\\/\\\/www.lafargalhospitalet.com\\\/wp-content\\\/uploads\\\/2025\\\/10\\\/logotipo_lafarga_centre_activitats.png\",\"width\":266,\"height\":101,\"caption\":\"La Farga L'Hospitalet Centre d'Activitats. La Farga GEM, S.A.\"},\"image\":{\"@id\":\"https:\\\/\\\/www.lafargalhospitalet.com\\\/#\\\/schema\\\/logo\\\/image\\\/\"},\"sameAs\":[\"https:\\\/\\\/www.facebook.com\\\/fargahospitalet\\\/\",\"https:\\\/\\\/x.com\\\/fargahospitalet\",\"https:\\\/\\\/www.instagram.com\\\/lafargahospitalet\\\/\",\"https:\\\/\\\/www.youtube.com\\\/channel\\\/UCoLt6hen3PqGXgbLMGI3Qdw\",\"https:\\\/\\\/www.flickr.com\\\/photos\\\/lafargagemsa\\\/albums\"]},{\"@type\":\"Person\",\"@id\":\"https:\\\/\\\/www.lafargalhospitalet.com\\\/#\\\/schema\\\/person\\\/6cbac0ef7748506b167ff859e1c7f378\",\"name\":\"La Farga Centre d'Activitats\",\"sameAs\":[\"https:\\\/\\\/www.lafargalhospitalet.com\"],\"url\":\"https:\\\/\\\/www.lafargalhospitalet.com\\\/ca\\\/author\\\/far25gmin\\\/\"}]}<\/script>\n<!-- \/ Yoast SEO plugin. -->","yoast_head_json":{"title":"El p\u00fablic vibra en el retorn de la m\u00fasica a La Farga - La Farga L&#039;Hospitalet Centre d&#039;Activitats. La Farga GEM, S.A.","description":"La Farga Centre d'Activitats ha estat escenari dels concerts de Festes de Primavera amb p\u00fablic entregat a Miki N\u00fa\u00f1ez, El Pot Petit i Miguel Poveda.","robots":{"index":"index","follow":"follow","max-snippet":"max-snippet:-1","max-image-preview":"max-image-preview:large","max-video-preview":"max-video-preview:-1"},"canonical":"https:\/\/www.lafargalhospitalet.com\/ca\/el-public-vibra-en-el-retorn-de-la-musica-a-la-farga\/","og_locale":"ca_ES","og_type":"article","og_title":"El p\u00fablic vibra en el retorn de la m\u00fasica a La Farga - La Farga L&#039;Hospitalet Centre d&#039;Activitats. La Farga GEM, S.A.","og_description":"La Farga Centre d'Activitats ha estat escenari dels concerts de Festes de Primavera amb p\u00fablic entregat a Miki N\u00fa\u00f1ez, El Pot Petit i Miguel Poveda.","og_url":"https:\/\/www.lafargalhospitalet.com\/ca\/el-public-vibra-en-el-retorn-de-la-musica-a-la-farga\/","og_site_name":"La Farga L&#039;Hospitalet Centre d&#039;Activitats. La Farga GEM, S.A.","article_publisher":"https:\/\/www.facebook.com\/fargahospitalet\/","article_published_time":"2021-04-26T10:47:50+00:00","article_modified_time":"2025-11-03T17:27:32+00:00","og_image":[{"width":730,"height":410,"url":"https:\/\/www.lafargalhospitalet.com\/wp-content\/uploads\/2021\/04\/Miguel-Poveda-Farga.jpg","type":"image\/jpeg"}],"author":"La Farga Centre d'Activitats","twitter_card":"summary_large_image","twitter_creator":"@fargahospitalet","twitter_site":"@fargahospitalet","twitter_misc":{"Escrit per":"La Farga Centre d'Activitats","Temps estimat de lectura":"1 minut"},"schema":{"@context":"https:\/\/schema.org","@graph":[{"@type":"Article","@id":"https:\/\/www.lafargalhospitalet.com\/ca\/el-public-vibra-en-el-retorn-de-la-musica-a-la-farga\/#article","isPartOf":{"@id":"https:\/\/www.lafargalhospitalet.com\/ca\/el-public-vibra-en-el-retorn-de-la-musica-a-la-farga\/"},"author":{"name":"La Farga Centre d'Activitats","@id":"https:\/\/www.lafargalhospitalet.com\/#\/schema\/person\/6cbac0ef7748506b167ff859e1c7f378"},"headline":"El p\u00fablic vibra en el retorn de la m\u00fasica a La Farga","datePublished":"2021-04-26T10:47:50+00:00","dateModified":"2025-11-03T17:27:32+00:00","mainEntityOfPage":{"@id":"https:\/\/www.lafargalhospitalet.com\/ca\/el-public-vibra-en-el-retorn-de-la-musica-a-la-farga\/"},"wordCount":253,"publisher":{"@id":"https:\/\/www.lafargalhospitalet.com\/#organization"},"image":{"@id":"https:\/\/www.lafargalhospitalet.com\/ca\/el-public-vibra-en-el-retorn-de-la-musica-a-la-farga\/#primaryimage"},"thumbnailUrl":"https:\/\/www.lafargalhospitalet.com\/wp-content\/uploads\/2021\/04\/Miguel-Poveda-Farga.jpg","articleSection":["Noticies"],"inLanguage":"ca"},{"@type":"WebPage","@id":"https:\/\/www.lafargalhospitalet.com\/ca\/el-public-vibra-en-el-retorn-de-la-musica-a-la-farga\/","url":"https:\/\/www.lafargalhospitalet.com\/ca\/el-public-vibra-en-el-retorn-de-la-musica-a-la-farga\/","name":"El p\u00fablic vibra en el retorn de la m\u00fasica a La Farga - La Farga L&#039;Hospitalet Centre d&#039;Activitats. La Farga GEM, S.A.","isPartOf":{"@id":"https:\/\/www.lafargalhospitalet.com\/#website"},"primaryImageOfPage":{"@id":"https:\/\/www.lafargalhospitalet.com\/ca\/el-public-vibra-en-el-retorn-de-la-musica-a-la-farga\/#primaryimage"},"image":{"@id":"https:\/\/www.lafargalhospitalet.com\/ca\/el-public-vibra-en-el-retorn-de-la-musica-a-la-farga\/#primaryimage"},"thumbnailUrl":"https:\/\/www.lafargalhospitalet.com\/wp-content\/uploads\/2021\/04\/Miguel-Poveda-Farga.jpg","datePublished":"2021-04-26T10:47:50+00:00","dateModified":"2025-11-03T17:27:32+00:00","description":"La Farga Centre d'Activitats ha estat escenari dels concerts de Festes de Primavera amb p\u00fablic entregat a Miki N\u00fa\u00f1ez, El Pot Petit i Miguel Poveda.","breadcrumb":{"@id":"https:\/\/www.lafargalhospitalet.com\/ca\/el-public-vibra-en-el-retorn-de-la-musica-a-la-farga\/#breadcrumb"},"inLanguage":"ca","potentialAction":[{"@type":"ReadAction","target":["https:\/\/www.lafargalhospitalet.com\/ca\/el-public-vibra-en-el-retorn-de-la-musica-a-la-farga\/"]}]},{"@type":"ImageObject","inLanguage":"ca","@id":"https:\/\/www.lafargalhospitalet.com\/ca\/el-public-vibra-en-el-retorn-de-la-musica-a-la-farga\/#primaryimage","url":"https:\/\/www.lafargalhospitalet.com\/wp-content\/uploads\/2021\/04\/Miguel-Poveda-Farga.jpg","contentUrl":"https:\/\/www.lafargalhospitalet.com\/wp-content\/uploads\/2021\/04\/Miguel-Poveda-Farga.jpg","width":730,"height":410,"caption":"P\u00fablic"},{"@type":"BreadcrumbList","@id":"https:\/\/www.lafargalhospitalet.com\/ca\/el-public-vibra-en-el-retorn-de-la-musica-a-la-farga\/#breadcrumb","itemListElement":[{"@type":"ListItem","position":1,"name":"Portada","item":"https:\/\/www.lafargalhospitalet.com\/"},{"@type":"ListItem","position":2,"name":"El p\u00fablic vibra en el retorn de la m\u00fasica a La Farga"}]},{"@type":"WebSite","@id":"https:\/\/www.lafargalhospitalet.com\/#website","url":"https:\/\/www.lafargalhospitalet.com\/","name":"La Farga L'Hospitalet Centre d'Activitats. La Farga GEM, S.A.","description":"La Farga L&#039;Hospitalet Centre d&#039;Activitats. Gestionat per La Farga GEM, S.A. Fires i Congressos. Concerts, exposicions, reunions, filmacions, sopars de gala.","publisher":{"@id":"https:\/\/www.lafargalhospitalet.com\/#organization"},"potentialAction":[{"@type":"SearchAction","target":{"@type":"EntryPoint","urlTemplate":"https:\/\/www.lafargalhospitalet.com\/?s={search_term_string}"},"query-input":{"@type":"PropertyValueSpecification","valueRequired":true,"valueName":"search_term_string"}}],"inLanguage":"ca"},{"@type":"Organization","@id":"https:\/\/www.lafargalhospitalet.com\/#organization","name":"La Farga L'Hospitalet Centre d'Activitats. La Farga GEM, S.A.","url":"https:\/\/www.lafargalhospitalet.com\/","logo":{"@type":"ImageObject","inLanguage":"ca","@id":"https:\/\/www.lafargalhospitalet.com\/#\/schema\/logo\/image\/","url":"https:\/\/www.lafargalhospitalet.com\/wp-content\/uploads\/2025\/10\/logotipo_lafarga_centre_activitats.png","contentUrl":"https:\/\/www.lafargalhospitalet.com\/wp-content\/uploads\/2025\/10\/logotipo_lafarga_centre_activitats.png","width":266,"height":101,"caption":"La Farga L'Hospitalet Centre d'Activitats. La Farga GEM, S.A."},"image":{"@id":"https:\/\/www.lafargalhospitalet.com\/#\/schema\/logo\/image\/"},"sameAs":["https:\/\/www.facebook.com\/fargahospitalet\/","https:\/\/x.com\/fargahospitalet","https:\/\/www.instagram.com\/lafargahospitalet\/","https:\/\/www.youtube.com\/channel\/UCoLt6hen3PqGXgbLMGI3Qdw","https:\/\/www.flickr.com\/photos\/lafargagemsa\/albums"]},{"@type":"Person","@id":"https:\/\/www.lafargalhospitalet.com\/#\/schema\/person\/6cbac0ef7748506b167ff859e1c7f378","name":"La Farga Centre d'Activitats","sameAs":["https:\/\/www.lafargalhospitalet.com"],"url":"https:\/\/www.lafargalhospitalet.com\/ca\/author\/far25gmin\/"}]}},"_links":{"self":[{"href":"https:\/\/www.lafargalhospitalet.com\/ca\/wp-json\/wp\/v2\/posts\/8171","targetHints":{"allow":["GET"]}}],"collection":[{"href":"https:\/\/www.lafargalhospitalet.com\/ca\/wp-json\/wp\/v2\/posts"}],"about":[{"href":"https:\/\/www.lafargalhospitalet.com\/ca\/wp-json\/wp\/v2\/types\/post"}],"author":[{"embeddable":true,"href":"https:\/\/www.lafargalhospitalet.com\/ca\/wp-json\/wp\/v2\/users\/1"}],"replies":[{"embeddable":true,"href":"https:\/\/www.lafargalhospitalet.com\/ca\/wp-json\/wp\/v2\/comments?post=8171"}],"version-history":[{"count":0,"href":"https:\/\/www.lafargalhospitalet.com\/ca\/wp-json\/wp\/v2\/posts\/8171\/revisions"}],"wp:featuredmedia":[{"embeddable":true,"href":"https:\/\/www.lafargalhospitalet.com\/ca\/wp-json\/wp\/v2\/media\/8172"}],"wp:attachment":[{"href":"https:\/\/www.lafargalhospitalet.com\/ca\/wp-json\/wp\/v2\/media?parent=8171"}],"wp:term":[{"taxonomy":"category","embeddable":true,"href":"https:\/\/www.lafargalhospitalet.com\/ca\/wp-json\/wp\/v2\/categories?post=8171"},{"taxonomy":"post_tag","embeddable":true,"href":"https:\/\/www.lafargalhospitalet.com\/ca\/wp-json\/wp\/v2\/tags?post=8171"}],"curies":[{"name":"wp","href":"https:\/\/api.w.org\/{rel}","templated":true}]}}