{"id":8214,"date":"2021-05-14T12:22:56","date_gmt":"2021-05-14T11:22:56","guid":{"rendered":"http:\/\/www.lafargalhospitalet.com\/?p=8214"},"modified":"2025-11-03T18:27:23","modified_gmt":"2025-11-03T17:27:23","slug":"primera-setmana-de-vacunacio-en-la-franja-de-50-a-59-anys","status":"publish","type":"post","link":"https:\/\/www.lafargalhospitalet.com\/ca\/primera-setmana-de-vacunacio-en-la-franja-de-50-a-59-anys\/","title":{"rendered":"Primera setmana de vacunaci\u00f3 en la franja de 50 a 59 anys"},"content":{"rendered":"\n<p>Ja est\u00e0 en marxa a <strong><a href=\"https:\/\/www.lafargalhospitalet.com\/la-farga-congress-centre-de-vacunacio-contra-el-covid-19\/\" target=\"_blank\" rel=\"noreferrer noopener\">La Farga&nbsp;Congress<\/a><\/strong> la vacunaci\u00f3 per a les persones de la franja d&#8217;edat entre 50 i 59 anys. Durant aquest dies les persones nascudes entre els anys 1962-1970 reben un missatge&nbsp;SMS<strong>&nbsp;<\/strong>que les redirigir\u00e0 a una aplicaci\u00f3 per reservar hora, dia i lloc. Les persones d\u2019aquesta franja d\u2019edat&nbsp;rebran la vacuna Pfizer, Moderna o Janssen.<\/p>\n\n\n\n<p>La vacunaci\u00f3 va a bon ritme,&nbsp;a La Farga, passen m\u00e9s de 1.000 persones di\u00e0riament&nbsp;per rebre la vacuna. Segons Marta Pallar\u00e8s, responsable del Punt de Vacunaci\u00f3 de La Farga, <em>&#8220;l&#8217;oferta de vacunes \u00e9s en funci\u00f3 dels vials que arriben, i \u00e9s veritat que ara s\u00f3n una mica m\u00e9s estables i que aix\u00f2 ens permet realitzar moltes vacunacions al dia&#8221;.<\/em> <\/p>\n\n\n\n<p>A L\u2019Hospitalet m\u00e9s de 73.000 persones,<strong>&nbsp;<\/strong>un 27% de la poblaci\u00f3, ja n\u2019ha rebut una primera dosi de la vacuna&nbsp;i 37.000, prop d\u2019un 14%, ja tenen la pauta completa.&nbsp;<\/p>\n\n\n\n<p>Recordem que per a demanar cita cal fer-ho a trav\u00e9s del portal: <strong><a href=\"https:\/\/vacunacovid.catsalut.gencat.cat\/\" target=\"_blank\" rel=\"noreferrer noopener\">vacunacovidsalut.cat<\/a><\/strong><\/p>\n","protected":false},"excerpt":{"rendered":"<p>Ja est\u00e0 en marxa a La Farga Congress la vacunaci\u00f3 per a les persones de la franja d&#8217;edat entre 50 i 59 anys. Durant aquest dies les persones nascudes entre els anys 1962-1970 reben un missatge SMS.<\/p>\n","protected":false},"author":1,"featured_media":8215,"comment_status":"closed","ping_status":"closed","sticky":false,"template":"","format":"standard","meta":{"_monsterinsights_skip_tracking":false,"_monsterinsights_sitenote_active":false,"_monsterinsights_sitenote_note":"","_monsterinsights_sitenote_category":0,"footnotes":""},"categories":[83],"tags":[],"class_list":["post-8214","post","type-post","status-publish","format-standard","has-post-thumbnail","hentry","category-noticies"],"yoast_head":"<!-- This site is optimized with the Yoast SEO plugin v27.5 - https:\/\/yoast.com\/product\/yoast-seo-wordpress\/ -->\n<title>Primera setmana de vacunaci\u00f3 en la franja de 50 a 59 anys - La Farga L&#039;Hospitalet Centre d&#039;Activitats. La Farga GEM, S.A.<\/title>\n<meta name=\"description\" content=\"Ja est\u00e0 en marxa a La Farga Congress la vacunaci\u00f3 per a les persones de la franja d&#039;edat entre 50 i 59 anys. La vacunaci\u00f3 va a bon ritme.\" \/>\n<meta name=\"robots\" content=\"index, follow, max-snippet:-1, max-image-preview:large, max-video-preview:-1\" \/>\n<link rel=\"canonical\" href=\"https:\/\/www.lafargalhospitalet.com\/ca\/primera-setmana-de-vacunacio-en-la-franja-de-50-a-59-anys\/\" \/>\n<meta property=\"og:locale\" content=\"ca_ES\" \/>\n<meta property=\"og:type\" content=\"article\" \/>\n<meta property=\"og:title\" content=\"Primera setmana de vacunaci\u00f3 en la franja de 50 a 59 anys - La Farga L&#039;Hospitalet Centre d&#039;Activitats. La Farga GEM, S.A.\" \/>\n<meta property=\"og:description\" content=\"Ja est\u00e0 en marxa a La Farga Congress la vacunaci\u00f3 per a les persones de la franja d&#039;edat entre 50 i 59 anys. La vacunaci\u00f3 va a bon ritme.\" \/>\n<meta property=\"og:url\" content=\"https:\/\/www.lafargalhospitalet.com\/ca\/primera-setmana-de-vacunacio-en-la-franja-de-50-a-59-anys\/\" \/>\n<meta property=\"og:site_name\" content=\"La Farga L&#039;Hospitalet Centre d&#039;Activitats. La Farga GEM, S.A.\" \/>\n<meta property=\"article:publisher\" content=\"https:\/\/www.facebook.com\/fargahospitalet\/\" \/>\n<meta property=\"article:published_time\" content=\"2021-05-14T11:22:56+00:00\" \/>\n<meta property=\"article:modified_time\" content=\"2025-11-03T17:27:23+00:00\" \/>\n<meta property=\"og:image\" content=\"https:\/\/www.lafargalhospitalet.com\/wp-content\/uploads\/2021\/05\/Vacunacio-Farga-1-Covid.png\" \/>\n\t<meta property=\"og:image:width\" content=\"730\" \/>\n\t<meta property=\"og:image:height\" content=\"410\" \/>\n\t<meta property=\"og:image:type\" content=\"image\/png\" \/>\n<meta name=\"author\" content=\"La Farga Centre d&#039;Activitats\" \/>\n<meta name=\"twitter:card\" content=\"summary_large_image\" \/>\n<meta name=\"twitter:creator\" content=\"@fargahospitalet\" \/>\n<meta name=\"twitter:site\" content=\"@fargahospitalet\" \/>\n<meta name=\"twitter:label1\" content=\"Escrit per\" \/>\n\t<meta name=\"twitter:data1\" content=\"La Farga Centre d&#039;Activitats\" \/>\n\t<meta name=\"twitter:label2\" content=\"Temps estimat de lectura\" \/>\n\t<meta name=\"twitter:data2\" content=\"1 minut\" \/>\n<script type=\"application\/ld+json\" class=\"yoast-schema-graph\">{\"@context\":\"https:\\\/\\\/schema.org\",\"@graph\":[{\"@type\":\"Article\",\"@id\":\"https:\\\/\\\/www.lafargalhospitalet.com\\\/ca\\\/primera-setmana-de-vacunacio-en-la-franja-de-50-a-59-anys\\\/#article\",\"isPartOf\":{\"@id\":\"https:\\\/\\\/www.lafargalhospitalet.com\\\/ca\\\/primera-setmana-de-vacunacio-en-la-franja-de-50-a-59-anys\\\/\"},\"author\":{\"name\":\"La Farga Centre d'Activitats\",\"@id\":\"https:\\\/\\\/www.lafargalhospitalet.com\\\/#\\\/schema\\\/person\\\/6cbac0ef7748506b167ff859e1c7f378\"},\"headline\":\"Primera setmana de vacunaci\u00f3 en la franja de 50 a 59 anys\",\"datePublished\":\"2021-05-14T11:22:56+00:00\",\"dateModified\":\"2025-11-03T17:27:23+00:00\",\"mainEntityOfPage\":{\"@id\":\"https:\\\/\\\/www.lafargalhospitalet.com\\\/ca\\\/primera-setmana-de-vacunacio-en-la-franja-de-50-a-59-anys\\\/\"},\"wordCount\":191,\"publisher\":{\"@id\":\"https:\\\/\\\/www.lafargalhospitalet.com\\\/#organization\"},\"image\":{\"@id\":\"https:\\\/\\\/www.lafargalhospitalet.com\\\/ca\\\/primera-setmana-de-vacunacio-en-la-franja-de-50-a-59-anys\\\/#primaryimage\"},\"thumbnailUrl\":\"https:\\\/\\\/www.lafargalhospitalet.com\\\/wp-content\\\/uploads\\\/2021\\\/05\\\/Vacunacio-Farga-1-Covid.png\",\"articleSection\":[\"Noticies\"],\"inLanguage\":\"ca\"},{\"@type\":\"WebPage\",\"@id\":\"https:\\\/\\\/www.lafargalhospitalet.com\\\/ca\\\/primera-setmana-de-vacunacio-en-la-franja-de-50-a-59-anys\\\/\",\"url\":\"https:\\\/\\\/www.lafargalhospitalet.com\\\/ca\\\/primera-setmana-de-vacunacio-en-la-franja-de-50-a-59-anys\\\/\",\"name\":\"Primera setmana de vacunaci\u00f3 en la franja de 50 a 59 anys - La Farga L&#039;Hospitalet Centre d&#039;Activitats. La Farga GEM, S.A.\",\"isPartOf\":{\"@id\":\"https:\\\/\\\/www.lafargalhospitalet.com\\\/#website\"},\"primaryImageOfPage\":{\"@id\":\"https:\\\/\\\/www.lafargalhospitalet.com\\\/ca\\\/primera-setmana-de-vacunacio-en-la-franja-de-50-a-59-anys\\\/#primaryimage\"},\"image\":{\"@id\":\"https:\\\/\\\/www.lafargalhospitalet.com\\\/ca\\\/primera-setmana-de-vacunacio-en-la-franja-de-50-a-59-anys\\\/#primaryimage\"},\"thumbnailUrl\":\"https:\\\/\\\/www.lafargalhospitalet.com\\\/wp-content\\\/uploads\\\/2021\\\/05\\\/Vacunacio-Farga-1-Covid.png\",\"datePublished\":\"2021-05-14T11:22:56+00:00\",\"dateModified\":\"2025-11-03T17:27:23+00:00\",\"description\":\"Ja est\u00e0 en marxa a La Farga Congress la vacunaci\u00f3 per a les persones de la franja d'edat entre 50 i 59 anys. La vacunaci\u00f3 va a bon ritme.\",\"breadcrumb\":{\"@id\":\"https:\\\/\\\/www.lafargalhospitalet.com\\\/ca\\\/primera-setmana-de-vacunacio-en-la-franja-de-50-a-59-anys\\\/#breadcrumb\"},\"inLanguage\":\"ca\",\"potentialAction\":[{\"@type\":\"ReadAction\",\"target\":[\"https:\\\/\\\/www.lafargalhospitalet.com\\\/ca\\\/primera-setmana-de-vacunacio-en-la-franja-de-50-a-59-anys\\\/\"]}]},{\"@type\":\"ImageObject\",\"inLanguage\":\"ca\",\"@id\":\"https:\\\/\\\/www.lafargalhospitalet.com\\\/ca\\\/primera-setmana-de-vacunacio-en-la-franja-de-50-a-59-anys\\\/#primaryimage\",\"url\":\"https:\\\/\\\/www.lafargalhospitalet.com\\\/wp-content\\\/uploads\\\/2021\\\/05\\\/Vacunacio-Farga-1-Covid.png\",\"contentUrl\":\"https:\\\/\\\/www.lafargalhospitalet.com\\\/wp-content\\\/uploads\\\/2021\\\/05\\\/Vacunacio-Farga-1-Covid.png\",\"width\":730,\"height\":410,\"caption\":\"Vacunaci\u00f3 50 59 anys\"},{\"@type\":\"BreadcrumbList\",\"@id\":\"https:\\\/\\\/www.lafargalhospitalet.com\\\/ca\\\/primera-setmana-de-vacunacio-en-la-franja-de-50-a-59-anys\\\/#breadcrumb\",\"itemListElement\":[{\"@type\":\"ListItem\",\"position\":1,\"name\":\"Portada\",\"item\":\"https:\\\/\\\/www.lafargalhospitalet.com\\\/\"},{\"@type\":\"ListItem\",\"position\":2,\"name\":\"Primera setmana de vacunaci\u00f3 en la franja de 50 a 59 anys\"}]},{\"@type\":\"WebSite\",\"@id\":\"https:\\\/\\\/www.lafargalhospitalet.com\\\/#website\",\"url\":\"https:\\\/\\\/www.lafargalhospitalet.com\\\/\",\"name\":\"La Farga L'Hospitalet Centre d'Activitats. La Farga GEM, S.A.\",\"description\":\"La Farga L&#039;Hospitalet Centre d&#039;Activitats. Gestionat per La Farga GEM, S.A. Fires i Congressos. Concerts, exposicions, reunions, filmacions, sopars de gala.\",\"publisher\":{\"@id\":\"https:\\\/\\\/www.lafargalhospitalet.com\\\/#organization\"},\"potentialAction\":[{\"@type\":\"SearchAction\",\"target\":{\"@type\":\"EntryPoint\",\"urlTemplate\":\"https:\\\/\\\/www.lafargalhospitalet.com\\\/?s={search_term_string}\"},\"query-input\":{\"@type\":\"PropertyValueSpecification\",\"valueRequired\":true,\"valueName\":\"search_term_string\"}}],\"inLanguage\":\"ca\"},{\"@type\":\"Organization\",\"@id\":\"https:\\\/\\\/www.lafargalhospitalet.com\\\/#organization\",\"name\":\"La Farga L'Hospitalet Centre d'Activitats. La Farga GEM, S.A.\",\"url\":\"https:\\\/\\\/www.lafargalhospitalet.com\\\/\",\"logo\":{\"@type\":\"ImageObject\",\"inLanguage\":\"ca\",\"@id\":\"https:\\\/\\\/www.lafargalhospitalet.com\\\/#\\\/schema\\\/logo\\\/image\\\/\",\"url\":\"https:\\\/\\\/www.lafargalhospitalet.com\\\/wp-content\\\/uploads\\\/2025\\\/10\\\/logotipo_lafarga_centre_activitats.png\",\"contentUrl\":\"https:\\\/\\\/www.lafargalhospitalet.com\\\/wp-content\\\/uploads\\\/2025\\\/10\\\/logotipo_lafarga_centre_activitats.png\",\"width\":266,\"height\":101,\"caption\":\"La Farga L'Hospitalet Centre d'Activitats. La Farga GEM, S.A.\"},\"image\":{\"@id\":\"https:\\\/\\\/www.lafargalhospitalet.com\\\/#\\\/schema\\\/logo\\\/image\\\/\"},\"sameAs\":[\"https:\\\/\\\/www.facebook.com\\\/fargahospitalet\\\/\",\"https:\\\/\\\/x.com\\\/fargahospitalet\",\"https:\\\/\\\/www.instagram.com\\\/lafargahospitalet\\\/\",\"https:\\\/\\\/www.youtube.com\\\/channel\\\/UCoLt6hen3PqGXgbLMGI3Qdw\",\"https:\\\/\\\/www.flickr.com\\\/photos\\\/lafargagemsa\\\/albums\"]},{\"@type\":\"Person\",\"@id\":\"https:\\\/\\\/www.lafargalhospitalet.com\\\/#\\\/schema\\\/person\\\/6cbac0ef7748506b167ff859e1c7f378\",\"name\":\"La Farga Centre d'Activitats\",\"sameAs\":[\"https:\\\/\\\/www.lafargalhospitalet.com\"],\"url\":\"https:\\\/\\\/www.lafargalhospitalet.com\\\/ca\\\/author\\\/far25gmin\\\/\"}]}<\/script>\n<!-- \/ Yoast SEO plugin. -->","yoast_head_json":{"title":"Primera setmana de vacunaci\u00f3 en la franja de 50 a 59 anys - La Farga L&#039;Hospitalet Centre d&#039;Activitats. La Farga GEM, S.A.","description":"Ja est\u00e0 en marxa a La Farga Congress la vacunaci\u00f3 per a les persones de la franja d'edat entre 50 i 59 anys. La vacunaci\u00f3 va a bon ritme.","robots":{"index":"index","follow":"follow","max-snippet":"max-snippet:-1","max-image-preview":"max-image-preview:large","max-video-preview":"max-video-preview:-1"},"canonical":"https:\/\/www.lafargalhospitalet.com\/ca\/primera-setmana-de-vacunacio-en-la-franja-de-50-a-59-anys\/","og_locale":"ca_ES","og_type":"article","og_title":"Primera setmana de vacunaci\u00f3 en la franja de 50 a 59 anys - La Farga L&#039;Hospitalet Centre d&#039;Activitats. La Farga GEM, S.A.","og_description":"Ja est\u00e0 en marxa a La Farga Congress la vacunaci\u00f3 per a les persones de la franja d'edat entre 50 i 59 anys. La vacunaci\u00f3 va a bon ritme.","og_url":"https:\/\/www.lafargalhospitalet.com\/ca\/primera-setmana-de-vacunacio-en-la-franja-de-50-a-59-anys\/","og_site_name":"La Farga L&#039;Hospitalet Centre d&#039;Activitats. La Farga GEM, S.A.","article_publisher":"https:\/\/www.facebook.com\/fargahospitalet\/","article_published_time":"2021-05-14T11:22:56+00:00","article_modified_time":"2025-11-03T17:27:23+00:00","og_image":[{"width":730,"height":410,"url":"https:\/\/www.lafargalhospitalet.com\/wp-content\/uploads\/2021\/05\/Vacunacio-Farga-1-Covid.png","type":"image\/png"}],"author":"La Farga Centre d'Activitats","twitter_card":"summary_large_image","twitter_creator":"@fargahospitalet","twitter_site":"@fargahospitalet","twitter_misc":{"Escrit per":"La Farga Centre d'Activitats","Temps estimat de lectura":"1 minut"},"schema":{"@context":"https:\/\/schema.org","@graph":[{"@type":"Article","@id":"https:\/\/www.lafargalhospitalet.com\/ca\/primera-setmana-de-vacunacio-en-la-franja-de-50-a-59-anys\/#article","isPartOf":{"@id":"https:\/\/www.lafargalhospitalet.com\/ca\/primera-setmana-de-vacunacio-en-la-franja-de-50-a-59-anys\/"},"author":{"name":"La Farga Centre d'Activitats","@id":"https:\/\/www.lafargalhospitalet.com\/#\/schema\/person\/6cbac0ef7748506b167ff859e1c7f378"},"headline":"Primera setmana de vacunaci\u00f3 en la franja de 50 a 59 anys","datePublished":"2021-05-14T11:22:56+00:00","dateModified":"2025-11-03T17:27:23+00:00","mainEntityOfPage":{"@id":"https:\/\/www.lafargalhospitalet.com\/ca\/primera-setmana-de-vacunacio-en-la-franja-de-50-a-59-anys\/"},"wordCount":191,"publisher":{"@id":"https:\/\/www.lafargalhospitalet.com\/#organization"},"image":{"@id":"https:\/\/www.lafargalhospitalet.com\/ca\/primera-setmana-de-vacunacio-en-la-franja-de-50-a-59-anys\/#primaryimage"},"thumbnailUrl":"https:\/\/www.lafargalhospitalet.com\/wp-content\/uploads\/2021\/05\/Vacunacio-Farga-1-Covid.png","articleSection":["Noticies"],"inLanguage":"ca"},{"@type":"WebPage","@id":"https:\/\/www.lafargalhospitalet.com\/ca\/primera-setmana-de-vacunacio-en-la-franja-de-50-a-59-anys\/","url":"https:\/\/www.lafargalhospitalet.com\/ca\/primera-setmana-de-vacunacio-en-la-franja-de-50-a-59-anys\/","name":"Primera setmana de vacunaci\u00f3 en la franja de 50 a 59 anys - La Farga L&#039;Hospitalet Centre d&#039;Activitats. La Farga GEM, S.A.","isPartOf":{"@id":"https:\/\/www.lafargalhospitalet.com\/#website"},"primaryImageOfPage":{"@id":"https:\/\/www.lafargalhospitalet.com\/ca\/primera-setmana-de-vacunacio-en-la-franja-de-50-a-59-anys\/#primaryimage"},"image":{"@id":"https:\/\/www.lafargalhospitalet.com\/ca\/primera-setmana-de-vacunacio-en-la-franja-de-50-a-59-anys\/#primaryimage"},"thumbnailUrl":"https:\/\/www.lafargalhospitalet.com\/wp-content\/uploads\/2021\/05\/Vacunacio-Farga-1-Covid.png","datePublished":"2021-05-14T11:22:56+00:00","dateModified":"2025-11-03T17:27:23+00:00","description":"Ja est\u00e0 en marxa a La Farga Congress la vacunaci\u00f3 per a les persones de la franja d'edat entre 50 i 59 anys. La vacunaci\u00f3 va a bon ritme.","breadcrumb":{"@id":"https:\/\/www.lafargalhospitalet.com\/ca\/primera-setmana-de-vacunacio-en-la-franja-de-50-a-59-anys\/#breadcrumb"},"inLanguage":"ca","potentialAction":[{"@type":"ReadAction","target":["https:\/\/www.lafargalhospitalet.com\/ca\/primera-setmana-de-vacunacio-en-la-franja-de-50-a-59-anys\/"]}]},{"@type":"ImageObject","inLanguage":"ca","@id":"https:\/\/www.lafargalhospitalet.com\/ca\/primera-setmana-de-vacunacio-en-la-franja-de-50-a-59-anys\/#primaryimage","url":"https:\/\/www.lafargalhospitalet.com\/wp-content\/uploads\/2021\/05\/Vacunacio-Farga-1-Covid.png","contentUrl":"https:\/\/www.lafargalhospitalet.com\/wp-content\/uploads\/2021\/05\/Vacunacio-Farga-1-Covid.png","width":730,"height":410,"caption":"Vacunaci\u00f3 50 59 anys"},{"@type":"BreadcrumbList","@id":"https:\/\/www.lafargalhospitalet.com\/ca\/primera-setmana-de-vacunacio-en-la-franja-de-50-a-59-anys\/#breadcrumb","itemListElement":[{"@type":"ListItem","position":1,"name":"Portada","item":"https:\/\/www.lafargalhospitalet.com\/"},{"@type":"ListItem","position":2,"name":"Primera setmana de vacunaci\u00f3 en la franja de 50 a 59 anys"}]},{"@type":"WebSite","@id":"https:\/\/www.lafargalhospitalet.com\/#website","url":"https:\/\/www.lafargalhospitalet.com\/","name":"La Farga L'Hospitalet Centre d'Activitats. La Farga GEM, S.A.","description":"La Farga L&#039;Hospitalet Centre d&#039;Activitats. Gestionat per La Farga GEM, S.A. Fires i Congressos. Concerts, exposicions, reunions, filmacions, sopars de gala.","publisher":{"@id":"https:\/\/www.lafargalhospitalet.com\/#organization"},"potentialAction":[{"@type":"SearchAction","target":{"@type":"EntryPoint","urlTemplate":"https:\/\/www.lafargalhospitalet.com\/?s={search_term_string}"},"query-input":{"@type":"PropertyValueSpecification","valueRequired":true,"valueName":"search_term_string"}}],"inLanguage":"ca"},{"@type":"Organization","@id":"https:\/\/www.lafargalhospitalet.com\/#organization","name":"La Farga L'Hospitalet Centre d'Activitats. La Farga GEM, S.A.","url":"https:\/\/www.lafargalhospitalet.com\/","logo":{"@type":"ImageObject","inLanguage":"ca","@id":"https:\/\/www.lafargalhospitalet.com\/#\/schema\/logo\/image\/","url":"https:\/\/www.lafargalhospitalet.com\/wp-content\/uploads\/2025\/10\/logotipo_lafarga_centre_activitats.png","contentUrl":"https:\/\/www.lafargalhospitalet.com\/wp-content\/uploads\/2025\/10\/logotipo_lafarga_centre_activitats.png","width":266,"height":101,"caption":"La Farga L'Hospitalet Centre d'Activitats. La Farga GEM, S.A."},"image":{"@id":"https:\/\/www.lafargalhospitalet.com\/#\/schema\/logo\/image\/"},"sameAs":["https:\/\/www.facebook.com\/fargahospitalet\/","https:\/\/x.com\/fargahospitalet","https:\/\/www.instagram.com\/lafargahospitalet\/","https:\/\/www.youtube.com\/channel\/UCoLt6hen3PqGXgbLMGI3Qdw","https:\/\/www.flickr.com\/photos\/lafargagemsa\/albums"]},{"@type":"Person","@id":"https:\/\/www.lafargalhospitalet.com\/#\/schema\/person\/6cbac0ef7748506b167ff859e1c7f378","name":"La Farga Centre d'Activitats","sameAs":["https:\/\/www.lafargalhospitalet.com"],"url":"https:\/\/www.lafargalhospitalet.com\/ca\/author\/far25gmin\/"}]}},"_links":{"self":[{"href":"https:\/\/www.lafargalhospitalet.com\/ca\/wp-json\/wp\/v2\/posts\/8214","targetHints":{"allow":["GET"]}}],"collection":[{"href":"https:\/\/www.lafargalhospitalet.com\/ca\/wp-json\/wp\/v2\/posts"}],"about":[{"href":"https:\/\/www.lafargalhospitalet.com\/ca\/wp-json\/wp\/v2\/types\/post"}],"author":[{"embeddable":true,"href":"https:\/\/www.lafargalhospitalet.com\/ca\/wp-json\/wp\/v2\/users\/1"}],"replies":[{"embeddable":true,"href":"https:\/\/www.lafargalhospitalet.com\/ca\/wp-json\/wp\/v2\/comments?post=8214"}],"version-history":[{"count":0,"href":"https:\/\/www.lafargalhospitalet.com\/ca\/wp-json\/wp\/v2\/posts\/8214\/revisions"}],"wp:featuredmedia":[{"embeddable":true,"href":"https:\/\/www.lafargalhospitalet.com\/ca\/wp-json\/wp\/v2\/media\/8215"}],"wp:attachment":[{"href":"https:\/\/www.lafargalhospitalet.com\/ca\/wp-json\/wp\/v2\/media?parent=8214"}],"wp:term":[{"taxonomy":"category","embeddable":true,"href":"https:\/\/www.lafargalhospitalet.com\/ca\/wp-json\/wp\/v2\/categories?post=8214"},{"taxonomy":"post_tag","embeddable":true,"href":"https:\/\/www.lafargalhospitalet.com\/ca\/wp-json\/wp\/v2\/tags?post=8214"}],"curies":[{"name":"wp","href":"https:\/\/api.w.org\/{rel}","templated":true}]}}