{"id":8271,"date":"2021-06-15T14:04:30","date_gmt":"2021-06-15T13:04:30","guid":{"rendered":"http:\/\/www.lafargalhospitalet.com\/?p=8271"},"modified":"2025-11-03T18:27:23","modified_gmt":"2025-11-03T17:27:23","slug":"mikel-rius-innbrew-es-levolucio-del-barcelona-beer-festival","status":"publish","type":"post","link":"https:\/\/www.lafargalhospitalet.com\/ca\/mikel-rius-innbrew-es-levolucio-del-barcelona-beer-festival\/","title":{"rendered":"Mikel Rius: &#8220;InnBrew \u00e9s l&#8217;evoluci\u00f3 del Barcelona Beer Festival&#8221;"},"content":{"rendered":"\n<h5 class=\"wp-block-heading\">Beer Events, empresa impulsora del Barcelona Beer Festival i del Barcelona Beer Challenge, organitzar\u00e0 els pr\u00f2xims 22, 23 i 24 juliol la primera edici\u00f3 de l&#8217;InnBrew, The Brewers Convention, un esdeveniment que neix amb l&#8217;objectiu de convertir-se en el punt de trobada i de refer\u00e8ncia del sector professional de la cervesa artesana tant d&#8217;Espanya, com del Sud d&#8217;Europa.<\/h5>\n\n\n\n<p>La Farga Centre d&#8217;Activitats acollir\u00e0 la celebraci\u00f3 de l&#8217;InnBrew, primera convenci\u00f3 que es presenta, clarament com <em>\u201cl&#8217;evoluci\u00f3 del Barcelona Beer Festival Pro\u201d<\/em>, segons els seus propis organitzadors, <strong>Mikel Rius<\/strong> i <strong>Joan Fiol<\/strong>.<\/p>\n\n\n\n<p>En aquest sentit, Mikel Rius, subratlla que <a href=\"https:\/\/www.lafargalhospitalet.com\/innbrew-convencio-professional-del-mon-cerveser-al-juliol\/\" target=\"_blank\" rel=\"noreferrer noopener\"><strong>InnBrew<\/strong><\/a> neix precisament en aquests moments, perqu\u00e8 <em>\u201cla maduresa del sector cerveser d&#8217;aquest pa\u00eds, ja est\u00e0 a l&#8217;altura d&#8217;uns altres com per a tenir una convenci\u00f3 separada i independent on els cervesers puguin assistir per a formar-se i per a fer negocis com ja succeeix en altres pa\u00efsos\u201d<\/em>. Rius explica, a m\u00e9s, que <em>\u201cel nou projecte, efectivament pot nodrir-se de l&#8217;experi\u00e8ncia del BBF Pro, per\u00f2 sens dubte, neix amb una personalitat pr\u00f2pia\u201d<\/em>, i amb la clara vocaci\u00f3 de convertir-se en l&#8217;esdeveniment professional m\u00e9s important del sector cerveser artes\u00e0 al nostre pa\u00eds. Cal recordar que en l&#8217;edici\u00f3 de 2019 -l&#8217;\u00faltima que es va celebrar del BBF Pro-, va rebre a m\u00e9s de 1.500 professionals acreditats.<\/p>\n\n\n\n<h5 class=\"wp-block-heading\">Tres eixos: InnShow, InnTalks, InnMeet<\/h5>\n\n\n\n<p>La <strong><a href=\"https:\/\/innbrew.com\/ca\/inici\/\" target=\"_blank\" rel=\"noreferrer noopener\">convenci\u00f3 InnBrew<\/a><\/strong> s&#8217;articular\u00e0 en tres eixos: <strong>InnShow<\/strong>, que ser\u00e0 pr\u00f2piament dita la zona d&#8217;exposici\u00f3, amb estands de productes i serveis per a les cerveseres; <strong>InnTalks<\/strong>, el programa de formaci\u00f3 i debat que convidar\u00e0 a la reflexi\u00f3 als assistents; i <strong>InnMeet<\/strong>, que recorrer\u00e0 tota la convenci\u00f3 ja que es pret\u00e9n que el <em>Networking<\/em> sigui tractat transversalment en totes les accions.<\/p>\n\n\n\n<h5 class=\"wp-block-heading\">InnShow ja compta amb 35 estands confirmats<\/h5>\n\n\n\n<p>A data actual, l&#8217;espai expositiu que disposa l&#8217;InnShow, ja compta amb 35 estands confirmats, de marques i empreses com per exemple Molina for Brewers, Easybrau, WildGoose Canning, o Brew&amp;Hub, principal impulsor i patrocinador de les InnTalks. La idea \u00e9s que el visitant pugui descobrir les novetats dels principals prove\u00efdors del m\u00f3n cerveser i poder-se \u201cportar a casa\u201d les innovacions i ingredients que l&#8217;ajudin a continuar fent o comen\u00e7ar a fer la millor cervesa artesana.<\/p>\n\n\n\n<h5 class=\"wp-block-heading\">InnTalks, el punt de reuni\u00f3<\/h5>\n\n\n\n<p>Per\u00f2 si alguna cosa distingeix i difer\u00e8ncia l&#8217;InnBrew del BBFPro \u00e9s la part de formaci\u00f3 i divulgaci\u00f3. Les InnTalks es presentaran en diversos espais, que albergaran formacions, pon\u00e8ncies o taules rodones amb debats de reflexi\u00f3. L&#8217;objectiu de les InnTalks \u00e9s convertir-se en el punt de reuni\u00f3 anual on descobrir noves tend\u00e8ncies, formar-se, reflexionar i en definitiva cr\u00e9ixer professionalment tant a nivell individual com empresarial.<\/p>\n\n\n\n<p>Durant els tres dies de certamen en el marc de les InnTalks, l&#8217;escenari principal acollir\u00e0 pon\u00e8ncies inspiracionals i formatives per a professionals de la cervesa artesana. Tamb\u00e9 se celebraran en aquest espai, per\u00f2 en un altre horari, debats i taules rodones en les quals podran participar activament els assistents. En les InnTalks tamb\u00e9 s&#8217;inclouen els WorkShops, que se celebraran en un altre espai reservat per als expositors, i amb capacitat per a un m\u00e0xim de 10 assistents, on podran presentar les seves novetats a trav\u00e9s de tallers m\u00e9s participatius i interactius. Els WorkShops tindran un horari ininterromput al llarg de les tres jornades de la convenci\u00f3.<\/p>\n\n\n\n<h5 class=\"wp-block-heading\">InnMeet ser\u00e0 el tercer eix<\/h5>\n\n\n\n<p>Finalment, l\u2019InnMeet ser\u00e0 el tercer eix, un eix a m\u00e9s que t\u00e9 vocaci\u00f3 de ser transversal. Disposar\u00e0 d&#8217;espais reservats perqu\u00e8 les empreses i els cervesers puguin con\u00e8ixer-se i entaular reunions interprofessionals, amb la seva pr\u00f2pia din\u00e0mica. Espais on les principals associacions de productors tindran un punt de trobada per a donar-se a con\u00e8ixer. De fet, un dels plats forts de l\u2019InnMeet ser\u00e0 la celebraci\u00f3 de la 1a Trobada d&#8217;Associacions de Productores de Cervesa Artesana, que agrupa les principals entitats de l&#8217;Estat: GECAN (Catalunya), EGE (Euskadi), AECAI (nacional), Cerveseres Valencianes (Val\u00e8ncia) i l&#8217;Associaci\u00f3 de Cervesers Artesans de Mallorca.<\/p>\n","protected":false},"excerpt":{"rendered":"<p>Beer Events, empresa impulsora del Barcelona Beer Festival i del Barcelona Beer Challenge, organitzar\u00e0 els pr\u00f2xims 22, 23 i 24 juliol la primera edici\u00f3 de l&#8217;InnBrew, The Brewers Convention.<\/p>\n","protected":false},"author":1,"featured_media":8272,"comment_status":"closed","ping_status":"closed","sticky":false,"template":"","format":"standard","meta":{"_monsterinsights_skip_tracking":false,"_monsterinsights_sitenote_active":false,"_monsterinsights_sitenote_note":"","_monsterinsights_sitenote_category":0,"footnotes":""},"categories":[83],"tags":[],"class_list":["post-8271","post","type-post","status-publish","format-standard","has-post-thumbnail","hentry","category-noticies"],"yoast_head":"<!-- This site is optimized with the Yoast SEO plugin v27.5 - https:\/\/yoast.com\/product\/yoast-seo-wordpress\/ -->\n<title>Mikel Rius: &quot;InnBrew \u00e9s l&#039;evoluci\u00f3 del Barcelona Beer Festival&quot; - La Farga L&#039;Hospitalet Centre d&#039;Activitats. La Farga GEM, S.A.<\/title>\n<meta name=\"description\" content=\"Beer Events, empresa impulsora del Barcelona Beer Festival i del Barcelona Beer Challenge, organitzar\u00e0 els pr\u00f2xims 22, 23 i 24 juliol l&#039;InnBrew.\" \/>\n<meta name=\"robots\" content=\"index, follow, max-snippet:-1, max-image-preview:large, max-video-preview:-1\" \/>\n<link rel=\"canonical\" href=\"https:\/\/www.lafargalhospitalet.com\/ca\/mikel-rius-innbrew-es-levolucio-del-barcelona-beer-festival\/\" \/>\n<meta property=\"og:locale\" content=\"ca_ES\" \/>\n<meta property=\"og:type\" content=\"article\" \/>\n<meta property=\"og:title\" content=\"Mikel Rius: &quot;InnBrew \u00e9s l&#039;evoluci\u00f3 del Barcelona Beer Festival&quot; - La Farga L&#039;Hospitalet Centre d&#039;Activitats. La Farga GEM, S.A.\" \/>\n<meta property=\"og:description\" content=\"Beer Events, empresa impulsora del Barcelona Beer Festival i del Barcelona Beer Challenge, organitzar\u00e0 els pr\u00f2xims 22, 23 i 24 juliol l&#039;InnBrew.\" \/>\n<meta property=\"og:url\" content=\"https:\/\/www.lafargalhospitalet.com\/ca\/mikel-rius-innbrew-es-levolucio-del-barcelona-beer-festival\/\" \/>\n<meta property=\"og:site_name\" content=\"La Farga L&#039;Hospitalet Centre d&#039;Activitats. La Farga GEM, S.A.\" \/>\n<meta property=\"article:publisher\" content=\"https:\/\/www.facebook.com\/fargahospitalet\/\" \/>\n<meta property=\"article:published_time\" content=\"2021-06-15T13:04:30+00:00\" \/>\n<meta property=\"article:modified_time\" content=\"2025-11-03T17:27:23+00:00\" \/>\n<meta property=\"og:image\" content=\"https:\/\/www.lafargalhospitalet.com\/wp-content\/uploads\/2021\/06\/Inbreew-Farga-21.png\" \/>\n\t<meta property=\"og:image:width\" content=\"730\" \/>\n\t<meta property=\"og:image:height\" content=\"410\" \/>\n\t<meta property=\"og:image:type\" content=\"image\/png\" \/>\n<meta name=\"author\" content=\"La Farga Centre d&#039;Activitats\" \/>\n<meta name=\"twitter:card\" content=\"summary_large_image\" \/>\n<meta name=\"twitter:creator\" content=\"@fargahospitalet\" \/>\n<meta name=\"twitter:site\" content=\"@fargahospitalet\" \/>\n<meta name=\"twitter:label1\" content=\"Escrit per\" \/>\n\t<meta name=\"twitter:data1\" content=\"La Farga Centre d&#039;Activitats\" \/>\n\t<meta name=\"twitter:label2\" content=\"Temps estimat de lectura\" \/>\n\t<meta name=\"twitter:data2\" content=\"3 minuts\" \/>\n<script type=\"application\/ld+json\" class=\"yoast-schema-graph\">{\"@context\":\"https:\\\/\\\/schema.org\",\"@graph\":[{\"@type\":\"Article\",\"@id\":\"https:\\\/\\\/www.lafargalhospitalet.com\\\/ca\\\/mikel-rius-innbrew-es-levolucio-del-barcelona-beer-festival\\\/#article\",\"isPartOf\":{\"@id\":\"https:\\\/\\\/www.lafargalhospitalet.com\\\/ca\\\/mikel-rius-innbrew-es-levolucio-del-barcelona-beer-festival\\\/\"},\"author\":{\"name\":\"La Farga Centre d'Activitats\",\"@id\":\"https:\\\/\\\/www.lafargalhospitalet.com\\\/#\\\/schema\\\/person\\\/6cbac0ef7748506b167ff859e1c7f378\"},\"headline\":\"Mikel Rius: &#8220;InnBrew \u00e9s l&#8217;evoluci\u00f3 del Barcelona Beer Festival&#8221;\",\"datePublished\":\"2021-06-15T13:04:30+00:00\",\"dateModified\":\"2025-11-03T17:27:23+00:00\",\"mainEntityOfPage\":{\"@id\":\"https:\\\/\\\/www.lafargalhospitalet.com\\\/ca\\\/mikel-rius-innbrew-es-levolucio-del-barcelona-beer-festival\\\/\"},\"wordCount\":696,\"publisher\":{\"@id\":\"https:\\\/\\\/www.lafargalhospitalet.com\\\/#organization\"},\"image\":{\"@id\":\"https:\\\/\\\/www.lafargalhospitalet.com\\\/ca\\\/mikel-rius-innbrew-es-levolucio-del-barcelona-beer-festival\\\/#primaryimage\"},\"thumbnailUrl\":\"https:\\\/\\\/www.lafargalhospitalet.com\\\/wp-content\\\/uploads\\\/2021\\\/06\\\/Inbreew-Farga-21.png\",\"articleSection\":[\"Noticies\"],\"inLanguage\":\"ca\"},{\"@type\":\"WebPage\",\"@id\":\"https:\\\/\\\/www.lafargalhospitalet.com\\\/ca\\\/mikel-rius-innbrew-es-levolucio-del-barcelona-beer-festival\\\/\",\"url\":\"https:\\\/\\\/www.lafargalhospitalet.com\\\/ca\\\/mikel-rius-innbrew-es-levolucio-del-barcelona-beer-festival\\\/\",\"name\":\"Mikel Rius: \\\"InnBrew \u00e9s l'evoluci\u00f3 del Barcelona Beer Festival\\\" - La Farga L&#039;Hospitalet Centre d&#039;Activitats. La Farga GEM, S.A.\",\"isPartOf\":{\"@id\":\"https:\\\/\\\/www.lafargalhospitalet.com\\\/#website\"},\"primaryImageOfPage\":{\"@id\":\"https:\\\/\\\/www.lafargalhospitalet.com\\\/ca\\\/mikel-rius-innbrew-es-levolucio-del-barcelona-beer-festival\\\/#primaryimage\"},\"image\":{\"@id\":\"https:\\\/\\\/www.lafargalhospitalet.com\\\/ca\\\/mikel-rius-innbrew-es-levolucio-del-barcelona-beer-festival\\\/#primaryimage\"},\"thumbnailUrl\":\"https:\\\/\\\/www.lafargalhospitalet.com\\\/wp-content\\\/uploads\\\/2021\\\/06\\\/Inbreew-Farga-21.png\",\"datePublished\":\"2021-06-15T13:04:30+00:00\",\"dateModified\":\"2025-11-03T17:27:23+00:00\",\"description\":\"Beer Events, empresa impulsora del Barcelona Beer Festival i del Barcelona Beer Challenge, organitzar\u00e0 els pr\u00f2xims 22, 23 i 24 juliol l'InnBrew.\",\"breadcrumb\":{\"@id\":\"https:\\\/\\\/www.lafargalhospitalet.com\\\/ca\\\/mikel-rius-innbrew-es-levolucio-del-barcelona-beer-festival\\\/#breadcrumb\"},\"inLanguage\":\"ca\",\"potentialAction\":[{\"@type\":\"ReadAction\",\"target\":[\"https:\\\/\\\/www.lafargalhospitalet.com\\\/ca\\\/mikel-rius-innbrew-es-levolucio-del-barcelona-beer-festival\\\/\"]}]},{\"@type\":\"ImageObject\",\"inLanguage\":\"ca\",\"@id\":\"https:\\\/\\\/www.lafargalhospitalet.com\\\/ca\\\/mikel-rius-innbrew-es-levolucio-del-barcelona-beer-festival\\\/#primaryimage\",\"url\":\"https:\\\/\\\/www.lafargalhospitalet.com\\\/wp-content\\\/uploads\\\/2021\\\/06\\\/Inbreew-Farga-21.png\",\"contentUrl\":\"https:\\\/\\\/www.lafargalhospitalet.com\\\/wp-content\\\/uploads\\\/2021\\\/06\\\/Inbreew-Farga-21.png\",\"width\":730,\"height\":410,\"caption\":\"Inbreew Farga\"},{\"@type\":\"BreadcrumbList\",\"@id\":\"https:\\\/\\\/www.lafargalhospitalet.com\\\/ca\\\/mikel-rius-innbrew-es-levolucio-del-barcelona-beer-festival\\\/#breadcrumb\",\"itemListElement\":[{\"@type\":\"ListItem\",\"position\":1,\"name\":\"Portada\",\"item\":\"https:\\\/\\\/www.lafargalhospitalet.com\\\/\"},{\"@type\":\"ListItem\",\"position\":2,\"name\":\"Mikel Rius: &#8220;InnBrew \u00e9s l&#8217;evoluci\u00f3 del Barcelona Beer Festival&#8221;\"}]},{\"@type\":\"WebSite\",\"@id\":\"https:\\\/\\\/www.lafargalhospitalet.com\\\/#website\",\"url\":\"https:\\\/\\\/www.lafargalhospitalet.com\\\/\",\"name\":\"La Farga L'Hospitalet Centre d'Activitats. La Farga GEM, S.A.\",\"description\":\"La Farga L&#039;Hospitalet Centre d&#039;Activitats. Gestionat per La Farga GEM, S.A. Fires i Congressos. Concerts, exposicions, reunions, filmacions, sopars de gala.\",\"publisher\":{\"@id\":\"https:\\\/\\\/www.lafargalhospitalet.com\\\/#organization\"},\"potentialAction\":[{\"@type\":\"SearchAction\",\"target\":{\"@type\":\"EntryPoint\",\"urlTemplate\":\"https:\\\/\\\/www.lafargalhospitalet.com\\\/?s={search_term_string}\"},\"query-input\":{\"@type\":\"PropertyValueSpecification\",\"valueRequired\":true,\"valueName\":\"search_term_string\"}}],\"inLanguage\":\"ca\"},{\"@type\":\"Organization\",\"@id\":\"https:\\\/\\\/www.lafargalhospitalet.com\\\/#organization\",\"name\":\"La Farga L'Hospitalet Centre d'Activitats. La Farga GEM, S.A.\",\"url\":\"https:\\\/\\\/www.lafargalhospitalet.com\\\/\",\"logo\":{\"@type\":\"ImageObject\",\"inLanguage\":\"ca\",\"@id\":\"https:\\\/\\\/www.lafargalhospitalet.com\\\/#\\\/schema\\\/logo\\\/image\\\/\",\"url\":\"https:\\\/\\\/www.lafargalhospitalet.com\\\/wp-content\\\/uploads\\\/2025\\\/10\\\/logotipo_lafarga_centre_activitats.png\",\"contentUrl\":\"https:\\\/\\\/www.lafargalhospitalet.com\\\/wp-content\\\/uploads\\\/2025\\\/10\\\/logotipo_lafarga_centre_activitats.png\",\"width\":266,\"height\":101,\"caption\":\"La Farga L'Hospitalet Centre d'Activitats. La Farga GEM, S.A.\"},\"image\":{\"@id\":\"https:\\\/\\\/www.lafargalhospitalet.com\\\/#\\\/schema\\\/logo\\\/image\\\/\"},\"sameAs\":[\"https:\\\/\\\/www.facebook.com\\\/fargahospitalet\\\/\",\"https:\\\/\\\/x.com\\\/fargahospitalet\",\"https:\\\/\\\/www.instagram.com\\\/lafargahospitalet\\\/\",\"https:\\\/\\\/www.youtube.com\\\/channel\\\/UCoLt6hen3PqGXgbLMGI3Qdw\",\"https:\\\/\\\/www.flickr.com\\\/photos\\\/lafargagemsa\\\/albums\"]},{\"@type\":\"Person\",\"@id\":\"https:\\\/\\\/www.lafargalhospitalet.com\\\/#\\\/schema\\\/person\\\/6cbac0ef7748506b167ff859e1c7f378\",\"name\":\"La Farga Centre d'Activitats\",\"sameAs\":[\"https:\\\/\\\/www.lafargalhospitalet.com\"],\"url\":\"https:\\\/\\\/www.lafargalhospitalet.com\\\/ca\\\/author\\\/far25gmin\\\/\"}]}<\/script>\n<!-- \/ Yoast SEO plugin. -->","yoast_head_json":{"title":"Mikel Rius: \"InnBrew \u00e9s l'evoluci\u00f3 del Barcelona Beer Festival\" - La Farga L&#039;Hospitalet Centre d&#039;Activitats. La Farga GEM, S.A.","description":"Beer Events, empresa impulsora del Barcelona Beer Festival i del Barcelona Beer Challenge, organitzar\u00e0 els pr\u00f2xims 22, 23 i 24 juliol l'InnBrew.","robots":{"index":"index","follow":"follow","max-snippet":"max-snippet:-1","max-image-preview":"max-image-preview:large","max-video-preview":"max-video-preview:-1"},"canonical":"https:\/\/www.lafargalhospitalet.com\/ca\/mikel-rius-innbrew-es-levolucio-del-barcelona-beer-festival\/","og_locale":"ca_ES","og_type":"article","og_title":"Mikel Rius: \"InnBrew \u00e9s l'evoluci\u00f3 del Barcelona Beer Festival\" - La Farga L&#039;Hospitalet Centre d&#039;Activitats. La Farga GEM, S.A.","og_description":"Beer Events, empresa impulsora del Barcelona Beer Festival i del Barcelona Beer Challenge, organitzar\u00e0 els pr\u00f2xims 22, 23 i 24 juliol l'InnBrew.","og_url":"https:\/\/www.lafargalhospitalet.com\/ca\/mikel-rius-innbrew-es-levolucio-del-barcelona-beer-festival\/","og_site_name":"La Farga L&#039;Hospitalet Centre d&#039;Activitats. La Farga GEM, S.A.","article_publisher":"https:\/\/www.facebook.com\/fargahospitalet\/","article_published_time":"2021-06-15T13:04:30+00:00","article_modified_time":"2025-11-03T17:27:23+00:00","og_image":[{"width":730,"height":410,"url":"https:\/\/www.lafargalhospitalet.com\/wp-content\/uploads\/2021\/06\/Inbreew-Farga-21.png","type":"image\/png"}],"author":"La Farga Centre d'Activitats","twitter_card":"summary_large_image","twitter_creator":"@fargahospitalet","twitter_site":"@fargahospitalet","twitter_misc":{"Escrit per":"La Farga Centre d'Activitats","Temps estimat de lectura":"3 minuts"},"schema":{"@context":"https:\/\/schema.org","@graph":[{"@type":"Article","@id":"https:\/\/www.lafargalhospitalet.com\/ca\/mikel-rius-innbrew-es-levolucio-del-barcelona-beer-festival\/#article","isPartOf":{"@id":"https:\/\/www.lafargalhospitalet.com\/ca\/mikel-rius-innbrew-es-levolucio-del-barcelona-beer-festival\/"},"author":{"name":"La Farga Centre d'Activitats","@id":"https:\/\/www.lafargalhospitalet.com\/#\/schema\/person\/6cbac0ef7748506b167ff859e1c7f378"},"headline":"Mikel Rius: &#8220;InnBrew \u00e9s l&#8217;evoluci\u00f3 del Barcelona Beer Festival&#8221;","datePublished":"2021-06-15T13:04:30+00:00","dateModified":"2025-11-03T17:27:23+00:00","mainEntityOfPage":{"@id":"https:\/\/www.lafargalhospitalet.com\/ca\/mikel-rius-innbrew-es-levolucio-del-barcelona-beer-festival\/"},"wordCount":696,"publisher":{"@id":"https:\/\/www.lafargalhospitalet.com\/#organization"},"image":{"@id":"https:\/\/www.lafargalhospitalet.com\/ca\/mikel-rius-innbrew-es-levolucio-del-barcelona-beer-festival\/#primaryimage"},"thumbnailUrl":"https:\/\/www.lafargalhospitalet.com\/wp-content\/uploads\/2021\/06\/Inbreew-Farga-21.png","articleSection":["Noticies"],"inLanguage":"ca"},{"@type":"WebPage","@id":"https:\/\/www.lafargalhospitalet.com\/ca\/mikel-rius-innbrew-es-levolucio-del-barcelona-beer-festival\/","url":"https:\/\/www.lafargalhospitalet.com\/ca\/mikel-rius-innbrew-es-levolucio-del-barcelona-beer-festival\/","name":"Mikel Rius: \"InnBrew \u00e9s l'evoluci\u00f3 del Barcelona Beer Festival\" - La Farga L&#039;Hospitalet Centre d&#039;Activitats. La Farga GEM, S.A.","isPartOf":{"@id":"https:\/\/www.lafargalhospitalet.com\/#website"},"primaryImageOfPage":{"@id":"https:\/\/www.lafargalhospitalet.com\/ca\/mikel-rius-innbrew-es-levolucio-del-barcelona-beer-festival\/#primaryimage"},"image":{"@id":"https:\/\/www.lafargalhospitalet.com\/ca\/mikel-rius-innbrew-es-levolucio-del-barcelona-beer-festival\/#primaryimage"},"thumbnailUrl":"https:\/\/www.lafargalhospitalet.com\/wp-content\/uploads\/2021\/06\/Inbreew-Farga-21.png","datePublished":"2021-06-15T13:04:30+00:00","dateModified":"2025-11-03T17:27:23+00:00","description":"Beer Events, empresa impulsora del Barcelona Beer Festival i del Barcelona Beer Challenge, organitzar\u00e0 els pr\u00f2xims 22, 23 i 24 juliol l'InnBrew.","breadcrumb":{"@id":"https:\/\/www.lafargalhospitalet.com\/ca\/mikel-rius-innbrew-es-levolucio-del-barcelona-beer-festival\/#breadcrumb"},"inLanguage":"ca","potentialAction":[{"@type":"ReadAction","target":["https:\/\/www.lafargalhospitalet.com\/ca\/mikel-rius-innbrew-es-levolucio-del-barcelona-beer-festival\/"]}]},{"@type":"ImageObject","inLanguage":"ca","@id":"https:\/\/www.lafargalhospitalet.com\/ca\/mikel-rius-innbrew-es-levolucio-del-barcelona-beer-festival\/#primaryimage","url":"https:\/\/www.lafargalhospitalet.com\/wp-content\/uploads\/2021\/06\/Inbreew-Farga-21.png","contentUrl":"https:\/\/www.lafargalhospitalet.com\/wp-content\/uploads\/2021\/06\/Inbreew-Farga-21.png","width":730,"height":410,"caption":"Inbreew Farga"},{"@type":"BreadcrumbList","@id":"https:\/\/www.lafargalhospitalet.com\/ca\/mikel-rius-innbrew-es-levolucio-del-barcelona-beer-festival\/#breadcrumb","itemListElement":[{"@type":"ListItem","position":1,"name":"Portada","item":"https:\/\/www.lafargalhospitalet.com\/"},{"@type":"ListItem","position":2,"name":"Mikel Rius: &#8220;InnBrew \u00e9s l&#8217;evoluci\u00f3 del Barcelona Beer Festival&#8221;"}]},{"@type":"WebSite","@id":"https:\/\/www.lafargalhospitalet.com\/#website","url":"https:\/\/www.lafargalhospitalet.com\/","name":"La Farga L'Hospitalet Centre d'Activitats. La Farga GEM, S.A.","description":"La Farga L&#039;Hospitalet Centre d&#039;Activitats. Gestionat per La Farga GEM, S.A. Fires i Congressos. Concerts, exposicions, reunions, filmacions, sopars de gala.","publisher":{"@id":"https:\/\/www.lafargalhospitalet.com\/#organization"},"potentialAction":[{"@type":"SearchAction","target":{"@type":"EntryPoint","urlTemplate":"https:\/\/www.lafargalhospitalet.com\/?s={search_term_string}"},"query-input":{"@type":"PropertyValueSpecification","valueRequired":true,"valueName":"search_term_string"}}],"inLanguage":"ca"},{"@type":"Organization","@id":"https:\/\/www.lafargalhospitalet.com\/#organization","name":"La Farga L'Hospitalet Centre d'Activitats. La Farga GEM, S.A.","url":"https:\/\/www.lafargalhospitalet.com\/","logo":{"@type":"ImageObject","inLanguage":"ca","@id":"https:\/\/www.lafargalhospitalet.com\/#\/schema\/logo\/image\/","url":"https:\/\/www.lafargalhospitalet.com\/wp-content\/uploads\/2025\/10\/logotipo_lafarga_centre_activitats.png","contentUrl":"https:\/\/www.lafargalhospitalet.com\/wp-content\/uploads\/2025\/10\/logotipo_lafarga_centre_activitats.png","width":266,"height":101,"caption":"La Farga L'Hospitalet Centre d'Activitats. La Farga GEM, S.A."},"image":{"@id":"https:\/\/www.lafargalhospitalet.com\/#\/schema\/logo\/image\/"},"sameAs":["https:\/\/www.facebook.com\/fargahospitalet\/","https:\/\/x.com\/fargahospitalet","https:\/\/www.instagram.com\/lafargahospitalet\/","https:\/\/www.youtube.com\/channel\/UCoLt6hen3PqGXgbLMGI3Qdw","https:\/\/www.flickr.com\/photos\/lafargagemsa\/albums"]},{"@type":"Person","@id":"https:\/\/www.lafargalhospitalet.com\/#\/schema\/person\/6cbac0ef7748506b167ff859e1c7f378","name":"La Farga Centre d'Activitats","sameAs":["https:\/\/www.lafargalhospitalet.com"],"url":"https:\/\/www.lafargalhospitalet.com\/ca\/author\/far25gmin\/"}]}},"_links":{"self":[{"href":"https:\/\/www.lafargalhospitalet.com\/ca\/wp-json\/wp\/v2\/posts\/8271","targetHints":{"allow":["GET"]}}],"collection":[{"href":"https:\/\/www.lafargalhospitalet.com\/ca\/wp-json\/wp\/v2\/posts"}],"about":[{"href":"https:\/\/www.lafargalhospitalet.com\/ca\/wp-json\/wp\/v2\/types\/post"}],"author":[{"embeddable":true,"href":"https:\/\/www.lafargalhospitalet.com\/ca\/wp-json\/wp\/v2\/users\/1"}],"replies":[{"embeddable":true,"href":"https:\/\/www.lafargalhospitalet.com\/ca\/wp-json\/wp\/v2\/comments?post=8271"}],"version-history":[{"count":0,"href":"https:\/\/www.lafargalhospitalet.com\/ca\/wp-json\/wp\/v2\/posts\/8271\/revisions"}],"wp:featuredmedia":[{"embeddable":true,"href":"https:\/\/www.lafargalhospitalet.com\/ca\/wp-json\/wp\/v2\/media\/8272"}],"wp:attachment":[{"href":"https:\/\/www.lafargalhospitalet.com\/ca\/wp-json\/wp\/v2\/media?parent=8271"}],"wp:term":[{"taxonomy":"category","embeddable":true,"href":"https:\/\/www.lafargalhospitalet.com\/ca\/wp-json\/wp\/v2\/categories?post=8271"},{"taxonomy":"post_tag","embeddable":true,"href":"https:\/\/www.lafargalhospitalet.com\/ca\/wp-json\/wp\/v2\/tags?post=8271"}],"curies":[{"name":"wp","href":"https:\/\/api.w.org\/{rel}","templated":true}]}}