{"id":8288,"date":"2021-06-18T12:23:10","date_gmt":"2021-06-18T11:23:10","guid":{"rendered":"http:\/\/www.lafargalhospitalet.com\/?p=8288"},"modified":"2025-11-03T18:27:23","modified_gmt":"2025-11-03T17:27:23","slug":"la-farga-preparada-per-a-vacunar-6-000-persones-diaries","status":"publish","type":"post","link":"https:\/\/www.lafargalhospitalet.com\/ca\/la-farga-preparada-per-a-vacunar-6-000-persones-diaries\/","title":{"rendered":"La Farga preparada per a vacunar 6.000 persones di\u00e0ries"},"content":{"rendered":"\n<h5 class=\"wp-block-heading\">Vacunar fins a 6.000 persones di\u00e0ries, aquest \u00e9s l&#8217;objectiu que s&#8217;han marcat els professionals sanitaris que treballen des de fa setmanes al centre de vacunaci\u00f3 de La Farga. A partir d&#8217;avui ja es poden vacunar tamb\u00e9 les persones d&#8217;entre 35 i 39 anys.<\/h5>\n\n\n\n<p>Actualment a la ciutat hi ha 117.712 persones que han rebut una dosi de la vacuna i&nbsp; 65.888 persones han rebut una segona dosi. Un total de 73.670 persones han rebut la pauta completa (dues dosis de Pfizer, Moderna o AstraZeneca o una dosi de Janssen).&nbsp;<\/p>\n\n\n\n<p>A L\u2019Hospitalet, el 50% de la poblaci\u00f3 major de 16 anys s\u2019ha vacunat amb la primera dosi i el 30% amb la pauta completa de la vacuna contra la Covid-19.&nbsp;<\/p>\n\n\n\n<p>Per franges i percentatges: el 95% del col\u00b7lectiu de m\u00e9s grans de 80 anys ja t\u00e9 la pauta completa, m\u00e9s del 93% del col\u00b7lectiu entre 70 i 79 anys t\u00e9 la pauta completa i el 85% de les persones entre els 60 i 69 anys tenen una primera dosi.&nbsp;<\/p>\n\n\n\n<p>A l\u2019equipament de <strong><a href=\"https:\/\/www.lafargalhospitalet.com\/la-farga-congress-centre-de-vacunacio-contra-el-covid-19\/\" target=\"_blank\" rel=\"noreferrer noopener\">La Farga<\/a><\/strong>, actualment s\u2019estan realitzant unes 4.000 vacunacions di\u00e0ries i es preveu arribar la setmana vinent a les 6.000 di\u00e0ries.<\/p>\n\n\n\n<p>Per assolir aquesta xifra, la zona on actualment es fa l\u2019espera posterior a la vacuna tamb\u00e9 es destinar\u00e0 a fer punxades, i l\u2019espera passar\u00e0 a fer-se a la planta baixa del Centre d&#8217;Activitats, ocupant espai de la zona firal.&nbsp;<\/p>\n\n\n\n<p>El Departament de Salut comen\u00e7a a vacunar de forma progressiva als&nbsp;nascuts entre el 1982 i el 1986.&nbsp;Qui vulgui ja pot demanar cita per rebre les vacunes de&nbsp;Pfizer, Moderna o Janssen. El sistema informar\u00e0 de quin f\u00e0rmac se li administrar\u00e0.&nbsp;Aquest dimarts la Comissi\u00f3 de Salut P\u00fablica va aprovar els pr\u00f2xims grups de vacunaci\u00f3 amb franges que van de 30 a 39 anys; de 20 a 29 i de 12 a 19.<\/p>\n\n\n\n<p>Recordem que per a demanar cita cal fer-ho a trav\u00e9s del portal:\u00a0<strong><a href=\"https:\/\/vacunacovid.catsalut.gencat.cat\/\" target=\"_blank\" rel=\"noreferrer noopener\">vacunacovidsalut.cat<\/a><\/strong><\/p>\n","protected":false},"excerpt":{"rendered":"<p>Vacunar fins a 6.000 persones di\u00e0ries, aquest \u00e9s l&#8217;objectiu que s&#8217;han marcat els professionals sanitaris que treballen des de fa setmanes al centre de vacunaci\u00f3 de La Farga.<\/p>\n","protected":false},"author":1,"featured_media":8289,"comment_status":"closed","ping_status":"closed","sticky":false,"template":"","format":"standard","meta":{"_monsterinsights_skip_tracking":false,"_monsterinsights_sitenote_active":false,"_monsterinsights_sitenote_note":"","_monsterinsights_sitenote_category":0,"footnotes":""},"categories":[83],"tags":[],"class_list":["post-8288","post","type-post","status-publish","format-standard","has-post-thumbnail","hentry","category-noticies"],"yoast_head":"<!-- This site is optimized with the Yoast SEO plugin v27.5 - https:\/\/yoast.com\/product\/yoast-seo-wordpress\/ -->\n<title>La Farga preparada per a vacunar 6.000 persones di\u00e0ries - La Farga L&#039;Hospitalet Centre d&#039;Activitats. La Farga GEM, S.A.<\/title>\n<meta name=\"description\" content=\"Vacunar fins a 6.000 persones di\u00e0ries, aquest \u00e9s l&#039;objectiu que s&#039;han marcat els professionals sanitaris que treballen al centre de vacunaci\u00f3 de La Farga.\" \/>\n<meta name=\"robots\" content=\"index, follow, max-snippet:-1, max-image-preview:large, max-video-preview:-1\" \/>\n<link rel=\"canonical\" href=\"https:\/\/www.lafargalhospitalet.com\/ca\/la-farga-preparada-per-a-vacunar-6-000-persones-diaries\/\" \/>\n<meta property=\"og:locale\" content=\"ca_ES\" \/>\n<meta property=\"og:type\" content=\"article\" \/>\n<meta property=\"og:title\" content=\"La Farga preparada per a vacunar 6.000 persones di\u00e0ries - La Farga L&#039;Hospitalet Centre d&#039;Activitats. La Farga GEM, S.A.\" \/>\n<meta property=\"og:description\" content=\"Vacunar fins a 6.000 persones di\u00e0ries, aquest \u00e9s l&#039;objectiu que s&#039;han marcat els professionals sanitaris que treballen al centre de vacunaci\u00f3 de La Farga.\" \/>\n<meta property=\"og:url\" content=\"https:\/\/www.lafargalhospitalet.com\/ca\/la-farga-preparada-per-a-vacunar-6-000-persones-diaries\/\" \/>\n<meta property=\"og:site_name\" content=\"La Farga L&#039;Hospitalet Centre d&#039;Activitats. La Farga GEM, S.A.\" \/>\n<meta property=\"article:publisher\" content=\"https:\/\/www.facebook.com\/fargahospitalet\/\" \/>\n<meta property=\"article:published_time\" content=\"2021-06-18T11:23:10+00:00\" \/>\n<meta property=\"article:modified_time\" content=\"2025-11-03T17:27:23+00:00\" \/>\n<meta property=\"og:image\" content=\"https:\/\/www.lafargalhospitalet.com\/wp-content\/uploads\/2021\/06\/Vacunacio-Farga-6000-Covid.jpg\" \/>\n\t<meta property=\"og:image:width\" content=\"730\" \/>\n\t<meta property=\"og:image:height\" content=\"410\" \/>\n\t<meta property=\"og:image:type\" content=\"image\/jpeg\" \/>\n<meta name=\"author\" content=\"La Farga Centre d&#039;Activitats\" \/>\n<meta name=\"twitter:card\" content=\"summary_large_image\" \/>\n<meta name=\"twitter:creator\" content=\"@fargahospitalet\" \/>\n<meta name=\"twitter:site\" content=\"@fargahospitalet\" \/>\n<meta name=\"twitter:label1\" content=\"Escrit per\" \/>\n\t<meta name=\"twitter:data1\" content=\"La Farga Centre d&#039;Activitats\" \/>\n\t<meta name=\"twitter:label2\" content=\"Temps estimat de lectura\" \/>\n\t<meta name=\"twitter:data2\" content=\"2 minuts\" \/>\n<script type=\"application\/ld+json\" class=\"yoast-schema-graph\">{\"@context\":\"https:\\\/\\\/schema.org\",\"@graph\":[{\"@type\":\"Article\",\"@id\":\"https:\\\/\\\/www.lafargalhospitalet.com\\\/ca\\\/la-farga-preparada-per-a-vacunar-6-000-persones-diaries\\\/#article\",\"isPartOf\":{\"@id\":\"https:\\\/\\\/www.lafargalhospitalet.com\\\/ca\\\/la-farga-preparada-per-a-vacunar-6-000-persones-diaries\\\/\"},\"author\":{\"name\":\"La Farga Centre d'Activitats\",\"@id\":\"https:\\\/\\\/www.lafargalhospitalet.com\\\/#\\\/schema\\\/person\\\/6cbac0ef7748506b167ff859e1c7f378\"},\"headline\":\"La Farga preparada per a vacunar 6.000 persones di\u00e0ries\",\"datePublished\":\"2021-06-18T11:23:10+00:00\",\"dateModified\":\"2025-11-03T17:27:23+00:00\",\"mainEntityOfPage\":{\"@id\":\"https:\\\/\\\/www.lafargalhospitalet.com\\\/ca\\\/la-farga-preparada-per-a-vacunar-6-000-persones-diaries\\\/\"},\"wordCount\":332,\"publisher\":{\"@id\":\"https:\\\/\\\/www.lafargalhospitalet.com\\\/#organization\"},\"image\":{\"@id\":\"https:\\\/\\\/www.lafargalhospitalet.com\\\/ca\\\/la-farga-preparada-per-a-vacunar-6-000-persones-diaries\\\/#primaryimage\"},\"thumbnailUrl\":\"https:\\\/\\\/www.lafargalhospitalet.com\\\/wp-content\\\/uploads\\\/2021\\\/06\\\/Vacunacio-Farga-6000-Covid.jpg\",\"articleSection\":[\"Noticies\"],\"inLanguage\":\"ca\"},{\"@type\":\"WebPage\",\"@id\":\"https:\\\/\\\/www.lafargalhospitalet.com\\\/ca\\\/la-farga-preparada-per-a-vacunar-6-000-persones-diaries\\\/\",\"url\":\"https:\\\/\\\/www.lafargalhospitalet.com\\\/ca\\\/la-farga-preparada-per-a-vacunar-6-000-persones-diaries\\\/\",\"name\":\"La Farga preparada per a vacunar 6.000 persones di\u00e0ries - La Farga L&#039;Hospitalet Centre d&#039;Activitats. La Farga GEM, S.A.\",\"isPartOf\":{\"@id\":\"https:\\\/\\\/www.lafargalhospitalet.com\\\/#website\"},\"primaryImageOfPage\":{\"@id\":\"https:\\\/\\\/www.lafargalhospitalet.com\\\/ca\\\/la-farga-preparada-per-a-vacunar-6-000-persones-diaries\\\/#primaryimage\"},\"image\":{\"@id\":\"https:\\\/\\\/www.lafargalhospitalet.com\\\/ca\\\/la-farga-preparada-per-a-vacunar-6-000-persones-diaries\\\/#primaryimage\"},\"thumbnailUrl\":\"https:\\\/\\\/www.lafargalhospitalet.com\\\/wp-content\\\/uploads\\\/2021\\\/06\\\/Vacunacio-Farga-6000-Covid.jpg\",\"datePublished\":\"2021-06-18T11:23:10+00:00\",\"dateModified\":\"2025-11-03T17:27:23+00:00\",\"description\":\"Vacunar fins a 6.000 persones di\u00e0ries, aquest \u00e9s l'objectiu que s'han marcat els professionals sanitaris que treballen al centre de vacunaci\u00f3 de La Farga.\",\"breadcrumb\":{\"@id\":\"https:\\\/\\\/www.lafargalhospitalet.com\\\/ca\\\/la-farga-preparada-per-a-vacunar-6-000-persones-diaries\\\/#breadcrumb\"},\"inLanguage\":\"ca\",\"potentialAction\":[{\"@type\":\"ReadAction\",\"target\":[\"https:\\\/\\\/www.lafargalhospitalet.com\\\/ca\\\/la-farga-preparada-per-a-vacunar-6-000-persones-diaries\\\/\"]}]},{\"@type\":\"ImageObject\",\"inLanguage\":\"ca\",\"@id\":\"https:\\\/\\\/www.lafargalhospitalet.com\\\/ca\\\/la-farga-preparada-per-a-vacunar-6-000-persones-diaries\\\/#primaryimage\",\"url\":\"https:\\\/\\\/www.lafargalhospitalet.com\\\/wp-content\\\/uploads\\\/2021\\\/06\\\/Vacunacio-Farga-6000-Covid.jpg\",\"contentUrl\":\"https:\\\/\\\/www.lafargalhospitalet.com\\\/wp-content\\\/uploads\\\/2021\\\/06\\\/Vacunacio-Farga-6000-Covid.jpg\",\"width\":730,\"height\":410,\"caption\":\"Vacunar Farga 6000\"},{\"@type\":\"BreadcrumbList\",\"@id\":\"https:\\\/\\\/www.lafargalhospitalet.com\\\/ca\\\/la-farga-preparada-per-a-vacunar-6-000-persones-diaries\\\/#breadcrumb\",\"itemListElement\":[{\"@type\":\"ListItem\",\"position\":1,\"name\":\"Portada\",\"item\":\"https:\\\/\\\/www.lafargalhospitalet.com\\\/\"},{\"@type\":\"ListItem\",\"position\":2,\"name\":\"La Farga preparada per a vacunar 6.000 persones di\u00e0ries\"}]},{\"@type\":\"WebSite\",\"@id\":\"https:\\\/\\\/www.lafargalhospitalet.com\\\/#website\",\"url\":\"https:\\\/\\\/www.lafargalhospitalet.com\\\/\",\"name\":\"La Farga L'Hospitalet Centre d'Activitats. La Farga GEM, S.A.\",\"description\":\"La Farga L&#039;Hospitalet Centre d&#039;Activitats. Gestionat per La Farga GEM, S.A. Fires i Congressos. Concerts, exposicions, reunions, filmacions, sopars de gala.\",\"publisher\":{\"@id\":\"https:\\\/\\\/www.lafargalhospitalet.com\\\/#organization\"},\"potentialAction\":[{\"@type\":\"SearchAction\",\"target\":{\"@type\":\"EntryPoint\",\"urlTemplate\":\"https:\\\/\\\/www.lafargalhospitalet.com\\\/?s={search_term_string}\"},\"query-input\":{\"@type\":\"PropertyValueSpecification\",\"valueRequired\":true,\"valueName\":\"search_term_string\"}}],\"inLanguage\":\"ca\"},{\"@type\":\"Organization\",\"@id\":\"https:\\\/\\\/www.lafargalhospitalet.com\\\/#organization\",\"name\":\"La Farga L'Hospitalet Centre d'Activitats. La Farga GEM, S.A.\",\"url\":\"https:\\\/\\\/www.lafargalhospitalet.com\\\/\",\"logo\":{\"@type\":\"ImageObject\",\"inLanguage\":\"ca\",\"@id\":\"https:\\\/\\\/www.lafargalhospitalet.com\\\/#\\\/schema\\\/logo\\\/image\\\/\",\"url\":\"https:\\\/\\\/www.lafargalhospitalet.com\\\/wp-content\\\/uploads\\\/2025\\\/10\\\/logotipo_lafarga_centre_activitats.png\",\"contentUrl\":\"https:\\\/\\\/www.lafargalhospitalet.com\\\/wp-content\\\/uploads\\\/2025\\\/10\\\/logotipo_lafarga_centre_activitats.png\",\"width\":266,\"height\":101,\"caption\":\"La Farga L'Hospitalet Centre d'Activitats. La Farga GEM, S.A.\"},\"image\":{\"@id\":\"https:\\\/\\\/www.lafargalhospitalet.com\\\/#\\\/schema\\\/logo\\\/image\\\/\"},\"sameAs\":[\"https:\\\/\\\/www.facebook.com\\\/fargahospitalet\\\/\",\"https:\\\/\\\/x.com\\\/fargahospitalet\",\"https:\\\/\\\/www.instagram.com\\\/lafargahospitalet\\\/\",\"https:\\\/\\\/www.youtube.com\\\/channel\\\/UCoLt6hen3PqGXgbLMGI3Qdw\",\"https:\\\/\\\/www.flickr.com\\\/photos\\\/lafargagemsa\\\/albums\"]},{\"@type\":\"Person\",\"@id\":\"https:\\\/\\\/www.lafargalhospitalet.com\\\/#\\\/schema\\\/person\\\/6cbac0ef7748506b167ff859e1c7f378\",\"name\":\"La Farga Centre d'Activitats\",\"sameAs\":[\"https:\\\/\\\/www.lafargalhospitalet.com\"],\"url\":\"https:\\\/\\\/www.lafargalhospitalet.com\\\/ca\\\/author\\\/far25gmin\\\/\"}]}<\/script>\n<!-- \/ Yoast SEO plugin. -->","yoast_head_json":{"title":"La Farga preparada per a vacunar 6.000 persones di\u00e0ries - La Farga L&#039;Hospitalet Centre d&#039;Activitats. La Farga GEM, S.A.","description":"Vacunar fins a 6.000 persones di\u00e0ries, aquest \u00e9s l'objectiu que s'han marcat els professionals sanitaris que treballen al centre de vacunaci\u00f3 de La Farga.","robots":{"index":"index","follow":"follow","max-snippet":"max-snippet:-1","max-image-preview":"max-image-preview:large","max-video-preview":"max-video-preview:-1"},"canonical":"https:\/\/www.lafargalhospitalet.com\/ca\/la-farga-preparada-per-a-vacunar-6-000-persones-diaries\/","og_locale":"ca_ES","og_type":"article","og_title":"La Farga preparada per a vacunar 6.000 persones di\u00e0ries - La Farga L&#039;Hospitalet Centre d&#039;Activitats. La Farga GEM, S.A.","og_description":"Vacunar fins a 6.000 persones di\u00e0ries, aquest \u00e9s l'objectiu que s'han marcat els professionals sanitaris que treballen al centre de vacunaci\u00f3 de La Farga.","og_url":"https:\/\/www.lafargalhospitalet.com\/ca\/la-farga-preparada-per-a-vacunar-6-000-persones-diaries\/","og_site_name":"La Farga L&#039;Hospitalet Centre d&#039;Activitats. La Farga GEM, S.A.","article_publisher":"https:\/\/www.facebook.com\/fargahospitalet\/","article_published_time":"2021-06-18T11:23:10+00:00","article_modified_time":"2025-11-03T17:27:23+00:00","og_image":[{"width":730,"height":410,"url":"https:\/\/www.lafargalhospitalet.com\/wp-content\/uploads\/2021\/06\/Vacunacio-Farga-6000-Covid.jpg","type":"image\/jpeg"}],"author":"La Farga Centre d'Activitats","twitter_card":"summary_large_image","twitter_creator":"@fargahospitalet","twitter_site":"@fargahospitalet","twitter_misc":{"Escrit per":"La Farga Centre d'Activitats","Temps estimat de lectura":"2 minuts"},"schema":{"@context":"https:\/\/schema.org","@graph":[{"@type":"Article","@id":"https:\/\/www.lafargalhospitalet.com\/ca\/la-farga-preparada-per-a-vacunar-6-000-persones-diaries\/#article","isPartOf":{"@id":"https:\/\/www.lafargalhospitalet.com\/ca\/la-farga-preparada-per-a-vacunar-6-000-persones-diaries\/"},"author":{"name":"La Farga Centre d'Activitats","@id":"https:\/\/www.lafargalhospitalet.com\/#\/schema\/person\/6cbac0ef7748506b167ff859e1c7f378"},"headline":"La Farga preparada per a vacunar 6.000 persones di\u00e0ries","datePublished":"2021-06-18T11:23:10+00:00","dateModified":"2025-11-03T17:27:23+00:00","mainEntityOfPage":{"@id":"https:\/\/www.lafargalhospitalet.com\/ca\/la-farga-preparada-per-a-vacunar-6-000-persones-diaries\/"},"wordCount":332,"publisher":{"@id":"https:\/\/www.lafargalhospitalet.com\/#organization"},"image":{"@id":"https:\/\/www.lafargalhospitalet.com\/ca\/la-farga-preparada-per-a-vacunar-6-000-persones-diaries\/#primaryimage"},"thumbnailUrl":"https:\/\/www.lafargalhospitalet.com\/wp-content\/uploads\/2021\/06\/Vacunacio-Farga-6000-Covid.jpg","articleSection":["Noticies"],"inLanguage":"ca"},{"@type":"WebPage","@id":"https:\/\/www.lafargalhospitalet.com\/ca\/la-farga-preparada-per-a-vacunar-6-000-persones-diaries\/","url":"https:\/\/www.lafargalhospitalet.com\/ca\/la-farga-preparada-per-a-vacunar-6-000-persones-diaries\/","name":"La Farga preparada per a vacunar 6.000 persones di\u00e0ries - La Farga L&#039;Hospitalet Centre d&#039;Activitats. La Farga GEM, S.A.","isPartOf":{"@id":"https:\/\/www.lafargalhospitalet.com\/#website"},"primaryImageOfPage":{"@id":"https:\/\/www.lafargalhospitalet.com\/ca\/la-farga-preparada-per-a-vacunar-6-000-persones-diaries\/#primaryimage"},"image":{"@id":"https:\/\/www.lafargalhospitalet.com\/ca\/la-farga-preparada-per-a-vacunar-6-000-persones-diaries\/#primaryimage"},"thumbnailUrl":"https:\/\/www.lafargalhospitalet.com\/wp-content\/uploads\/2021\/06\/Vacunacio-Farga-6000-Covid.jpg","datePublished":"2021-06-18T11:23:10+00:00","dateModified":"2025-11-03T17:27:23+00:00","description":"Vacunar fins a 6.000 persones di\u00e0ries, aquest \u00e9s l'objectiu que s'han marcat els professionals sanitaris que treballen al centre de vacunaci\u00f3 de La Farga.","breadcrumb":{"@id":"https:\/\/www.lafargalhospitalet.com\/ca\/la-farga-preparada-per-a-vacunar-6-000-persones-diaries\/#breadcrumb"},"inLanguage":"ca","potentialAction":[{"@type":"ReadAction","target":["https:\/\/www.lafargalhospitalet.com\/ca\/la-farga-preparada-per-a-vacunar-6-000-persones-diaries\/"]}]},{"@type":"ImageObject","inLanguage":"ca","@id":"https:\/\/www.lafargalhospitalet.com\/ca\/la-farga-preparada-per-a-vacunar-6-000-persones-diaries\/#primaryimage","url":"https:\/\/www.lafargalhospitalet.com\/wp-content\/uploads\/2021\/06\/Vacunacio-Farga-6000-Covid.jpg","contentUrl":"https:\/\/www.lafargalhospitalet.com\/wp-content\/uploads\/2021\/06\/Vacunacio-Farga-6000-Covid.jpg","width":730,"height":410,"caption":"Vacunar Farga 6000"},{"@type":"BreadcrumbList","@id":"https:\/\/www.lafargalhospitalet.com\/ca\/la-farga-preparada-per-a-vacunar-6-000-persones-diaries\/#breadcrumb","itemListElement":[{"@type":"ListItem","position":1,"name":"Portada","item":"https:\/\/www.lafargalhospitalet.com\/"},{"@type":"ListItem","position":2,"name":"La Farga preparada per a vacunar 6.000 persones di\u00e0ries"}]},{"@type":"WebSite","@id":"https:\/\/www.lafargalhospitalet.com\/#website","url":"https:\/\/www.lafargalhospitalet.com\/","name":"La Farga L'Hospitalet Centre d'Activitats. La Farga GEM, S.A.","description":"La Farga L&#039;Hospitalet Centre d&#039;Activitats. Gestionat per La Farga GEM, S.A. Fires i Congressos. Concerts, exposicions, reunions, filmacions, sopars de gala.","publisher":{"@id":"https:\/\/www.lafargalhospitalet.com\/#organization"},"potentialAction":[{"@type":"SearchAction","target":{"@type":"EntryPoint","urlTemplate":"https:\/\/www.lafargalhospitalet.com\/?s={search_term_string}"},"query-input":{"@type":"PropertyValueSpecification","valueRequired":true,"valueName":"search_term_string"}}],"inLanguage":"ca"},{"@type":"Organization","@id":"https:\/\/www.lafargalhospitalet.com\/#organization","name":"La Farga L'Hospitalet Centre d'Activitats. La Farga GEM, S.A.","url":"https:\/\/www.lafargalhospitalet.com\/","logo":{"@type":"ImageObject","inLanguage":"ca","@id":"https:\/\/www.lafargalhospitalet.com\/#\/schema\/logo\/image\/","url":"https:\/\/www.lafargalhospitalet.com\/wp-content\/uploads\/2025\/10\/logotipo_lafarga_centre_activitats.png","contentUrl":"https:\/\/www.lafargalhospitalet.com\/wp-content\/uploads\/2025\/10\/logotipo_lafarga_centre_activitats.png","width":266,"height":101,"caption":"La Farga L'Hospitalet Centre d'Activitats. La Farga GEM, S.A."},"image":{"@id":"https:\/\/www.lafargalhospitalet.com\/#\/schema\/logo\/image\/"},"sameAs":["https:\/\/www.facebook.com\/fargahospitalet\/","https:\/\/x.com\/fargahospitalet","https:\/\/www.instagram.com\/lafargahospitalet\/","https:\/\/www.youtube.com\/channel\/UCoLt6hen3PqGXgbLMGI3Qdw","https:\/\/www.flickr.com\/photos\/lafargagemsa\/albums"]},{"@type":"Person","@id":"https:\/\/www.lafargalhospitalet.com\/#\/schema\/person\/6cbac0ef7748506b167ff859e1c7f378","name":"La Farga Centre d'Activitats","sameAs":["https:\/\/www.lafargalhospitalet.com"],"url":"https:\/\/www.lafargalhospitalet.com\/ca\/author\/far25gmin\/"}]}},"_links":{"self":[{"href":"https:\/\/www.lafargalhospitalet.com\/ca\/wp-json\/wp\/v2\/posts\/8288","targetHints":{"allow":["GET"]}}],"collection":[{"href":"https:\/\/www.lafargalhospitalet.com\/ca\/wp-json\/wp\/v2\/posts"}],"about":[{"href":"https:\/\/www.lafargalhospitalet.com\/ca\/wp-json\/wp\/v2\/types\/post"}],"author":[{"embeddable":true,"href":"https:\/\/www.lafargalhospitalet.com\/ca\/wp-json\/wp\/v2\/users\/1"}],"replies":[{"embeddable":true,"href":"https:\/\/www.lafargalhospitalet.com\/ca\/wp-json\/wp\/v2\/comments?post=8288"}],"version-history":[{"count":0,"href":"https:\/\/www.lafargalhospitalet.com\/ca\/wp-json\/wp\/v2\/posts\/8288\/revisions"}],"wp:featuredmedia":[{"embeddable":true,"href":"https:\/\/www.lafargalhospitalet.com\/ca\/wp-json\/wp\/v2\/media\/8289"}],"wp:attachment":[{"href":"https:\/\/www.lafargalhospitalet.com\/ca\/wp-json\/wp\/v2\/media?parent=8288"}],"wp:term":[{"taxonomy":"category","embeddable":true,"href":"https:\/\/www.lafargalhospitalet.com\/ca\/wp-json\/wp\/v2\/categories?post=8288"},{"taxonomy":"post_tag","embeddable":true,"href":"https:\/\/www.lafargalhospitalet.com\/ca\/wp-json\/wp\/v2\/tags?post=8288"}],"curies":[{"name":"wp","href":"https:\/\/api.w.org\/{rel}","templated":true}]}}