{"id":8323,"date":"2021-07-26T11:05:52","date_gmt":"2021-07-26T10:05:52","guid":{"rendered":"http:\/\/www.lafargalhospitalet.com\/?p=8323"},"modified":"2025-11-03T18:27:23","modified_gmt":"2025-11-03T17:27:23","slug":"exit-de-la-1a-edicio-de-la-innbrew-assegurant-la-seva-continuitat","status":"publish","type":"post","link":"https:\/\/www.lafargalhospitalet.com\/ca\/exit-de-la-1a-edicio-de-la-innbrew-assegurant-la-seva-continuitat\/","title":{"rendered":"\u00c8xit de la 1a edici\u00f3 de la InnBrew, assegurant la seva continu\u00eftat"},"content":{"rendered":"\n<h5 class=\"wp-block-heading\">La Innbrew, certamen organitzat per <strong><a href=\"https:\/\/innbrew.com\/ca\/inici\/\" target=\"_blank\" rel=\"noreferrer noopener\">Beer Events S.L.<\/a><\/strong>, ha demostrat que el sector de la cervesa artesana t\u00e9 prou maduresa com per comptar amb un sal\u00f3 professional propi i independent.<\/h5>\n\n\n\n<p>La primera edici\u00f3 de la InnBrew, <strong><a href=\"https:\/\/www.lafargalhospitalet.com\/presentada-la-innbrew-the-brewers-convention-que-neix-a-la-farga\/\" target=\"_blank\" rel=\"noreferrer noopener\">The Brewers Convention<\/a><\/strong>, certamen dirigit als professionals de la cervesa, ha tancat portes despr\u00e9s de dos dies i mig d&#8217;intensa activitat. L&#8217;\u00e8xit d&#8217;assistents i l&#8217;inter\u00e8s generat permet mirar amb optimisme cap a la continu\u00eftat d&#8217;aquest esdeveniment, nascut com una evoluci\u00f3 de l&#8217;BBFPro. Tal com ha subratllat Mikel Rius, codirector de la InnBrew, <em>&#8220;aquests dies ens permeten pensar que el sector de la cervesa artesana t\u00e9 prou maduresa i \u00e9s prou potent com per tenir una fira pr\u00f2pia, per aix\u00f2, podem comen\u00e7ar a pensar ja en la continu\u00eftat del certamen&#8221;<\/em>.<\/p>\n\n\n\n<p>M\u00e9s d&#8217;un miler de professionals han passat al llarg dels tres dies per la convenci\u00f3 celebrada a La Farga Centre d&#8217;Activitats. Els visitants han pogut &#8220;fer negoci&#8221;, con\u00e8ixer les ultimes innovacions, provar algunes novetats i, sobretot, aprendre i cr\u00e9ixer professionalment.<\/p>\n\n\n\n<p><em>&#8220;El sector ha aconseguit sortir de la crisi, ha aconseguit sobreviure, per\u00f2 el cam\u00ed per seguir creixent i per mantenir-se passa per la formaci\u00f3, la innovaci\u00f3 i l&#8217;intercanvi de coneixement&#8221;<\/em>, ha destacat Mikel Rius. <\/p>\n\n\n\n<h5 class=\"wp-block-heading\">Tres eixos: Innshow, InnTalks i InnMeet <\/h5>\n\n\n\n<p>Precisament, els tres eixos de la InnBrew s&#8217;han sustentat en aquests par\u00e0metres. Aix\u00ed, els assistents han pogut visitar tant els 35 estands de la zona de l&#8217;InnShow, espai expositiu amb marques de fabricants, distribu\u00efdors i associacions, com assistir a les formacions, pon\u00e8ncies i debats de les InnTalks, m\u00e9s de 20 pon\u00e8ncies i taules rodones amb debats de reflexi\u00f3 que s&#8217;han convertit en les grans protagonistes de la convenci\u00f3, juntament amb les InnMeet, un continu teixit de connexi\u00f3 creat per fomentar els vincles professionals i maximitzar el nombre de contactes. <\/p>\n\n\n\n<p>De fet, els workshops, reunions en petit comit\u00e8 entre expositors i assistents, s&#8217;han convertit en la revelaci\u00f3 de l&#8217;oferta formativa del certamen, el que fa pensar que guanyar\u00e0 espai i horaris en futures edicions.<\/p>\n\n\n\n<p><em>&#8220;Ha estat una sensaci\u00f3 brutal retrobar-nos despr\u00e9s de mesos a\u00efllats en les nostres f\u00e0briques<\/em>&#8221; -ha concl\u00f2s Mikel Rius-. <em>&#8220;Realment, aquest espai de retrobament del sector ha significat per a molts un moment molt emotiu&#8221;<\/em>.<\/p>\n\n\n\n<h5 class=\"wp-block-heading\">Final de la Cornhole Brewers Cup by KeyKeg<\/h5>\n\n\n\n<p>L&#8217;\u00faltima jornada ha estat el marc de la gran final del Cornhole Brewers Cup by KeyKeg, un certamen que va n\u00e9ixer l&#8217;any 2019 de la m\u00e0 del Barcelona Beer Festival. En aquesta edici\u00f3 han participat 16 equips, formats per parelles de diferents cerveseres. A la final de campionat van arribar els participants de Cervesa del Montseny, Freddo Fox, Dehum i Octavo Arte. Finalment, la copa se l&#8217;ha endut la parella de la cervesera segoviana Octavo Arte.<\/p>\n\n\n\n<p>Per\u00f2 no ha estat l&#8217;\u00fanic premi lliurat en aquest certamen. Divendres es va celebrar la gala d&#8217;entrega del Premi Steve Huxley, un reconeixement del sector a tota una traject\u00f2ria cervesera, als que treballen per a i per l&#8217;univers de la cervesa artesana. En aquesta tercera edici\u00f3, el Steve Huxley ha estat per a una de les figures m\u00e9s reconegudes actualment del m\u00f3n cerveser Andrew Dougall, creador de Cerveses Dougall&#8217;s. El mestre cerveser va recollir el guard\u00f3 de mans de Carlos Rodr\u00edguez, d&#8217;Ales Agullons, primer guanyador del certamen.<\/p>\n","protected":false},"excerpt":{"rendered":"<p>El certamen organitzat per Beer Events S.L. ha demostrat que el sector de la cervesa artesana t\u00e9 prou maduresa com per comptar amb un sal\u00f3 professional propi i independent.<\/p>\n","protected":false},"author":1,"featured_media":8324,"comment_status":"closed","ping_status":"closed","sticky":false,"template":"","format":"standard","meta":{"_monsterinsights_skip_tracking":false,"_monsterinsights_sitenote_active":false,"_monsterinsights_sitenote_note":"","_monsterinsights_sitenote_category":0,"footnotes":""},"categories":[83],"tags":[],"class_list":["post-8323","post","type-post","status-publish","format-standard","has-post-thumbnail","hentry","category-noticies"],"yoast_head":"<!-- This site is optimized with the Yoast SEO plugin v27.5 - https:\/\/yoast.com\/product\/yoast-seo-wordpress\/ -->\n<title>\u00c8xit de la 1a edici\u00f3 de la InnBrew, assegurant la seva continu\u00eftat - La Farga L&#039;Hospitalet Centre d&#039;Activitats. La Farga GEM, S.A.<\/title>\n<meta name=\"description\" content=\"L&#039;Innbrew ha demostrat que el sector de la cervesa artesana t\u00e9 prou maduresa com per comptar amb un sal\u00f3 professional propi.\" \/>\n<meta name=\"robots\" content=\"index, follow, max-snippet:-1, max-image-preview:large, max-video-preview:-1\" \/>\n<link rel=\"canonical\" href=\"https:\/\/www.lafargalhospitalet.com\/ca\/exit-de-la-1a-edicio-de-la-innbrew-assegurant-la-seva-continuitat\/\" \/>\n<meta property=\"og:locale\" content=\"ca_ES\" \/>\n<meta property=\"og:type\" content=\"article\" \/>\n<meta property=\"og:title\" content=\"\u00c8xit de la 1a edici\u00f3 de la InnBrew, assegurant la seva continu\u00eftat - La Farga L&#039;Hospitalet Centre d&#039;Activitats. La Farga GEM, S.A.\" \/>\n<meta property=\"og:description\" content=\"L&#039;Innbrew ha demostrat que el sector de la cervesa artesana t\u00e9 prou maduresa com per comptar amb un sal\u00f3 professional propi.\" \/>\n<meta property=\"og:url\" content=\"https:\/\/www.lafargalhospitalet.com\/ca\/exit-de-la-1a-edicio-de-la-innbrew-assegurant-la-seva-continuitat\/\" \/>\n<meta property=\"og:site_name\" content=\"La Farga L&#039;Hospitalet Centre d&#039;Activitats. La Farga GEM, S.A.\" \/>\n<meta property=\"article:publisher\" content=\"https:\/\/www.facebook.com\/fargahospitalet\/\" \/>\n<meta property=\"article:published_time\" content=\"2021-07-26T10:05:52+00:00\" \/>\n<meta property=\"article:modified_time\" content=\"2025-11-03T17:27:23+00:00\" \/>\n<meta property=\"og:image\" content=\"https:\/\/www.lafargalhospitalet.com\/wp-content\/uploads\/2021\/07\/InnBrew-Farga-resum.jpg\" \/>\n\t<meta property=\"og:image:width\" content=\"730\" \/>\n\t<meta property=\"og:image:height\" content=\"410\" \/>\n\t<meta property=\"og:image:type\" content=\"image\/jpeg\" \/>\n<meta name=\"author\" content=\"La Farga Centre d&#039;Activitats\" \/>\n<meta name=\"twitter:card\" content=\"summary_large_image\" \/>\n<meta name=\"twitter:creator\" content=\"@fargahospitalet\" \/>\n<meta name=\"twitter:site\" content=\"@fargahospitalet\" \/>\n<meta name=\"twitter:label1\" content=\"Escrit per\" \/>\n\t<meta name=\"twitter:data1\" content=\"La Farga Centre d&#039;Activitats\" \/>\n\t<meta name=\"twitter:label2\" content=\"Temps estimat de lectura\" \/>\n\t<meta name=\"twitter:data2\" content=\"3 minuts\" \/>\n<script type=\"application\/ld+json\" class=\"yoast-schema-graph\">{\"@context\":\"https:\\\/\\\/schema.org\",\"@graph\":[{\"@type\":\"Article\",\"@id\":\"https:\\\/\\\/www.lafargalhospitalet.com\\\/ca\\\/exit-de-la-1a-edicio-de-la-innbrew-assegurant-la-seva-continuitat\\\/#article\",\"isPartOf\":{\"@id\":\"https:\\\/\\\/www.lafargalhospitalet.com\\\/ca\\\/exit-de-la-1a-edicio-de-la-innbrew-assegurant-la-seva-continuitat\\\/\"},\"author\":{\"name\":\"La Farga Centre d'Activitats\",\"@id\":\"https:\\\/\\\/www.lafargalhospitalet.com\\\/#\\\/schema\\\/person\\\/6cbac0ef7748506b167ff859e1c7f378\"},\"headline\":\"\u00c8xit de la 1a edici\u00f3 de la InnBrew, assegurant la seva continu\u00eftat\",\"datePublished\":\"2021-07-26T10:05:52+00:00\",\"dateModified\":\"2025-11-03T17:27:23+00:00\",\"mainEntityOfPage\":{\"@id\":\"https:\\\/\\\/www.lafargalhospitalet.com\\\/ca\\\/exit-de-la-1a-edicio-de-la-innbrew-assegurant-la-seva-continuitat\\\/\"},\"wordCount\":588,\"publisher\":{\"@id\":\"https:\\\/\\\/www.lafargalhospitalet.com\\\/#organization\"},\"image\":{\"@id\":\"https:\\\/\\\/www.lafargalhospitalet.com\\\/ca\\\/exit-de-la-1a-edicio-de-la-innbrew-assegurant-la-seva-continuitat\\\/#primaryimage\"},\"thumbnailUrl\":\"https:\\\/\\\/www.lafargalhospitalet.com\\\/wp-content\\\/uploads\\\/2021\\\/07\\\/InnBrew-Farga-resum.jpg\",\"articleSection\":[\"Noticies\"],\"inLanguage\":\"ca\"},{\"@type\":\"WebPage\",\"@id\":\"https:\\\/\\\/www.lafargalhospitalet.com\\\/ca\\\/exit-de-la-1a-edicio-de-la-innbrew-assegurant-la-seva-continuitat\\\/\",\"url\":\"https:\\\/\\\/www.lafargalhospitalet.com\\\/ca\\\/exit-de-la-1a-edicio-de-la-innbrew-assegurant-la-seva-continuitat\\\/\",\"name\":\"\u00c8xit de la 1a edici\u00f3 de la InnBrew, assegurant la seva continu\u00eftat - La Farga L&#039;Hospitalet Centre d&#039;Activitats. La Farga GEM, S.A.\",\"isPartOf\":{\"@id\":\"https:\\\/\\\/www.lafargalhospitalet.com\\\/#website\"},\"primaryImageOfPage\":{\"@id\":\"https:\\\/\\\/www.lafargalhospitalet.com\\\/ca\\\/exit-de-la-1a-edicio-de-la-innbrew-assegurant-la-seva-continuitat\\\/#primaryimage\"},\"image\":{\"@id\":\"https:\\\/\\\/www.lafargalhospitalet.com\\\/ca\\\/exit-de-la-1a-edicio-de-la-innbrew-assegurant-la-seva-continuitat\\\/#primaryimage\"},\"thumbnailUrl\":\"https:\\\/\\\/www.lafargalhospitalet.com\\\/wp-content\\\/uploads\\\/2021\\\/07\\\/InnBrew-Farga-resum.jpg\",\"datePublished\":\"2021-07-26T10:05:52+00:00\",\"dateModified\":\"2025-11-03T17:27:23+00:00\",\"description\":\"L'Innbrew ha demostrat que el sector de la cervesa artesana t\u00e9 prou maduresa com per comptar amb un sal\u00f3 professional propi.\",\"breadcrumb\":{\"@id\":\"https:\\\/\\\/www.lafargalhospitalet.com\\\/ca\\\/exit-de-la-1a-edicio-de-la-innbrew-assegurant-la-seva-continuitat\\\/#breadcrumb\"},\"inLanguage\":\"ca\",\"potentialAction\":[{\"@type\":\"ReadAction\",\"target\":[\"https:\\\/\\\/www.lafargalhospitalet.com\\\/ca\\\/exit-de-la-1a-edicio-de-la-innbrew-assegurant-la-seva-continuitat\\\/\"]}]},{\"@type\":\"ImageObject\",\"inLanguage\":\"ca\",\"@id\":\"https:\\\/\\\/www.lafargalhospitalet.com\\\/ca\\\/exit-de-la-1a-edicio-de-la-innbrew-assegurant-la-seva-continuitat\\\/#primaryimage\",\"url\":\"https:\\\/\\\/www.lafargalhospitalet.com\\\/wp-content\\\/uploads\\\/2021\\\/07\\\/InnBrew-Farga-resum.jpg\",\"contentUrl\":\"https:\\\/\\\/www.lafargalhospitalet.com\\\/wp-content\\\/uploads\\\/2021\\\/07\\\/InnBrew-Farga-resum.jpg\",\"width\":730,\"height\":410,\"caption\":\"InnBrew Farga Cervesa\"},{\"@type\":\"BreadcrumbList\",\"@id\":\"https:\\\/\\\/www.lafargalhospitalet.com\\\/ca\\\/exit-de-la-1a-edicio-de-la-innbrew-assegurant-la-seva-continuitat\\\/#breadcrumb\",\"itemListElement\":[{\"@type\":\"ListItem\",\"position\":1,\"name\":\"Portada\",\"item\":\"https:\\\/\\\/www.lafargalhospitalet.com\\\/\"},{\"@type\":\"ListItem\",\"position\":2,\"name\":\"\u00c8xit de la 1a edici\u00f3 de la InnBrew, assegurant la seva continu\u00eftat\"}]},{\"@type\":\"WebSite\",\"@id\":\"https:\\\/\\\/www.lafargalhospitalet.com\\\/#website\",\"url\":\"https:\\\/\\\/www.lafargalhospitalet.com\\\/\",\"name\":\"La Farga L'Hospitalet Centre d'Activitats. La Farga GEM, S.A.\",\"description\":\"La Farga L&#039;Hospitalet Centre d&#039;Activitats. Gestionat per La Farga GEM, S.A. Fires i Congressos. Concerts, exposicions, reunions, filmacions, sopars de gala.\",\"publisher\":{\"@id\":\"https:\\\/\\\/www.lafargalhospitalet.com\\\/#organization\"},\"potentialAction\":[{\"@type\":\"SearchAction\",\"target\":{\"@type\":\"EntryPoint\",\"urlTemplate\":\"https:\\\/\\\/www.lafargalhospitalet.com\\\/?s={search_term_string}\"},\"query-input\":{\"@type\":\"PropertyValueSpecification\",\"valueRequired\":true,\"valueName\":\"search_term_string\"}}],\"inLanguage\":\"ca\"},{\"@type\":\"Organization\",\"@id\":\"https:\\\/\\\/www.lafargalhospitalet.com\\\/#organization\",\"name\":\"La Farga L'Hospitalet Centre d'Activitats. La Farga GEM, S.A.\",\"url\":\"https:\\\/\\\/www.lafargalhospitalet.com\\\/\",\"logo\":{\"@type\":\"ImageObject\",\"inLanguage\":\"ca\",\"@id\":\"https:\\\/\\\/www.lafargalhospitalet.com\\\/#\\\/schema\\\/logo\\\/image\\\/\",\"url\":\"https:\\\/\\\/www.lafargalhospitalet.com\\\/wp-content\\\/uploads\\\/2025\\\/10\\\/logotipo_lafarga_centre_activitats.png\",\"contentUrl\":\"https:\\\/\\\/www.lafargalhospitalet.com\\\/wp-content\\\/uploads\\\/2025\\\/10\\\/logotipo_lafarga_centre_activitats.png\",\"width\":266,\"height\":101,\"caption\":\"La Farga L'Hospitalet Centre d'Activitats. La Farga GEM, S.A.\"},\"image\":{\"@id\":\"https:\\\/\\\/www.lafargalhospitalet.com\\\/#\\\/schema\\\/logo\\\/image\\\/\"},\"sameAs\":[\"https:\\\/\\\/www.facebook.com\\\/fargahospitalet\\\/\",\"https:\\\/\\\/x.com\\\/fargahospitalet\",\"https:\\\/\\\/www.instagram.com\\\/lafargahospitalet\\\/\",\"https:\\\/\\\/www.youtube.com\\\/channel\\\/UCoLt6hen3PqGXgbLMGI3Qdw\",\"https:\\\/\\\/www.flickr.com\\\/photos\\\/lafargagemsa\\\/albums\"]},{\"@type\":\"Person\",\"@id\":\"https:\\\/\\\/www.lafargalhospitalet.com\\\/#\\\/schema\\\/person\\\/6cbac0ef7748506b167ff859e1c7f378\",\"name\":\"La Farga Centre d'Activitats\",\"sameAs\":[\"https:\\\/\\\/www.lafargalhospitalet.com\"],\"url\":\"https:\\\/\\\/www.lafargalhospitalet.com\\\/ca\\\/author\\\/far25gmin\\\/\"}]}<\/script>\n<!-- \/ Yoast SEO plugin. -->","yoast_head_json":{"title":"\u00c8xit de la 1a edici\u00f3 de la InnBrew, assegurant la seva continu\u00eftat - La Farga L&#039;Hospitalet Centre d&#039;Activitats. La Farga GEM, S.A.","description":"L'Innbrew ha demostrat que el sector de la cervesa artesana t\u00e9 prou maduresa com per comptar amb un sal\u00f3 professional propi.","robots":{"index":"index","follow":"follow","max-snippet":"max-snippet:-1","max-image-preview":"max-image-preview:large","max-video-preview":"max-video-preview:-1"},"canonical":"https:\/\/www.lafargalhospitalet.com\/ca\/exit-de-la-1a-edicio-de-la-innbrew-assegurant-la-seva-continuitat\/","og_locale":"ca_ES","og_type":"article","og_title":"\u00c8xit de la 1a edici\u00f3 de la InnBrew, assegurant la seva continu\u00eftat - La Farga L&#039;Hospitalet Centre d&#039;Activitats. La Farga GEM, S.A.","og_description":"L'Innbrew ha demostrat que el sector de la cervesa artesana t\u00e9 prou maduresa com per comptar amb un sal\u00f3 professional propi.","og_url":"https:\/\/www.lafargalhospitalet.com\/ca\/exit-de-la-1a-edicio-de-la-innbrew-assegurant-la-seva-continuitat\/","og_site_name":"La Farga L&#039;Hospitalet Centre d&#039;Activitats. La Farga GEM, S.A.","article_publisher":"https:\/\/www.facebook.com\/fargahospitalet\/","article_published_time":"2021-07-26T10:05:52+00:00","article_modified_time":"2025-11-03T17:27:23+00:00","og_image":[{"width":730,"height":410,"url":"https:\/\/www.lafargalhospitalet.com\/wp-content\/uploads\/2021\/07\/InnBrew-Farga-resum.jpg","type":"image\/jpeg"}],"author":"La Farga Centre d'Activitats","twitter_card":"summary_large_image","twitter_creator":"@fargahospitalet","twitter_site":"@fargahospitalet","twitter_misc":{"Escrit per":"La Farga Centre d'Activitats","Temps estimat de lectura":"3 minuts"},"schema":{"@context":"https:\/\/schema.org","@graph":[{"@type":"Article","@id":"https:\/\/www.lafargalhospitalet.com\/ca\/exit-de-la-1a-edicio-de-la-innbrew-assegurant-la-seva-continuitat\/#article","isPartOf":{"@id":"https:\/\/www.lafargalhospitalet.com\/ca\/exit-de-la-1a-edicio-de-la-innbrew-assegurant-la-seva-continuitat\/"},"author":{"name":"La Farga Centre d'Activitats","@id":"https:\/\/www.lafargalhospitalet.com\/#\/schema\/person\/6cbac0ef7748506b167ff859e1c7f378"},"headline":"\u00c8xit de la 1a edici\u00f3 de la InnBrew, assegurant la seva continu\u00eftat","datePublished":"2021-07-26T10:05:52+00:00","dateModified":"2025-11-03T17:27:23+00:00","mainEntityOfPage":{"@id":"https:\/\/www.lafargalhospitalet.com\/ca\/exit-de-la-1a-edicio-de-la-innbrew-assegurant-la-seva-continuitat\/"},"wordCount":588,"publisher":{"@id":"https:\/\/www.lafargalhospitalet.com\/#organization"},"image":{"@id":"https:\/\/www.lafargalhospitalet.com\/ca\/exit-de-la-1a-edicio-de-la-innbrew-assegurant-la-seva-continuitat\/#primaryimage"},"thumbnailUrl":"https:\/\/www.lafargalhospitalet.com\/wp-content\/uploads\/2021\/07\/InnBrew-Farga-resum.jpg","articleSection":["Noticies"],"inLanguage":"ca"},{"@type":"WebPage","@id":"https:\/\/www.lafargalhospitalet.com\/ca\/exit-de-la-1a-edicio-de-la-innbrew-assegurant-la-seva-continuitat\/","url":"https:\/\/www.lafargalhospitalet.com\/ca\/exit-de-la-1a-edicio-de-la-innbrew-assegurant-la-seva-continuitat\/","name":"\u00c8xit de la 1a edici\u00f3 de la InnBrew, assegurant la seva continu\u00eftat - La Farga L&#039;Hospitalet Centre d&#039;Activitats. La Farga GEM, S.A.","isPartOf":{"@id":"https:\/\/www.lafargalhospitalet.com\/#website"},"primaryImageOfPage":{"@id":"https:\/\/www.lafargalhospitalet.com\/ca\/exit-de-la-1a-edicio-de-la-innbrew-assegurant-la-seva-continuitat\/#primaryimage"},"image":{"@id":"https:\/\/www.lafargalhospitalet.com\/ca\/exit-de-la-1a-edicio-de-la-innbrew-assegurant-la-seva-continuitat\/#primaryimage"},"thumbnailUrl":"https:\/\/www.lafargalhospitalet.com\/wp-content\/uploads\/2021\/07\/InnBrew-Farga-resum.jpg","datePublished":"2021-07-26T10:05:52+00:00","dateModified":"2025-11-03T17:27:23+00:00","description":"L'Innbrew ha demostrat que el sector de la cervesa artesana t\u00e9 prou maduresa com per comptar amb un sal\u00f3 professional propi.","breadcrumb":{"@id":"https:\/\/www.lafargalhospitalet.com\/ca\/exit-de-la-1a-edicio-de-la-innbrew-assegurant-la-seva-continuitat\/#breadcrumb"},"inLanguage":"ca","potentialAction":[{"@type":"ReadAction","target":["https:\/\/www.lafargalhospitalet.com\/ca\/exit-de-la-1a-edicio-de-la-innbrew-assegurant-la-seva-continuitat\/"]}]},{"@type":"ImageObject","inLanguage":"ca","@id":"https:\/\/www.lafargalhospitalet.com\/ca\/exit-de-la-1a-edicio-de-la-innbrew-assegurant-la-seva-continuitat\/#primaryimage","url":"https:\/\/www.lafargalhospitalet.com\/wp-content\/uploads\/2021\/07\/InnBrew-Farga-resum.jpg","contentUrl":"https:\/\/www.lafargalhospitalet.com\/wp-content\/uploads\/2021\/07\/InnBrew-Farga-resum.jpg","width":730,"height":410,"caption":"InnBrew Farga Cervesa"},{"@type":"BreadcrumbList","@id":"https:\/\/www.lafargalhospitalet.com\/ca\/exit-de-la-1a-edicio-de-la-innbrew-assegurant-la-seva-continuitat\/#breadcrumb","itemListElement":[{"@type":"ListItem","position":1,"name":"Portada","item":"https:\/\/www.lafargalhospitalet.com\/"},{"@type":"ListItem","position":2,"name":"\u00c8xit de la 1a edici\u00f3 de la InnBrew, assegurant la seva continu\u00eftat"}]},{"@type":"WebSite","@id":"https:\/\/www.lafargalhospitalet.com\/#website","url":"https:\/\/www.lafargalhospitalet.com\/","name":"La Farga L'Hospitalet Centre d'Activitats. La Farga GEM, S.A.","description":"La Farga L&#039;Hospitalet Centre d&#039;Activitats. Gestionat per La Farga GEM, S.A. Fires i Congressos. Concerts, exposicions, reunions, filmacions, sopars de gala.","publisher":{"@id":"https:\/\/www.lafargalhospitalet.com\/#organization"},"potentialAction":[{"@type":"SearchAction","target":{"@type":"EntryPoint","urlTemplate":"https:\/\/www.lafargalhospitalet.com\/?s={search_term_string}"},"query-input":{"@type":"PropertyValueSpecification","valueRequired":true,"valueName":"search_term_string"}}],"inLanguage":"ca"},{"@type":"Organization","@id":"https:\/\/www.lafargalhospitalet.com\/#organization","name":"La Farga L'Hospitalet Centre d'Activitats. La Farga GEM, S.A.","url":"https:\/\/www.lafargalhospitalet.com\/","logo":{"@type":"ImageObject","inLanguage":"ca","@id":"https:\/\/www.lafargalhospitalet.com\/#\/schema\/logo\/image\/","url":"https:\/\/www.lafargalhospitalet.com\/wp-content\/uploads\/2025\/10\/logotipo_lafarga_centre_activitats.png","contentUrl":"https:\/\/www.lafargalhospitalet.com\/wp-content\/uploads\/2025\/10\/logotipo_lafarga_centre_activitats.png","width":266,"height":101,"caption":"La Farga L'Hospitalet Centre d'Activitats. La Farga GEM, S.A."},"image":{"@id":"https:\/\/www.lafargalhospitalet.com\/#\/schema\/logo\/image\/"},"sameAs":["https:\/\/www.facebook.com\/fargahospitalet\/","https:\/\/x.com\/fargahospitalet","https:\/\/www.instagram.com\/lafargahospitalet\/","https:\/\/www.youtube.com\/channel\/UCoLt6hen3PqGXgbLMGI3Qdw","https:\/\/www.flickr.com\/photos\/lafargagemsa\/albums"]},{"@type":"Person","@id":"https:\/\/www.lafargalhospitalet.com\/#\/schema\/person\/6cbac0ef7748506b167ff859e1c7f378","name":"La Farga Centre d'Activitats","sameAs":["https:\/\/www.lafargalhospitalet.com"],"url":"https:\/\/www.lafargalhospitalet.com\/ca\/author\/far25gmin\/"}]}},"_links":{"self":[{"href":"https:\/\/www.lafargalhospitalet.com\/ca\/wp-json\/wp\/v2\/posts\/8323","targetHints":{"allow":["GET"]}}],"collection":[{"href":"https:\/\/www.lafargalhospitalet.com\/ca\/wp-json\/wp\/v2\/posts"}],"about":[{"href":"https:\/\/www.lafargalhospitalet.com\/ca\/wp-json\/wp\/v2\/types\/post"}],"author":[{"embeddable":true,"href":"https:\/\/www.lafargalhospitalet.com\/ca\/wp-json\/wp\/v2\/users\/1"}],"replies":[{"embeddable":true,"href":"https:\/\/www.lafargalhospitalet.com\/ca\/wp-json\/wp\/v2\/comments?post=8323"}],"version-history":[{"count":0,"href":"https:\/\/www.lafargalhospitalet.com\/ca\/wp-json\/wp\/v2\/posts\/8323\/revisions"}],"wp:featuredmedia":[{"embeddable":true,"href":"https:\/\/www.lafargalhospitalet.com\/ca\/wp-json\/wp\/v2\/media\/8324"}],"wp:attachment":[{"href":"https:\/\/www.lafargalhospitalet.com\/ca\/wp-json\/wp\/v2\/media?parent=8323"}],"wp:term":[{"taxonomy":"category","embeddable":true,"href":"https:\/\/www.lafargalhospitalet.com\/ca\/wp-json\/wp\/v2\/categories?post=8323"},{"taxonomy":"post_tag","embeddable":true,"href":"https:\/\/www.lafargalhospitalet.com\/ca\/wp-json\/wp\/v2\/tags?post=8323"}],"curies":[{"name":"wp","href":"https:\/\/api.w.org\/{rel}","templated":true}]}}