{"id":8388,"date":"2021-09-29T10:29:30","date_gmt":"2021-09-29T09:29:30","guid":{"rendered":"http:\/\/www.lafargalhospitalet.com\/?p=8388"},"modified":"2025-11-03T18:27:23","modified_gmt":"2025-11-03T17:27:23","slug":"tanca-el-punt-de-vacunacio-de-la-farga-amb-gairebe-400-000-vacunes-administrades","status":"publish","type":"post","link":"https:\/\/www.lafargalhospitalet.com\/ca\/tanca-el-punt-de-vacunacio-de-la-farga-amb-gairebe-400-000-vacunes-administrades\/","title":{"rendered":"Tanca el punt de vacunaci\u00f3 de La Farga amb gaireb\u00e9 400.000 vacunes administrades"},"content":{"rendered":"\n<h5 class=\"wp-block-heading\">Els diferents espais de La Farga Congress han acollit durant 6 mesos un dels punts de vacunaci\u00f3 massiva de Catalunya.&nbsp;<\/h5>\n\n\n\n<p>Aquesta setmana La Farga deixar\u00e0 de ser punt de vacunaci\u00f3 massiva, un cop la pand\u00e8mia est\u00e0 remetent i tenir, a L&#8217;Hospitalet m\u00e9s dels 85% dels hospitalencs, vacunats amb una dosi, i el 75% amb la pauta completa. <\/p>\n\n\n\n<p>Aquest dimecres, la Secret\u00e0ria de <strong><a href=\"https:\/\/salutweb.gencat.cat\/ca\/inici\" target=\"_blank\" rel=\"noreferrer noopener\">Salut P\u00fablica<\/a><\/strong> de la Generalitat de Catalunya, la dra. Carmen Cabezas ha visitat la Farga, per agrair al personal la seva dedicaci\u00f3 i professionalitat durant els mesos que han estat en aquest centre de vacunaci\u00f3.<\/p>\n\n\n\n<p>Actualment, a L\u2019Hospitalet hi ha, a data 26 de setembre, 180.285 persones, el 75,26&nbsp;% de la poblaci\u00f3 de 12 anys en endavant, que han rebut la pauta completa de vacunaci\u00f3 (dues dosis o tres de Pfizer, Moderna o AstraZeneca o una dosi de Janssen). S\u00f3n 84.976 homes (el 73,96&nbsp;%) i 95.309 dones (el 76,47&nbsp;%).&nbsp;<\/p>\n\n\n\n<p>A la ciutat tamb\u00e9 hi ha el 85,02&nbsp;% de la poblaci\u00f3 de 12 anys en endavant vacunat almenys amb una dosi. I 801 persones amb patologies han rebut una tercera dosi de la vacuna.&nbsp;<\/p>\n\n\n\n<p>Per franges, els percentatges de les persones que han rebut la pauta completa s\u00f3n: el 96,7&nbsp;% del col\u00b7lectiu de m\u00e9s grans de 80 anys; el 91,40&nbsp;% del de 70 a 79 anys; m\u00e9s d\u2019un 87&nbsp;% del de 60 a 69; m\u00e9s del&nbsp; 84&nbsp;% del de 50 a 59; prop del 77&nbsp;% del de 40 a 49; prop del 60&nbsp;% de les persones que tenen de 15 a 39 anys, i m\u00e9s del 54&nbsp;% dels joves de 12 a 14 anys.&nbsp;<\/p>\n\n\n\n<p>Aquest dijous, 30 de setembre, tancar\u00e0 el punt de vacunaci\u00f3 massiva de La Farga i, paral\u00b7lelament, passaran a estar operatius com a punts estables per realitzar proves PCR els equipaments municipals de l\u2019antic local del Casal Can Serra (avinguda de Can Serra, 54) i de l\u2019antic Casal de l\u2019Ermita (carrer de l\u2019Ermita, 40). Aquest darrer punt, a Bellvitge, passa tamb\u00e9 a ser punt de vacunaci\u00f3 per a les persones que han rebut una primera dosi de la vacuna a La Farga.<\/p>\n","protected":false},"excerpt":{"rendered":"<p>Els diferents espais de La Farga Congress han acollit durant 6 mesos un dels punts de vacunaci\u00f3 massiva de Catalunya.<\/p>\n","protected":false},"author":1,"featured_media":8389,"comment_status":"closed","ping_status":"closed","sticky":false,"template":"","format":"standard","meta":{"_monsterinsights_skip_tracking":false,"_monsterinsights_sitenote_active":false,"_monsterinsights_sitenote_note":"","_monsterinsights_sitenote_category":0,"footnotes":""},"categories":[83],"tags":[],"class_list":["post-8388","post","type-post","status-publish","format-standard","has-post-thumbnail","hentry","category-noticies"],"yoast_head":"<!-- This site is optimized with the Yoast SEO plugin v27.5 - https:\/\/yoast.com\/product\/yoast-seo-wordpress\/ -->\n<title>Tanca el punt de vacunaci\u00f3 de La Farga amb gaireb\u00e9 400.000 vacunes administrades - La Farga L&#039;Hospitalet Centre d&#039;Activitats. La Farga GEM, S.A.<\/title>\n<meta name=\"description\" content=\"Els diferents espais de La Farga Congress han acollit durant 6 mesos un dels punts de vacunaci\u00f3 massiva del pa\u00eds.\" \/>\n<meta name=\"robots\" content=\"index, follow, max-snippet:-1, max-image-preview:large, max-video-preview:-1\" \/>\n<link rel=\"canonical\" href=\"https:\/\/www.lafargalhospitalet.com\/ca\/tanca-el-punt-de-vacunacio-de-la-farga-amb-gairebe-400-000-vacunes-administrades\/\" \/>\n<meta property=\"og:locale\" content=\"ca_ES\" \/>\n<meta property=\"og:type\" content=\"article\" \/>\n<meta property=\"og:title\" content=\"Tanca el punt de vacunaci\u00f3 de La Farga amb gaireb\u00e9 400.000 vacunes administrades - La Farga L&#039;Hospitalet Centre d&#039;Activitats. La Farga GEM, S.A.\" \/>\n<meta property=\"og:description\" content=\"Els diferents espais de La Farga Congress han acollit durant 6 mesos un dels punts de vacunaci\u00f3 massiva del pa\u00eds.\" \/>\n<meta property=\"og:url\" content=\"https:\/\/www.lafargalhospitalet.com\/ca\/tanca-el-punt-de-vacunacio-de-la-farga-amb-gairebe-400-000-vacunes-administrades\/\" \/>\n<meta property=\"og:site_name\" content=\"La Farga L&#039;Hospitalet Centre d&#039;Activitats. La Farga GEM, S.A.\" \/>\n<meta property=\"article:publisher\" content=\"https:\/\/www.facebook.com\/fargahospitalet\/\" \/>\n<meta property=\"article:published_time\" content=\"2021-09-29T09:29:30+00:00\" \/>\n<meta property=\"article:modified_time\" content=\"2025-11-03T17:27:23+00:00\" \/>\n<meta property=\"og:image\" content=\"https:\/\/www.lafargalhospitalet.com\/wp-content\/uploads\/2021\/09\/Vacunacio-LaFarga-21.jpg\" \/>\n\t<meta property=\"og:image:width\" content=\"730\" \/>\n\t<meta property=\"og:image:height\" content=\"410\" \/>\n\t<meta property=\"og:image:type\" content=\"image\/jpeg\" \/>\n<meta name=\"author\" content=\"La Farga Centre d&#039;Activitats\" \/>\n<meta name=\"twitter:card\" content=\"summary_large_image\" \/>\n<meta name=\"twitter:creator\" content=\"@fargahospitalet\" \/>\n<meta name=\"twitter:site\" content=\"@fargahospitalet\" \/>\n<meta name=\"twitter:label1\" content=\"Escrit per\" \/>\n\t<meta name=\"twitter:data1\" content=\"La Farga Centre d&#039;Activitats\" \/>\n\t<meta name=\"twitter:label2\" content=\"Temps estimat de lectura\" \/>\n\t<meta name=\"twitter:data2\" content=\"2 minuts\" \/>\n<script type=\"application\/ld+json\" class=\"yoast-schema-graph\">{\"@context\":\"https:\\\/\\\/schema.org\",\"@graph\":[{\"@type\":\"Article\",\"@id\":\"https:\\\/\\\/www.lafargalhospitalet.com\\\/ca\\\/tanca-el-punt-de-vacunacio-de-la-farga-amb-gairebe-400-000-vacunes-administrades\\\/#article\",\"isPartOf\":{\"@id\":\"https:\\\/\\\/www.lafargalhospitalet.com\\\/ca\\\/tanca-el-punt-de-vacunacio-de-la-farga-amb-gairebe-400-000-vacunes-administrades\\\/\"},\"author\":{\"name\":\"La Farga Centre d'Activitats\",\"@id\":\"https:\\\/\\\/www.lafargalhospitalet.com\\\/#\\\/schema\\\/person\\\/6cbac0ef7748506b167ff859e1c7f378\"},\"headline\":\"Tanca el punt de vacunaci\u00f3 de La Farga amb gaireb\u00e9 400.000 vacunes administrades\",\"datePublished\":\"2021-09-29T09:29:30+00:00\",\"dateModified\":\"2025-11-03T17:27:23+00:00\",\"mainEntityOfPage\":{\"@id\":\"https:\\\/\\\/www.lafargalhospitalet.com\\\/ca\\\/tanca-el-punt-de-vacunacio-de-la-farga-amb-gairebe-400-000-vacunes-administrades\\\/\"},\"wordCount\":356,\"publisher\":{\"@id\":\"https:\\\/\\\/www.lafargalhospitalet.com\\\/#organization\"},\"image\":{\"@id\":\"https:\\\/\\\/www.lafargalhospitalet.com\\\/ca\\\/tanca-el-punt-de-vacunacio-de-la-farga-amb-gairebe-400-000-vacunes-administrades\\\/#primaryimage\"},\"thumbnailUrl\":\"https:\\\/\\\/www.lafargalhospitalet.com\\\/wp-content\\\/uploads\\\/2021\\\/09\\\/Vacunacio-LaFarga-21.jpg\",\"articleSection\":[\"Noticies\"],\"inLanguage\":\"ca\"},{\"@type\":\"WebPage\",\"@id\":\"https:\\\/\\\/www.lafargalhospitalet.com\\\/ca\\\/tanca-el-punt-de-vacunacio-de-la-farga-amb-gairebe-400-000-vacunes-administrades\\\/\",\"url\":\"https:\\\/\\\/www.lafargalhospitalet.com\\\/ca\\\/tanca-el-punt-de-vacunacio-de-la-farga-amb-gairebe-400-000-vacunes-administrades\\\/\",\"name\":\"Tanca el punt de vacunaci\u00f3 de La Farga amb gaireb\u00e9 400.000 vacunes administrades - La Farga L&#039;Hospitalet Centre d&#039;Activitats. La Farga GEM, S.A.\",\"isPartOf\":{\"@id\":\"https:\\\/\\\/www.lafargalhospitalet.com\\\/#website\"},\"primaryImageOfPage\":{\"@id\":\"https:\\\/\\\/www.lafargalhospitalet.com\\\/ca\\\/tanca-el-punt-de-vacunacio-de-la-farga-amb-gairebe-400-000-vacunes-administrades\\\/#primaryimage\"},\"image\":{\"@id\":\"https:\\\/\\\/www.lafargalhospitalet.com\\\/ca\\\/tanca-el-punt-de-vacunacio-de-la-farga-amb-gairebe-400-000-vacunes-administrades\\\/#primaryimage\"},\"thumbnailUrl\":\"https:\\\/\\\/www.lafargalhospitalet.com\\\/wp-content\\\/uploads\\\/2021\\\/09\\\/Vacunacio-LaFarga-21.jpg\",\"datePublished\":\"2021-09-29T09:29:30+00:00\",\"dateModified\":\"2025-11-03T17:27:23+00:00\",\"description\":\"Els diferents espais de La Farga Congress han acollit durant 6 mesos un dels punts de vacunaci\u00f3 massiva del pa\u00eds.\",\"breadcrumb\":{\"@id\":\"https:\\\/\\\/www.lafargalhospitalet.com\\\/ca\\\/tanca-el-punt-de-vacunacio-de-la-farga-amb-gairebe-400-000-vacunes-administrades\\\/#breadcrumb\"},\"inLanguage\":\"ca\",\"potentialAction\":[{\"@type\":\"ReadAction\",\"target\":[\"https:\\\/\\\/www.lafargalhospitalet.com\\\/ca\\\/tanca-el-punt-de-vacunacio-de-la-farga-amb-gairebe-400-000-vacunes-administrades\\\/\"]}]},{\"@type\":\"ImageObject\",\"inLanguage\":\"ca\",\"@id\":\"https:\\\/\\\/www.lafargalhospitalet.com\\\/ca\\\/tanca-el-punt-de-vacunacio-de-la-farga-amb-gairebe-400-000-vacunes-administrades\\\/#primaryimage\",\"url\":\"https:\\\/\\\/www.lafargalhospitalet.com\\\/wp-content\\\/uploads\\\/2021\\\/09\\\/Vacunacio-LaFarga-21.jpg\",\"contentUrl\":\"https:\\\/\\\/www.lafargalhospitalet.com\\\/wp-content\\\/uploads\\\/2021\\\/09\\\/Vacunacio-LaFarga-21.jpg\",\"width\":730,\"height\":410,\"caption\":\"Vacunaci\u00f3 Farga\"},{\"@type\":\"BreadcrumbList\",\"@id\":\"https:\\\/\\\/www.lafargalhospitalet.com\\\/ca\\\/tanca-el-punt-de-vacunacio-de-la-farga-amb-gairebe-400-000-vacunes-administrades\\\/#breadcrumb\",\"itemListElement\":[{\"@type\":\"ListItem\",\"position\":1,\"name\":\"Portada\",\"item\":\"https:\\\/\\\/www.lafargalhospitalet.com\\\/\"},{\"@type\":\"ListItem\",\"position\":2,\"name\":\"Tanca el punt de vacunaci\u00f3 de La Farga amb gaireb\u00e9 400.000 vacunes administrades\"}]},{\"@type\":\"WebSite\",\"@id\":\"https:\\\/\\\/www.lafargalhospitalet.com\\\/#website\",\"url\":\"https:\\\/\\\/www.lafargalhospitalet.com\\\/\",\"name\":\"La Farga L'Hospitalet Centre d'Activitats. La Farga GEM, S.A.\",\"description\":\"La Farga L&#039;Hospitalet Centre d&#039;Activitats. Gestionat per La Farga GEM, S.A. Fires i Congressos. Concerts, exposicions, reunions, filmacions, sopars de gala.\",\"publisher\":{\"@id\":\"https:\\\/\\\/www.lafargalhospitalet.com\\\/#organization\"},\"potentialAction\":[{\"@type\":\"SearchAction\",\"target\":{\"@type\":\"EntryPoint\",\"urlTemplate\":\"https:\\\/\\\/www.lafargalhospitalet.com\\\/?s={search_term_string}\"},\"query-input\":{\"@type\":\"PropertyValueSpecification\",\"valueRequired\":true,\"valueName\":\"search_term_string\"}}],\"inLanguage\":\"ca\"},{\"@type\":\"Organization\",\"@id\":\"https:\\\/\\\/www.lafargalhospitalet.com\\\/#organization\",\"name\":\"La Farga L'Hospitalet Centre d'Activitats. La Farga GEM, S.A.\",\"url\":\"https:\\\/\\\/www.lafargalhospitalet.com\\\/\",\"logo\":{\"@type\":\"ImageObject\",\"inLanguage\":\"ca\",\"@id\":\"https:\\\/\\\/www.lafargalhospitalet.com\\\/#\\\/schema\\\/logo\\\/image\\\/\",\"url\":\"https:\\\/\\\/www.lafargalhospitalet.com\\\/wp-content\\\/uploads\\\/2025\\\/10\\\/logotipo_lafarga_centre_activitats.png\",\"contentUrl\":\"https:\\\/\\\/www.lafargalhospitalet.com\\\/wp-content\\\/uploads\\\/2025\\\/10\\\/logotipo_lafarga_centre_activitats.png\",\"width\":266,\"height\":101,\"caption\":\"La Farga L'Hospitalet Centre d'Activitats. La Farga GEM, S.A.\"},\"image\":{\"@id\":\"https:\\\/\\\/www.lafargalhospitalet.com\\\/#\\\/schema\\\/logo\\\/image\\\/\"},\"sameAs\":[\"https:\\\/\\\/www.facebook.com\\\/fargahospitalet\\\/\",\"https:\\\/\\\/x.com\\\/fargahospitalet\",\"https:\\\/\\\/www.instagram.com\\\/lafargahospitalet\\\/\",\"https:\\\/\\\/www.youtube.com\\\/channel\\\/UCoLt6hen3PqGXgbLMGI3Qdw\",\"https:\\\/\\\/www.flickr.com\\\/photos\\\/lafargagemsa\\\/albums\"]},{\"@type\":\"Person\",\"@id\":\"https:\\\/\\\/www.lafargalhospitalet.com\\\/#\\\/schema\\\/person\\\/6cbac0ef7748506b167ff859e1c7f378\",\"name\":\"La Farga Centre d'Activitats\",\"sameAs\":[\"https:\\\/\\\/www.lafargalhospitalet.com\"],\"url\":\"https:\\\/\\\/www.lafargalhospitalet.com\\\/ca\\\/author\\\/far25gmin\\\/\"}]}<\/script>\n<!-- \/ Yoast SEO plugin. -->","yoast_head_json":{"title":"Tanca el punt de vacunaci\u00f3 de La Farga amb gaireb\u00e9 400.000 vacunes administrades - La Farga L&#039;Hospitalet Centre d&#039;Activitats. La Farga GEM, S.A.","description":"Els diferents espais de La Farga Congress han acollit durant 6 mesos un dels punts de vacunaci\u00f3 massiva del pa\u00eds.","robots":{"index":"index","follow":"follow","max-snippet":"max-snippet:-1","max-image-preview":"max-image-preview:large","max-video-preview":"max-video-preview:-1"},"canonical":"https:\/\/www.lafargalhospitalet.com\/ca\/tanca-el-punt-de-vacunacio-de-la-farga-amb-gairebe-400-000-vacunes-administrades\/","og_locale":"ca_ES","og_type":"article","og_title":"Tanca el punt de vacunaci\u00f3 de La Farga amb gaireb\u00e9 400.000 vacunes administrades - La Farga L&#039;Hospitalet Centre d&#039;Activitats. La Farga GEM, S.A.","og_description":"Els diferents espais de La Farga Congress han acollit durant 6 mesos un dels punts de vacunaci\u00f3 massiva del pa\u00eds.","og_url":"https:\/\/www.lafargalhospitalet.com\/ca\/tanca-el-punt-de-vacunacio-de-la-farga-amb-gairebe-400-000-vacunes-administrades\/","og_site_name":"La Farga L&#039;Hospitalet Centre d&#039;Activitats. La Farga GEM, S.A.","article_publisher":"https:\/\/www.facebook.com\/fargahospitalet\/","article_published_time":"2021-09-29T09:29:30+00:00","article_modified_time":"2025-11-03T17:27:23+00:00","og_image":[{"width":730,"height":410,"url":"https:\/\/www.lafargalhospitalet.com\/wp-content\/uploads\/2021\/09\/Vacunacio-LaFarga-21.jpg","type":"image\/jpeg"}],"author":"La Farga Centre d'Activitats","twitter_card":"summary_large_image","twitter_creator":"@fargahospitalet","twitter_site":"@fargahospitalet","twitter_misc":{"Escrit per":"La Farga Centre d'Activitats","Temps estimat de lectura":"2 minuts"},"schema":{"@context":"https:\/\/schema.org","@graph":[{"@type":"Article","@id":"https:\/\/www.lafargalhospitalet.com\/ca\/tanca-el-punt-de-vacunacio-de-la-farga-amb-gairebe-400-000-vacunes-administrades\/#article","isPartOf":{"@id":"https:\/\/www.lafargalhospitalet.com\/ca\/tanca-el-punt-de-vacunacio-de-la-farga-amb-gairebe-400-000-vacunes-administrades\/"},"author":{"name":"La Farga Centre d'Activitats","@id":"https:\/\/www.lafargalhospitalet.com\/#\/schema\/person\/6cbac0ef7748506b167ff859e1c7f378"},"headline":"Tanca el punt de vacunaci\u00f3 de La Farga amb gaireb\u00e9 400.000 vacunes administrades","datePublished":"2021-09-29T09:29:30+00:00","dateModified":"2025-11-03T17:27:23+00:00","mainEntityOfPage":{"@id":"https:\/\/www.lafargalhospitalet.com\/ca\/tanca-el-punt-de-vacunacio-de-la-farga-amb-gairebe-400-000-vacunes-administrades\/"},"wordCount":356,"publisher":{"@id":"https:\/\/www.lafargalhospitalet.com\/#organization"},"image":{"@id":"https:\/\/www.lafargalhospitalet.com\/ca\/tanca-el-punt-de-vacunacio-de-la-farga-amb-gairebe-400-000-vacunes-administrades\/#primaryimage"},"thumbnailUrl":"https:\/\/www.lafargalhospitalet.com\/wp-content\/uploads\/2021\/09\/Vacunacio-LaFarga-21.jpg","articleSection":["Noticies"],"inLanguage":"ca"},{"@type":"WebPage","@id":"https:\/\/www.lafargalhospitalet.com\/ca\/tanca-el-punt-de-vacunacio-de-la-farga-amb-gairebe-400-000-vacunes-administrades\/","url":"https:\/\/www.lafargalhospitalet.com\/ca\/tanca-el-punt-de-vacunacio-de-la-farga-amb-gairebe-400-000-vacunes-administrades\/","name":"Tanca el punt de vacunaci\u00f3 de La Farga amb gaireb\u00e9 400.000 vacunes administrades - La Farga L&#039;Hospitalet Centre d&#039;Activitats. La Farga GEM, S.A.","isPartOf":{"@id":"https:\/\/www.lafargalhospitalet.com\/#website"},"primaryImageOfPage":{"@id":"https:\/\/www.lafargalhospitalet.com\/ca\/tanca-el-punt-de-vacunacio-de-la-farga-amb-gairebe-400-000-vacunes-administrades\/#primaryimage"},"image":{"@id":"https:\/\/www.lafargalhospitalet.com\/ca\/tanca-el-punt-de-vacunacio-de-la-farga-amb-gairebe-400-000-vacunes-administrades\/#primaryimage"},"thumbnailUrl":"https:\/\/www.lafargalhospitalet.com\/wp-content\/uploads\/2021\/09\/Vacunacio-LaFarga-21.jpg","datePublished":"2021-09-29T09:29:30+00:00","dateModified":"2025-11-03T17:27:23+00:00","description":"Els diferents espais de La Farga Congress han acollit durant 6 mesos un dels punts de vacunaci\u00f3 massiva del pa\u00eds.","breadcrumb":{"@id":"https:\/\/www.lafargalhospitalet.com\/ca\/tanca-el-punt-de-vacunacio-de-la-farga-amb-gairebe-400-000-vacunes-administrades\/#breadcrumb"},"inLanguage":"ca","potentialAction":[{"@type":"ReadAction","target":["https:\/\/www.lafargalhospitalet.com\/ca\/tanca-el-punt-de-vacunacio-de-la-farga-amb-gairebe-400-000-vacunes-administrades\/"]}]},{"@type":"ImageObject","inLanguage":"ca","@id":"https:\/\/www.lafargalhospitalet.com\/ca\/tanca-el-punt-de-vacunacio-de-la-farga-amb-gairebe-400-000-vacunes-administrades\/#primaryimage","url":"https:\/\/www.lafargalhospitalet.com\/wp-content\/uploads\/2021\/09\/Vacunacio-LaFarga-21.jpg","contentUrl":"https:\/\/www.lafargalhospitalet.com\/wp-content\/uploads\/2021\/09\/Vacunacio-LaFarga-21.jpg","width":730,"height":410,"caption":"Vacunaci\u00f3 Farga"},{"@type":"BreadcrumbList","@id":"https:\/\/www.lafargalhospitalet.com\/ca\/tanca-el-punt-de-vacunacio-de-la-farga-amb-gairebe-400-000-vacunes-administrades\/#breadcrumb","itemListElement":[{"@type":"ListItem","position":1,"name":"Portada","item":"https:\/\/www.lafargalhospitalet.com\/"},{"@type":"ListItem","position":2,"name":"Tanca el punt de vacunaci\u00f3 de La Farga amb gaireb\u00e9 400.000 vacunes administrades"}]},{"@type":"WebSite","@id":"https:\/\/www.lafargalhospitalet.com\/#website","url":"https:\/\/www.lafargalhospitalet.com\/","name":"La Farga L'Hospitalet Centre d'Activitats. La Farga GEM, S.A.","description":"La Farga L&#039;Hospitalet Centre d&#039;Activitats. Gestionat per La Farga GEM, S.A. Fires i Congressos. Concerts, exposicions, reunions, filmacions, sopars de gala.","publisher":{"@id":"https:\/\/www.lafargalhospitalet.com\/#organization"},"potentialAction":[{"@type":"SearchAction","target":{"@type":"EntryPoint","urlTemplate":"https:\/\/www.lafargalhospitalet.com\/?s={search_term_string}"},"query-input":{"@type":"PropertyValueSpecification","valueRequired":true,"valueName":"search_term_string"}}],"inLanguage":"ca"},{"@type":"Organization","@id":"https:\/\/www.lafargalhospitalet.com\/#organization","name":"La Farga L'Hospitalet Centre d'Activitats. La Farga GEM, S.A.","url":"https:\/\/www.lafargalhospitalet.com\/","logo":{"@type":"ImageObject","inLanguage":"ca","@id":"https:\/\/www.lafargalhospitalet.com\/#\/schema\/logo\/image\/","url":"https:\/\/www.lafargalhospitalet.com\/wp-content\/uploads\/2025\/10\/logotipo_lafarga_centre_activitats.png","contentUrl":"https:\/\/www.lafargalhospitalet.com\/wp-content\/uploads\/2025\/10\/logotipo_lafarga_centre_activitats.png","width":266,"height":101,"caption":"La Farga L'Hospitalet Centre d'Activitats. La Farga GEM, S.A."},"image":{"@id":"https:\/\/www.lafargalhospitalet.com\/#\/schema\/logo\/image\/"},"sameAs":["https:\/\/www.facebook.com\/fargahospitalet\/","https:\/\/x.com\/fargahospitalet","https:\/\/www.instagram.com\/lafargahospitalet\/","https:\/\/www.youtube.com\/channel\/UCoLt6hen3PqGXgbLMGI3Qdw","https:\/\/www.flickr.com\/photos\/lafargagemsa\/albums"]},{"@type":"Person","@id":"https:\/\/www.lafargalhospitalet.com\/#\/schema\/person\/6cbac0ef7748506b167ff859e1c7f378","name":"La Farga Centre d'Activitats","sameAs":["https:\/\/www.lafargalhospitalet.com"],"url":"https:\/\/www.lafargalhospitalet.com\/ca\/author\/far25gmin\/"}]}},"_links":{"self":[{"href":"https:\/\/www.lafargalhospitalet.com\/ca\/wp-json\/wp\/v2\/posts\/8388","targetHints":{"allow":["GET"]}}],"collection":[{"href":"https:\/\/www.lafargalhospitalet.com\/ca\/wp-json\/wp\/v2\/posts"}],"about":[{"href":"https:\/\/www.lafargalhospitalet.com\/ca\/wp-json\/wp\/v2\/types\/post"}],"author":[{"embeddable":true,"href":"https:\/\/www.lafargalhospitalet.com\/ca\/wp-json\/wp\/v2\/users\/1"}],"replies":[{"embeddable":true,"href":"https:\/\/www.lafargalhospitalet.com\/ca\/wp-json\/wp\/v2\/comments?post=8388"}],"version-history":[{"count":0,"href":"https:\/\/www.lafargalhospitalet.com\/ca\/wp-json\/wp\/v2\/posts\/8388\/revisions"}],"wp:featuredmedia":[{"embeddable":true,"href":"https:\/\/www.lafargalhospitalet.com\/ca\/wp-json\/wp\/v2\/media\/8389"}],"wp:attachment":[{"href":"https:\/\/www.lafargalhospitalet.com\/ca\/wp-json\/wp\/v2\/media?parent=8388"}],"wp:term":[{"taxonomy":"category","embeddable":true,"href":"https:\/\/www.lafargalhospitalet.com\/ca\/wp-json\/wp\/v2\/categories?post=8388"},{"taxonomy":"post_tag","embeddable":true,"href":"https:\/\/www.lafargalhospitalet.com\/ca\/wp-json\/wp\/v2\/tags?post=8388"}],"curies":[{"name":"wp","href":"https:\/\/api.w.org\/{rel}","templated":true}]}}