{"id":8432,"date":"2021-11-04T13:55:11","date_gmt":"2021-11-04T12:55:11","guid":{"rendered":"http:\/\/www.lafargalhospitalet.com\/?p=8432"},"modified":"2025-11-03T18:27:23","modified_gmt":"2025-11-03T17:27:23","slug":"torna-expoterraria-el-salo-de-reptils-amfibis-peixos-invertebrats-i-petits-mamifers","status":"publish","type":"post","link":"https:\/\/www.lafargalhospitalet.com\/ca\/torna-expoterraria-el-salo-de-reptils-amfibis-peixos-invertebrats-i-petits-mamifers\/","title":{"rendered":"Torna Expoterraria, el sal\u00f3 de r\u00e8ptils, amfibis, peixos, invertebrats i petits mam\u00edfers"},"content":{"rendered":"\n<h5 class=\"wp-block-heading\">Dissabte, 6 de novembre, de 9.30 a 19 h a La Farga Centre d\u2019Activitats<\/h5>\n\n\n\n<p><strong><a href=\"https:\/\/expoterraria.es\/barcelona\" target=\"_blank\" rel=\"noreferrer noopener\">Aquest certamen<\/a><\/strong>, tot un cl\u00e0ssic a\u00a0<strong><a href=\"https:\/\/www.lafargalhospitalet.com\/expoterraria19-amb-mes-novetats\/\" target=\"_blank\" rel=\"noreferrer noopener\">La Farga de L\u2019Hospitalet<\/a><\/strong>, \u00e9s la concentraci\u00f3 m\u00e9s gran d\u2019aficionats del sud d\u2019Europa. Expoterraria celebra enguany la seva 54a edici\u00f3.<br><br>Entre les diferents activitats d\u2019Expoterraria 2021 podr\u00e0s gaudir de pon\u00e8ncies, tallers i exhibici\u00f3 de muntatges. Enguany destaca aquest programa d\u2019activitats:<\/p>\n\n\n\n<p>11 h i 16 h.&nbsp;<em>TALLER D\u2019INVERTEBRATS EDUCATIU INFANTIL\/JUVENIL<\/em>. A c\u00e0rrec de&nbsp;<strong>SERGI ROMEU VALL\u00c8S<\/strong>&nbsp;de Fasmids.com.<br><br>11 h i 16 h. Pon\u00e8ncia:&nbsp;<em>QU\u00c8 PINTA UN VETERINARI EN UN M\u00d3N D\u2019AFICIONATS ALS R\u00c8PTILS I AMFIBIS?<\/em>&nbsp;A c\u00e0rrec de&nbsp;<strong>XAVI VALLS<\/strong>&nbsp;VETERINARI EX\u00d2TICS.<br><br>12 h i 17 h. Pon\u00e8ncia:&nbsp;<em>MALALTIES GREUS EN TORTUGUES TERRESTRES: VIRUS I BACTERIES AMB GRAN IMPACTE EN CAUTIVITAT I LLIBERTAT<\/em>. A c\u00e0rrec d\u2019<strong>ALBERT MART\u00cdNEZ-SILVESTRE<\/strong>&nbsp;de CRARC (Centre de Recuperaci\u00f3 d\u2019Amf\u00edbis i R\u00e8ptils de Catalunya).<br><br>12 h. Workshop:&nbsp;<em>MUNTATGE D\u2019UN BIOTOP DEL LLAC INL\u00c9<\/em>. A c\u00e0rrec de&nbsp;<strong>NICOL\u00c1S RODR\u00cdGUEZ LUCHORO<\/strong>&nbsp;de Little Tree Design Biotopes.<br><br>13 h i 18 h. Pon\u00e8ncia:&nbsp;<em>CONTROL DE\u200c MALALTIES EN \u200cAMFIBIS SILVESTRES\u200c I CAUTIUS<\/em>. A c\u00e0rrec de&nbsp;<strong>BARBORA THUMSOV\u00c1<\/strong>&nbsp;i&nbsp;<strong>JAIME BOSCH<\/strong>&nbsp;de SOSamfibis.<br><br>17 h. Workshop:&nbsp;<em>MUNTATGE D\u2019UN PALUDARI<\/em>. A c\u00e0rrec de&nbsp;<strong>BALBI VAQUERO<\/strong>&nbsp;d\u2019Aquaflora i&nbsp;<strong>ALEJANDRO R\u00cdOS<\/strong>&nbsp;de Little Tree Design Biotopes.<br><br>Totes les activitats tenen una durada aproximada de 45 minuts.<\/p>\n","protected":false},"excerpt":{"rendered":"<p>Aquest certamen, tot un cl\u00e0ssic a La Farga de L\u2019Hospitalet, \u00e9s la concentraci\u00f3 m\u00e9s gran d\u2019aficionats del sud d\u2019Europa. Expoterraria celebra enguany la seva 54a edici\u00f3.<\/p>\n","protected":false},"author":1,"featured_media":8433,"comment_status":"closed","ping_status":"closed","sticky":false,"template":"","format":"standard","meta":{"_monsterinsights_skip_tracking":false,"_monsterinsights_sitenote_active":false,"_monsterinsights_sitenote_note":"","_monsterinsights_sitenote_category":0,"footnotes":""},"categories":[83],"tags":[],"class_list":["post-8432","post","type-post","status-publish","format-standard","has-post-thumbnail","hentry","category-noticies"],"yoast_head":"<!-- This site is optimized with the Yoast SEO plugin v27.5 - https:\/\/yoast.com\/product\/yoast-seo-wordpress\/ -->\n<title>Torna Expoterraria, el sal\u00f3 de r\u00e8ptils, amfibis, peixos, invertebrats i petits mam\u00edfers - La Farga L&#039;Hospitalet Centre d&#039;Activitats. La Farga GEM, S.A.<\/title>\n<meta name=\"description\" content=\"Expoterraria, tot un cl\u00e0ssic a La Farga de L\u2019Hospitalet, \u00e9s la concentraci\u00f3 m\u00e9s gran d\u2019aficionats del sud d\u2019Europa.\" \/>\n<meta name=\"robots\" content=\"index, follow, max-snippet:-1, max-image-preview:large, max-video-preview:-1\" \/>\n<link rel=\"canonical\" href=\"https:\/\/www.lafargalhospitalet.com\/ca\/torna-expoterraria-el-salo-de-reptils-amfibis-peixos-invertebrats-i-petits-mamifers\/\" \/>\n<meta property=\"og:locale\" content=\"ca_ES\" \/>\n<meta property=\"og:type\" content=\"article\" \/>\n<meta property=\"og:title\" content=\"Torna Expoterraria, el sal\u00f3 de r\u00e8ptils, amfibis, peixos, invertebrats i petits mam\u00edfers - La Farga L&#039;Hospitalet Centre d&#039;Activitats. La Farga GEM, S.A.\" \/>\n<meta property=\"og:description\" content=\"Expoterraria, tot un cl\u00e0ssic a La Farga de L\u2019Hospitalet, \u00e9s la concentraci\u00f3 m\u00e9s gran d\u2019aficionats del sud d\u2019Europa.\" \/>\n<meta property=\"og:url\" content=\"https:\/\/www.lafargalhospitalet.com\/ca\/torna-expoterraria-el-salo-de-reptils-amfibis-peixos-invertebrats-i-petits-mamifers\/\" \/>\n<meta property=\"og:site_name\" content=\"La Farga L&#039;Hospitalet Centre d&#039;Activitats. La Farga GEM, S.A.\" \/>\n<meta property=\"article:publisher\" content=\"https:\/\/www.facebook.com\/fargahospitalet\/\" \/>\n<meta property=\"article:published_time\" content=\"2021-11-04T12:55:11+00:00\" \/>\n<meta property=\"article:modified_time\" content=\"2025-11-03T17:27:23+00:00\" \/>\n<meta property=\"og:image\" content=\"https:\/\/www.lafargalhospitalet.com\/wp-content\/uploads\/2021\/11\/EXPOTERRARIA21-Farga.jpg\" \/>\n\t<meta property=\"og:image:width\" content=\"730\" \/>\n\t<meta property=\"og:image:height\" content=\"410\" \/>\n\t<meta property=\"og:image:type\" content=\"image\/jpeg\" \/>\n<meta name=\"author\" content=\"La Farga Centre d&#039;Activitats\" \/>\n<meta name=\"twitter:card\" content=\"summary_large_image\" \/>\n<meta name=\"twitter:creator\" content=\"@fargahospitalet\" \/>\n<meta name=\"twitter:site\" content=\"@fargahospitalet\" \/>\n<meta name=\"twitter:label1\" content=\"Escrit per\" \/>\n\t<meta name=\"twitter:data1\" content=\"La Farga Centre d&#039;Activitats\" \/>\n\t<meta name=\"twitter:label2\" content=\"Temps estimat de lectura\" \/>\n\t<meta name=\"twitter:data2\" content=\"1 minut\" \/>\n<script type=\"application\/ld+json\" class=\"yoast-schema-graph\">{\"@context\":\"https:\\\/\\\/schema.org\",\"@graph\":[{\"@type\":\"Article\",\"@id\":\"https:\\\/\\\/www.lafargalhospitalet.com\\\/ca\\\/torna-expoterraria-el-salo-de-reptils-amfibis-peixos-invertebrats-i-petits-mamifers\\\/#article\",\"isPartOf\":{\"@id\":\"https:\\\/\\\/www.lafargalhospitalet.com\\\/ca\\\/torna-expoterraria-el-salo-de-reptils-amfibis-peixos-invertebrats-i-petits-mamifers\\\/\"},\"author\":{\"name\":\"La Farga Centre d'Activitats\",\"@id\":\"https:\\\/\\\/www.lafargalhospitalet.com\\\/#\\\/schema\\\/person\\\/6cbac0ef7748506b167ff859e1c7f378\"},\"headline\":\"Torna Expoterraria, el sal\u00f3 de r\u00e8ptils, amfibis, peixos, invertebrats i petits mam\u00edfers\",\"datePublished\":\"2021-11-04T12:55:11+00:00\",\"dateModified\":\"2025-11-03T17:27:23+00:00\",\"mainEntityOfPage\":{\"@id\":\"https:\\\/\\\/www.lafargalhospitalet.com\\\/ca\\\/torna-expoterraria-el-salo-de-reptils-amfibis-peixos-invertebrats-i-petits-mamifers\\\/\"},\"wordCount\":270,\"publisher\":{\"@id\":\"https:\\\/\\\/www.lafargalhospitalet.com\\\/#organization\"},\"image\":{\"@id\":\"https:\\\/\\\/www.lafargalhospitalet.com\\\/ca\\\/torna-expoterraria-el-salo-de-reptils-amfibis-peixos-invertebrats-i-petits-mamifers\\\/#primaryimage\"},\"thumbnailUrl\":\"https:\\\/\\\/www.lafargalhospitalet.com\\\/wp-content\\\/uploads\\\/2021\\\/11\\\/EXPOTERRARIA21-Farga.jpg\",\"articleSection\":[\"Noticies\"],\"inLanguage\":\"ca\"},{\"@type\":\"WebPage\",\"@id\":\"https:\\\/\\\/www.lafargalhospitalet.com\\\/ca\\\/torna-expoterraria-el-salo-de-reptils-amfibis-peixos-invertebrats-i-petits-mamifers\\\/\",\"url\":\"https:\\\/\\\/www.lafargalhospitalet.com\\\/ca\\\/torna-expoterraria-el-salo-de-reptils-amfibis-peixos-invertebrats-i-petits-mamifers\\\/\",\"name\":\"Torna Expoterraria, el sal\u00f3 de r\u00e8ptils, amfibis, peixos, invertebrats i petits mam\u00edfers - La Farga L&#039;Hospitalet Centre d&#039;Activitats. La Farga GEM, S.A.\",\"isPartOf\":{\"@id\":\"https:\\\/\\\/www.lafargalhospitalet.com\\\/#website\"},\"primaryImageOfPage\":{\"@id\":\"https:\\\/\\\/www.lafargalhospitalet.com\\\/ca\\\/torna-expoterraria-el-salo-de-reptils-amfibis-peixos-invertebrats-i-petits-mamifers\\\/#primaryimage\"},\"image\":{\"@id\":\"https:\\\/\\\/www.lafargalhospitalet.com\\\/ca\\\/torna-expoterraria-el-salo-de-reptils-amfibis-peixos-invertebrats-i-petits-mamifers\\\/#primaryimage\"},\"thumbnailUrl\":\"https:\\\/\\\/www.lafargalhospitalet.com\\\/wp-content\\\/uploads\\\/2021\\\/11\\\/EXPOTERRARIA21-Farga.jpg\",\"datePublished\":\"2021-11-04T12:55:11+00:00\",\"dateModified\":\"2025-11-03T17:27:23+00:00\",\"description\":\"Expoterraria, tot un cl\u00e0ssic a La Farga de L\u2019Hospitalet, \u00e9s la concentraci\u00f3 m\u00e9s gran d\u2019aficionats del sud d\u2019Europa.\",\"breadcrumb\":{\"@id\":\"https:\\\/\\\/www.lafargalhospitalet.com\\\/ca\\\/torna-expoterraria-el-salo-de-reptils-amfibis-peixos-invertebrats-i-petits-mamifers\\\/#breadcrumb\"},\"inLanguage\":\"ca\",\"potentialAction\":[{\"@type\":\"ReadAction\",\"target\":[\"https:\\\/\\\/www.lafargalhospitalet.com\\\/ca\\\/torna-expoterraria-el-salo-de-reptils-amfibis-peixos-invertebrats-i-petits-mamifers\\\/\"]}]},{\"@type\":\"ImageObject\",\"inLanguage\":\"ca\",\"@id\":\"https:\\\/\\\/www.lafargalhospitalet.com\\\/ca\\\/torna-expoterraria-el-salo-de-reptils-amfibis-peixos-invertebrats-i-petits-mamifers\\\/#primaryimage\",\"url\":\"https:\\\/\\\/www.lafargalhospitalet.com\\\/wp-content\\\/uploads\\\/2021\\\/11\\\/EXPOTERRARIA21-Farga.jpg\",\"contentUrl\":\"https:\\\/\\\/www.lafargalhospitalet.com\\\/wp-content\\\/uploads\\\/2021\\\/11\\\/EXPOTERRARIA21-Farga.jpg\",\"width\":730,\"height\":410,\"caption\":\"Expoterraria\"},{\"@type\":\"BreadcrumbList\",\"@id\":\"https:\\\/\\\/www.lafargalhospitalet.com\\\/ca\\\/torna-expoterraria-el-salo-de-reptils-amfibis-peixos-invertebrats-i-petits-mamifers\\\/#breadcrumb\",\"itemListElement\":[{\"@type\":\"ListItem\",\"position\":1,\"name\":\"Portada\",\"item\":\"https:\\\/\\\/www.lafargalhospitalet.com\\\/\"},{\"@type\":\"ListItem\",\"position\":2,\"name\":\"Torna Expoterraria, el sal\u00f3 de r\u00e8ptils, amfibis, peixos, invertebrats i petits mam\u00edfers\"}]},{\"@type\":\"WebSite\",\"@id\":\"https:\\\/\\\/www.lafargalhospitalet.com\\\/#website\",\"url\":\"https:\\\/\\\/www.lafargalhospitalet.com\\\/\",\"name\":\"La Farga L'Hospitalet Centre d'Activitats. La Farga GEM, S.A.\",\"description\":\"La Farga L&#039;Hospitalet Centre d&#039;Activitats. Gestionat per La Farga GEM, S.A. Fires i Congressos. Concerts, exposicions, reunions, filmacions, sopars de gala.\",\"publisher\":{\"@id\":\"https:\\\/\\\/www.lafargalhospitalet.com\\\/#organization\"},\"potentialAction\":[{\"@type\":\"SearchAction\",\"target\":{\"@type\":\"EntryPoint\",\"urlTemplate\":\"https:\\\/\\\/www.lafargalhospitalet.com\\\/?s={search_term_string}\"},\"query-input\":{\"@type\":\"PropertyValueSpecification\",\"valueRequired\":true,\"valueName\":\"search_term_string\"}}],\"inLanguage\":\"ca\"},{\"@type\":\"Organization\",\"@id\":\"https:\\\/\\\/www.lafargalhospitalet.com\\\/#organization\",\"name\":\"La Farga L'Hospitalet Centre d'Activitats. La Farga GEM, S.A.\",\"url\":\"https:\\\/\\\/www.lafargalhospitalet.com\\\/\",\"logo\":{\"@type\":\"ImageObject\",\"inLanguage\":\"ca\",\"@id\":\"https:\\\/\\\/www.lafargalhospitalet.com\\\/#\\\/schema\\\/logo\\\/image\\\/\",\"url\":\"https:\\\/\\\/www.lafargalhospitalet.com\\\/wp-content\\\/uploads\\\/2025\\\/10\\\/logotipo_lafarga_centre_activitats.png\",\"contentUrl\":\"https:\\\/\\\/www.lafargalhospitalet.com\\\/wp-content\\\/uploads\\\/2025\\\/10\\\/logotipo_lafarga_centre_activitats.png\",\"width\":266,\"height\":101,\"caption\":\"La Farga L'Hospitalet Centre d'Activitats. La Farga GEM, S.A.\"},\"image\":{\"@id\":\"https:\\\/\\\/www.lafargalhospitalet.com\\\/#\\\/schema\\\/logo\\\/image\\\/\"},\"sameAs\":[\"https:\\\/\\\/www.facebook.com\\\/fargahospitalet\\\/\",\"https:\\\/\\\/x.com\\\/fargahospitalet\",\"https:\\\/\\\/www.instagram.com\\\/lafargahospitalet\\\/\",\"https:\\\/\\\/www.youtube.com\\\/channel\\\/UCoLt6hen3PqGXgbLMGI3Qdw\",\"https:\\\/\\\/www.flickr.com\\\/photos\\\/lafargagemsa\\\/albums\"]},{\"@type\":\"Person\",\"@id\":\"https:\\\/\\\/www.lafargalhospitalet.com\\\/#\\\/schema\\\/person\\\/6cbac0ef7748506b167ff859e1c7f378\",\"name\":\"La Farga Centre d'Activitats\",\"sameAs\":[\"https:\\\/\\\/www.lafargalhospitalet.com\"],\"url\":\"https:\\\/\\\/www.lafargalhospitalet.com\\\/ca\\\/author\\\/far25gmin\\\/\"}]}<\/script>\n<!-- \/ Yoast SEO plugin. -->","yoast_head_json":{"title":"Torna Expoterraria, el sal\u00f3 de r\u00e8ptils, amfibis, peixos, invertebrats i petits mam\u00edfers - La Farga L&#039;Hospitalet Centre d&#039;Activitats. La Farga GEM, S.A.","description":"Expoterraria, tot un cl\u00e0ssic a La Farga de L\u2019Hospitalet, \u00e9s la concentraci\u00f3 m\u00e9s gran d\u2019aficionats del sud d\u2019Europa.","robots":{"index":"index","follow":"follow","max-snippet":"max-snippet:-1","max-image-preview":"max-image-preview:large","max-video-preview":"max-video-preview:-1"},"canonical":"https:\/\/www.lafargalhospitalet.com\/ca\/torna-expoterraria-el-salo-de-reptils-amfibis-peixos-invertebrats-i-petits-mamifers\/","og_locale":"ca_ES","og_type":"article","og_title":"Torna Expoterraria, el sal\u00f3 de r\u00e8ptils, amfibis, peixos, invertebrats i petits mam\u00edfers - La Farga L&#039;Hospitalet Centre d&#039;Activitats. La Farga GEM, S.A.","og_description":"Expoterraria, tot un cl\u00e0ssic a La Farga de L\u2019Hospitalet, \u00e9s la concentraci\u00f3 m\u00e9s gran d\u2019aficionats del sud d\u2019Europa.","og_url":"https:\/\/www.lafargalhospitalet.com\/ca\/torna-expoterraria-el-salo-de-reptils-amfibis-peixos-invertebrats-i-petits-mamifers\/","og_site_name":"La Farga L&#039;Hospitalet Centre d&#039;Activitats. La Farga GEM, S.A.","article_publisher":"https:\/\/www.facebook.com\/fargahospitalet\/","article_published_time":"2021-11-04T12:55:11+00:00","article_modified_time":"2025-11-03T17:27:23+00:00","og_image":[{"width":730,"height":410,"url":"https:\/\/www.lafargalhospitalet.com\/wp-content\/uploads\/2021\/11\/EXPOTERRARIA21-Farga.jpg","type":"image\/jpeg"}],"author":"La Farga Centre d'Activitats","twitter_card":"summary_large_image","twitter_creator":"@fargahospitalet","twitter_site":"@fargahospitalet","twitter_misc":{"Escrit per":"La Farga Centre d'Activitats","Temps estimat de lectura":"1 minut"},"schema":{"@context":"https:\/\/schema.org","@graph":[{"@type":"Article","@id":"https:\/\/www.lafargalhospitalet.com\/ca\/torna-expoterraria-el-salo-de-reptils-amfibis-peixos-invertebrats-i-petits-mamifers\/#article","isPartOf":{"@id":"https:\/\/www.lafargalhospitalet.com\/ca\/torna-expoterraria-el-salo-de-reptils-amfibis-peixos-invertebrats-i-petits-mamifers\/"},"author":{"name":"La Farga Centre d'Activitats","@id":"https:\/\/www.lafargalhospitalet.com\/#\/schema\/person\/6cbac0ef7748506b167ff859e1c7f378"},"headline":"Torna Expoterraria, el sal\u00f3 de r\u00e8ptils, amfibis, peixos, invertebrats i petits mam\u00edfers","datePublished":"2021-11-04T12:55:11+00:00","dateModified":"2025-11-03T17:27:23+00:00","mainEntityOfPage":{"@id":"https:\/\/www.lafargalhospitalet.com\/ca\/torna-expoterraria-el-salo-de-reptils-amfibis-peixos-invertebrats-i-petits-mamifers\/"},"wordCount":270,"publisher":{"@id":"https:\/\/www.lafargalhospitalet.com\/#organization"},"image":{"@id":"https:\/\/www.lafargalhospitalet.com\/ca\/torna-expoterraria-el-salo-de-reptils-amfibis-peixos-invertebrats-i-petits-mamifers\/#primaryimage"},"thumbnailUrl":"https:\/\/www.lafargalhospitalet.com\/wp-content\/uploads\/2021\/11\/EXPOTERRARIA21-Farga.jpg","articleSection":["Noticies"],"inLanguage":"ca"},{"@type":"WebPage","@id":"https:\/\/www.lafargalhospitalet.com\/ca\/torna-expoterraria-el-salo-de-reptils-amfibis-peixos-invertebrats-i-petits-mamifers\/","url":"https:\/\/www.lafargalhospitalet.com\/ca\/torna-expoterraria-el-salo-de-reptils-amfibis-peixos-invertebrats-i-petits-mamifers\/","name":"Torna Expoterraria, el sal\u00f3 de r\u00e8ptils, amfibis, peixos, invertebrats i petits mam\u00edfers - La Farga L&#039;Hospitalet Centre d&#039;Activitats. La Farga GEM, S.A.","isPartOf":{"@id":"https:\/\/www.lafargalhospitalet.com\/#website"},"primaryImageOfPage":{"@id":"https:\/\/www.lafargalhospitalet.com\/ca\/torna-expoterraria-el-salo-de-reptils-amfibis-peixos-invertebrats-i-petits-mamifers\/#primaryimage"},"image":{"@id":"https:\/\/www.lafargalhospitalet.com\/ca\/torna-expoterraria-el-salo-de-reptils-amfibis-peixos-invertebrats-i-petits-mamifers\/#primaryimage"},"thumbnailUrl":"https:\/\/www.lafargalhospitalet.com\/wp-content\/uploads\/2021\/11\/EXPOTERRARIA21-Farga.jpg","datePublished":"2021-11-04T12:55:11+00:00","dateModified":"2025-11-03T17:27:23+00:00","description":"Expoterraria, tot un cl\u00e0ssic a La Farga de L\u2019Hospitalet, \u00e9s la concentraci\u00f3 m\u00e9s gran d\u2019aficionats del sud d\u2019Europa.","breadcrumb":{"@id":"https:\/\/www.lafargalhospitalet.com\/ca\/torna-expoterraria-el-salo-de-reptils-amfibis-peixos-invertebrats-i-petits-mamifers\/#breadcrumb"},"inLanguage":"ca","potentialAction":[{"@type":"ReadAction","target":["https:\/\/www.lafargalhospitalet.com\/ca\/torna-expoterraria-el-salo-de-reptils-amfibis-peixos-invertebrats-i-petits-mamifers\/"]}]},{"@type":"ImageObject","inLanguage":"ca","@id":"https:\/\/www.lafargalhospitalet.com\/ca\/torna-expoterraria-el-salo-de-reptils-amfibis-peixos-invertebrats-i-petits-mamifers\/#primaryimage","url":"https:\/\/www.lafargalhospitalet.com\/wp-content\/uploads\/2021\/11\/EXPOTERRARIA21-Farga.jpg","contentUrl":"https:\/\/www.lafargalhospitalet.com\/wp-content\/uploads\/2021\/11\/EXPOTERRARIA21-Farga.jpg","width":730,"height":410,"caption":"Expoterraria"},{"@type":"BreadcrumbList","@id":"https:\/\/www.lafargalhospitalet.com\/ca\/torna-expoterraria-el-salo-de-reptils-amfibis-peixos-invertebrats-i-petits-mamifers\/#breadcrumb","itemListElement":[{"@type":"ListItem","position":1,"name":"Portada","item":"https:\/\/www.lafargalhospitalet.com\/"},{"@type":"ListItem","position":2,"name":"Torna Expoterraria, el sal\u00f3 de r\u00e8ptils, amfibis, peixos, invertebrats i petits mam\u00edfers"}]},{"@type":"WebSite","@id":"https:\/\/www.lafargalhospitalet.com\/#website","url":"https:\/\/www.lafargalhospitalet.com\/","name":"La Farga L'Hospitalet Centre d'Activitats. La Farga GEM, S.A.","description":"La Farga L&#039;Hospitalet Centre d&#039;Activitats. Gestionat per La Farga GEM, S.A. Fires i Congressos. Concerts, exposicions, reunions, filmacions, sopars de gala.","publisher":{"@id":"https:\/\/www.lafargalhospitalet.com\/#organization"},"potentialAction":[{"@type":"SearchAction","target":{"@type":"EntryPoint","urlTemplate":"https:\/\/www.lafargalhospitalet.com\/?s={search_term_string}"},"query-input":{"@type":"PropertyValueSpecification","valueRequired":true,"valueName":"search_term_string"}}],"inLanguage":"ca"},{"@type":"Organization","@id":"https:\/\/www.lafargalhospitalet.com\/#organization","name":"La Farga L'Hospitalet Centre d'Activitats. La Farga GEM, S.A.","url":"https:\/\/www.lafargalhospitalet.com\/","logo":{"@type":"ImageObject","inLanguage":"ca","@id":"https:\/\/www.lafargalhospitalet.com\/#\/schema\/logo\/image\/","url":"https:\/\/www.lafargalhospitalet.com\/wp-content\/uploads\/2025\/10\/logotipo_lafarga_centre_activitats.png","contentUrl":"https:\/\/www.lafargalhospitalet.com\/wp-content\/uploads\/2025\/10\/logotipo_lafarga_centre_activitats.png","width":266,"height":101,"caption":"La Farga L'Hospitalet Centre d'Activitats. La Farga GEM, S.A."},"image":{"@id":"https:\/\/www.lafargalhospitalet.com\/#\/schema\/logo\/image\/"},"sameAs":["https:\/\/www.facebook.com\/fargahospitalet\/","https:\/\/x.com\/fargahospitalet","https:\/\/www.instagram.com\/lafargahospitalet\/","https:\/\/www.youtube.com\/channel\/UCoLt6hen3PqGXgbLMGI3Qdw","https:\/\/www.flickr.com\/photos\/lafargagemsa\/albums"]},{"@type":"Person","@id":"https:\/\/www.lafargalhospitalet.com\/#\/schema\/person\/6cbac0ef7748506b167ff859e1c7f378","name":"La Farga Centre d'Activitats","sameAs":["https:\/\/www.lafargalhospitalet.com"],"url":"https:\/\/www.lafargalhospitalet.com\/ca\/author\/far25gmin\/"}]}},"_links":{"self":[{"href":"https:\/\/www.lafargalhospitalet.com\/ca\/wp-json\/wp\/v2\/posts\/8432","targetHints":{"allow":["GET"]}}],"collection":[{"href":"https:\/\/www.lafargalhospitalet.com\/ca\/wp-json\/wp\/v2\/posts"}],"about":[{"href":"https:\/\/www.lafargalhospitalet.com\/ca\/wp-json\/wp\/v2\/types\/post"}],"author":[{"embeddable":true,"href":"https:\/\/www.lafargalhospitalet.com\/ca\/wp-json\/wp\/v2\/users\/1"}],"replies":[{"embeddable":true,"href":"https:\/\/www.lafargalhospitalet.com\/ca\/wp-json\/wp\/v2\/comments?post=8432"}],"version-history":[{"count":0,"href":"https:\/\/www.lafargalhospitalet.com\/ca\/wp-json\/wp\/v2\/posts\/8432\/revisions"}],"wp:featuredmedia":[{"embeddable":true,"href":"https:\/\/www.lafargalhospitalet.com\/ca\/wp-json\/wp\/v2\/media\/8433"}],"wp:attachment":[{"href":"https:\/\/www.lafargalhospitalet.com\/ca\/wp-json\/wp\/v2\/media?parent=8432"}],"wp:term":[{"taxonomy":"category","embeddable":true,"href":"https:\/\/www.lafargalhospitalet.com\/ca\/wp-json\/wp\/v2\/categories?post=8432"},{"taxonomy":"post_tag","embeddable":true,"href":"https:\/\/www.lafargalhospitalet.com\/ca\/wp-json\/wp\/v2\/tags?post=8432"}],"curies":[{"name":"wp","href":"https:\/\/api.w.org\/{rel}","templated":true}]}}