{"id":8457,"date":"2021-11-19T11:47:54","date_gmt":"2021-11-19T10:47:54","guid":{"rendered":"http:\/\/www.lafargalhospitalet.com\/?p=8457"},"modified":"2025-11-03T18:27:23","modified_gmt":"2025-11-03T17:27:23","slug":"nova-etapa-de-creativa-barcelona-de-la-ma-de-la-farga-i-profei-sl","status":"publish","type":"post","link":"https:\/\/www.lafargalhospitalet.com\/ca\/nova-etapa-de-creativa-barcelona-de-la-ma-de-la-farga-i-profei-sl\/","title":{"rendered":"Nova etapa de Creativa Barcelona de la m\u00e0 de La Farga i Profei SL"},"content":{"rendered":"\n<h5 class=\"wp-block-heading\">\u2022 Nou equip organitzador format per l&#8217;empresa PROFEI SL i La Farga de L\u2019Hospitalet<\/h5>\n\n\n\n<h5 class=\"wp-block-heading\">\u2022 L&#8217;esdeveniment se celebrar\u00e0 del 10 al 13 de novembre de 2022 a La Farga de L\u2019Hospitalet<\/h5>\n\n\n\n<h5 class=\"wp-block-heading\">\u2022 Creativa Barcelona \u00e9s la fira l\u00edder del sector a Espanya<\/h5>\n\n\n\n<p>El principal esdeveniment espanyol especialitzat en les Manualitats i les Artesanies, el <strong>Sal\u00f3 Creativa Barcelona<\/strong>, \u200b\u200binicia una nova singladura de la m\u00e0 de <strong><a href=\"https:\/\/www.lafargalhospitalet.com\/centre-activitats-la-farga-hospitalet-espai-versatil\/\" target=\"_blank\" rel=\"noreferrer noopener\">La Farga de L\u2019Hospitalet<\/a><\/strong> i de l&#8217;empresa especialitzada en fires <strong><a href=\"https:\/\/profei.com\/?lang=ca\" target=\"_blank\" rel=\"noreferrer noopener\">PROFEI SL<\/a><\/strong>. Tots dos han signat un acord de col\u00b7laboraci\u00f3 per organitzar conjuntament aquest hist\u00f2ric esdeveniment que ha reunit milers de seguidores i en les darreres edicions, tamb\u00e9 molts seguidors.<\/p>\n\n\n\n<p>El m\u00f3n de les manualitats, la creativitat, el patchwork, scrapp i en general tot all\u00f2 relacionat amb el \u201cDo it yourself\u201d es donar\u00e0 cita del <strong>10 al 13 de novembre de 2022<\/strong> a Creativa Barcelona, \u200b\u200ba la seva seu de sempre: <strong>La Farga de L&#8217;Hospitalet<\/strong>. El m\u00f3n Creativa es consolida com a alternativa a la forta digitalitzaci\u00f3 de l&#8217;oci actual.<\/p>\n\n\n\n<p>Per a posar en marxa aquest certamen s&#8217;ha constitu\u00eft un <strong>Comit\u00e8 Organitzador<\/strong> format per expositors i experts, a fi de definir les tend\u00e8ncies actuals i organitzar un esdeveniment en qu\u00e8 tinguin veu directa les empreses que conformen el sector.<\/p>\n\n\n\n<p>Creativa Barcelona s&#8217;ha marcat com a objectiu principal donar resposta, a trav\u00e9s d&#8217;una oferta variada i de qualitat i amb unes activitats paral\u00b7leles d&#8217;alt nivell, a les necessitats del cada cop m\u00e9s nombr\u00f3s i exigent p\u00fablic aficionat a les artesanies, manualitats i tot all\u00f2 relacionat amb el m\u00f3n del lleure creatiu.<\/p>\n","protected":false},"excerpt":{"rendered":"<p>El principal esdeveniment espanyol especialitzat en les Manualitats i les Artesanies, el Sal\u00f3 Creativa Barcelona, \u200b\u200binicia una nova singladura de la m\u00e0 de La Farga de L\u2019Hospitalet i de PROFEI SL.<\/p>\n","protected":false},"author":1,"featured_media":8458,"comment_status":"closed","ping_status":"closed","sticky":false,"template":"","format":"standard","meta":{"_monsterinsights_skip_tracking":false,"_monsterinsights_sitenote_active":false,"_monsterinsights_sitenote_note":"","_monsterinsights_sitenote_category":0,"footnotes":""},"categories":[83],"tags":[],"class_list":["post-8457","post","type-post","status-publish","format-standard","has-post-thumbnail","hentry","category-noticies"],"yoast_head":"<!-- This site is optimized with the Yoast SEO plugin v27.5 - https:\/\/yoast.com\/product\/yoast-seo-wordpress\/ -->\n<title>Nova etapa de Creativa Barcelona de la m\u00e0 de La Farga i Profei SL - La Farga L&#039;Hospitalet Centre d&#039;Activitats. La Farga GEM, S.A.<\/title>\n<meta name=\"description\" content=\"El Sal\u00f3 Creativa Barcelona, \u200b\u200binicia una nova singladura de la m\u00e0 de La Farga de L\u2019Hospitalet i PROFEI SL.\" \/>\n<meta name=\"robots\" content=\"index, follow, max-snippet:-1, max-image-preview:large, max-video-preview:-1\" \/>\n<link rel=\"canonical\" href=\"https:\/\/www.lafargalhospitalet.com\/ca\/nova-etapa-de-creativa-barcelona-de-la-ma-de-la-farga-i-profei-sl\/\" \/>\n<meta property=\"og:locale\" content=\"ca_ES\" \/>\n<meta property=\"og:type\" content=\"article\" \/>\n<meta property=\"og:title\" content=\"Nova etapa de Creativa Barcelona de la m\u00e0 de La Farga i Profei SL - La Farga L&#039;Hospitalet Centre d&#039;Activitats. La Farga GEM, S.A.\" \/>\n<meta property=\"og:description\" content=\"El Sal\u00f3 Creativa Barcelona, \u200b\u200binicia una nova singladura de la m\u00e0 de La Farga de L\u2019Hospitalet i PROFEI SL.\" \/>\n<meta property=\"og:url\" content=\"https:\/\/www.lafargalhospitalet.com\/ca\/nova-etapa-de-creativa-barcelona-de-la-ma-de-la-farga-i-profei-sl\/\" \/>\n<meta property=\"og:site_name\" content=\"La Farga L&#039;Hospitalet Centre d&#039;Activitats. La Farga GEM, S.A.\" \/>\n<meta property=\"article:publisher\" content=\"https:\/\/www.facebook.com\/fargahospitalet\/\" \/>\n<meta property=\"article:published_time\" content=\"2021-11-19T10:47:54+00:00\" \/>\n<meta property=\"article:modified_time\" content=\"2025-11-03T17:27:23+00:00\" \/>\n<meta property=\"og:image\" content=\"https:\/\/www.lafargalhospitalet.com\/wp-content\/uploads\/2021\/11\/Creativa-Farga-22.jpg\" \/>\n\t<meta property=\"og:image:width\" content=\"1129\" \/>\n\t<meta property=\"og:image:height\" content=\"634\" \/>\n\t<meta property=\"og:image:type\" content=\"image\/jpeg\" \/>\n<meta name=\"author\" content=\"La Farga Centre d&#039;Activitats\" \/>\n<meta name=\"twitter:card\" content=\"summary_large_image\" \/>\n<meta name=\"twitter:creator\" content=\"@fargahospitalet\" \/>\n<meta name=\"twitter:site\" content=\"@fargahospitalet\" \/>\n<meta name=\"twitter:label1\" content=\"Escrit per\" \/>\n\t<meta name=\"twitter:data1\" content=\"La Farga Centre d&#039;Activitats\" \/>\n\t<meta name=\"twitter:label2\" content=\"Temps estimat de lectura\" \/>\n\t<meta name=\"twitter:data2\" content=\"2 minuts\" \/>\n<script type=\"application\/ld+json\" class=\"yoast-schema-graph\">{\"@context\":\"https:\\\/\\\/schema.org\",\"@graph\":[{\"@type\":\"Article\",\"@id\":\"https:\\\/\\\/www.lafargalhospitalet.com\\\/ca\\\/nova-etapa-de-creativa-barcelona-de-la-ma-de-la-farga-i-profei-sl\\\/#article\",\"isPartOf\":{\"@id\":\"https:\\\/\\\/www.lafargalhospitalet.com\\\/ca\\\/nova-etapa-de-creativa-barcelona-de-la-ma-de-la-farga-i-profei-sl\\\/\"},\"author\":{\"name\":\"La Farga Centre d'Activitats\",\"@id\":\"https:\\\/\\\/www.lafargalhospitalet.com\\\/#\\\/schema\\\/person\\\/6cbac0ef7748506b167ff859e1c7f378\"},\"headline\":\"Nova etapa de Creativa Barcelona de la m\u00e0 de La Farga i Profei SL\",\"datePublished\":\"2021-11-19T10:47:54+00:00\",\"dateModified\":\"2025-11-03T17:27:23+00:00\",\"mainEntityOfPage\":{\"@id\":\"https:\\\/\\\/www.lafargalhospitalet.com\\\/ca\\\/nova-etapa-de-creativa-barcelona-de-la-ma-de-la-farga-i-profei-sl\\\/\"},\"wordCount\":285,\"publisher\":{\"@id\":\"https:\\\/\\\/www.lafargalhospitalet.com\\\/#organization\"},\"image\":{\"@id\":\"https:\\\/\\\/www.lafargalhospitalet.com\\\/ca\\\/nova-etapa-de-creativa-barcelona-de-la-ma-de-la-farga-i-profei-sl\\\/#primaryimage\"},\"thumbnailUrl\":\"https:\\\/\\\/www.lafargalhospitalet.com\\\/wp-content\\\/uploads\\\/2021\\\/11\\\/Creativa-Farga-22.jpg\",\"articleSection\":[\"Noticies\"],\"inLanguage\":\"ca\"},{\"@type\":\"WebPage\",\"@id\":\"https:\\\/\\\/www.lafargalhospitalet.com\\\/ca\\\/nova-etapa-de-creativa-barcelona-de-la-ma-de-la-farga-i-profei-sl\\\/\",\"url\":\"https:\\\/\\\/www.lafargalhospitalet.com\\\/ca\\\/nova-etapa-de-creativa-barcelona-de-la-ma-de-la-farga-i-profei-sl\\\/\",\"name\":\"Nova etapa de Creativa Barcelona de la m\u00e0 de La Farga i Profei SL - La Farga L&#039;Hospitalet Centre d&#039;Activitats. La Farga GEM, S.A.\",\"isPartOf\":{\"@id\":\"https:\\\/\\\/www.lafargalhospitalet.com\\\/#website\"},\"primaryImageOfPage\":{\"@id\":\"https:\\\/\\\/www.lafargalhospitalet.com\\\/ca\\\/nova-etapa-de-creativa-barcelona-de-la-ma-de-la-farga-i-profei-sl\\\/#primaryimage\"},\"image\":{\"@id\":\"https:\\\/\\\/www.lafargalhospitalet.com\\\/ca\\\/nova-etapa-de-creativa-barcelona-de-la-ma-de-la-farga-i-profei-sl\\\/#primaryimage\"},\"thumbnailUrl\":\"https:\\\/\\\/www.lafargalhospitalet.com\\\/wp-content\\\/uploads\\\/2021\\\/11\\\/Creativa-Farga-22.jpg\",\"datePublished\":\"2021-11-19T10:47:54+00:00\",\"dateModified\":\"2025-11-03T17:27:23+00:00\",\"description\":\"El Sal\u00f3 Creativa Barcelona, \u200b\u200binicia una nova singladura de la m\u00e0 de La Farga de L\u2019Hospitalet i PROFEI SL.\",\"breadcrumb\":{\"@id\":\"https:\\\/\\\/www.lafargalhospitalet.com\\\/ca\\\/nova-etapa-de-creativa-barcelona-de-la-ma-de-la-farga-i-profei-sl\\\/#breadcrumb\"},\"inLanguage\":\"ca\",\"potentialAction\":[{\"@type\":\"ReadAction\",\"target\":[\"https:\\\/\\\/www.lafargalhospitalet.com\\\/ca\\\/nova-etapa-de-creativa-barcelona-de-la-ma-de-la-farga-i-profei-sl\\\/\"]}]},{\"@type\":\"ImageObject\",\"inLanguage\":\"ca\",\"@id\":\"https:\\\/\\\/www.lafargalhospitalet.com\\\/ca\\\/nova-etapa-de-creativa-barcelona-de-la-ma-de-la-farga-i-profei-sl\\\/#primaryimage\",\"url\":\"https:\\\/\\\/www.lafargalhospitalet.com\\\/wp-content\\\/uploads\\\/2021\\\/11\\\/Creativa-Farga-22.jpg\",\"contentUrl\":\"https:\\\/\\\/www.lafargalhospitalet.com\\\/wp-content\\\/uploads\\\/2021\\\/11\\\/Creativa-Farga-22.jpg\",\"width\":1129,\"height\":634,\"caption\":\"Creativa Farga\"},{\"@type\":\"BreadcrumbList\",\"@id\":\"https:\\\/\\\/www.lafargalhospitalet.com\\\/ca\\\/nova-etapa-de-creativa-barcelona-de-la-ma-de-la-farga-i-profei-sl\\\/#breadcrumb\",\"itemListElement\":[{\"@type\":\"ListItem\",\"position\":1,\"name\":\"Portada\",\"item\":\"https:\\\/\\\/www.lafargalhospitalet.com\\\/\"},{\"@type\":\"ListItem\",\"position\":2,\"name\":\"Nova etapa de Creativa Barcelona de la m\u00e0 de La Farga i Profei SL\"}]},{\"@type\":\"WebSite\",\"@id\":\"https:\\\/\\\/www.lafargalhospitalet.com\\\/#website\",\"url\":\"https:\\\/\\\/www.lafargalhospitalet.com\\\/\",\"name\":\"La Farga L'Hospitalet Centre d'Activitats. La Farga GEM, S.A.\",\"description\":\"La Farga L&#039;Hospitalet Centre d&#039;Activitats. Gestionat per La Farga GEM, S.A. Fires i Congressos. Concerts, exposicions, reunions, filmacions, sopars de gala.\",\"publisher\":{\"@id\":\"https:\\\/\\\/www.lafargalhospitalet.com\\\/#organization\"},\"potentialAction\":[{\"@type\":\"SearchAction\",\"target\":{\"@type\":\"EntryPoint\",\"urlTemplate\":\"https:\\\/\\\/www.lafargalhospitalet.com\\\/?s={search_term_string}\"},\"query-input\":{\"@type\":\"PropertyValueSpecification\",\"valueRequired\":true,\"valueName\":\"search_term_string\"}}],\"inLanguage\":\"ca\"},{\"@type\":\"Organization\",\"@id\":\"https:\\\/\\\/www.lafargalhospitalet.com\\\/#organization\",\"name\":\"La Farga L'Hospitalet Centre d'Activitats. La Farga GEM, S.A.\",\"url\":\"https:\\\/\\\/www.lafargalhospitalet.com\\\/\",\"logo\":{\"@type\":\"ImageObject\",\"inLanguage\":\"ca\",\"@id\":\"https:\\\/\\\/www.lafargalhospitalet.com\\\/#\\\/schema\\\/logo\\\/image\\\/\",\"url\":\"https:\\\/\\\/www.lafargalhospitalet.com\\\/wp-content\\\/uploads\\\/2025\\\/10\\\/logotipo_lafarga_centre_activitats.png\",\"contentUrl\":\"https:\\\/\\\/www.lafargalhospitalet.com\\\/wp-content\\\/uploads\\\/2025\\\/10\\\/logotipo_lafarga_centre_activitats.png\",\"width\":266,\"height\":101,\"caption\":\"La Farga L'Hospitalet Centre d'Activitats. La Farga GEM, S.A.\"},\"image\":{\"@id\":\"https:\\\/\\\/www.lafargalhospitalet.com\\\/#\\\/schema\\\/logo\\\/image\\\/\"},\"sameAs\":[\"https:\\\/\\\/www.facebook.com\\\/fargahospitalet\\\/\",\"https:\\\/\\\/x.com\\\/fargahospitalet\",\"https:\\\/\\\/www.instagram.com\\\/lafargahospitalet\\\/\",\"https:\\\/\\\/www.youtube.com\\\/channel\\\/UCoLt6hen3PqGXgbLMGI3Qdw\",\"https:\\\/\\\/www.flickr.com\\\/photos\\\/lafargagemsa\\\/albums\"]},{\"@type\":\"Person\",\"@id\":\"https:\\\/\\\/www.lafargalhospitalet.com\\\/#\\\/schema\\\/person\\\/6cbac0ef7748506b167ff859e1c7f378\",\"name\":\"La Farga Centre d'Activitats\",\"sameAs\":[\"https:\\\/\\\/www.lafargalhospitalet.com\"],\"url\":\"https:\\\/\\\/www.lafargalhospitalet.com\\\/ca\\\/author\\\/far25gmin\\\/\"}]}<\/script>\n<!-- \/ Yoast SEO plugin. -->","yoast_head_json":{"title":"Nova etapa de Creativa Barcelona de la m\u00e0 de La Farga i Profei SL - La Farga L&#039;Hospitalet Centre d&#039;Activitats. La Farga GEM, S.A.","description":"El Sal\u00f3 Creativa Barcelona, \u200b\u200binicia una nova singladura de la m\u00e0 de La Farga de L\u2019Hospitalet i PROFEI SL.","robots":{"index":"index","follow":"follow","max-snippet":"max-snippet:-1","max-image-preview":"max-image-preview:large","max-video-preview":"max-video-preview:-1"},"canonical":"https:\/\/www.lafargalhospitalet.com\/ca\/nova-etapa-de-creativa-barcelona-de-la-ma-de-la-farga-i-profei-sl\/","og_locale":"ca_ES","og_type":"article","og_title":"Nova etapa de Creativa Barcelona de la m\u00e0 de La Farga i Profei SL - La Farga L&#039;Hospitalet Centre d&#039;Activitats. La Farga GEM, S.A.","og_description":"El Sal\u00f3 Creativa Barcelona, \u200b\u200binicia una nova singladura de la m\u00e0 de La Farga de L\u2019Hospitalet i PROFEI SL.","og_url":"https:\/\/www.lafargalhospitalet.com\/ca\/nova-etapa-de-creativa-barcelona-de-la-ma-de-la-farga-i-profei-sl\/","og_site_name":"La Farga L&#039;Hospitalet Centre d&#039;Activitats. La Farga GEM, S.A.","article_publisher":"https:\/\/www.facebook.com\/fargahospitalet\/","article_published_time":"2021-11-19T10:47:54+00:00","article_modified_time":"2025-11-03T17:27:23+00:00","og_image":[{"width":1129,"height":634,"url":"https:\/\/www.lafargalhospitalet.com\/wp-content\/uploads\/2021\/11\/Creativa-Farga-22.jpg","type":"image\/jpeg"}],"author":"La Farga Centre d'Activitats","twitter_card":"summary_large_image","twitter_creator":"@fargahospitalet","twitter_site":"@fargahospitalet","twitter_misc":{"Escrit per":"La Farga Centre d'Activitats","Temps estimat de lectura":"2 minuts"},"schema":{"@context":"https:\/\/schema.org","@graph":[{"@type":"Article","@id":"https:\/\/www.lafargalhospitalet.com\/ca\/nova-etapa-de-creativa-barcelona-de-la-ma-de-la-farga-i-profei-sl\/#article","isPartOf":{"@id":"https:\/\/www.lafargalhospitalet.com\/ca\/nova-etapa-de-creativa-barcelona-de-la-ma-de-la-farga-i-profei-sl\/"},"author":{"name":"La Farga Centre d'Activitats","@id":"https:\/\/www.lafargalhospitalet.com\/#\/schema\/person\/6cbac0ef7748506b167ff859e1c7f378"},"headline":"Nova etapa de Creativa Barcelona de la m\u00e0 de La Farga i Profei SL","datePublished":"2021-11-19T10:47:54+00:00","dateModified":"2025-11-03T17:27:23+00:00","mainEntityOfPage":{"@id":"https:\/\/www.lafargalhospitalet.com\/ca\/nova-etapa-de-creativa-barcelona-de-la-ma-de-la-farga-i-profei-sl\/"},"wordCount":285,"publisher":{"@id":"https:\/\/www.lafargalhospitalet.com\/#organization"},"image":{"@id":"https:\/\/www.lafargalhospitalet.com\/ca\/nova-etapa-de-creativa-barcelona-de-la-ma-de-la-farga-i-profei-sl\/#primaryimage"},"thumbnailUrl":"https:\/\/www.lafargalhospitalet.com\/wp-content\/uploads\/2021\/11\/Creativa-Farga-22.jpg","articleSection":["Noticies"],"inLanguage":"ca"},{"@type":"WebPage","@id":"https:\/\/www.lafargalhospitalet.com\/ca\/nova-etapa-de-creativa-barcelona-de-la-ma-de-la-farga-i-profei-sl\/","url":"https:\/\/www.lafargalhospitalet.com\/ca\/nova-etapa-de-creativa-barcelona-de-la-ma-de-la-farga-i-profei-sl\/","name":"Nova etapa de Creativa Barcelona de la m\u00e0 de La Farga i Profei SL - La Farga L&#039;Hospitalet Centre d&#039;Activitats. La Farga GEM, S.A.","isPartOf":{"@id":"https:\/\/www.lafargalhospitalet.com\/#website"},"primaryImageOfPage":{"@id":"https:\/\/www.lafargalhospitalet.com\/ca\/nova-etapa-de-creativa-barcelona-de-la-ma-de-la-farga-i-profei-sl\/#primaryimage"},"image":{"@id":"https:\/\/www.lafargalhospitalet.com\/ca\/nova-etapa-de-creativa-barcelona-de-la-ma-de-la-farga-i-profei-sl\/#primaryimage"},"thumbnailUrl":"https:\/\/www.lafargalhospitalet.com\/wp-content\/uploads\/2021\/11\/Creativa-Farga-22.jpg","datePublished":"2021-11-19T10:47:54+00:00","dateModified":"2025-11-03T17:27:23+00:00","description":"El Sal\u00f3 Creativa Barcelona, \u200b\u200binicia una nova singladura de la m\u00e0 de La Farga de L\u2019Hospitalet i PROFEI SL.","breadcrumb":{"@id":"https:\/\/www.lafargalhospitalet.com\/ca\/nova-etapa-de-creativa-barcelona-de-la-ma-de-la-farga-i-profei-sl\/#breadcrumb"},"inLanguage":"ca","potentialAction":[{"@type":"ReadAction","target":["https:\/\/www.lafargalhospitalet.com\/ca\/nova-etapa-de-creativa-barcelona-de-la-ma-de-la-farga-i-profei-sl\/"]}]},{"@type":"ImageObject","inLanguage":"ca","@id":"https:\/\/www.lafargalhospitalet.com\/ca\/nova-etapa-de-creativa-barcelona-de-la-ma-de-la-farga-i-profei-sl\/#primaryimage","url":"https:\/\/www.lafargalhospitalet.com\/wp-content\/uploads\/2021\/11\/Creativa-Farga-22.jpg","contentUrl":"https:\/\/www.lafargalhospitalet.com\/wp-content\/uploads\/2021\/11\/Creativa-Farga-22.jpg","width":1129,"height":634,"caption":"Creativa Farga"},{"@type":"BreadcrumbList","@id":"https:\/\/www.lafargalhospitalet.com\/ca\/nova-etapa-de-creativa-barcelona-de-la-ma-de-la-farga-i-profei-sl\/#breadcrumb","itemListElement":[{"@type":"ListItem","position":1,"name":"Portada","item":"https:\/\/www.lafargalhospitalet.com\/"},{"@type":"ListItem","position":2,"name":"Nova etapa de Creativa Barcelona de la m\u00e0 de La Farga i Profei SL"}]},{"@type":"WebSite","@id":"https:\/\/www.lafargalhospitalet.com\/#website","url":"https:\/\/www.lafargalhospitalet.com\/","name":"La Farga L'Hospitalet Centre d'Activitats. La Farga GEM, S.A.","description":"La Farga L&#039;Hospitalet Centre d&#039;Activitats. Gestionat per La Farga GEM, S.A. Fires i Congressos. Concerts, exposicions, reunions, filmacions, sopars de gala.","publisher":{"@id":"https:\/\/www.lafargalhospitalet.com\/#organization"},"potentialAction":[{"@type":"SearchAction","target":{"@type":"EntryPoint","urlTemplate":"https:\/\/www.lafargalhospitalet.com\/?s={search_term_string}"},"query-input":{"@type":"PropertyValueSpecification","valueRequired":true,"valueName":"search_term_string"}}],"inLanguage":"ca"},{"@type":"Organization","@id":"https:\/\/www.lafargalhospitalet.com\/#organization","name":"La Farga L'Hospitalet Centre d'Activitats. La Farga GEM, S.A.","url":"https:\/\/www.lafargalhospitalet.com\/","logo":{"@type":"ImageObject","inLanguage":"ca","@id":"https:\/\/www.lafargalhospitalet.com\/#\/schema\/logo\/image\/","url":"https:\/\/www.lafargalhospitalet.com\/wp-content\/uploads\/2025\/10\/logotipo_lafarga_centre_activitats.png","contentUrl":"https:\/\/www.lafargalhospitalet.com\/wp-content\/uploads\/2025\/10\/logotipo_lafarga_centre_activitats.png","width":266,"height":101,"caption":"La Farga L'Hospitalet Centre d'Activitats. La Farga GEM, S.A."},"image":{"@id":"https:\/\/www.lafargalhospitalet.com\/#\/schema\/logo\/image\/"},"sameAs":["https:\/\/www.facebook.com\/fargahospitalet\/","https:\/\/x.com\/fargahospitalet","https:\/\/www.instagram.com\/lafargahospitalet\/","https:\/\/www.youtube.com\/channel\/UCoLt6hen3PqGXgbLMGI3Qdw","https:\/\/www.flickr.com\/photos\/lafargagemsa\/albums"]},{"@type":"Person","@id":"https:\/\/www.lafargalhospitalet.com\/#\/schema\/person\/6cbac0ef7748506b167ff859e1c7f378","name":"La Farga Centre d'Activitats","sameAs":["https:\/\/www.lafargalhospitalet.com"],"url":"https:\/\/www.lafargalhospitalet.com\/ca\/author\/far25gmin\/"}]}},"_links":{"self":[{"href":"https:\/\/www.lafargalhospitalet.com\/ca\/wp-json\/wp\/v2\/posts\/8457","targetHints":{"allow":["GET"]}}],"collection":[{"href":"https:\/\/www.lafargalhospitalet.com\/ca\/wp-json\/wp\/v2\/posts"}],"about":[{"href":"https:\/\/www.lafargalhospitalet.com\/ca\/wp-json\/wp\/v2\/types\/post"}],"author":[{"embeddable":true,"href":"https:\/\/www.lafargalhospitalet.com\/ca\/wp-json\/wp\/v2\/users\/1"}],"replies":[{"embeddable":true,"href":"https:\/\/www.lafargalhospitalet.com\/ca\/wp-json\/wp\/v2\/comments?post=8457"}],"version-history":[{"count":0,"href":"https:\/\/www.lafargalhospitalet.com\/ca\/wp-json\/wp\/v2\/posts\/8457\/revisions"}],"wp:featuredmedia":[{"embeddable":true,"href":"https:\/\/www.lafargalhospitalet.com\/ca\/wp-json\/wp\/v2\/media\/8458"}],"wp:attachment":[{"href":"https:\/\/www.lafargalhospitalet.com\/ca\/wp-json\/wp\/v2\/media?parent=8457"}],"wp:term":[{"taxonomy":"category","embeddable":true,"href":"https:\/\/www.lafargalhospitalet.com\/ca\/wp-json\/wp\/v2\/categories?post=8457"},{"taxonomy":"post_tag","embeddable":true,"href":"https:\/\/www.lafargalhospitalet.com\/ca\/wp-json\/wp\/v2\/tags?post=8457"}],"curies":[{"name":"wp","href":"https:\/\/api.w.org\/{rel}","templated":true}]}}