{"id":8480,"date":"2021-11-25T10:12:00","date_gmt":"2021-11-25T09:12:00","guid":{"rendered":"http:\/\/www.lafargalhospitalet.com\/?p=8480"},"modified":"2025-11-03T18:27:22","modified_gmt":"2025-11-03T17:27:22","slug":"cinc-motius-per-a-no-perdres-el-barcelona-beer-festival-2021","status":"publish","type":"post","link":"https:\/\/www.lafargalhospitalet.com\/ca\/cinc-motius-per-a-no-perdres-el-barcelona-beer-festival-2021\/","title":{"rendered":"Cinc motius per a no perdre&#8217;s el Barcelona Beer Festival&#8217;21"},"content":{"rendered":"\n<h5 class=\"wp-block-heading\">El certamen donar\u00e0 un paper protagonista a les noves cerveseres sorgides durant la pand\u00e8mia, als cervesers n\u00f2mades amb projectes de rabiosa actualitat, als estils emergents internacionals, i a aquelles cerveses \u00faniques i exclusives que s&#8217;estrenen en el BBF.<\/h5>\n\n\n\n<p>El <strong><a href=\"https:\/\/barcelonabeerfestival.com\/ca\/principal\/\">Barcelona Beer Festival<\/a><\/strong>, el certamen de cervesa artesana m\u00e9s important del sud d&#8217;Europa, torna el 17, 18 i 19 de desembre a <strong><a href=\"https:\/\/www.lafargalhospitalet.com\/assistencia-record-al-beer-festival\/\" target=\"_blank\" rel=\"noreferrer noopener\">La Farga de L\u2019Hospitalet<\/a><\/strong> despr\u00e9s de la cancel\u00b7laci\u00f3, hores abans de la seva inauguraci\u00f3, de l&#8217;edici\u00f3 del 2020. Per\u00f2 <em>\u201ctot all\u00f2 bo es fa esperar\u201d<\/em>. Perqu\u00e8, durant aquests mesos, el sector cerveser artes\u00e0 ha tingut temps de \u201cregenerar-se\u201d i, fins i tot, de provocar alguns \u201cbrots verds\u201d realment trencadors i in\u00e8dits. Totes les novetats, les noves tend\u00e8ncies, els nous estils, i els noms propis del sector de la cervesa artesana es donaran cita durant aquests tres dies en un BBF que arriba aquest 2021, amb m\u00e9s ganes que mai.<\/p>\n\n\n\n<p>De fet, en cada edici\u00f3 hi ha mil i una excusa per a acudir a aquesta gran festa de la cervesa craft, per\u00f2 en aquesta IX edici\u00f3 del BBF, hi ha cinc motius realment de pes.<\/p>\n\n\n\n<p>1. El certamen donar\u00e0 un paper rellevant a un nou fenomen sorgit durant aquest \u00faltim any i mig: les noves cerveseres n\u00f2mades. S\u00f3n projectes que neixen, principalment, de la m\u00e0 de gent del sector amb experi\u00e8ncia en gesti\u00f3, en m\u00e0rqueting i comunicaci\u00f3, perfils sense la inquietud de tenir un obrador propi, per\u00f2 amb molta visi\u00f3 del mercat actual. Per aix\u00f2, solen ser projectes amb elaboracions arriscades, trencadores, i amb una imatge molt cuidada. De fet, l&#8217;aire fresc que suposa aquest nou corrent, ha emp\u00e8s tamb\u00e9 a moltes de les cerveseres amb m\u00e9s traject\u00f2ria a col\u00b7laborar amb ells, per a crear cerveses realment sorprenents i de qualitat. En aquesta l\u00ednia de noves cerveseres n\u00f2mades en el BBF es podran catar les cerveses d\u2019Animus Brewing (Barcelona), la OK Boomer de FlyBrew (Barcelona), la *Kimura de Newaza Beer (L\u2019Hospitalet de Llobregat) o l\u2019Avolar de Random Brewery (Vallgorguina), aut\u00e8ntics artistes de l\u2019home-brewing, convertits ara en n\u00f2mades de pes.<\/p>\n\n\n\n<p>2. Es podran con\u00e8ixer als elaboradors de les cerveses que estan m\u00e9s de moda: les \u00e0cides de fermentaci\u00f3 mixta. Malgrat ser l&#8217;estil m\u00e9s antic que possiblement es coneix, aquest tipus de cerveses estan vivint un gran auge, en part, impulsat pels elaboradors m\u00e9s inquiets que busquen investigar i provocar al consumidor. S\u00f3n cerveses que en el BBF tindran un gran protagonisme, per aix\u00f2, protagonitzaran una dels Tastos Rotatius (taules rodones en les quals, durant uns minuts, el propi elaborador explica en \u201cpetit comit\u00e8\u201d els secrets de les seves cerveses i les tasta amb els assistents).<\/p>\n\n\n\n<p>3. Es donaran a con\u00e8ixer, de la m\u00e0 dels seus impulsors, estils de nova creaci\u00f3, com el que portar\u00e0 la delegaci\u00f3 italiana creadora de l\u2019Italian Grappe Ale, un estil 100% itali\u00e0 que fusiona el millor del vi i de la cervesa. Tamb\u00e9 conegut per les sigles IGA, es tracta d&#8217;un estil molt particular i amb una gran varietat de matisos en funci\u00f3 del tipus de ra\u00efm emprat (sangiovese, nebbiolo, croatina, brachetto, timorasso, freisa, malvesia, vermentino,&#8230;), de la seva proced\u00e8ncia i, per descomptat, del toc del mestre cerveser.<\/p>\n\n\n\n<p>4. Con\u00e8ixer al mestre cerveser en persona i tastar la seva cervesa al costat d&#8217;ell o d\u2019ella \u00e9s una dels grans avantatges que t\u00e9 assistir al BBF. Poder estar a pocs metres del teu elaborador\/a favorit\/a, demanar-li una cervesa i que que t\u2019expliqui el secret de la seva creaci\u00f3 i alguna an\u00e8cdota m\u00e9s. Tot aix\u00f2 succeeix en els Meet the Brewer.<\/p>\n\n\n\n<p>5. I, per descomptat, en el BBF es podran tastar cerveses \u00faniques, i en exclusiva. Perqu\u00e8 molts elaboradors, i no poques cerveseres, es passen l&#8217;any guardant el seu millor \u201cbeuratge\u201d per a estrenar-lo en el BBF. En aquesta ocasi\u00f3, a m\u00e9s, com la pand\u00e8mia els ha tingut \u201cen guaret\u201d, al Barcelona Beer Festival 2021 es podran degustar aut\u00e8ntiques joies. Hi haur\u00e0 cerveses en barril \u00faniques. Beuratges que han pogut reposar i que estan en el seu millor moment (habitualment el ritme d&#8217;elaboraci\u00f3\/vendes no fa possible tenir cerveses guardades llarg temps).<\/p>\n\n\n\n<h5 class=\"wp-block-heading\">Altres protagonistes del BBF 21<\/h5>\n\n\n\n<p>Per\u00f2 en el BBF sempre hi ha molts m\u00e9s noms propis. S\u00f3n tres trepidants dies per a provar, con\u00e8ixer, descobrir, aprendre i compartir. Tres jornades en les quals hi haur\u00e0 tamb\u00e9 masterclass, taules rodones, i altres esdeveniments l\u00fadics i did\u00e0ctics.<\/p>\n\n\n\n<p>Un altre dels noms importants d&#8217;aquesta edici\u00f3 del Barcelona Beer Festival ser\u00e0 el de Ludmil Fotev, jutge internacional d&#8217;origen b\u00falgar, que donar\u00e0 una de les masterclass amb tast de cerveses b\u00falgares i d&#8217;altres pa\u00efsos de l&#8217;Est.<\/p>\n\n\n\n<p>Cascade Brewing, una de les cerveseres m\u00e9s prestigioses dels Estats Units per la seva traject\u00f2ria i innovaci\u00f3 en l&#8217;\u00fas dels barrils de fusta per a la maduraci\u00f3 de la cervesa, tamb\u00e9 \u00e9s un dels plats forts del BBF, encara que tamb\u00e9 hi haur\u00e0 una important pres\u00e8ncia de cerveses brit\u00e0niques, com a reflex del boom que es viu en el sector craft al Regne Unit.<\/p>\n\n\n\n<h5 class=\"wp-block-heading\">El BBF 2021 en xifres<\/h5>\n\n\n\n<p>I \u00e9s que, el Barcelona Beer Festival torna amb forces renovades. Ser\u00e0 una edici\u00f3 m\u00e9s musical, amb m\u00e9s activitats complement\u00e0ries, m\u00e9s gastronomia, en la qual es potenciar\u00e0 als guanyadors del Barcelona Beer Challenge (celebrat al maig de 2021), i en la qu\u00e8 es descobriran, com sempre, les cerveseres m\u00e9s noves del moment.<\/p>\n\n\n\n<p>De fet, en aquesta edici\u00f3 es preveu comptar amb unes 161 aixetes, unes 235 marques diferents d&#8217;elaboradors (f\u00e0briques i n\u00f2mades), amb prop de 600 cerveses diferents per a catar al llarg dels tres dies que duri el certamen.<\/p>\n\n\n\n<p>Els directors del Barcelona Beer Festival veuen, per tant, que aquest certamen donar\u00e0 molt de si. Recorden, a m\u00e9s, que ser\u00e0 un certamen segur, en el qual, se seguiran les recomanacions sanit\u00e0ries i anticovid dictades per les autoritats.<\/p>\n\n\n\n<p>A m\u00e9s, ser\u00e0 segur, perqu\u00e8 en aquesta edici\u00f3, el BBF es declara obertament en contra de qualsevol mena d&#8217;ab\u00fas i es posiciona com un espai lliure de discriminaci\u00f3, i de qualsevol mena d&#8217;assetjament, una pol\u00edtica de \u201ccultura sana\u201d que pret\u00e9n calar en tots els aspectes del festival, tant a manera interna en el personal del BBF, com en les marques i cerveseres participants.<\/p>\n","protected":false},"excerpt":{"rendered":"<p>El certamen donar\u00e0 un paper protagonista a les noves cerveseres sorgides durant la pand\u00e8mia, als cervesers n\u00f2mades amb projectes de rabiosa actualitat, als estils emergents internacionals, i a aquelles cerveses \u00faniques i exclusives que s&#8217;estrenen en el BBF.<\/p>\n","protected":false},"author":1,"featured_media":8481,"comment_status":"closed","ping_status":"closed","sticky":false,"template":"","format":"standard","meta":{"_monsterinsights_skip_tracking":false,"_monsterinsights_sitenote_active":false,"_monsterinsights_sitenote_note":"","_monsterinsights_sitenote_category":0,"footnotes":""},"categories":[83],"tags":[],"class_list":["post-8480","post","type-post","status-publish","format-standard","has-post-thumbnail","hentry","category-noticies"],"yoast_head":"<!-- This site is optimized with the Yoast SEO plugin v27.5 - https:\/\/yoast.com\/product\/yoast-seo-wordpress\/ -->\n<title>Cinc motius per a no perdre&#039;s el Barcelona Beer Festival&#039;21 - La Farga L&#039;Hospitalet Centre d&#039;Activitats. La Farga GEM, S.A.<\/title>\n<meta name=\"description\" content=\"La Farga de L&#039;Hospitalet acull el 17, 18 i 19 de desembre el Barcelona Beer Festival, certamen que torna despr\u00e9s de la cancel\u00b7laci\u00f3 de 2020.\" \/>\n<meta name=\"robots\" content=\"index, follow, max-snippet:-1, max-image-preview:large, max-video-preview:-1\" \/>\n<link rel=\"canonical\" href=\"https:\/\/www.lafargalhospitalet.com\/ca\/cinc-motius-per-a-no-perdres-el-barcelona-beer-festival-2021\/\" \/>\n<meta property=\"og:locale\" content=\"ca_ES\" \/>\n<meta property=\"og:type\" content=\"article\" \/>\n<meta property=\"og:title\" content=\"Cinc motius per a no perdre&#039;s el Barcelona Beer Festival&#039;21 - La Farga L&#039;Hospitalet Centre d&#039;Activitats. La Farga GEM, S.A.\" \/>\n<meta property=\"og:description\" content=\"La Farga de L&#039;Hospitalet acull el 17, 18 i 19 de desembre el Barcelona Beer Festival, certamen que torna despr\u00e9s de la cancel\u00b7laci\u00f3 de 2020.\" \/>\n<meta property=\"og:url\" content=\"https:\/\/www.lafargalhospitalet.com\/ca\/cinc-motius-per-a-no-perdres-el-barcelona-beer-festival-2021\/\" \/>\n<meta property=\"og:site_name\" content=\"La Farga L&#039;Hospitalet Centre d&#039;Activitats. La Farga GEM, S.A.\" \/>\n<meta property=\"article:publisher\" content=\"https:\/\/www.facebook.com\/fargahospitalet\/\" \/>\n<meta property=\"article:published_time\" content=\"2021-11-25T09:12:00+00:00\" \/>\n<meta property=\"article:modified_time\" content=\"2025-11-03T17:27:22+00:00\" \/>\n<meta property=\"og:image\" content=\"https:\/\/www.lafargalhospitalet.com\/wp-content\/uploads\/2021\/11\/BBF-2022-Torna-Farga.jpg\" \/>\n\t<meta property=\"og:image:width\" content=\"730\" \/>\n\t<meta property=\"og:image:height\" content=\"410\" \/>\n\t<meta property=\"og:image:type\" content=\"image\/jpeg\" \/>\n<meta name=\"author\" content=\"La Farga Centre d&#039;Activitats\" \/>\n<meta name=\"twitter:card\" content=\"summary_large_image\" \/>\n<meta name=\"twitter:creator\" content=\"@fargahospitalet\" \/>\n<meta name=\"twitter:site\" content=\"@fargahospitalet\" \/>\n<meta name=\"twitter:label1\" content=\"Escrit per\" \/>\n\t<meta name=\"twitter:data1\" content=\"La Farga Centre d&#039;Activitats\" \/>\n\t<meta name=\"twitter:label2\" content=\"Temps estimat de lectura\" \/>\n\t<meta name=\"twitter:data2\" content=\"5 minuts\" \/>\n<script type=\"application\/ld+json\" class=\"yoast-schema-graph\">{\"@context\":\"https:\\\/\\\/schema.org\",\"@graph\":[{\"@type\":\"Article\",\"@id\":\"https:\\\/\\\/www.lafargalhospitalet.com\\\/ca\\\/cinc-motius-per-a-no-perdres-el-barcelona-beer-festival-2021\\\/#article\",\"isPartOf\":{\"@id\":\"https:\\\/\\\/www.lafargalhospitalet.com\\\/ca\\\/cinc-motius-per-a-no-perdres-el-barcelona-beer-festival-2021\\\/\"},\"author\":{\"name\":\"La Farga Centre d'Activitats\",\"@id\":\"https:\\\/\\\/www.lafargalhospitalet.com\\\/#\\\/schema\\\/person\\\/6cbac0ef7748506b167ff859e1c7f378\"},\"headline\":\"Cinc motius per a no perdre&#8217;s el Barcelona Beer Festival&#8217;21\",\"datePublished\":\"2021-11-25T09:12:00+00:00\",\"dateModified\":\"2025-11-03T17:27:22+00:00\",\"mainEntityOfPage\":{\"@id\":\"https:\\\/\\\/www.lafargalhospitalet.com\\\/ca\\\/cinc-motius-per-a-no-perdres-el-barcelona-beer-festival-2021\\\/\"},\"wordCount\":1094,\"publisher\":{\"@id\":\"https:\\\/\\\/www.lafargalhospitalet.com\\\/#organization\"},\"image\":{\"@id\":\"https:\\\/\\\/www.lafargalhospitalet.com\\\/ca\\\/cinc-motius-per-a-no-perdres-el-barcelona-beer-festival-2021\\\/#primaryimage\"},\"thumbnailUrl\":\"https:\\\/\\\/www.lafargalhospitalet.com\\\/wp-content\\\/uploads\\\/2021\\\/11\\\/BBF-2022-Torna-Farga.jpg\",\"articleSection\":[\"Noticies\"],\"inLanguage\":\"ca\"},{\"@type\":\"WebPage\",\"@id\":\"https:\\\/\\\/www.lafargalhospitalet.com\\\/ca\\\/cinc-motius-per-a-no-perdres-el-barcelona-beer-festival-2021\\\/\",\"url\":\"https:\\\/\\\/www.lafargalhospitalet.com\\\/ca\\\/cinc-motius-per-a-no-perdres-el-barcelona-beer-festival-2021\\\/\",\"name\":\"Cinc motius per a no perdre's el Barcelona Beer Festival'21 - La Farga L&#039;Hospitalet Centre d&#039;Activitats. La Farga GEM, S.A.\",\"isPartOf\":{\"@id\":\"https:\\\/\\\/www.lafargalhospitalet.com\\\/#website\"},\"primaryImageOfPage\":{\"@id\":\"https:\\\/\\\/www.lafargalhospitalet.com\\\/ca\\\/cinc-motius-per-a-no-perdres-el-barcelona-beer-festival-2021\\\/#primaryimage\"},\"image\":{\"@id\":\"https:\\\/\\\/www.lafargalhospitalet.com\\\/ca\\\/cinc-motius-per-a-no-perdres-el-barcelona-beer-festival-2021\\\/#primaryimage\"},\"thumbnailUrl\":\"https:\\\/\\\/www.lafargalhospitalet.com\\\/wp-content\\\/uploads\\\/2021\\\/11\\\/BBF-2022-Torna-Farga.jpg\",\"datePublished\":\"2021-11-25T09:12:00+00:00\",\"dateModified\":\"2025-11-03T17:27:22+00:00\",\"description\":\"La Farga de L'Hospitalet acull el 17, 18 i 19 de desembre el Barcelona Beer Festival, certamen que torna despr\u00e9s de la cancel\u00b7laci\u00f3 de 2020.\",\"breadcrumb\":{\"@id\":\"https:\\\/\\\/www.lafargalhospitalet.com\\\/ca\\\/cinc-motius-per-a-no-perdres-el-barcelona-beer-festival-2021\\\/#breadcrumb\"},\"inLanguage\":\"ca\",\"potentialAction\":[{\"@type\":\"ReadAction\",\"target\":[\"https:\\\/\\\/www.lafargalhospitalet.com\\\/ca\\\/cinc-motius-per-a-no-perdres-el-barcelona-beer-festival-2021\\\/\"]}]},{\"@type\":\"ImageObject\",\"inLanguage\":\"ca\",\"@id\":\"https:\\\/\\\/www.lafargalhospitalet.com\\\/ca\\\/cinc-motius-per-a-no-perdres-el-barcelona-beer-festival-2021\\\/#primaryimage\",\"url\":\"https:\\\/\\\/www.lafargalhospitalet.com\\\/wp-content\\\/uploads\\\/2021\\\/11\\\/BBF-2022-Torna-Farga.jpg\",\"contentUrl\":\"https:\\\/\\\/www.lafargalhospitalet.com\\\/wp-content\\\/uploads\\\/2021\\\/11\\\/BBF-2022-Torna-Farga.jpg\",\"width\":730,\"height\":410,\"caption\":\"Beer Farga\"},{\"@type\":\"BreadcrumbList\",\"@id\":\"https:\\\/\\\/www.lafargalhospitalet.com\\\/ca\\\/cinc-motius-per-a-no-perdres-el-barcelona-beer-festival-2021\\\/#breadcrumb\",\"itemListElement\":[{\"@type\":\"ListItem\",\"position\":1,\"name\":\"Portada\",\"item\":\"https:\\\/\\\/www.lafargalhospitalet.com\\\/\"},{\"@type\":\"ListItem\",\"position\":2,\"name\":\"Cinc motius per a no perdre&#8217;s el Barcelona Beer Festival&#8217;21\"}]},{\"@type\":\"WebSite\",\"@id\":\"https:\\\/\\\/www.lafargalhospitalet.com\\\/#website\",\"url\":\"https:\\\/\\\/www.lafargalhospitalet.com\\\/\",\"name\":\"La Farga L'Hospitalet Centre d'Activitats. La Farga GEM, S.A.\",\"description\":\"La Farga L&#039;Hospitalet Centre d&#039;Activitats. Gestionat per La Farga GEM, S.A. Fires i Congressos. Concerts, exposicions, reunions, filmacions, sopars de gala.\",\"publisher\":{\"@id\":\"https:\\\/\\\/www.lafargalhospitalet.com\\\/#organization\"},\"potentialAction\":[{\"@type\":\"SearchAction\",\"target\":{\"@type\":\"EntryPoint\",\"urlTemplate\":\"https:\\\/\\\/www.lafargalhospitalet.com\\\/?s={search_term_string}\"},\"query-input\":{\"@type\":\"PropertyValueSpecification\",\"valueRequired\":true,\"valueName\":\"search_term_string\"}}],\"inLanguage\":\"ca\"},{\"@type\":\"Organization\",\"@id\":\"https:\\\/\\\/www.lafargalhospitalet.com\\\/#organization\",\"name\":\"La Farga L'Hospitalet Centre d'Activitats. La Farga GEM, S.A.\",\"url\":\"https:\\\/\\\/www.lafargalhospitalet.com\\\/\",\"logo\":{\"@type\":\"ImageObject\",\"inLanguage\":\"ca\",\"@id\":\"https:\\\/\\\/www.lafargalhospitalet.com\\\/#\\\/schema\\\/logo\\\/image\\\/\",\"url\":\"https:\\\/\\\/www.lafargalhospitalet.com\\\/wp-content\\\/uploads\\\/2025\\\/10\\\/logotipo_lafarga_centre_activitats.png\",\"contentUrl\":\"https:\\\/\\\/www.lafargalhospitalet.com\\\/wp-content\\\/uploads\\\/2025\\\/10\\\/logotipo_lafarga_centre_activitats.png\",\"width\":266,\"height\":101,\"caption\":\"La Farga L'Hospitalet Centre d'Activitats. La Farga GEM, S.A.\"},\"image\":{\"@id\":\"https:\\\/\\\/www.lafargalhospitalet.com\\\/#\\\/schema\\\/logo\\\/image\\\/\"},\"sameAs\":[\"https:\\\/\\\/www.facebook.com\\\/fargahospitalet\\\/\",\"https:\\\/\\\/x.com\\\/fargahospitalet\",\"https:\\\/\\\/www.instagram.com\\\/lafargahospitalet\\\/\",\"https:\\\/\\\/www.youtube.com\\\/channel\\\/UCoLt6hen3PqGXgbLMGI3Qdw\",\"https:\\\/\\\/www.flickr.com\\\/photos\\\/lafargagemsa\\\/albums\"]},{\"@type\":\"Person\",\"@id\":\"https:\\\/\\\/www.lafargalhospitalet.com\\\/#\\\/schema\\\/person\\\/6cbac0ef7748506b167ff859e1c7f378\",\"name\":\"La Farga Centre d'Activitats\",\"sameAs\":[\"https:\\\/\\\/www.lafargalhospitalet.com\"],\"url\":\"https:\\\/\\\/www.lafargalhospitalet.com\\\/ca\\\/author\\\/far25gmin\\\/\"}]}<\/script>\n<!-- \/ Yoast SEO plugin. -->","yoast_head_json":{"title":"Cinc motius per a no perdre's el Barcelona Beer Festival'21 - La Farga L&#039;Hospitalet Centre d&#039;Activitats. La Farga GEM, S.A.","description":"La Farga de L'Hospitalet acull el 17, 18 i 19 de desembre el Barcelona Beer Festival, certamen que torna despr\u00e9s de la cancel\u00b7laci\u00f3 de 2020.","robots":{"index":"index","follow":"follow","max-snippet":"max-snippet:-1","max-image-preview":"max-image-preview:large","max-video-preview":"max-video-preview:-1"},"canonical":"https:\/\/www.lafargalhospitalet.com\/ca\/cinc-motius-per-a-no-perdres-el-barcelona-beer-festival-2021\/","og_locale":"ca_ES","og_type":"article","og_title":"Cinc motius per a no perdre's el Barcelona Beer Festival'21 - La Farga L&#039;Hospitalet Centre d&#039;Activitats. La Farga GEM, S.A.","og_description":"La Farga de L'Hospitalet acull el 17, 18 i 19 de desembre el Barcelona Beer Festival, certamen que torna despr\u00e9s de la cancel\u00b7laci\u00f3 de 2020.","og_url":"https:\/\/www.lafargalhospitalet.com\/ca\/cinc-motius-per-a-no-perdres-el-barcelona-beer-festival-2021\/","og_site_name":"La Farga L&#039;Hospitalet Centre d&#039;Activitats. La Farga GEM, S.A.","article_publisher":"https:\/\/www.facebook.com\/fargahospitalet\/","article_published_time":"2021-11-25T09:12:00+00:00","article_modified_time":"2025-11-03T17:27:22+00:00","og_image":[{"width":730,"height":410,"url":"https:\/\/www.lafargalhospitalet.com\/wp-content\/uploads\/2021\/11\/BBF-2022-Torna-Farga.jpg","type":"image\/jpeg"}],"author":"La Farga Centre d'Activitats","twitter_card":"summary_large_image","twitter_creator":"@fargahospitalet","twitter_site":"@fargahospitalet","twitter_misc":{"Escrit per":"La Farga Centre d'Activitats","Temps estimat de lectura":"5 minuts"},"schema":{"@context":"https:\/\/schema.org","@graph":[{"@type":"Article","@id":"https:\/\/www.lafargalhospitalet.com\/ca\/cinc-motius-per-a-no-perdres-el-barcelona-beer-festival-2021\/#article","isPartOf":{"@id":"https:\/\/www.lafargalhospitalet.com\/ca\/cinc-motius-per-a-no-perdres-el-barcelona-beer-festival-2021\/"},"author":{"name":"La Farga Centre d'Activitats","@id":"https:\/\/www.lafargalhospitalet.com\/#\/schema\/person\/6cbac0ef7748506b167ff859e1c7f378"},"headline":"Cinc motius per a no perdre&#8217;s el Barcelona Beer Festival&#8217;21","datePublished":"2021-11-25T09:12:00+00:00","dateModified":"2025-11-03T17:27:22+00:00","mainEntityOfPage":{"@id":"https:\/\/www.lafargalhospitalet.com\/ca\/cinc-motius-per-a-no-perdres-el-barcelona-beer-festival-2021\/"},"wordCount":1094,"publisher":{"@id":"https:\/\/www.lafargalhospitalet.com\/#organization"},"image":{"@id":"https:\/\/www.lafargalhospitalet.com\/ca\/cinc-motius-per-a-no-perdres-el-barcelona-beer-festival-2021\/#primaryimage"},"thumbnailUrl":"https:\/\/www.lafargalhospitalet.com\/wp-content\/uploads\/2021\/11\/BBF-2022-Torna-Farga.jpg","articleSection":["Noticies"],"inLanguage":"ca"},{"@type":"WebPage","@id":"https:\/\/www.lafargalhospitalet.com\/ca\/cinc-motius-per-a-no-perdres-el-barcelona-beer-festival-2021\/","url":"https:\/\/www.lafargalhospitalet.com\/ca\/cinc-motius-per-a-no-perdres-el-barcelona-beer-festival-2021\/","name":"Cinc motius per a no perdre's el Barcelona Beer Festival'21 - La Farga L&#039;Hospitalet Centre d&#039;Activitats. La Farga GEM, S.A.","isPartOf":{"@id":"https:\/\/www.lafargalhospitalet.com\/#website"},"primaryImageOfPage":{"@id":"https:\/\/www.lafargalhospitalet.com\/ca\/cinc-motius-per-a-no-perdres-el-barcelona-beer-festival-2021\/#primaryimage"},"image":{"@id":"https:\/\/www.lafargalhospitalet.com\/ca\/cinc-motius-per-a-no-perdres-el-barcelona-beer-festival-2021\/#primaryimage"},"thumbnailUrl":"https:\/\/www.lafargalhospitalet.com\/wp-content\/uploads\/2021\/11\/BBF-2022-Torna-Farga.jpg","datePublished":"2021-11-25T09:12:00+00:00","dateModified":"2025-11-03T17:27:22+00:00","description":"La Farga de L'Hospitalet acull el 17, 18 i 19 de desembre el Barcelona Beer Festival, certamen que torna despr\u00e9s de la cancel\u00b7laci\u00f3 de 2020.","breadcrumb":{"@id":"https:\/\/www.lafargalhospitalet.com\/ca\/cinc-motius-per-a-no-perdres-el-barcelona-beer-festival-2021\/#breadcrumb"},"inLanguage":"ca","potentialAction":[{"@type":"ReadAction","target":["https:\/\/www.lafargalhospitalet.com\/ca\/cinc-motius-per-a-no-perdres-el-barcelona-beer-festival-2021\/"]}]},{"@type":"ImageObject","inLanguage":"ca","@id":"https:\/\/www.lafargalhospitalet.com\/ca\/cinc-motius-per-a-no-perdres-el-barcelona-beer-festival-2021\/#primaryimage","url":"https:\/\/www.lafargalhospitalet.com\/wp-content\/uploads\/2021\/11\/BBF-2022-Torna-Farga.jpg","contentUrl":"https:\/\/www.lafargalhospitalet.com\/wp-content\/uploads\/2021\/11\/BBF-2022-Torna-Farga.jpg","width":730,"height":410,"caption":"Beer Farga"},{"@type":"BreadcrumbList","@id":"https:\/\/www.lafargalhospitalet.com\/ca\/cinc-motius-per-a-no-perdres-el-barcelona-beer-festival-2021\/#breadcrumb","itemListElement":[{"@type":"ListItem","position":1,"name":"Portada","item":"https:\/\/www.lafargalhospitalet.com\/"},{"@type":"ListItem","position":2,"name":"Cinc motius per a no perdre&#8217;s el Barcelona Beer Festival&#8217;21"}]},{"@type":"WebSite","@id":"https:\/\/www.lafargalhospitalet.com\/#website","url":"https:\/\/www.lafargalhospitalet.com\/","name":"La Farga L'Hospitalet Centre d'Activitats. La Farga GEM, S.A.","description":"La Farga L&#039;Hospitalet Centre d&#039;Activitats. Gestionat per La Farga GEM, S.A. Fires i Congressos. Concerts, exposicions, reunions, filmacions, sopars de gala.","publisher":{"@id":"https:\/\/www.lafargalhospitalet.com\/#organization"},"potentialAction":[{"@type":"SearchAction","target":{"@type":"EntryPoint","urlTemplate":"https:\/\/www.lafargalhospitalet.com\/?s={search_term_string}"},"query-input":{"@type":"PropertyValueSpecification","valueRequired":true,"valueName":"search_term_string"}}],"inLanguage":"ca"},{"@type":"Organization","@id":"https:\/\/www.lafargalhospitalet.com\/#organization","name":"La Farga L'Hospitalet Centre d'Activitats. La Farga GEM, S.A.","url":"https:\/\/www.lafargalhospitalet.com\/","logo":{"@type":"ImageObject","inLanguage":"ca","@id":"https:\/\/www.lafargalhospitalet.com\/#\/schema\/logo\/image\/","url":"https:\/\/www.lafargalhospitalet.com\/wp-content\/uploads\/2025\/10\/logotipo_lafarga_centre_activitats.png","contentUrl":"https:\/\/www.lafargalhospitalet.com\/wp-content\/uploads\/2025\/10\/logotipo_lafarga_centre_activitats.png","width":266,"height":101,"caption":"La Farga L'Hospitalet Centre d'Activitats. La Farga GEM, S.A."},"image":{"@id":"https:\/\/www.lafargalhospitalet.com\/#\/schema\/logo\/image\/"},"sameAs":["https:\/\/www.facebook.com\/fargahospitalet\/","https:\/\/x.com\/fargahospitalet","https:\/\/www.instagram.com\/lafargahospitalet\/","https:\/\/www.youtube.com\/channel\/UCoLt6hen3PqGXgbLMGI3Qdw","https:\/\/www.flickr.com\/photos\/lafargagemsa\/albums"]},{"@type":"Person","@id":"https:\/\/www.lafargalhospitalet.com\/#\/schema\/person\/6cbac0ef7748506b167ff859e1c7f378","name":"La Farga Centre d'Activitats","sameAs":["https:\/\/www.lafargalhospitalet.com"],"url":"https:\/\/www.lafargalhospitalet.com\/ca\/author\/far25gmin\/"}]}},"_links":{"self":[{"href":"https:\/\/www.lafargalhospitalet.com\/ca\/wp-json\/wp\/v2\/posts\/8480","targetHints":{"allow":["GET"]}}],"collection":[{"href":"https:\/\/www.lafargalhospitalet.com\/ca\/wp-json\/wp\/v2\/posts"}],"about":[{"href":"https:\/\/www.lafargalhospitalet.com\/ca\/wp-json\/wp\/v2\/types\/post"}],"author":[{"embeddable":true,"href":"https:\/\/www.lafargalhospitalet.com\/ca\/wp-json\/wp\/v2\/users\/1"}],"replies":[{"embeddable":true,"href":"https:\/\/www.lafargalhospitalet.com\/ca\/wp-json\/wp\/v2\/comments?post=8480"}],"version-history":[{"count":0,"href":"https:\/\/www.lafargalhospitalet.com\/ca\/wp-json\/wp\/v2\/posts\/8480\/revisions"}],"wp:featuredmedia":[{"embeddable":true,"href":"https:\/\/www.lafargalhospitalet.com\/ca\/wp-json\/wp\/v2\/media\/8481"}],"wp:attachment":[{"href":"https:\/\/www.lafargalhospitalet.com\/ca\/wp-json\/wp\/v2\/media?parent=8480"}],"wp:term":[{"taxonomy":"category","embeddable":true,"href":"https:\/\/www.lafargalhospitalet.com\/ca\/wp-json\/wp\/v2\/categories?post=8480"},{"taxonomy":"post_tag","embeddable":true,"href":"https:\/\/www.lafargalhospitalet.com\/ca\/wp-json\/wp\/v2\/tags?post=8480"}],"curies":[{"name":"wp","href":"https:\/\/api.w.org\/{rel}","templated":true}]}}